{"id":9971,"date":"2011-05-16T09:12:59","date_gmt":"2011-05-16T12:12:59","guid":{"rendered":"http:\/\/www.agrund.com\/blogs\/notas\/?p=9971"},"modified":"2011-05-16T09:12:59","modified_gmt":"2011-05-16T12:12:59","slug":"mtp-aurea-prates-e-cila","status":"publish","type":"post","link":"https:\/\/agrund.com\/index.php\/mtp-aurea-prates-e-cila\/","title":{"rendered":"MTP :: AUREA PRATES e CILA"},"content":{"rendered":"<p><strong>Por <a href=\"http:\/\/www.fwlovers.com\/\">Alice Lopes<\/a><br \/>\nFotos <a href=\"http:\/\/www.gusluz.com.br\/\">Gustavo Luz<\/a><\/strong><\/p>\n<p><span style=\"font-size: small\">\u201cUma  met\u00e1fora para a vida\u201d foi o lema da estilista \u00c1urea Prates, reconhecida  por suas camisas de acabamento impec\u00e1vel. Mas a cada edi\u00e7\u00e3o do Minas  Trend a marca vem explorando novos shapes: a alfaiataria mais sequinha  cede lugar a babados enormes, sobreposi\u00e7\u00f5es, micro vestidos de renda e  muita transpar\u00eancia.<\/span><\/p>\n<p><span style=\"font-size: small\">E  o item principal do desfiles foi sem d\u00favida o jogo mostra e esconde dos  tecidos transparentes. Ora a transpar\u00eancia \u00e9 usada para provocar, ora  ela se mostra mais t\u00edmida, em detalhes sutis, como na barra dos vestidos  e saias.<\/span><\/p>\n<p><span style=\"font-size: small\">Os  bordados e aplica\u00e7\u00f5es s\u00e3o discretos, embora indispens\u00e1veis. Eles  conferem delicadeza e feminilidade \u00e0s pe\u00e7as. Outro ponto interessante do  desfile foi a combina\u00e7\u00e3o do laranja com o marrom. <\/span><\/p>\n<p style=\"text-align: center\"><span style=\"font-size: small\"><img decoding=\"async\" loading=\"lazy\" class=\"aligncenter size-full wp-image-9972\" src=\"https:\/\/i0.wp.com\/www.agrund.com\/arquivo\/notas\/files\/2011\/05\/\u00c1ureaPrates_GusLUz-1.jpg?resize=431%2C645\" alt=\"\" width=\"431\" height=\"645\" data-recalc-dims=\"1\" \/><\/span><\/p>\n<p style=\"text-align: center\"><span style=\"font-size: small\"><img decoding=\"async\" loading=\"lazy\" class=\"aligncenter size-full wp-image-9973\" src=\"https:\/\/i0.wp.com\/www.agrund.com\/arquivo\/notas\/files\/2011\/05\/\u00c1ureaPrates_GusLUz-2.jpg?resize=411%2C614\" alt=\"\" width=\"411\" height=\"614\" data-recalc-dims=\"1\" \/><\/span><\/p>\n<p style=\"text-align: center\"><span style=\"font-size: small\"><img decoding=\"async\" loading=\"lazy\" class=\"aligncenter size-full wp-image-9974\" src=\"https:\/\/i0.wp.com\/www.agrund.com\/arquivo\/notas\/files\/2011\/05\/\u00c1ureaPrates_GusLUz-3.jpg?resize=411%2C614\" alt=\"\" width=\"411\" height=\"614\" data-recalc-dims=\"1\" \/><\/span><\/p>\n<p style=\"text-align: center\"><span style=\"font-size: small\"><img decoding=\"async\" loading=\"lazy\" class=\"aligncenter size-full wp-image-9975\" src=\"https:\/\/i0.wp.com\/www.agrund.com\/arquivo\/notas\/files\/2011\/05\/\u00c1ureaPrates_GusLUz-4.jpg?resize=411%2C614\" alt=\"\" width=\"411\" height=\"614\" data-recalc-dims=\"1\" \/><\/span><\/p>\n<p style=\"text-align: center\">\n<p style=\"text-align: center\"><strong>CILA<\/strong><\/p>\n<p><span style=\"font-size: small\">Mais  uma marca aborda temas ecol\u00f3gicos e ambientas no Minas Trend Preview.  Mas agora o foco s\u00e3o os trajes de praia: biqu\u00ednis, mai\u00f4s, saias e  vestidos amplos, dentre alguns acess\u00f3rios. E foi com base no trabalho  \u201cLa Terre vue Du ciel\u201d do fot\u00f3grafo franc\u00eas Yann Arthus-Bertrand, que a  estilista Tet\u00ea Vasconcelos apresenta uma cole\u00e7\u00e3o ao mesmo tempo natural e  moderna.<\/span><\/p>\n<p><span style=\"font-size: small\">Os  mai\u00f4s e biqu\u00ednis ganham novos recortes, formas abstratas, mix de  texturas e tecidos tecnol\u00f3gicos (como laqu\u00ea com brilho, light e x-bio).  As estampas &#8211; sejam de biqu\u00ednis, vestidos ou saias &#8211; conferem ilus\u00e3o  \u00f3tica, como profundidade e vivacidade \u00e0s imagens de Yann. <\/span><\/p>\n<p><span style=\"font-size: small\">J\u00e1 os acess\u00f3rios representam galhos de \u00e1rvores, que por sua vez d\u00e3o forma a cintos, colares ou apenas um t\u00eanue complemento. <\/span><\/p>\n<p style=\"text-align: center\"><span style=\"font-size: small\"><img decoding=\"async\" loading=\"lazy\" class=\"aligncenter size-full wp-image-9977\" src=\"https:\/\/i0.wp.com\/www.agrund.com\/arquivo\/notas\/files\/2011\/05\/Cila_GusLuz-1.jpg?resize=411%2C614\" alt=\"\" width=\"411\" height=\"614\" data-recalc-dims=\"1\" \/><\/span><\/p>\n<p style=\"text-align: center\"><span style=\"font-size: small\"><img decoding=\"async\" loading=\"lazy\" class=\"aligncenter size-full wp-image-9978\" src=\"https:\/\/i0.wp.com\/www.agrund.com\/arquivo\/notas\/files\/2011\/05\/Cila_GusLuz-2.jpg?resize=411%2C614\" alt=\"\" width=\"411\" height=\"614\" data-recalc-dims=\"1\" \/><\/span><\/p>\n<p style=\"text-align: center\"><span style=\"font-size: small\"><img decoding=\"async\" loading=\"lazy\" class=\"aligncenter size-full wp-image-9981\" src=\"https:\/\/i0.wp.com\/www.agrund.com\/arquivo\/notas\/files\/2011\/05\/Cila_GusLuz-5.jpg?resize=411%2C614\" alt=\"\" width=\"411\" height=\"614\" data-recalc-dims=\"1\" \/><\/span><\/p>\n<p style=\"text-align: center\"><span style=\"font-size: small\"><img decoding=\"async\" loading=\"lazy\" class=\"aligncenter size-full wp-image-9982\" src=\"https:\/\/i0.wp.com\/www.agrund.com\/arquivo\/notas\/files\/2011\/05\/Cila_GusLuz-6.jpg?resize=411%2C614\" alt=\"\" width=\"411\" height=\"614\" data-recalc-dims=\"1\" \/><br \/>\n<\/span><\/p>\n","protected":false},"excerpt":{"rendered":"<p>Por Alice Lopes Fotos Gustavo Luz \u201cUma met\u00e1fora para a vida\u201d foi o lema da estilista \u00c1urea Prates, reconhecida por suas camisas de acabamento impec\u00e1vel. Mas a cada edi\u00e7\u00e3o do Minas Trend a marca vem explorando novos shapes: a alfaiataria mais sequinha cede lugar a babados enormes, sobreposi\u00e7\u00f5es, micro vestidos de renda e muita transpar\u00eancia. [&hellip;]<\/p>\n","protected":false},"author":8,"featured_media":9972,"comment_status":"open","ping_status":"open","sticky":false,"template":"","format":"standard","meta":{"jetpack_post_was_ever_published":false,"_jetpack_newsletter_access":"","jetpack_publicize_message":"","jetpack_is_tweetstorm":false,"jetpack_publicize_feature_enabled":true,"jetpack_social_post_already_shared":false,"jetpack_social_options":{"image_generator_settings":{"template":"highway","enabled":false}}},"categories":[2],"tags":[],"jetpack_publicize_connections":[],"jetpack_featured_media_url":"","jetpack_sharing_enabled":true,"jetpack_shortlink":"https:\/\/wp.me\/p3Hz0n-2AP","jetpack_likes_enabled":true,"_links":{"self":[{"href":"https:\/\/agrund.com\/index.php\/wp-json\/wp\/v2\/posts\/9971"}],"collection":[{"href":"https:\/\/agrund.com\/index.php\/wp-json\/wp\/v2\/posts"}],"about":[{"href":"https:\/\/agrund.com\/index.php\/wp-json\/wp\/v2\/types\/post"}],"author":[{"embeddable":true,"href":"https:\/\/agrund.com\/index.php\/wp-json\/wp\/v2\/users\/8"}],"replies":[{"embeddable":true,"href":"https:\/\/agrund.com\/index.php\/wp-json\/wp\/v2\/comments?post=9971"}],"version-history":[{"count":0,"href":"https:\/\/agrund.com\/index.php\/wp-json\/wp\/v2\/posts\/9971\/revisions"}],"wp:featuredmedia":[{"embeddable":true,"href":"https:\/\/agrund.com\/index.php\/wp-json\/"}],"wp:attachment":[{"href":"https:\/\/agrund.com\/index.php\/wp-json\/wp\/v2\/media?parent=9971"}],"wp:term":[{"taxonomy":"category","embeddable":true,"href":"https:\/\/agrund.com\/index.php\/wp-json\/wp\/v2\/categories?post=9971"},{"taxonomy":"post_tag","embeddable":true,"href":"https:\/\/agrund.com\/index.php\/wp-json\/wp\/v2\/tags?post=9971"}],"curies":[{"name":"wp","href":"https:\/\/api.w.org\/{rel}","templated":true}]}}