{"id":99263,"date":"2014-03-24T10:00:44","date_gmt":"2014-03-24T13:00:44","guid":{"rendered":"http:\/\/www.agrund.com\/?p=99263"},"modified":"2014-03-24T09:32:43","modified_gmt":"2014-03-24T12:32:43","slug":"pulsos-fortes-por-arlindo-grund","status":"publish","type":"post","link":"https:\/\/agrund.com\/index.php\/pulsos-fortes-por-arlindo-grund\/","title":{"rendered":"Pulsos fortes por Arlindo Grund"},"content":{"rendered":"<p>Nessa onda de decorar os pulsos, muitos homens est\u00e3o colocando a criatividade para fora e montando pulsos divertidos, fortes e cheios de personalidade. As misturas s\u00e3o as mais inusitadas. V\u00e3o das pedras preciosas \u00e0s pulseiras de linha feitas em feiras hippie. Mas o que vale mesmo \u00e9 voc\u00ea criar seu estilo e sua pr\u00f3pria mistura, assim seu pulso ser\u00e1 exclusivo e divertido acima de tudo!<br \/>\nSelecionei alguns pulsos fortes e de diferentes estilos para voc\u00ea se inspirar. Ent\u00e3o, sem perder tempo, vamos l\u00e1!<br \/>\nJ\u00e1 come\u00e7o mostrando a minha mistura que tem o famoso High &amp; Low da moda, quando voc\u00ea mistura pe\u00e7as de diferentes pesos e pre\u00e7os. No meu caso, parti do ponto de que o rel\u00f3gio Baume &amp; Mercier chama aten\u00e7\u00e3o, ent\u00e3o nada melhor do que brincar com cores e texturas. As pedras d\u00e3o uma cara nova ao pulso que tem couro e linhas. Pulseira de couro com brilhante Jack Vartanian, pulseira de couro limitada Gucci, pulseiras de rubis Kalu Joias, pulseiras de couro com chapas de ouro Antonio Bernardo e pulseira de linha da Feira de Santelmo em Buenos Aires. Mais imagens no Instagram @ArlindoGrund.<\/p>\n<div id=\"attachment_99264\" style=\"width: 560px\" class=\"wp-caption aligncenter\"><a href=\"https:\/\/i0.wp.com\/www.agrund.com\/wp-content\/uploads\/sites\/6\/2014\/03\/1-Arlindo-Grund.jpg\"><img aria-describedby=\"caption-attachment-99264\" data-attachment-id=\"99264\" data-permalink=\"https:\/\/agrund.com\/index.php\/pulsos-fortes-por-arlindo-grund\/1-arlindo-grund\/\" data-orig-file=\"https:\/\/i0.wp.com\/agrund.com\/wp-content\/uploads\/sites\/6\/2014\/03\/1-Arlindo-Grund.jpg?fit=550%2C550&amp;ssl=1\" data-orig-size=\"550,550\" data-comments-opened=\"1\" data-image-meta=\"{&quot;aperture&quot;:&quot;0&quot;,&quot;credit&quot;:&quot;&quot;,&quot;camera&quot;:&quot;&quot;,&quot;caption&quot;:&quot;&quot;,&quot;created_timestamp&quot;:&quot;0&quot;,&quot;copyright&quot;:&quot;&quot;,&quot;focal_length&quot;:&quot;0&quot;,&quot;iso&quot;:&quot;0&quot;,&quot;shutter_speed&quot;:&quot;0&quot;,&quot;title&quot;:&quot;&quot;,&quot;orientation&quot;:&quot;0&quot;}\" data-image-title=\"1 Arlindo Grund\" data-image-description=\"\" data-image-caption=\"&lt;p&gt;Arlindo Grund&lt;\/p&gt;\n\" data-medium-file=\"https:\/\/i0.wp.com\/agrund.com\/wp-content\/uploads\/sites\/6\/2014\/03\/1-Arlindo-Grund.jpg?fit=300%2C300&amp;ssl=1\" data-large-file=\"https:\/\/i0.wp.com\/agrund.com\/wp-content\/uploads\/sites\/6\/2014\/03\/1-Arlindo-Grund.jpg?fit=550%2C550&amp;ssl=1\" decoding=\"async\" loading=\"lazy\" class=\"size-large wp-image-99264\" alt=\"Arlindo Grund\" src=\"https:\/\/i0.wp.com\/www.agrund.com\/wp-content\/uploads\/sites\/6\/cache\/2014\/03\/1-Arlindo-Grund\/953525295.jpg?resize=550%2C550\" width=\"550\" height=\"550\" data-recalc-dims=\"1\" \/><\/a><p id=\"caption-attachment-99264\" class=\"wp-caption-text\">Arlindo Grund<\/p><\/div>\n<p>Tamb\u00e9m adepto a pulseiras, mas n\u00e3o tanto quanto eu, Fabio Paiva, editor do agrund.com e editor de moda masculina da revista Status, procura usar seus acess\u00f3rios em momentos de descontra\u00e7\u00e3o. Suas misturas sempre s\u00e3o inusitadas e refletem o lifestyle surfista relax, mas sem perder o estilo. Aqui a produ\u00e7\u00e3o tem a cara de balne\u00e1rio e as pe\u00e7as s\u00e3o da designer Juana Moura. Mais imagens no Instagram @FabioPaivaFP.<\/p>\n<div id=\"attachment_99265\" style=\"width: 560px\" class=\"wp-caption aligncenter\"><a href=\"https:\/\/i0.wp.com\/www.agrund.com\/wp-content\/uploads\/sites\/6\/2014\/03\/2-Fabio-Paiva.jpg\"><img aria-describedby=\"caption-attachment-99265\" data-attachment-id=\"99265\" data-permalink=\"https:\/\/agrund.com\/index.php\/pulsos-fortes-por-arlindo-grund\/2-fabio-paiva\/\" data-orig-file=\"https:\/\/i0.wp.com\/agrund.com\/wp-content\/uploads\/sites\/6\/2014\/03\/2-Fabio-Paiva.jpg?fit=550%2C550&amp;ssl=1\" data-orig-size=\"550,550\" data-comments-opened=\"1\" data-image-meta=\"{&quot;aperture&quot;:&quot;0&quot;,&quot;credit&quot;:&quot;&quot;,&quot;camera&quot;:&quot;&quot;,&quot;caption&quot;:&quot;&quot;,&quot;created_timestamp&quot;:&quot;0&quot;,&quot;copyright&quot;:&quot;&quot;,&quot;focal_length&quot;:&quot;0&quot;,&quot;iso&quot;:&quot;0&quot;,&quot;shutter_speed&quot;:&quot;0&quot;,&quot;title&quot;:&quot;&quot;,&quot;orientation&quot;:&quot;0&quot;}\" data-image-title=\"2 Fabio Paiva\" data-image-description=\"\" data-image-caption=\"&lt;p&gt;Fabio Paiva&lt;\/p&gt;\n\" data-medium-file=\"https:\/\/i0.wp.com\/agrund.com\/wp-content\/uploads\/sites\/6\/2014\/03\/2-Fabio-Paiva.jpg?fit=300%2C300&amp;ssl=1\" data-large-file=\"https:\/\/i0.wp.com\/agrund.com\/wp-content\/uploads\/sites\/6\/2014\/03\/2-Fabio-Paiva.jpg?fit=550%2C550&amp;ssl=1\" decoding=\"async\" loading=\"lazy\" class=\"size-large wp-image-99265\" alt=\"Fabio Paiva\" src=\"https:\/\/i0.wp.com\/www.agrund.com\/wp-content\/uploads\/sites\/6\/cache\/2014\/03\/2-Fabio-Paiva\/111380212.jpg?resize=550%2C550\" width=\"550\" height=\"550\" data-recalc-dims=\"1\" \/><\/a><p id=\"caption-attachment-99265\" class=\"wp-caption-text\">Fabio Paiva<\/p><\/div>\n<p>O jornalista e blogueiro Kadu Dantas que monta bra\u00e7os criativos tamb\u00e9m os publica em seu blog e nas redes sociais. Aqui a mistura \u00e9 entre metais e pedras. Mas sem d\u00favida alguma o que chama aten\u00e7\u00e3o \u00e9 esse belo IWC. Mais imagens no Instagram @KaduDantas.<\/p>\n<div id=\"attachment_99266\" style=\"width: 560px\" class=\"wp-caption aligncenter\"><a href=\"https:\/\/i0.wp.com\/www.agrund.com\/wp-content\/uploads\/sites\/6\/2014\/03\/3-Kadu-Dantas.jpg\"><img aria-describedby=\"caption-attachment-99266\" data-attachment-id=\"99266\" data-permalink=\"https:\/\/agrund.com\/index.php\/pulsos-fortes-por-arlindo-grund\/3-kadu-dantas\/\" data-orig-file=\"https:\/\/i0.wp.com\/agrund.com\/wp-content\/uploads\/sites\/6\/2014\/03\/3-Kadu-Dantas.jpg?fit=550%2C550&amp;ssl=1\" data-orig-size=\"550,550\" data-comments-opened=\"1\" data-image-meta=\"{&quot;aperture&quot;:&quot;0&quot;,&quot;credit&quot;:&quot;&quot;,&quot;camera&quot;:&quot;&quot;,&quot;caption&quot;:&quot;&quot;,&quot;created_timestamp&quot;:&quot;0&quot;,&quot;copyright&quot;:&quot;&quot;,&quot;focal_length&quot;:&quot;0&quot;,&quot;iso&quot;:&quot;0&quot;,&quot;shutter_speed&quot;:&quot;0&quot;,&quot;title&quot;:&quot;&quot;,&quot;orientation&quot;:&quot;0&quot;}\" data-image-title=\"3 Kadu Dantas\" data-image-description=\"\" data-image-caption=\"&lt;p&gt;Kadu Dantas &lt;\/p&gt;\n\" data-medium-file=\"https:\/\/i0.wp.com\/agrund.com\/wp-content\/uploads\/sites\/6\/2014\/03\/3-Kadu-Dantas.jpg?fit=300%2C300&amp;ssl=1\" data-large-file=\"https:\/\/i0.wp.com\/agrund.com\/wp-content\/uploads\/sites\/6\/2014\/03\/3-Kadu-Dantas.jpg?fit=550%2C550&amp;ssl=1\" decoding=\"async\" loading=\"lazy\" class=\"size-large wp-image-99266\" alt=\"Kadu Dantas \" src=\"https:\/\/i0.wp.com\/www.agrund.com\/wp-content\/uploads\/sites\/6\/cache\/2014\/03\/3-Kadu-Dantas\/3552793575.jpg?resize=550%2C550\" width=\"550\" height=\"550\" data-recalc-dims=\"1\" \/><\/a><p id=\"caption-attachment-99266\" class=\"wp-caption-text\">Kadu Dantas<\/p><\/div>\n<p>O jovem Deco Tajra, que tamb\u00e9m tem um blog de moda e lifestyle, faz \u00f3timas e divertidas combina\u00e7\u00f5es em seus pulsos. O trabalho manual aqui \u00e9 destaque em v\u00e1rias texturas que v\u00e3o do macram\u00ea da Cruciani, marca italiana de pulseiras, at\u00e9 a fundi\u00e7\u00e3o em prata na medalha de S\u00e3o Bento. Criatividade e cores em alta! Mais imagens no Instagram @DecoTajra.<\/p>\n<div id=\"attachment_99267\" style=\"width: 560px\" class=\"wp-caption aligncenter\"><a href=\"https:\/\/i0.wp.com\/www.agrund.com\/wp-content\/uploads\/sites\/6\/2014\/03\/4-Deco-Tajra.jpg\"><img aria-describedby=\"caption-attachment-99267\" data-attachment-id=\"99267\" data-permalink=\"https:\/\/agrund.com\/index.php\/pulsos-fortes-por-arlindo-grund\/4-deco-tajra\/\" data-orig-file=\"https:\/\/i0.wp.com\/agrund.com\/wp-content\/uploads\/sites\/6\/2014\/03\/4-Deco-Tajra.jpg?fit=550%2C550&amp;ssl=1\" data-orig-size=\"550,550\" data-comments-opened=\"1\" data-image-meta=\"{&quot;aperture&quot;:&quot;0&quot;,&quot;credit&quot;:&quot;&quot;,&quot;camera&quot;:&quot;&quot;,&quot;caption&quot;:&quot;&quot;,&quot;created_timestamp&quot;:&quot;0&quot;,&quot;copyright&quot;:&quot;&quot;,&quot;focal_length&quot;:&quot;0&quot;,&quot;iso&quot;:&quot;0&quot;,&quot;shutter_speed&quot;:&quot;0&quot;,&quot;title&quot;:&quot;&quot;,&quot;orientation&quot;:&quot;0&quot;}\" data-image-title=\"4 Deco Tajra\" data-image-description=\"\" data-image-caption=\"&lt;p&gt;Deco Tajra&lt;\/p&gt;\n\" data-medium-file=\"https:\/\/i0.wp.com\/agrund.com\/wp-content\/uploads\/sites\/6\/2014\/03\/4-Deco-Tajra.jpg?fit=300%2C300&amp;ssl=1\" data-large-file=\"https:\/\/i0.wp.com\/agrund.com\/wp-content\/uploads\/sites\/6\/2014\/03\/4-Deco-Tajra.jpg?fit=550%2C550&amp;ssl=1\" decoding=\"async\" loading=\"lazy\" class=\"size-large wp-image-99267\" alt=\"Deco Tajra\" src=\"https:\/\/i0.wp.com\/www.agrund.com\/wp-content\/uploads\/sites\/6\/cache\/2014\/03\/4-Deco-Tajra\/3987538467.jpg?resize=550%2C550\" width=\"550\" height=\"550\" data-recalc-dims=\"1\" \/><\/a><p id=\"caption-attachment-99267\" class=\"wp-caption-text\">Deco Tajra<\/p><\/div>\n<p>O maquiador cheio de estilo e que tamb\u00e9m capricha em sua produ\u00e7\u00f5es, Rodrigo Costa, tamb\u00e9m aproveitou para brincar de High &amp; Low. No caso, um pouco mais de nobreza. A mistura de pedras, couro e o rel\u00f3gio cl\u00e1ssico se contrastou de maneira equilibrada com a pulseira de linha. Ali\u00e1s, a mesma linha de pulso que o meu mostrado acima. Mais imagens no Instagram @RodrigoCosta.<\/p>\n<div id=\"attachment_99268\" style=\"width: 560px\" class=\"wp-caption aligncenter\"><a href=\"https:\/\/i0.wp.com\/www.agrund.com\/wp-content\/uploads\/sites\/6\/2014\/03\/5-Rodrigo-Costa.jpg\"><img aria-describedby=\"caption-attachment-99268\" data-attachment-id=\"99268\" data-permalink=\"https:\/\/agrund.com\/index.php\/pulsos-fortes-por-arlindo-grund\/5-rodrigo-costa\/\" data-orig-file=\"https:\/\/i0.wp.com\/agrund.com\/wp-content\/uploads\/sites\/6\/2014\/03\/5-Rodrigo-Costa.jpg?fit=550%2C343&amp;ssl=1\" data-orig-size=\"550,343\" data-comments-opened=\"1\" data-image-meta=\"{&quot;aperture&quot;:&quot;0&quot;,&quot;credit&quot;:&quot;&quot;,&quot;camera&quot;:&quot;&quot;,&quot;caption&quot;:&quot;&quot;,&quot;created_timestamp&quot;:&quot;0&quot;,&quot;copyright&quot;:&quot;&quot;,&quot;focal_length&quot;:&quot;0&quot;,&quot;iso&quot;:&quot;0&quot;,&quot;shutter_speed&quot;:&quot;0&quot;,&quot;title&quot;:&quot;&quot;,&quot;orientation&quot;:&quot;0&quot;}\" data-image-title=\"5 Rodrigo Costa\" data-image-description=\"\" data-image-caption=\"&lt;p&gt;Rodrigo Costa&lt;\/p&gt;\n\" data-medium-file=\"https:\/\/i0.wp.com\/agrund.com\/wp-content\/uploads\/sites\/6\/2014\/03\/5-Rodrigo-Costa.jpg?fit=300%2C187&amp;ssl=1\" data-large-file=\"https:\/\/i0.wp.com\/agrund.com\/wp-content\/uploads\/sites\/6\/2014\/03\/5-Rodrigo-Costa.jpg?fit=550%2C343&amp;ssl=1\" decoding=\"async\" loading=\"lazy\" class=\"size-large wp-image-99268\" alt=\"Rodrigo Costa\" src=\"https:\/\/i0.wp.com\/www.agrund.com\/wp-content\/uploads\/sites\/6\/cache\/2014\/03\/5-Rodrigo-Costa\/1275645933.jpg?resize=550%2C343\" width=\"550\" height=\"343\" data-recalc-dims=\"1\" \/><\/a><p id=\"caption-attachment-99268\" class=\"wp-caption-text\">Rodrigo Costa<\/p><\/div>\n<p>Por fim, aproveito tamb\u00e9m para mostrar que nem todo pulso precisa de muita informa\u00e7\u00e3o. O designer de joias contempor\u00e2neas, Andre Lasmar, que cria pe\u00e7as exclusivas, usa uma pulseira de couro com feixo em prata super minimalista e masculino. Uma boa op\u00e7\u00e3o para quem quer come\u00e7ar a usar esses acess\u00f3rios, mas sem muito exagero. Confira o site do designer e veja os modelos de joias que ele cria. Al\u00e9m de uma super sess\u00e3o dedicada \u00e0s alian\u00e7as.<\/p>\n<div id=\"attachment_99269\" style=\"width: 560px\" class=\"wp-caption aligncenter\"><a href=\"https:\/\/i0.wp.com\/www.agrund.com\/wp-content\/uploads\/sites\/6\/2014\/03\/6-Andre-Lasmar.jpg\"><img aria-describedby=\"caption-attachment-99269\" data-attachment-id=\"99269\" data-permalink=\"https:\/\/agrund.com\/index.php\/pulsos-fortes-por-arlindo-grund\/6-andre-lasmar\/\" data-orig-file=\"https:\/\/i0.wp.com\/agrund.com\/wp-content\/uploads\/sites\/6\/2014\/03\/6-Andre-Lasmar.jpg?fit=550%2C616&amp;ssl=1\" data-orig-size=\"550,616\" data-comments-opened=\"1\" data-image-meta=\"{&quot;aperture&quot;:&quot;0&quot;,&quot;credit&quot;:&quot;&quot;,&quot;camera&quot;:&quot;&quot;,&quot;caption&quot;:&quot;&quot;,&quot;created_timestamp&quot;:&quot;0&quot;,&quot;copyright&quot;:&quot;&quot;,&quot;focal_length&quot;:&quot;0&quot;,&quot;iso&quot;:&quot;0&quot;,&quot;shutter_speed&quot;:&quot;0&quot;,&quot;title&quot;:&quot;&quot;,&quot;orientation&quot;:&quot;0&quot;}\" data-image-title=\"6 Andre Lasmar\" data-image-description=\"\" data-image-caption=\"&lt;p&gt;Andre Lasmar&lt;\/p&gt;\n\" data-medium-file=\"https:\/\/i0.wp.com\/agrund.com\/wp-content\/uploads\/sites\/6\/2014\/03\/6-Andre-Lasmar.jpg?fit=268%2C300&amp;ssl=1\" data-large-file=\"https:\/\/i0.wp.com\/agrund.com\/wp-content\/uploads\/sites\/6\/2014\/03\/6-Andre-Lasmar.jpg?fit=550%2C616&amp;ssl=1\" decoding=\"async\" loading=\"lazy\" class=\"size-large wp-image-99269\" alt=\"Andre Lasmar\" src=\"https:\/\/i0.wp.com\/www.agrund.com\/wp-content\/uploads\/sites\/6\/cache\/2014\/03\/6-Andre-Lasmar\/86451114.jpg?resize=550%2C616\" width=\"550\" height=\"616\" data-recalc-dims=\"1\" \/><\/a><p id=\"caption-attachment-99269\" class=\"wp-caption-text\">Andre Lasmar<\/p><\/div>\n<p>Aqui a ideia \u00e9 trazer inspira\u00e7\u00e3o para voc\u00ea usar, ousar e liberar sua criatividade quando o assunto \u00e9 criar pulsos cheios de estilo e personalidade.<\/p>\n<p>SERVI\u00c7O:<br \/>\nKadu Dantas \u2013 www.blogdokadu.com<br \/>\nDeco Tajra \u2013 www.decotajra.meionorte.com<br \/>\nRodrigo Costa &#8211; WWW.RCBEAUTYSTYLE.COM<br \/>\nAndre Lasmar &#8211; www.andrelasmar.com\/<\/p>\n","protected":false},"excerpt":{"rendered":"<p>Nessa onda de decorar os pulsos, muitos homens est\u00e3o colocando a criatividade para fora e montando pulsos divertidos, fortes e cheios de personalidade. As misturas s\u00e3o as mais inusitadas. V\u00e3o das pedras preciosas \u00e0s pulseiras de linha feitas em feiras hippie. Mas o que vale mesmo \u00e9 voc\u00ea criar seu estilo e sua pr\u00f3pria mistura, [&hellip;]<\/p>\n","protected":false},"author":1,"featured_media":99270,"comment_status":"open","ping_status":"open","sticky":false,"template":"","format":"standard","meta":{"jetpack_post_was_ever_published":false,"_jetpack_newsletter_access":"","jetpack_publicize_message":"","jetpack_is_tweetstorm":false,"jetpack_publicize_feature_enabled":true,"jetpack_social_post_already_shared":true,"jetpack_social_options":{"image_generator_settings":{"template":"highway","enabled":false}}},"categories":[6],"tags":[],"jetpack_publicize_connections":[],"jetpack_featured_media_url":"https:\/\/i0.wp.com\/agrund.com\/wp-content\/uploads\/sites\/6\/2014\/03\/slide117.jpg?fit=960%2C300&ssl=1","jetpack_sharing_enabled":true,"jetpack_shortlink":"https:\/\/wp.me\/p3Hz0n-pP1","jetpack_likes_enabled":true,"_links":{"self":[{"href":"https:\/\/agrund.com\/index.php\/wp-json\/wp\/v2\/posts\/99263"}],"collection":[{"href":"https:\/\/agrund.com\/index.php\/wp-json\/wp\/v2\/posts"}],"about":[{"href":"https:\/\/agrund.com\/index.php\/wp-json\/wp\/v2\/types\/post"}],"author":[{"embeddable":true,"href":"https:\/\/agrund.com\/index.php\/wp-json\/wp\/v2\/users\/1"}],"replies":[{"embeddable":true,"href":"https:\/\/agrund.com\/index.php\/wp-json\/wp\/v2\/comments?post=99263"}],"version-history":[{"count":0,"href":"https:\/\/agrund.com\/index.php\/wp-json\/wp\/v2\/posts\/99263\/revisions"}],"wp:featuredmedia":[{"embeddable":true,"href":"https:\/\/agrund.com\/index.php\/wp-json\/wp\/v2\/media\/99270"}],"wp:attachment":[{"href":"https:\/\/agrund.com\/index.php\/wp-json\/wp\/v2\/media?parent=99263"}],"wp:term":[{"taxonomy":"category","embeddable":true,"href":"https:\/\/agrund.com\/index.php\/wp-json\/wp\/v2\/categories?post=99263"},{"taxonomy":"post_tag","embeddable":true,"href":"https:\/\/agrund.com\/index.php\/wp-json\/wp\/v2\/tags?post=99263"}],"curies":[{"name":"wp","href":"https:\/\/api.w.org\/{rel}","templated":true}]}}