{"id":99237,"date":"2014-03-21T19:00:22","date_gmt":"2014-03-21T22:00:22","guid":{"rendered":"http:\/\/www.agrund.com\/?p=99237"},"modified":"2014-03-21T15:09:57","modified_gmt":"2014-03-21T18:09:57","slug":"sarah-jessica-parker-no-inverno-2014-da-maria-valentina","status":"publish","type":"post","link":"https:\/\/agrund.com\/index.php\/sarah-jessica-parker-no-inverno-2014-da-maria-valentina\/","title":{"rendered":"Sarah jessica Parker no Inverno 2014 da Maria.Valentina"},"content":{"rendered":"<p>Eleita pela terceira vez como a garota propaganda da marca, a atriz Sarah Jessica Parker estrela a campanha Inverno 2014 da Maria.Valentina. Fotografada no Museu do Brooklyn, em Nova York, Sarah contou com um time de peso para o ensaio: fotos de Guy Aroch, style de Erin Walsh, cabelo de Serge Normant e maquiagem de Leslie Lopez. O making of que mostra a atriz e seu Dream Team em a\u00e7\u00e3o voc\u00ea confere <a href=\"http:\/\/www.agrund.com\/making-of-sarah-jessica-parker-estrela-inverno-2014-da-maria-valentina\/\">AQUI<\/a>:<\/p>\n<p><span class=\"embed-youtube\" style=\"text-align:center; display: block;\"><iframe loading=\"lazy\" class=\"youtube-player\" width=\"640\" height=\"360\" src=\"https:\/\/www.youtube.com\/embed\/zSxXZOmkvcE?version=3&#038;rel=1&#038;showsearch=0&#038;showinfo=1&#038;iv_load_policy=1&#038;fs=1&#038;hl=pt-BR&#038;autohide=2&#038;wmode=transparent\" allowfullscreen=\"true\" style=\"border:0;\" sandbox=\"allow-scripts allow-same-origin allow-popups allow-presentation\"><\/iframe><\/span><\/p>\n<div id=\"attachment_99238\" style=\"width: 510px\" class=\"wp-caption aligncenter\"><a href=\"https:\/\/i0.wp.com\/www.agrund.com\/wp-content\/uploads\/sites\/6\/2014\/03\/sarah-jessica-parker-no-inverno-2014-da-maria-valentina-1.jpg\"><img aria-describedby=\"caption-attachment-99238\" data-attachment-id=\"99238\" data-permalink=\"https:\/\/agrund.com\/index.php\/sarah-jessica-parker-no-inverno-2014-da-maria-valentina\/sarah-jessica-parker-no-inverno-2014-da-maria-valentina-1\/\" data-orig-file=\"https:\/\/i0.wp.com\/agrund.com\/wp-content\/uploads\/sites\/6\/2014\/03\/sarah-jessica-parker-no-inverno-2014-da-maria-valentina-1.jpg?fit=500%2C333&amp;ssl=1\" data-orig-size=\"500,333\" data-comments-opened=\"1\" data-image-meta=\"{&quot;aperture&quot;:&quot;0&quot;,&quot;credit&quot;:&quot;&quot;,&quot;camera&quot;:&quot;&quot;,&quot;caption&quot;:&quot;&quot;,&quot;created_timestamp&quot;:&quot;0&quot;,&quot;copyright&quot;:&quot;&quot;,&quot;focal_length&quot;:&quot;0&quot;,&quot;iso&quot;:&quot;0&quot;,&quot;shutter_speed&quot;:&quot;0&quot;,&quot;title&quot;:&quot;&quot;,&quot;orientation&quot;:&quot;0&quot;}\" data-image-title=\"sarah-jessica-parker-no-inverno-2014-da-maria-valentina (1)\" data-image-description=\"\" data-image-caption=\"&lt;p&gt;Sarah jessica Parker no Inverno 2014 da Maria.Valentina&lt;\/p&gt;\n\" data-medium-file=\"https:\/\/i0.wp.com\/agrund.com\/wp-content\/uploads\/sites\/6\/2014\/03\/sarah-jessica-parker-no-inverno-2014-da-maria-valentina-1.jpg?fit=300%2C200&amp;ssl=1\" data-large-file=\"https:\/\/i0.wp.com\/agrund.com\/wp-content\/uploads\/sites\/6\/2014\/03\/sarah-jessica-parker-no-inverno-2014-da-maria-valentina-1.jpg?fit=500%2C333&amp;ssl=1\" decoding=\"async\" loading=\"lazy\" class=\"size-large wp-image-99238\" alt=\"Sarah jessica Parker no Inverno 2014 da Maria.Valentina\" src=\"https:\/\/i0.wp.com\/www.agrund.com\/wp-content\/uploads\/sites\/6\/cache\/2014\/03\/sarah-jessica-parker-no-inverno-2014-da-maria-valentina-1\/3458444794.jpg?resize=500%2C333\" width=\"500\" height=\"333\" data-recalc-dims=\"1\" \/><\/a><p id=\"caption-attachment-99238\" class=\"wp-caption-text\">Sarah jessica Parker no Inverno 2014 da Maria.Valentina<\/p><\/div>\n<div id=\"attachment_99239\" style=\"width: 510px\" class=\"wp-caption aligncenter\"><a href=\"https:\/\/i0.wp.com\/www.agrund.com\/wp-content\/uploads\/sites\/6\/2014\/03\/sarah-jessica-parker-no-inverno-2014-da-maria-valentina-2.jpg\"><img aria-describedby=\"caption-attachment-99239\" data-attachment-id=\"99239\" data-permalink=\"https:\/\/agrund.com\/index.php\/sarah-jessica-parker-no-inverno-2014-da-maria-valentina\/sarah-jessica-parker-no-inverno-2014-da-maria-valentina-2\/\" data-orig-file=\"https:\/\/i0.wp.com\/agrund.com\/wp-content\/uploads\/sites\/6\/2014\/03\/sarah-jessica-parker-no-inverno-2014-da-maria-valentina-2.jpg?fit=500%2C333&amp;ssl=1\" data-orig-size=\"500,333\" data-comments-opened=\"1\" data-image-meta=\"{&quot;aperture&quot;:&quot;0&quot;,&quot;credit&quot;:&quot;&quot;,&quot;camera&quot;:&quot;&quot;,&quot;caption&quot;:&quot;&quot;,&quot;created_timestamp&quot;:&quot;0&quot;,&quot;copyright&quot;:&quot;&quot;,&quot;focal_length&quot;:&quot;0&quot;,&quot;iso&quot;:&quot;0&quot;,&quot;shutter_speed&quot;:&quot;0&quot;,&quot;title&quot;:&quot;&quot;,&quot;orientation&quot;:&quot;0&quot;}\" data-image-title=\"sarah-jessica-parker-no-inverno-2014-da-maria-valentina (2)\" data-image-description=\"\" data-image-caption=\"&lt;p&gt;Sarah jessica Parker no Inverno 2014 da Maria.Valentina&lt;\/p&gt;\n\" data-medium-file=\"https:\/\/i0.wp.com\/agrund.com\/wp-content\/uploads\/sites\/6\/2014\/03\/sarah-jessica-parker-no-inverno-2014-da-maria-valentina-2.jpg?fit=300%2C200&amp;ssl=1\" data-large-file=\"https:\/\/i0.wp.com\/agrund.com\/wp-content\/uploads\/sites\/6\/2014\/03\/sarah-jessica-parker-no-inverno-2014-da-maria-valentina-2.jpg?fit=500%2C333&amp;ssl=1\" decoding=\"async\" loading=\"lazy\" class=\"size-large wp-image-99239\" alt=\"Sarah jessica Parker no Inverno 2014 da Maria.Valentina\" src=\"https:\/\/i0.wp.com\/www.agrund.com\/wp-content\/uploads\/sites\/6\/cache\/2014\/03\/sarah-jessica-parker-no-inverno-2014-da-maria-valentina-2\/1085057561.jpg?resize=500%2C333\" width=\"500\" height=\"333\" data-recalc-dims=\"1\" \/><\/a><p id=\"caption-attachment-99239\" class=\"wp-caption-text\">Sarah jessica Parker no Inverno 2014 da Maria.Valentina<\/p><\/div>\n<div id=\"attachment_99240\" style=\"width: 510px\" class=\"wp-caption aligncenter\"><a href=\"https:\/\/i0.wp.com\/www.agrund.com\/wp-content\/uploads\/sites\/6\/2014\/03\/sarah-jessica-parker-no-inverno-2014-da-maria-valentina-3.jpg\"><img aria-describedby=\"caption-attachment-99240\" data-attachment-id=\"99240\" data-permalink=\"https:\/\/agrund.com\/index.php\/sarah-jessica-parker-no-inverno-2014-da-maria-valentina\/sarah-jessica-parker-no-inverno-2014-da-maria-valentina-3\/\" data-orig-file=\"https:\/\/i0.wp.com\/agrund.com\/wp-content\/uploads\/sites\/6\/2014\/03\/sarah-jessica-parker-no-inverno-2014-da-maria-valentina-3.jpg?fit=500%2C288&amp;ssl=1\" data-orig-size=\"500,288\" data-comments-opened=\"1\" data-image-meta=\"{&quot;aperture&quot;:&quot;0&quot;,&quot;credit&quot;:&quot;&quot;,&quot;camera&quot;:&quot;&quot;,&quot;caption&quot;:&quot;&quot;,&quot;created_timestamp&quot;:&quot;0&quot;,&quot;copyright&quot;:&quot;&quot;,&quot;focal_length&quot;:&quot;0&quot;,&quot;iso&quot;:&quot;0&quot;,&quot;shutter_speed&quot;:&quot;0&quot;,&quot;title&quot;:&quot;&quot;,&quot;orientation&quot;:&quot;0&quot;}\" data-image-title=\"sarah-jessica-parker-no-inverno-2014-da-maria-valentina (3)\" data-image-description=\"\" data-image-caption=\"&lt;p&gt;Sarah jessica Parker no Inverno 2014 da Maria.Valentina&lt;\/p&gt;\n\" data-medium-file=\"https:\/\/i0.wp.com\/agrund.com\/wp-content\/uploads\/sites\/6\/2014\/03\/sarah-jessica-parker-no-inverno-2014-da-maria-valentina-3.jpg?fit=300%2C173&amp;ssl=1\" data-large-file=\"https:\/\/i0.wp.com\/agrund.com\/wp-content\/uploads\/sites\/6\/2014\/03\/sarah-jessica-parker-no-inverno-2014-da-maria-valentina-3.jpg?fit=500%2C288&amp;ssl=1\" decoding=\"async\" loading=\"lazy\" class=\"size-large wp-image-99240\" alt=\"Sarah jessica Parker no Inverno 2014 da Maria.Valentina\" src=\"https:\/\/i0.wp.com\/www.agrund.com\/wp-content\/uploads\/sites\/6\/cache\/2014\/03\/sarah-jessica-parker-no-inverno-2014-da-maria-valentina-3\/2349247111.jpg?resize=500%2C288\" width=\"500\" height=\"288\" data-recalc-dims=\"1\" \/><\/a><p id=\"caption-attachment-99240\" class=\"wp-caption-text\">Sarah jessica Parker no Inverno 2014 da Maria.Valentina<\/p><\/div>\n<div id=\"attachment_99241\" style=\"width: 510px\" class=\"wp-caption aligncenter\"><a href=\"https:\/\/i0.wp.com\/www.agrund.com\/wp-content\/uploads\/sites\/6\/2014\/03\/sarah-jessica-parker-no-inverno-2014-da-maria-valentina-4.jpg\"><img aria-describedby=\"caption-attachment-99241\" data-attachment-id=\"99241\" data-permalink=\"https:\/\/agrund.com\/index.php\/sarah-jessica-parker-no-inverno-2014-da-maria-valentina\/sarah-jessica-parker-no-inverno-2014-da-maria-valentina-4\/\" data-orig-file=\"https:\/\/i0.wp.com\/agrund.com\/wp-content\/uploads\/sites\/6\/2014\/03\/sarah-jessica-parker-no-inverno-2014-da-maria-valentina-4.jpg?fit=500%2C333&amp;ssl=1\" data-orig-size=\"500,333\" data-comments-opened=\"1\" data-image-meta=\"{&quot;aperture&quot;:&quot;0&quot;,&quot;credit&quot;:&quot;&quot;,&quot;camera&quot;:&quot;&quot;,&quot;caption&quot;:&quot;&quot;,&quot;created_timestamp&quot;:&quot;0&quot;,&quot;copyright&quot;:&quot;&quot;,&quot;focal_length&quot;:&quot;0&quot;,&quot;iso&quot;:&quot;0&quot;,&quot;shutter_speed&quot;:&quot;0&quot;,&quot;title&quot;:&quot;&quot;,&quot;orientation&quot;:&quot;0&quot;}\" data-image-title=\"sarah-jessica-parker-no-inverno-2014-da-maria-valentina (4)\" data-image-description=\"\" data-image-caption=\"&lt;p&gt;Sarah jessica Parker no Inverno 2014 da Maria.Valentina&lt;\/p&gt;\n\" data-medium-file=\"https:\/\/i0.wp.com\/agrund.com\/wp-content\/uploads\/sites\/6\/2014\/03\/sarah-jessica-parker-no-inverno-2014-da-maria-valentina-4.jpg?fit=300%2C200&amp;ssl=1\" data-large-file=\"https:\/\/i0.wp.com\/agrund.com\/wp-content\/uploads\/sites\/6\/2014\/03\/sarah-jessica-parker-no-inverno-2014-da-maria-valentina-4.jpg?fit=500%2C333&amp;ssl=1\" decoding=\"async\" loading=\"lazy\" class=\"size-large wp-image-99241\" alt=\"Sarah jessica Parker no Inverno 2014 da Maria.Valentina\" src=\"https:\/\/i0.wp.com\/www.agrund.com\/wp-content\/uploads\/sites\/6\/cache\/2014\/03\/sarah-jessica-parker-no-inverno-2014-da-maria-valentina-4\/2260968350.jpg?resize=500%2C333\" width=\"500\" height=\"333\" data-recalc-dims=\"1\" \/><\/a><p id=\"caption-attachment-99241\" class=\"wp-caption-text\">Sarah jessica Parker no Inverno 2014 da Maria.Valentina<\/p><\/div>\n<div id=\"attachment_99242\" style=\"width: 510px\" class=\"wp-caption aligncenter\"><a href=\"https:\/\/i0.wp.com\/www.agrund.com\/wp-content\/uploads\/sites\/6\/2014\/03\/sarah-jessica-parker-no-inverno-2014-da-maria-valentina-5.jpg\"><img aria-describedby=\"caption-attachment-99242\" data-attachment-id=\"99242\" data-permalink=\"https:\/\/agrund.com\/index.php\/sarah-jessica-parker-no-inverno-2014-da-maria-valentina\/sarah-jessica-parker-no-inverno-2014-da-maria-valentina-5\/\" data-orig-file=\"https:\/\/i0.wp.com\/agrund.com\/wp-content\/uploads\/sites\/6\/2014\/03\/sarah-jessica-parker-no-inverno-2014-da-maria-valentina-5.jpg?fit=500%2C333&amp;ssl=1\" data-orig-size=\"500,333\" data-comments-opened=\"1\" data-image-meta=\"{&quot;aperture&quot;:&quot;0&quot;,&quot;credit&quot;:&quot;&quot;,&quot;camera&quot;:&quot;&quot;,&quot;caption&quot;:&quot;&quot;,&quot;created_timestamp&quot;:&quot;0&quot;,&quot;copyright&quot;:&quot;&quot;,&quot;focal_length&quot;:&quot;0&quot;,&quot;iso&quot;:&quot;0&quot;,&quot;shutter_speed&quot;:&quot;0&quot;,&quot;title&quot;:&quot;&quot;,&quot;orientation&quot;:&quot;0&quot;}\" data-image-title=\"sarah-jessica-parker-no-inverno-2014-da-maria-valentina (5)\" data-image-description=\"\" data-image-caption=\"&lt;p&gt;Sarah jessica Parker no Inverno 2014 da Maria.Valentina&lt;\/p&gt;\n\" data-medium-file=\"https:\/\/i0.wp.com\/agrund.com\/wp-content\/uploads\/sites\/6\/2014\/03\/sarah-jessica-parker-no-inverno-2014-da-maria-valentina-5.jpg?fit=300%2C200&amp;ssl=1\" data-large-file=\"https:\/\/i0.wp.com\/agrund.com\/wp-content\/uploads\/sites\/6\/2014\/03\/sarah-jessica-parker-no-inverno-2014-da-maria-valentina-5.jpg?fit=500%2C333&amp;ssl=1\" decoding=\"async\" loading=\"lazy\" class=\"size-large wp-image-99242\" alt=\"Sarah jessica Parker no Inverno 2014 da Maria.Valentina\" src=\"https:\/\/i0.wp.com\/www.agrund.com\/wp-content\/uploads\/sites\/6\/cache\/2014\/03\/sarah-jessica-parker-no-inverno-2014-da-maria-valentina-5\/1248436992.jpg?resize=500%2C333\" width=\"500\" height=\"333\" data-recalc-dims=\"1\" \/><\/a><p id=\"caption-attachment-99242\" class=\"wp-caption-text\">Sarah jessica Parker no Inverno 2014 da Maria.Valentina<\/p><\/div>\n<div id=\"attachment_99243\" style=\"width: 510px\" class=\"wp-caption aligncenter\"><a href=\"https:\/\/i0.wp.com\/www.agrund.com\/wp-content\/uploads\/sites\/6\/2014\/03\/sarah-jessica-parker-no-inverno-2014-da-maria-valentina-6.jpg\"><img aria-describedby=\"caption-attachment-99243\" data-attachment-id=\"99243\" data-permalink=\"https:\/\/agrund.com\/index.php\/sarah-jessica-parker-no-inverno-2014-da-maria-valentina\/sarah-jessica-parker-no-inverno-2014-da-maria-valentina-6\/\" data-orig-file=\"https:\/\/i0.wp.com\/agrund.com\/wp-content\/uploads\/sites\/6\/2014\/03\/sarah-jessica-parker-no-inverno-2014-da-maria-valentina-6.jpg?fit=500%2C333&amp;ssl=1\" data-orig-size=\"500,333\" data-comments-opened=\"1\" data-image-meta=\"{&quot;aperture&quot;:&quot;0&quot;,&quot;credit&quot;:&quot;&quot;,&quot;camera&quot;:&quot;&quot;,&quot;caption&quot;:&quot;&quot;,&quot;created_timestamp&quot;:&quot;0&quot;,&quot;copyright&quot;:&quot;&quot;,&quot;focal_length&quot;:&quot;0&quot;,&quot;iso&quot;:&quot;0&quot;,&quot;shutter_speed&quot;:&quot;0&quot;,&quot;title&quot;:&quot;&quot;,&quot;orientation&quot;:&quot;0&quot;}\" data-image-title=\"sarah-jessica-parker-no-inverno-2014-da-maria-valentina (6)\" data-image-description=\"\" data-image-caption=\"&lt;p&gt;Sarah jessica Parker no Inverno 2014 da Maria.Valentina&lt;\/p&gt;\n\" data-medium-file=\"https:\/\/i0.wp.com\/agrund.com\/wp-content\/uploads\/sites\/6\/2014\/03\/sarah-jessica-parker-no-inverno-2014-da-maria-valentina-6.jpg?fit=300%2C200&amp;ssl=1\" data-large-file=\"https:\/\/i0.wp.com\/agrund.com\/wp-content\/uploads\/sites\/6\/2014\/03\/sarah-jessica-parker-no-inverno-2014-da-maria-valentina-6.jpg?fit=500%2C333&amp;ssl=1\" decoding=\"async\" loading=\"lazy\" class=\"size-large wp-image-99243\" alt=\"Sarah jessica Parker no Inverno 2014 da Maria.Valentina\" src=\"https:\/\/i0.wp.com\/www.agrund.com\/wp-content\/uploads\/sites\/6\/cache\/2014\/03\/sarah-jessica-parker-no-inverno-2014-da-maria-valentina-6\/3303449827.jpg?resize=500%2C333\" width=\"500\" height=\"333\" data-recalc-dims=\"1\" \/><\/a><p id=\"caption-attachment-99243\" class=\"wp-caption-text\">Sarah jessica Parker no Inverno 2014 da Maria.Valentina<\/p><\/div>\n<p>Imagens e V\u00eddeo: Divulga\u00e7\u00e3o.<\/p>\n","protected":false},"excerpt":{"rendered":"<p>Eleita pela terceira vez como a garota propaganda da marca, a atriz Sarah Jessica Parker estrela a campanha Inverno 2014 da Maria.Valentina. Fotografada no Museu do Brooklyn, em Nova York, Sarah contou com um time de peso para o ensaio: fotos de Guy Aroch, style de Erin Walsh, cabelo de Serge Normant e maquiagem de [&hellip;]<\/p>\n","protected":false},"author":1,"featured_media":99244,"comment_status":"open","ping_status":"open","sticky":false,"template":"","format":"standard","meta":{"jetpack_post_was_ever_published":false,"_jetpack_newsletter_access":"","jetpack_publicize_message":"","jetpack_is_tweetstorm":false,"jetpack_publicize_feature_enabled":true,"jetpack_social_post_already_shared":true,"jetpack_social_options":{"image_generator_settings":{"template":"highway","enabled":false}}},"categories":[2],"tags":[],"jetpack_publicize_connections":[],"jetpack_featured_media_url":"https:\/\/i0.wp.com\/agrund.com\/wp-content\/uploads\/sites\/6\/2014\/03\/slidevaletina.jpg?fit=960%2C300&ssl=1","jetpack_sharing_enabled":true,"jetpack_shortlink":"https:\/\/wp.me\/p3Hz0n-pOB","jetpack_likes_enabled":true,"_links":{"self":[{"href":"https:\/\/agrund.com\/index.php\/wp-json\/wp\/v2\/posts\/99237"}],"collection":[{"href":"https:\/\/agrund.com\/index.php\/wp-json\/wp\/v2\/posts"}],"about":[{"href":"https:\/\/agrund.com\/index.php\/wp-json\/wp\/v2\/types\/post"}],"author":[{"embeddable":true,"href":"https:\/\/agrund.com\/index.php\/wp-json\/wp\/v2\/users\/1"}],"replies":[{"embeddable":true,"href":"https:\/\/agrund.com\/index.php\/wp-json\/wp\/v2\/comments?post=99237"}],"version-history":[{"count":0,"href":"https:\/\/agrund.com\/index.php\/wp-json\/wp\/v2\/posts\/99237\/revisions"}],"wp:featuredmedia":[{"embeddable":true,"href":"https:\/\/agrund.com\/index.php\/wp-json\/wp\/v2\/media\/99244"}],"wp:attachment":[{"href":"https:\/\/agrund.com\/index.php\/wp-json\/wp\/v2\/media?parent=99237"}],"wp:term":[{"taxonomy":"category","embeddable":true,"href":"https:\/\/agrund.com\/index.php\/wp-json\/wp\/v2\/categories?post=99237"},{"taxonomy":"post_tag","embeddable":true,"href":"https:\/\/agrund.com\/index.php\/wp-json\/wp\/v2\/tags?post=99237"}],"curies":[{"name":"wp","href":"https:\/\/api.w.org\/{rel}","templated":true}]}}