{"id":99223,"date":"2014-03-21T17:00:35","date_gmt":"2014-03-21T20:00:35","guid":{"rendered":"http:\/\/www.agrund.com\/?p=99223"},"modified":"2014-03-21T14:51:34","modified_gmt":"2014-03-21T17:51:34","slug":"malevola-angelina-jolie-e-stella-mccartney-lancam-colecao-infantil","status":"publish","type":"post","link":"https:\/\/agrund.com\/index.php\/malevola-angelina-jolie-e-stella-mccartney-lancam-colecao-infantil\/","title":{"rendered":"Mal\u00e9vola :: Angelina Jolie e Stella McCartney lan\u00e7am cole\u00e7\u00e3o infantil"},"content":{"rendered":"<p>Depois de inspirar uma cole\u00e7\u00e3o de make-up para a M.A.C, como mostramos <a href=\"http:\/\/www.agrund.com\/m-a-c-apresenta-sua-linha-malevola\/\">AQUI<\/a>, o longa &#8220;Mal\u00e9vola&#8221; agora chega \u00e0 moda infantil. Isso porque Angelina Jolie se uniu a Stella McCartney para desenvolver uma linha de roupas e acess\u00f3rios para crian\u00e7as de 4 a 14 anos, a &#8220;Mal\u00e9vola by Stella McCartney Kids&#8221;.<\/p>\n<p>A cole\u00e7\u00e3o conta com 8 looks com pe\u00e7as como vestidos, camisetas, shorts, saias, t\u00eanis e sand\u00e1lias e ter\u00e1 parte do lucro obtido com as vendas revertido para a institui\u00e7\u00e3o SOS Children&#8217;s Villages.<\/p>\n<p>O lan\u00e7amento oficial acontecer\u00e1 no m\u00eas de abril! Confira a primeira imagem divulgada:<\/p>\n<div id=\"attachment_99224\" style=\"width: 506px\" class=\"wp-caption aligncenter\"><a href=\"https:\/\/i0.wp.com\/www.agrund.com\/wp-content\/uploads\/sites\/6\/2014\/03\/malevola-angelina-jolie-e-stella-mccartney-lancam-colecao-infantil.jpg\"><img aria-describedby=\"caption-attachment-99224\" data-attachment-id=\"99224\" data-permalink=\"https:\/\/agrund.com\/index.php\/malevola-angelina-jolie-e-stella-mccartney-lancam-colecao-infantil\/malevola-angelina-jolie-e-stella-mccartney-lancam-colecao-infantil\/\" data-orig-file=\"https:\/\/i0.wp.com\/agrund.com\/wp-content\/uploads\/sites\/6\/2014\/03\/malevola-angelina-jolie-e-stella-mccartney-lancam-colecao-infantil.jpg?fit=620%2C506&amp;ssl=1\" data-orig-size=\"620,506\" data-comments-opened=\"1\" data-image-meta=\"{&quot;aperture&quot;:&quot;0&quot;,&quot;credit&quot;:&quot;&quot;,&quot;camera&quot;:&quot;&quot;,&quot;caption&quot;:&quot;&quot;,&quot;created_timestamp&quot;:&quot;0&quot;,&quot;copyright&quot;:&quot;&quot;,&quot;focal_length&quot;:&quot;0&quot;,&quot;iso&quot;:&quot;0&quot;,&quot;shutter_speed&quot;:&quot;0&quot;,&quot;title&quot;:&quot;&quot;,&quot;orientation&quot;:&quot;0&quot;}\" data-image-title=\"malevola-angelina-jolie-e-stella-mccartney-lancam-colecao-infantil\" data-image-description=\"\" data-image-caption=\"&lt;p&gt;Mal\u00e9vola :: Angelina Jolie e Stella McCartney lan\u00e7am cole\u00e7\u00e3o infantil&lt;\/p&gt;\n\" data-medium-file=\"https:\/\/i0.wp.com\/agrund.com\/wp-content\/uploads\/sites\/6\/2014\/03\/malevola-angelina-jolie-e-stella-mccartney-lancam-colecao-infantil.jpg?fit=300%2C245&amp;ssl=1\" data-large-file=\"https:\/\/i0.wp.com\/agrund.com\/wp-content\/uploads\/sites\/6\/2014\/03\/malevola-angelina-jolie-e-stella-mccartney-lancam-colecao-infantil.jpg?fit=620%2C506&amp;ssl=1\" decoding=\"async\" loading=\"lazy\" class=\" wp-image-99224 \" alt=\"Mal\u00e9vola :: Angelina Jolie e Stella McCartney lan\u00e7am cole\u00e7\u00e3o infantil\" src=\"https:\/\/i0.wp.com\/www.agrund.com\/wp-content\/uploads\/sites\/6\/cache\/2014\/03\/malevola-angelina-jolie-e-stella-mccartney-lancam-colecao-infantil\/2187507167.jpg?resize=496%2C405\" width=\"496\" height=\"405\" data-recalc-dims=\"1\" \/><\/a><p id=\"caption-attachment-99224\" class=\"wp-caption-text\">Mal\u00e9vola :: Angelina Jolie e Stella McCartney lan\u00e7am cole\u00e7\u00e3o infantil<\/p><\/div>\n<p>Imagem: Reprodu\u00e7\u00e3o.<\/p>\n","protected":false},"excerpt":{"rendered":"<p>Depois de inspirar uma cole\u00e7\u00e3o de make-up para a M.A.C, como mostramos AQUI, o longa &#8220;Mal\u00e9vola&#8221; agora chega \u00e0 moda infantil. Isso porque Angelina Jolie se uniu a Stella McCartney para desenvolver uma linha de roupas e acess\u00f3rios para crian\u00e7as de 4 a 14 anos, a &#8220;Mal\u00e9vola by Stella McCartney Kids&#8221;. A cole\u00e7\u00e3o conta com [&hellip;]<\/p>\n","protected":false},"author":1,"featured_media":99225,"comment_status":"open","ping_status":"open","sticky":false,"template":"","format":"standard","meta":{"jetpack_post_was_ever_published":false,"_jetpack_newsletter_access":"","jetpack_publicize_message":"","jetpack_is_tweetstorm":false,"jetpack_publicize_feature_enabled":true,"jetpack_social_post_already_shared":true,"jetpack_social_options":{"image_generator_settings":{"template":"highway","enabled":false}}},"categories":[2],"tags":[],"jetpack_publicize_connections":[],"jetpack_featured_media_url":"https:\/\/i0.wp.com\/agrund.com\/wp-content\/uploads\/sites\/6\/2014\/03\/slide107.jpg?fit=960%2C300&ssl=1","jetpack_sharing_enabled":true,"jetpack_shortlink":"https:\/\/wp.me\/p3Hz0n-pOn","jetpack_likes_enabled":true,"_links":{"self":[{"href":"https:\/\/agrund.com\/index.php\/wp-json\/wp\/v2\/posts\/99223"}],"collection":[{"href":"https:\/\/agrund.com\/index.php\/wp-json\/wp\/v2\/posts"}],"about":[{"href":"https:\/\/agrund.com\/index.php\/wp-json\/wp\/v2\/types\/post"}],"author":[{"embeddable":true,"href":"https:\/\/agrund.com\/index.php\/wp-json\/wp\/v2\/users\/1"}],"replies":[{"embeddable":true,"href":"https:\/\/agrund.com\/index.php\/wp-json\/wp\/v2\/comments?post=99223"}],"version-history":[{"count":0,"href":"https:\/\/agrund.com\/index.php\/wp-json\/wp\/v2\/posts\/99223\/revisions"}],"wp:featuredmedia":[{"embeddable":true,"href":"https:\/\/agrund.com\/index.php\/wp-json\/wp\/v2\/media\/99225"}],"wp:attachment":[{"href":"https:\/\/agrund.com\/index.php\/wp-json\/wp\/v2\/media?parent=99223"}],"wp:term":[{"taxonomy":"category","embeddable":true,"href":"https:\/\/agrund.com\/index.php\/wp-json\/wp\/v2\/categories?post=99223"},{"taxonomy":"post_tag","embeddable":true,"href":"https:\/\/agrund.com\/index.php\/wp-json\/wp\/v2\/tags?post=99223"}],"curies":[{"name":"wp","href":"https:\/\/api.w.org\/{rel}","templated":true}]}}