{"id":99217,"date":"2014-03-21T16:00:35","date_gmt":"2014-03-21T19:00:35","guid":{"rendered":"http:\/\/www.agrund.com\/?p=99217"},"modified":"2014-03-21T08:40:11","modified_gmt":"2014-03-21T11:40:11","slug":"heloisa-faria-assina-figurino-para-peca","status":"publish","type":"post","link":"https:\/\/agrund.com\/index.php\/heloisa-faria-assina-figurino-para-peca\/","title":{"rendered":"Heloisa Faria assina figurino para pe\u00e7a"},"content":{"rendered":"<p>Heloisa Faria \u00e9 a respons\u00e1vel pelo figurino da pe\u00e7a &#8220;Anne Sullivan e Helen Keller- A luta pela inclus\u00e3o social&#8221;, que estreia hoje (21) no teatro Maria Della Costa, no Bela Vista, em S\u00e3o Paulo. Em curta temporada no Brasil, a pe\u00e7a \u00e9 estrelada pela companhia internacional de teatro Arte Livre, sediada na Europa e composta por atores brasileiros premiados internacionalmente. A hist\u00f3ria gira em torno da menina Hellen, nascida no final do s\u00e9culo XIX, cega e surda, que sofreu com a falta de apoio da fam\u00edlia e viveu isolada em seu pr\u00f3prio sil\u00eancio e escurid\u00e3o at\u00e9 a chegada da professora Anne Sullivan, que muda completamente sua vida.<\/p>\n<p>A pe\u00e7a fica em cartaz no Brasil at\u00e9 dia 27 de abril e segue para apresenta\u00e7\u00f5es em Lisboa (Portugal) e Santiago de Compostela (Espanha). O espet\u00e1culo tem apoio da Secretaria de Estado do Direito da Pessoa com Defici\u00eancia do Governo de S\u00e3o Paulo. A pe\u00e7a \u00e9 inspirada nos relatos de Anne Sullivan sobre educa\u00e7\u00e3o para pessoas com defici\u00eancia, assim como os depoimentos das educadoras brasileiras Neusa Basetto e Nice Saraiva, pioneiras na inclus\u00e3o social dos deficientes visuais e auditivos no pa\u00eds.<\/p>\n<p>Dias e Hor\u00e1rios<br \/>\n&#8211; Quinta-feira: espet\u00e1culos extras para escolas (hor\u00e1rios a combinar)<br \/>\n&#8211; Sexta-feira: 21h<br \/>\n&#8211; S\u00e1bado: 21h30<br \/>\n&#8211; Domingo: 18h<br \/>\nObs.: Int\u00e9rpretes em LIBRAS \u00e0s sextas-feiras | Aos domingos espet\u00e1culo com audiodescri\u00e7\u00e3o<\/p>\n<p>Local<br \/>\nTeatro Maria Della Costa<br \/>\nRua Paim, 72 &#8211; Bela Vista<br \/>\nTel: 11 3256 &#8211; 9115<\/p>\n<div id=\"attachment_99218\" style=\"width: 460px\" class=\"wp-caption aligncenter\"><a href=\"https:\/\/i0.wp.com\/www.agrund.com\/wp-content\/uploads\/sites\/6\/2014\/03\/heloisa-faria-assina-figurino-para-peca.jpg\"><img aria-describedby=\"caption-attachment-99218\" data-attachment-id=\"99218\" data-permalink=\"https:\/\/agrund.com\/index.php\/heloisa-faria-assina-figurino-para-peca\/heloisa-faria-assina-figurino-para-peca\/\" data-orig-file=\"https:\/\/i0.wp.com\/agrund.com\/wp-content\/uploads\/sites\/6\/2014\/03\/heloisa-faria-assina-figurino-para-peca.jpg?fit=450%2C470&amp;ssl=1\" data-orig-size=\"450,470\" data-comments-opened=\"1\" data-image-meta=\"{&quot;aperture&quot;:&quot;0&quot;,&quot;credit&quot;:&quot;&quot;,&quot;camera&quot;:&quot;&quot;,&quot;caption&quot;:&quot;&quot;,&quot;created_timestamp&quot;:&quot;0&quot;,&quot;copyright&quot;:&quot;&quot;,&quot;focal_length&quot;:&quot;0&quot;,&quot;iso&quot;:&quot;0&quot;,&quot;shutter_speed&quot;:&quot;0&quot;,&quot;title&quot;:&quot;&quot;,&quot;orientation&quot;:&quot;0&quot;}\" data-image-title=\"heloisa-faria-assina-figurino-para-peca\" data-image-description=\"\" data-image-caption=\"&lt;p&gt;Heloisa Faria assina figurino para pe\u00e7a&lt;\/p&gt;\n\" data-medium-file=\"https:\/\/i0.wp.com\/agrund.com\/wp-content\/uploads\/sites\/6\/2014\/03\/heloisa-faria-assina-figurino-para-peca.jpg?fit=287%2C300&amp;ssl=1\" data-large-file=\"https:\/\/i0.wp.com\/agrund.com\/wp-content\/uploads\/sites\/6\/2014\/03\/heloisa-faria-assina-figurino-para-peca.jpg?fit=450%2C470&amp;ssl=1\" decoding=\"async\" loading=\"lazy\" class=\"size-large wp-image-99218\" alt=\"Heloisa Faria assina figurino para pe\u00e7a\" src=\"https:\/\/i0.wp.com\/www.agrund.com\/wp-content\/uploads\/sites\/6\/cache\/2014\/03\/heloisa-faria-assina-figurino-para-peca\/1720615838.jpg?resize=450%2C470\" width=\"450\" height=\"470\" data-recalc-dims=\"1\" \/><\/a><p id=\"caption-attachment-99218\" class=\"wp-caption-text\">Heloisa Faria assina figurino para pe\u00e7a<\/p><\/div>\n<p>Imagem: Divulga\u00e7\u00e3o.<\/p>\n","protected":false},"excerpt":{"rendered":"<p>Heloisa Faria \u00e9 a respons\u00e1vel pelo figurino da pe\u00e7a &#8220;Anne Sullivan e Helen Keller- A luta pela inclus\u00e3o social&#8221;, que estreia hoje (21) no teatro Maria Della Costa, no Bela Vista, em S\u00e3o Paulo. Em curta temporada no Brasil, a pe\u00e7a \u00e9 estrelada pela companhia internacional de teatro Arte Livre, sediada na Europa e composta [&hellip;]<\/p>\n","protected":false},"author":1,"featured_media":99219,"comment_status":"open","ping_status":"open","sticky":false,"template":"","format":"standard","meta":{"jetpack_post_was_ever_published":false,"_jetpack_newsletter_access":"","jetpack_publicize_message":"","jetpack_is_tweetstorm":false,"jetpack_publicize_feature_enabled":true,"jetpack_social_post_already_shared":true,"jetpack_social_options":{"image_generator_settings":{"template":"highway","enabled":false}}},"categories":[2],"tags":[],"jetpack_publicize_connections":[],"jetpack_featured_media_url":"https:\/\/i0.wp.com\/agrund.com\/wp-content\/uploads\/sites\/6\/2014\/03\/slideul.jpg?fit=960%2C300&ssl=1","jetpack_sharing_enabled":true,"jetpack_shortlink":"https:\/\/wp.me\/p3Hz0n-pOh","jetpack_likes_enabled":true,"_links":{"self":[{"href":"https:\/\/agrund.com\/index.php\/wp-json\/wp\/v2\/posts\/99217"}],"collection":[{"href":"https:\/\/agrund.com\/index.php\/wp-json\/wp\/v2\/posts"}],"about":[{"href":"https:\/\/agrund.com\/index.php\/wp-json\/wp\/v2\/types\/post"}],"author":[{"embeddable":true,"href":"https:\/\/agrund.com\/index.php\/wp-json\/wp\/v2\/users\/1"}],"replies":[{"embeddable":true,"href":"https:\/\/agrund.com\/index.php\/wp-json\/wp\/v2\/comments?post=99217"}],"version-history":[{"count":0,"href":"https:\/\/agrund.com\/index.php\/wp-json\/wp\/v2\/posts\/99217\/revisions"}],"wp:featuredmedia":[{"embeddable":true,"href":"https:\/\/agrund.com\/index.php\/wp-json\/wp\/v2\/media\/99219"}],"wp:attachment":[{"href":"https:\/\/agrund.com\/index.php\/wp-json\/wp\/v2\/media?parent=99217"}],"wp:term":[{"taxonomy":"category","embeddable":true,"href":"https:\/\/agrund.com\/index.php\/wp-json\/wp\/v2\/categories?post=99217"},{"taxonomy":"post_tag","embeddable":true,"href":"https:\/\/agrund.com\/index.php\/wp-json\/wp\/v2\/tags?post=99217"}],"curies":[{"name":"wp","href":"https:\/\/api.w.org\/{rel}","templated":true}]}}