{"id":99203,"date":"2014-03-21T14:00:16","date_gmt":"2014-03-21T17:00:16","guid":{"rendered":"http:\/\/www.agrund.com\/?p=99203"},"modified":"2014-03-21T08:36:23","modified_gmt":"2014-03-21T11:36:23","slug":"cote-ciel-primaveraverao-2014","status":"publish","type":"post","link":"https:\/\/agrund.com\/index.php\/cote-ciel-primaveraverao-2014\/","title":{"rendered":"C\u00f4te &#038; Ciel Primavera\/ver\u00e3o 2014"},"content":{"rendered":"<p>Por Gustavo Luz<\/p>\n<p>Conhecida por suas formas arquitet\u00f4nicas e tecidos modernos, C\u00f4te &amp; Ciel \u00e9 uma marca francesa que surgiu como uma das favoritas dos fashionistas franceses e aqueles que apenas procuram produtos elegantes e funcionais. Para a primavera\/ver\u00e3o 2014, a marca usou de apropria\u00e7\u00f5es de princ\u00edpios arquitet\u00f4nicos para modelar suas pe\u00e7as. Uma vers\u00e3o retalhada do tradicional modelo de mochila da marca, com saco \u00e0 prova d&#8217;\u00e1gua e at\u00e9 repelente para os estilosos aventureiros que disp\u00f5e de sua C\u00f4te &amp; Ciel para trilhas. Produzidos em eco tecidos, a modelagem traz bols\u00e3o para documentos externos, duas reparti\u00e7\u00f5es internas com detalhes em couro e um bolso port\u00e1til. Os modelos Cot\u00ea &amp; Ciel s\u00e3o extremamente funcionais e podem ser usados para uma ampla variedade de transportes, resultando em uma solu\u00e7\u00e3o de armazenamento vers\u00e1til para o mais movimentado estilo da vida moderna.<\/p>\n<div id=\"attachment_99204\" style=\"width: 460px\" class=\"wp-caption aligncenter\"><a href=\"https:\/\/i0.wp.com\/www.agrund.com\/wp-content\/uploads\/sites\/6\/2014\/03\/cote-ciel-primaveraverao-2014-1.jpg\"><img aria-describedby=\"caption-attachment-99204\" data-attachment-id=\"99204\" data-permalink=\"https:\/\/agrund.com\/index.php\/cote-ciel-primaveraverao-2014\/cote-ciel-primaveraverao-2014-1\/\" data-orig-file=\"https:\/\/i0.wp.com\/agrund.com\/wp-content\/uploads\/sites\/6\/2014\/03\/cote-ciel-primaveraverao-2014-1.jpg?fit=450%2C300&amp;ssl=1\" data-orig-size=\"450,300\" data-comments-opened=\"1\" data-image-meta=\"{&quot;aperture&quot;:&quot;0&quot;,&quot;credit&quot;:&quot;&quot;,&quot;camera&quot;:&quot;&quot;,&quot;caption&quot;:&quot;&quot;,&quot;created_timestamp&quot;:&quot;0&quot;,&quot;copyright&quot;:&quot;&quot;,&quot;focal_length&quot;:&quot;0&quot;,&quot;iso&quot;:&quot;0&quot;,&quot;shutter_speed&quot;:&quot;0&quot;,&quot;title&quot;:&quot;&quot;,&quot;orientation&quot;:&quot;0&quot;}\" data-image-title=\"cote-ciel-primaveraverao-2014 (1)\" data-image-description=\"\" data-image-caption=\"&lt;p&gt;C\u00f4te &#038; Ciel Primavera\/ver\u00e3o 2014&lt;\/p&gt;\n\" data-medium-file=\"https:\/\/i0.wp.com\/agrund.com\/wp-content\/uploads\/sites\/6\/2014\/03\/cote-ciel-primaveraverao-2014-1.jpg?fit=300%2C200&amp;ssl=1\" data-large-file=\"https:\/\/i0.wp.com\/agrund.com\/wp-content\/uploads\/sites\/6\/2014\/03\/cote-ciel-primaveraverao-2014-1.jpg?fit=450%2C300&amp;ssl=1\" decoding=\"async\" loading=\"lazy\" class=\"size-large wp-image-99204\" alt=\"C\u00f4te &amp; Ciel Primavera\/ver\u00e3o 2014\" src=\"https:\/\/i0.wp.com\/www.agrund.com\/wp-content\/uploads\/sites\/6\/cache\/2014\/03\/cote-ciel-primaveraverao-2014-1\/1405484462.jpg?resize=450%2C300\" width=\"450\" height=\"300\" data-recalc-dims=\"1\" \/><\/a><p id=\"caption-attachment-99204\" class=\"wp-caption-text\">C\u00f4te &amp; Ciel Primavera\/ver\u00e3o 2014<\/p><\/div>\n<div id=\"attachment_99205\" style=\"width: 460px\" class=\"wp-caption aligncenter\"><a href=\"https:\/\/i0.wp.com\/www.agrund.com\/wp-content\/uploads\/sites\/6\/2014\/03\/cote-ciel-primaveraverao-2014-2.jpg\"><img aria-describedby=\"caption-attachment-99205\" data-attachment-id=\"99205\" data-permalink=\"https:\/\/agrund.com\/index.php\/cote-ciel-primaveraverao-2014\/cote-ciel-primaveraverao-2014-2\/\" data-orig-file=\"https:\/\/i0.wp.com\/agrund.com\/wp-content\/uploads\/sites\/6\/2014\/03\/cote-ciel-primaveraverao-2014-2.jpg?fit=450%2C276&amp;ssl=1\" data-orig-size=\"450,276\" data-comments-opened=\"1\" data-image-meta=\"{&quot;aperture&quot;:&quot;0&quot;,&quot;credit&quot;:&quot;&quot;,&quot;camera&quot;:&quot;&quot;,&quot;caption&quot;:&quot;&quot;,&quot;created_timestamp&quot;:&quot;0&quot;,&quot;copyright&quot;:&quot;&quot;,&quot;focal_length&quot;:&quot;0&quot;,&quot;iso&quot;:&quot;0&quot;,&quot;shutter_speed&quot;:&quot;0&quot;,&quot;title&quot;:&quot;&quot;,&quot;orientation&quot;:&quot;0&quot;}\" data-image-title=\"cote-ciel-primaveraverao-2014 (2)\" data-image-description=\"\" data-image-caption=\"&lt;p&gt;C\u00f4te &#038; Ciel Primavera\/ver\u00e3o 2014&lt;\/p&gt;\n\" data-medium-file=\"https:\/\/i0.wp.com\/agrund.com\/wp-content\/uploads\/sites\/6\/2014\/03\/cote-ciel-primaveraverao-2014-2.jpg?fit=300%2C184&amp;ssl=1\" data-large-file=\"https:\/\/i0.wp.com\/agrund.com\/wp-content\/uploads\/sites\/6\/2014\/03\/cote-ciel-primaveraverao-2014-2.jpg?fit=450%2C276&amp;ssl=1\" decoding=\"async\" loading=\"lazy\" class=\"size-large wp-image-99205\" alt=\"C\u00f4te &amp; Ciel Primavera\/ver\u00e3o 2014\" src=\"https:\/\/i0.wp.com\/www.agrund.com\/wp-content\/uploads\/sites\/6\/cache\/2014\/03\/cote-ciel-primaveraverao-2014-2\/3712678477.jpg?resize=450%2C276\" width=\"450\" height=\"276\" data-recalc-dims=\"1\" \/><\/a><p id=\"caption-attachment-99205\" class=\"wp-caption-text\">C\u00f4te &amp; Ciel Primavera\/ver\u00e3o 2014<\/p><\/div>\n<div id=\"attachment_99206\" style=\"width: 460px\" class=\"wp-caption aligncenter\"><a href=\"https:\/\/i0.wp.com\/www.agrund.com\/wp-content\/uploads\/sites\/6\/2014\/03\/cote-ciel-primaveraverao-2014-3.jpg\"><img aria-describedby=\"caption-attachment-99206\" data-attachment-id=\"99206\" data-permalink=\"https:\/\/agrund.com\/index.php\/cote-ciel-primaveraverao-2014\/cote-ciel-primaveraverao-2014-3\/\" data-orig-file=\"https:\/\/i0.wp.com\/agrund.com\/wp-content\/uploads\/sites\/6\/2014\/03\/cote-ciel-primaveraverao-2014-3.jpg?fit=450%2C674&amp;ssl=1\" data-orig-size=\"450,674\" data-comments-opened=\"1\" data-image-meta=\"{&quot;aperture&quot;:&quot;0&quot;,&quot;credit&quot;:&quot;&quot;,&quot;camera&quot;:&quot;&quot;,&quot;caption&quot;:&quot;&quot;,&quot;created_timestamp&quot;:&quot;0&quot;,&quot;copyright&quot;:&quot;&quot;,&quot;focal_length&quot;:&quot;0&quot;,&quot;iso&quot;:&quot;0&quot;,&quot;shutter_speed&quot;:&quot;0&quot;,&quot;title&quot;:&quot;&quot;,&quot;orientation&quot;:&quot;0&quot;}\" data-image-title=\"cote-ciel-primaveraverao-2014 (3)\" data-image-description=\"\" data-image-caption=\"&lt;p&gt;C\u00f4te &#038; Ciel Primavera\/ver\u00e3o 2014&lt;\/p&gt;\n\" data-medium-file=\"https:\/\/i0.wp.com\/agrund.com\/wp-content\/uploads\/sites\/6\/2014\/03\/cote-ciel-primaveraverao-2014-3.jpg?fit=200%2C300&amp;ssl=1\" data-large-file=\"https:\/\/i0.wp.com\/agrund.com\/wp-content\/uploads\/sites\/6\/2014\/03\/cote-ciel-primaveraverao-2014-3.jpg?fit=450%2C674&amp;ssl=1\" decoding=\"async\" loading=\"lazy\" class=\"size-large wp-image-99206\" alt=\"C\u00f4te &amp; Ciel Primavera\/ver\u00e3o 2014\" src=\"https:\/\/i0.wp.com\/www.agrund.com\/wp-content\/uploads\/sites\/6\/cache\/2014\/03\/cote-ciel-primaveraverao-2014-3\/299956947.jpg?resize=450%2C674\" width=\"450\" height=\"674\" data-recalc-dims=\"1\" \/><\/a><p id=\"caption-attachment-99206\" class=\"wp-caption-text\">C\u00f4te &amp; Ciel Primavera\/ver\u00e3o 2014<\/p><\/div>\n<div id=\"attachment_99207\" style=\"width: 460px\" class=\"wp-caption aligncenter\"><a href=\"https:\/\/i0.wp.com\/www.agrund.com\/wp-content\/uploads\/sites\/6\/2014\/03\/cote-ciel-primaveraverao-2014-4.jpg\"><img aria-describedby=\"caption-attachment-99207\" data-attachment-id=\"99207\" data-permalink=\"https:\/\/agrund.com\/index.php\/cote-ciel-primaveraverao-2014\/cote-ciel-primaveraverao-2014-4\/\" data-orig-file=\"https:\/\/i0.wp.com\/agrund.com\/wp-content\/uploads\/sites\/6\/2014\/03\/cote-ciel-primaveraverao-2014-4.jpg?fit=450%2C675&amp;ssl=1\" data-orig-size=\"450,675\" data-comments-opened=\"1\" data-image-meta=\"{&quot;aperture&quot;:&quot;0&quot;,&quot;credit&quot;:&quot;&quot;,&quot;camera&quot;:&quot;&quot;,&quot;caption&quot;:&quot;&quot;,&quot;created_timestamp&quot;:&quot;0&quot;,&quot;copyright&quot;:&quot;&quot;,&quot;focal_length&quot;:&quot;0&quot;,&quot;iso&quot;:&quot;0&quot;,&quot;shutter_speed&quot;:&quot;0&quot;,&quot;title&quot;:&quot;&quot;,&quot;orientation&quot;:&quot;0&quot;}\" data-image-title=\"cote-ciel-primaveraverao-2014 (4)\" data-image-description=\"\" data-image-caption=\"&lt;p&gt;C\u00f4te &#038; Ciel Primavera\/ver\u00e3o 2014&lt;\/p&gt;\n\" data-medium-file=\"https:\/\/i0.wp.com\/agrund.com\/wp-content\/uploads\/sites\/6\/2014\/03\/cote-ciel-primaveraverao-2014-4.jpg?fit=200%2C300&amp;ssl=1\" data-large-file=\"https:\/\/i0.wp.com\/agrund.com\/wp-content\/uploads\/sites\/6\/2014\/03\/cote-ciel-primaveraverao-2014-4.jpg?fit=450%2C675&amp;ssl=1\" decoding=\"async\" loading=\"lazy\" class=\"size-large wp-image-99207\" alt=\"C\u00f4te &amp; Ciel Primavera\/ver\u00e3o 2014\" src=\"https:\/\/i0.wp.com\/www.agrund.com\/wp-content\/uploads\/sites\/6\/cache\/2014\/03\/cote-ciel-primaveraverao-2014-4\/455472074.jpg?resize=450%2C675\" width=\"450\" height=\"675\" data-recalc-dims=\"1\" \/><\/a><p id=\"caption-attachment-99207\" class=\"wp-caption-text\">C\u00f4te &amp; Ciel Primavera\/ver\u00e3o 2014<\/p><\/div>\n<div id=\"attachment_99208\" style=\"width: 460px\" class=\"wp-caption aligncenter\"><a href=\"https:\/\/i0.wp.com\/www.agrund.com\/wp-content\/uploads\/sites\/6\/2014\/03\/cote-ciel-primaveraverao-2014-5.jpg\"><img aria-describedby=\"caption-attachment-99208\" data-attachment-id=\"99208\" data-permalink=\"https:\/\/agrund.com\/index.php\/cote-ciel-primaveraverao-2014\/cote-ciel-primaveraverao-2014-5\/\" data-orig-file=\"https:\/\/i0.wp.com\/agrund.com\/wp-content\/uploads\/sites\/6\/2014\/03\/cote-ciel-primaveraverao-2014-5.jpg?fit=450%2C674&amp;ssl=1\" data-orig-size=\"450,674\" data-comments-opened=\"1\" data-image-meta=\"{&quot;aperture&quot;:&quot;0&quot;,&quot;credit&quot;:&quot;&quot;,&quot;camera&quot;:&quot;&quot;,&quot;caption&quot;:&quot;&quot;,&quot;created_timestamp&quot;:&quot;0&quot;,&quot;copyright&quot;:&quot;&quot;,&quot;focal_length&quot;:&quot;0&quot;,&quot;iso&quot;:&quot;0&quot;,&quot;shutter_speed&quot;:&quot;0&quot;,&quot;title&quot;:&quot;&quot;,&quot;orientation&quot;:&quot;0&quot;}\" data-image-title=\"cote-ciel-primaveraverao-2014 (5)\" data-image-description=\"\" data-image-caption=\"&lt;p&gt;C\u00f4te &#038; Ciel Primavera\/ver\u00e3o 2014&lt;\/p&gt;\n\" data-medium-file=\"https:\/\/i0.wp.com\/agrund.com\/wp-content\/uploads\/sites\/6\/2014\/03\/cote-ciel-primaveraverao-2014-5.jpg?fit=200%2C300&amp;ssl=1\" data-large-file=\"https:\/\/i0.wp.com\/agrund.com\/wp-content\/uploads\/sites\/6\/2014\/03\/cote-ciel-primaveraverao-2014-5.jpg?fit=450%2C674&amp;ssl=1\" decoding=\"async\" loading=\"lazy\" class=\"size-large wp-image-99208\" alt=\"C\u00f4te &amp; Ciel Primavera\/ver\u00e3o 2014\" src=\"https:\/\/i0.wp.com\/www.agrund.com\/wp-content\/uploads\/sites\/6\/cache\/2014\/03\/cote-ciel-primaveraverao-2014-5\/3616535380.jpg?resize=450%2C674\" width=\"450\" height=\"674\" data-recalc-dims=\"1\" \/><\/a><p id=\"caption-attachment-99208\" class=\"wp-caption-text\">C\u00f4te &amp; Ciel Primavera\/ver\u00e3o 2014<\/p><\/div>\n<div id=\"attachment_99209\" style=\"width: 460px\" class=\"wp-caption aligncenter\"><a href=\"https:\/\/i0.wp.com\/www.agrund.com\/wp-content\/uploads\/sites\/6\/2014\/03\/cote-ciel-primaveraverao-2014-6.jpg\"><img aria-describedby=\"caption-attachment-99209\" data-attachment-id=\"99209\" data-permalink=\"https:\/\/agrund.com\/index.php\/cote-ciel-primaveraverao-2014\/cote-ciel-primaveraverao-2014-6\/\" data-orig-file=\"https:\/\/i0.wp.com\/agrund.com\/wp-content\/uploads\/sites\/6\/2014\/03\/cote-ciel-primaveraverao-2014-6.jpg?fit=450%2C675&amp;ssl=1\" data-orig-size=\"450,675\" data-comments-opened=\"1\" data-image-meta=\"{&quot;aperture&quot;:&quot;0&quot;,&quot;credit&quot;:&quot;&quot;,&quot;camera&quot;:&quot;&quot;,&quot;caption&quot;:&quot;&quot;,&quot;created_timestamp&quot;:&quot;0&quot;,&quot;copyright&quot;:&quot;&quot;,&quot;focal_length&quot;:&quot;0&quot;,&quot;iso&quot;:&quot;0&quot;,&quot;shutter_speed&quot;:&quot;0&quot;,&quot;title&quot;:&quot;&quot;,&quot;orientation&quot;:&quot;0&quot;}\" data-image-title=\"cote-ciel-primaveraverao-2014 (6)\" data-image-description=\"\" data-image-caption=\"&lt;p&gt;C\u00f4te &#038; Ciel Primavera\/ver\u00e3o 2014&lt;\/p&gt;\n\" data-medium-file=\"https:\/\/i0.wp.com\/agrund.com\/wp-content\/uploads\/sites\/6\/2014\/03\/cote-ciel-primaveraverao-2014-6.jpg?fit=200%2C300&amp;ssl=1\" data-large-file=\"https:\/\/i0.wp.com\/agrund.com\/wp-content\/uploads\/sites\/6\/2014\/03\/cote-ciel-primaveraverao-2014-6.jpg?fit=450%2C675&amp;ssl=1\" decoding=\"async\" loading=\"lazy\" class=\"size-large wp-image-99209\" alt=\"C\u00f4te &amp; Ciel Primavera\/ver\u00e3o 2014\" src=\"https:\/\/i0.wp.com\/www.agrund.com\/wp-content\/uploads\/sites\/6\/cache\/2014\/03\/cote-ciel-primaveraverao-2014-6\/1493234871.jpg?resize=450%2C675\" width=\"450\" height=\"675\" data-recalc-dims=\"1\" \/><\/a><p id=\"caption-attachment-99209\" class=\"wp-caption-text\">C\u00f4te &amp; Ciel Primavera\/ver\u00e3o 2014<\/p><\/div>\n<p>Imagens: Reprodu\u00e7\u00e3o.<\/p>\n","protected":false},"excerpt":{"rendered":"<p>Por Gustavo Luz Conhecida por suas formas arquitet\u00f4nicas e tecidos modernos, C\u00f4te &amp; Ciel \u00e9 uma marca francesa que surgiu como uma das favoritas dos fashionistas franceses e aqueles que apenas procuram produtos elegantes e funcionais. Para a primavera\/ver\u00e3o 2014, a marca usou de apropria\u00e7\u00f5es de princ\u00edpios arquitet\u00f4nicos para modelar suas pe\u00e7as. Uma vers\u00e3o retalhada [&hellip;]<\/p>\n","protected":false},"author":1,"featured_media":99210,"comment_status":"open","ping_status":"open","sticky":false,"template":"","format":"standard","meta":{"jetpack_post_was_ever_published":false,"_jetpack_newsletter_access":"","jetpack_publicize_message":"","jetpack_is_tweetstorm":false,"jetpack_publicize_feature_enabled":true,"jetpack_social_post_already_shared":true,"jetpack_social_options":{"image_generator_settings":{"template":"highway","enabled":false}}},"categories":[2],"tags":[],"jetpack_publicize_connections":[],"jetpack_featured_media_url":"https:\/\/i0.wp.com\/agrund.com\/wp-content\/uploads\/sites\/6\/2014\/03\/slide106.jpg?fit=960%2C300&ssl=1","jetpack_sharing_enabled":true,"jetpack_shortlink":"https:\/\/wp.me\/p3Hz0n-pO3","jetpack_likes_enabled":true,"_links":{"self":[{"href":"https:\/\/agrund.com\/index.php\/wp-json\/wp\/v2\/posts\/99203"}],"collection":[{"href":"https:\/\/agrund.com\/index.php\/wp-json\/wp\/v2\/posts"}],"about":[{"href":"https:\/\/agrund.com\/index.php\/wp-json\/wp\/v2\/types\/post"}],"author":[{"embeddable":true,"href":"https:\/\/agrund.com\/index.php\/wp-json\/wp\/v2\/users\/1"}],"replies":[{"embeddable":true,"href":"https:\/\/agrund.com\/index.php\/wp-json\/wp\/v2\/comments?post=99203"}],"version-history":[{"count":0,"href":"https:\/\/agrund.com\/index.php\/wp-json\/wp\/v2\/posts\/99203\/revisions"}],"wp:featuredmedia":[{"embeddable":true,"href":"https:\/\/agrund.com\/index.php\/wp-json\/wp\/v2\/media\/99210"}],"wp:attachment":[{"href":"https:\/\/agrund.com\/index.php\/wp-json\/wp\/v2\/media?parent=99203"}],"wp:term":[{"taxonomy":"category","embeddable":true,"href":"https:\/\/agrund.com\/index.php\/wp-json\/wp\/v2\/categories?post=99203"},{"taxonomy":"post_tag","embeddable":true,"href":"https:\/\/agrund.com\/index.php\/wp-json\/wp\/v2\/tags?post=99203"}],"curies":[{"name":"wp","href":"https:\/\/api.w.org\/{rel}","templated":true}]}}