{"id":99198,"date":"2014-03-21T13:00:41","date_gmt":"2014-03-21T16:00:41","guid":{"rendered":"http:\/\/www.agrund.com\/?p=99198"},"modified":"2014-03-21T08:34:10","modified_gmt":"2014-03-21T11:34:10","slug":"spfw-melissa-da-detalhes-de-seu-verao-2015","status":"publish","type":"post","link":"https:\/\/agrund.com\/index.php\/spfw-melissa-da-detalhes-de-seu-verao-2015\/","title":{"rendered":"SPFW :: Melissa d\u00e1 detalhes de seu ver\u00e3o 2015"},"content":{"rendered":"<p>Voc\u00eas se lembram que na \u00faltima temporada do SPFW a Melissa apresentou seu primeiro desfile como mostramos <a href=\"http:\/\/www.agrund.com\/sp-fashion-week-a-colecao-cheia-de-pluralidade-da-melissa\/\">AQUI<\/a>? Pois a marca acaba de divulgar detalhes para sua segunda apresenta\u00e7\u00e3o.<\/p>\n<p>O desfile ver\u00e3o 2015 da Melissa ter\u00e1 styling assinado por Anna Trevelyan, que trabalha com nomes como Jessie J e Rita Ora, e beleza de Charlie Le Mindu, respons\u00e1veis pelas madeixas de divas pop como Lady Gaga. Vai ser um sucesso ou n\u00e3o?<\/p>\n<p>Confira o line-up completo do evento <a href=\"http:\/\/www.agrund.com\/divulgado-o-line-up-da-37a-edicao-do-spfw\/\">AQUI.<\/a><\/p>\n<div id=\"attachment_99199\" style=\"width: 510px\" class=\"wp-caption aligncenter\"><a href=\"https:\/\/i0.wp.com\/www.agrund.com\/wp-content\/uploads\/sites\/6\/2014\/03\/Sem-t\u00edtulo.jpg\"><img aria-describedby=\"caption-attachment-99199\" data-attachment-id=\"99199\" data-permalink=\"https:\/\/agrund.com\/index.php\/spfw-melissa-da-detalhes-de-seu-verao-2015\/sem-titulo-6\/\" data-orig-file=\"https:\/\/i0.wp.com\/agrund.com\/wp-content\/uploads\/sites\/6\/2014\/03\/Sem-t\u00edtulo.jpg?fit=500%2C654&amp;ssl=1\" data-orig-size=\"500,654\" data-comments-opened=\"1\" data-image-meta=\"{&quot;aperture&quot;:&quot;0&quot;,&quot;credit&quot;:&quot;&quot;,&quot;camera&quot;:&quot;&quot;,&quot;caption&quot;:&quot;&quot;,&quot;created_timestamp&quot;:&quot;0&quot;,&quot;copyright&quot;:&quot;&quot;,&quot;focal_length&quot;:&quot;0&quot;,&quot;iso&quot;:&quot;0&quot;,&quot;shutter_speed&quot;:&quot;0&quot;,&quot;title&quot;:&quot;&quot;,&quot;orientation&quot;:&quot;0&quot;}\" data-image-title=\"SPFW :: Melissa d\u00e1 detalhes de seu ver\u00e3o 2015\" data-image-description=\"\" data-image-caption=\"&lt;p&gt;SPFW :: Melissa d\u00e1 detalhes de seu ver\u00e3o 2015&lt;\/p&gt;\n\" data-medium-file=\"https:\/\/i0.wp.com\/agrund.com\/wp-content\/uploads\/sites\/6\/2014\/03\/Sem-t\u00edtulo.jpg?fit=229%2C300&amp;ssl=1\" data-large-file=\"https:\/\/i0.wp.com\/agrund.com\/wp-content\/uploads\/sites\/6\/2014\/03\/Sem-t\u00edtulo.jpg?fit=500%2C654&amp;ssl=1\" decoding=\"async\" loading=\"lazy\" class=\"size-large wp-image-99199\" alt=\"SPFW :: Melissa d\u00e1 detalhes de seu ver\u00e3o 2015\" src=\"https:\/\/i0.wp.com\/www.agrund.com\/wp-content\/uploads\/sites\/6\/cache\/2014\/03\/Sem-t\u00edtulo\/1419318190.jpg?resize=500%2C654\" width=\"500\" height=\"654\" data-recalc-dims=\"1\" \/><\/a><p id=\"caption-attachment-99199\" class=\"wp-caption-text\">SPFW :: Melissa d\u00e1 detalhes de seu ver\u00e3o 2015<\/p><\/div>\n<div id=\"attachment_99200\" style=\"width: 510px\" class=\"wp-caption aligncenter\"><a href=\"https:\/\/i0.wp.com\/www.agrund.com\/wp-content\/uploads\/sites\/6\/2014\/03\/spfw-melissa-da-detalhes-de-seu-verao-2015.jpg\"><img aria-describedby=\"caption-attachment-99200\" data-attachment-id=\"99200\" data-permalink=\"https:\/\/agrund.com\/index.php\/spfw-melissa-da-detalhes-de-seu-verao-2015\/spfw-melissa-da-detalhes-de-seu-verao-2015\/\" data-orig-file=\"https:\/\/i0.wp.com\/agrund.com\/wp-content\/uploads\/sites\/6\/2014\/03\/spfw-melissa-da-detalhes-de-seu-verao-2015.jpg?fit=500%2C369&amp;ssl=1\" data-orig-size=\"500,369\" data-comments-opened=\"1\" data-image-meta=\"{&quot;aperture&quot;:&quot;0&quot;,&quot;credit&quot;:&quot;&quot;,&quot;camera&quot;:&quot;&quot;,&quot;caption&quot;:&quot;&quot;,&quot;created_timestamp&quot;:&quot;0&quot;,&quot;copyright&quot;:&quot;&quot;,&quot;focal_length&quot;:&quot;0&quot;,&quot;iso&quot;:&quot;0&quot;,&quot;shutter_speed&quot;:&quot;0&quot;,&quot;title&quot;:&quot;&quot;,&quot;orientation&quot;:&quot;0&quot;}\" data-image-title=\"spfw-melissa-da-detalhes-de-seu-verao-2015\" data-image-description=\"\" data-image-caption=\"&lt;p&gt;SPFW :: Melissa d\u00e1 detalhes de seu ver\u00e3o 2015&lt;\/p&gt;\n\" data-medium-file=\"https:\/\/i0.wp.com\/agrund.com\/wp-content\/uploads\/sites\/6\/2014\/03\/spfw-melissa-da-detalhes-de-seu-verao-2015.jpg?fit=300%2C221&amp;ssl=1\" data-large-file=\"https:\/\/i0.wp.com\/agrund.com\/wp-content\/uploads\/sites\/6\/2014\/03\/spfw-melissa-da-detalhes-de-seu-verao-2015.jpg?fit=500%2C369&amp;ssl=1\" decoding=\"async\" loading=\"lazy\" class=\"size-large wp-image-99200\" alt=\"SPFW :: Melissa d\u00e1 detalhes de seu ver\u00e3o 2015\" src=\"https:\/\/i0.wp.com\/www.agrund.com\/wp-content\/uploads\/sites\/6\/cache\/2014\/03\/spfw-melissa-da-detalhes-de-seu-verao-2015\/2708896249.jpg?resize=500%2C369\" width=\"500\" height=\"369\" data-recalc-dims=\"1\" \/><\/a><p id=\"caption-attachment-99200\" class=\"wp-caption-text\">SPFW :: Melissa d\u00e1 detalhes de seu ver\u00e3o 2015<\/p><\/div>\n<p>Imagem: Reprodu\u00e7\u00e3o.<\/p>\n","protected":false},"excerpt":{"rendered":"<p>Voc\u00eas se lembram que na \u00faltima temporada do SPFW a Melissa apresentou seu primeiro desfile como mostramos AQUI? Pois a marca acaba de divulgar detalhes para sua segunda apresenta\u00e7\u00e3o. O desfile ver\u00e3o 2015 da Melissa ter\u00e1 styling assinado por Anna Trevelyan, que trabalha com nomes como Jessie J e Rita Ora, e beleza de Charlie [&hellip;]<\/p>\n","protected":false},"author":1,"featured_media":99201,"comment_status":"open","ping_status":"open","sticky":false,"template":"","format":"standard","meta":{"jetpack_post_was_ever_published":false,"_jetpack_newsletter_access":"","jetpack_publicize_message":"","jetpack_is_tweetstorm":false,"jetpack_publicize_feature_enabled":true,"jetpack_social_post_already_shared":true,"jetpack_social_options":{"image_generator_settings":{"template":"highway","enabled":false}}},"categories":[2],"tags":[],"jetpack_publicize_connections":[],"jetpack_featured_media_url":"https:\/\/i0.wp.com\/agrund.com\/wp-content\/uploads\/sites\/6\/2014\/03\/slidemelissa.jpg?fit=960%2C300&ssl=1","jetpack_sharing_enabled":true,"jetpack_shortlink":"https:\/\/wp.me\/p3Hz0n-pNY","jetpack_likes_enabled":true,"_links":{"self":[{"href":"https:\/\/agrund.com\/index.php\/wp-json\/wp\/v2\/posts\/99198"}],"collection":[{"href":"https:\/\/agrund.com\/index.php\/wp-json\/wp\/v2\/posts"}],"about":[{"href":"https:\/\/agrund.com\/index.php\/wp-json\/wp\/v2\/types\/post"}],"author":[{"embeddable":true,"href":"https:\/\/agrund.com\/index.php\/wp-json\/wp\/v2\/users\/1"}],"replies":[{"embeddable":true,"href":"https:\/\/agrund.com\/index.php\/wp-json\/wp\/v2\/comments?post=99198"}],"version-history":[{"count":0,"href":"https:\/\/agrund.com\/index.php\/wp-json\/wp\/v2\/posts\/99198\/revisions"}],"wp:featuredmedia":[{"embeddable":true,"href":"https:\/\/agrund.com\/index.php\/wp-json\/wp\/v2\/media\/99201"}],"wp:attachment":[{"href":"https:\/\/agrund.com\/index.php\/wp-json\/wp\/v2\/media?parent=99198"}],"wp:term":[{"taxonomy":"category","embeddable":true,"href":"https:\/\/agrund.com\/index.php\/wp-json\/wp\/v2\/categories?post=99198"},{"taxonomy":"post_tag","embeddable":true,"href":"https:\/\/agrund.com\/index.php\/wp-json\/wp\/v2\/tags?post=99198"}],"curies":[{"name":"wp","href":"https:\/\/api.w.org\/{rel}","templated":true}]}}