{"id":99184,"date":"2014-03-21T11:00:22","date_gmt":"2014-03-21T14:00:22","guid":{"rendered":"http:\/\/www.agrund.com\/?p=99184"},"modified":"2014-03-21T08:21:47","modified_gmt":"2014-03-21T11:21:47","slug":"as-estrelas-da-capa-da-elle-italia","status":"publish","type":"post","link":"https:\/\/agrund.com\/index.php\/as-estrelas-da-capa-da-elle-italia\/","title":{"rendered":"As estrelas da capa da Elle It\u00e1lia"},"content":{"rendered":"<p>A capa da edi\u00e7\u00e3o Abril 2014 da Elle It\u00e1lia n\u00e3o traz apenas uma, mas sim duas estrelas. Joan Smallls e o Markus Lasmanis aparecem sorridentes e com os cabelos ao vento em looks completos Chanel ver\u00e3o 2014 da cabe\u00e7a aos p\u00e9s.<\/p>\n<p>O clique \u00e9 de Michael Thompson. Confira:<\/p>\n<div id=\"attachment_99185\" style=\"width: 510px\" class=\"wp-caption aligncenter\"><a href=\"https:\/\/i0.wp.com\/www.agrund.com\/wp-content\/uploads\/sites\/6\/2014\/03\/as-estrelas-da-capa-da-elle-italia.jpg\"><img aria-describedby=\"caption-attachment-99185\" data-attachment-id=\"99185\" data-permalink=\"https:\/\/agrund.com\/index.php\/as-estrelas-da-capa-da-elle-italia\/as-estrelas-da-capa-da-elle-italia\/\" data-orig-file=\"https:\/\/i0.wp.com\/agrund.com\/wp-content\/uploads\/sites\/6\/2014\/03\/as-estrelas-da-capa-da-elle-italia.jpg?fit=500%2C647&amp;ssl=1\" data-orig-size=\"500,647\" data-comments-opened=\"1\" data-image-meta=\"{&quot;aperture&quot;:&quot;0&quot;,&quot;credit&quot;:&quot;&quot;,&quot;camera&quot;:&quot;&quot;,&quot;caption&quot;:&quot;&quot;,&quot;created_timestamp&quot;:&quot;0&quot;,&quot;copyright&quot;:&quot;&quot;,&quot;focal_length&quot;:&quot;0&quot;,&quot;iso&quot;:&quot;0&quot;,&quot;shutter_speed&quot;:&quot;0&quot;,&quot;title&quot;:&quot;&quot;,&quot;orientation&quot;:&quot;0&quot;}\" data-image-title=\"as-estrelas-da-capa-da-elle-italia\" data-image-description=\"\" data-image-caption=\"&lt;p&gt;As estrelas da capa da Elle It\u00e1lia&lt;\/p&gt;\n\" data-medium-file=\"https:\/\/i0.wp.com\/agrund.com\/wp-content\/uploads\/sites\/6\/2014\/03\/as-estrelas-da-capa-da-elle-italia.jpg?fit=232%2C300&amp;ssl=1\" data-large-file=\"https:\/\/i0.wp.com\/agrund.com\/wp-content\/uploads\/sites\/6\/2014\/03\/as-estrelas-da-capa-da-elle-italia.jpg?fit=500%2C647&amp;ssl=1\" decoding=\"async\" loading=\"lazy\" class=\"size-large wp-image-99185\" alt=\"As estrelas da capa da Elle It\u00e1lia\" src=\"https:\/\/i0.wp.com\/www.agrund.com\/wp-content\/uploads\/sites\/6\/cache\/2014\/03\/as-estrelas-da-capa-da-elle-italia\/2237354294.jpg?resize=500%2C647\" width=\"500\" height=\"647\" data-recalc-dims=\"1\" \/><\/a><p id=\"caption-attachment-99185\" class=\"wp-caption-text\">As estrelas da capa da Elle It\u00e1lia<\/p><\/div>\n<p>Imagem: Reprodu\u00e7\u00e3o.<\/p>\n","protected":false},"excerpt":{"rendered":"<p>A capa da edi\u00e7\u00e3o Abril 2014 da Elle It\u00e1lia n\u00e3o traz apenas uma, mas sim duas estrelas. Joan Smallls e o Markus Lasmanis aparecem sorridentes e com os cabelos ao vento em looks completos Chanel ver\u00e3o 2014 da cabe\u00e7a aos p\u00e9s. O clique \u00e9 de Michael Thompson. Confira: Imagem: Reprodu\u00e7\u00e3o.<\/p>\n","protected":false},"author":1,"featured_media":99186,"comment_status":"open","ping_status":"open","sticky":false,"template":"","format":"standard","meta":{"jetpack_post_was_ever_published":false,"_jetpack_newsletter_access":"","jetpack_publicize_message":"","jetpack_is_tweetstorm":false,"jetpack_publicize_feature_enabled":true,"jetpack_social_post_already_shared":true,"jetpack_social_options":{"image_generator_settings":{"template":"highway","enabled":false}}},"categories":[2],"tags":[],"jetpack_publicize_connections":[],"jetpack_featured_media_url":"https:\/\/i0.wp.com\/agrund.com\/wp-content\/uploads\/sites\/6\/2014\/03\/slide211.jpg?fit=960%2C300&ssl=1","jetpack_sharing_enabled":true,"jetpack_shortlink":"https:\/\/wp.me\/p3Hz0n-pNK","jetpack_likes_enabled":true,"_links":{"self":[{"href":"https:\/\/agrund.com\/index.php\/wp-json\/wp\/v2\/posts\/99184"}],"collection":[{"href":"https:\/\/agrund.com\/index.php\/wp-json\/wp\/v2\/posts"}],"about":[{"href":"https:\/\/agrund.com\/index.php\/wp-json\/wp\/v2\/types\/post"}],"author":[{"embeddable":true,"href":"https:\/\/agrund.com\/index.php\/wp-json\/wp\/v2\/users\/1"}],"replies":[{"embeddable":true,"href":"https:\/\/agrund.com\/index.php\/wp-json\/wp\/v2\/comments?post=99184"}],"version-history":[{"count":0,"href":"https:\/\/agrund.com\/index.php\/wp-json\/wp\/v2\/posts\/99184\/revisions"}],"wp:featuredmedia":[{"embeddable":true,"href":"https:\/\/agrund.com\/index.php\/wp-json\/wp\/v2\/media\/99186"}],"wp:attachment":[{"href":"https:\/\/agrund.com\/index.php\/wp-json\/wp\/v2\/media?parent=99184"}],"wp:term":[{"taxonomy":"category","embeddable":true,"href":"https:\/\/agrund.com\/index.php\/wp-json\/wp\/v2\/categories?post=99184"},{"taxonomy":"post_tag","embeddable":true,"href":"https:\/\/agrund.com\/index.php\/wp-json\/wp\/v2\/tags?post=99184"}],"curies":[{"name":"wp","href":"https:\/\/api.w.org\/{rel}","templated":true}]}}