{"id":99178,"date":"2014-03-21T10:00:31","date_gmt":"2014-03-21T13:00:31","guid":{"rendered":"http:\/\/www.agrund.com\/?p=99178"},"modified":"2014-03-21T08:16:54","modified_gmt":"2014-03-21T11:16:54","slug":"exposicao-paisagem-concreta","status":"publish","type":"post","link":"https:\/\/agrund.com\/index.php\/exposicao-paisagem-concreta\/","title":{"rendered":"Exposi\u00e7\u00e3o :: Paisagem Concreta"},"content":{"rendered":"<p>No dia 10 de abril, o artista Guilherme Secchin abre a exposi\u00e7\u00e3o Paisagem Concreta, revelando sua nova fase. As cores e a natureza s\u00e3o inspiradas na cidade do Rio de Janeiro, onde Guilherme mora, e a mata da Serra Fluminense, onde mant\u00e9m ateli\u00ea, d\u00e1 lugar a tra\u00e7os, linhas e planas pinceladas. A ideia \u00e9 emergir a paisagem urbana mais identificada com as grandes cidades. Segundo Guilherme, ter visitado S\u00e3o Paulo nos \u00faltimos 2 anos fez com que o impacto da cidade sobre sua obra fosse inevit\u00e1vel. Ser\u00e3o expostos desenhos sobre papel e tamb\u00e9m acr\u00edlica sobre linho, todos in\u00e9ditos. A exposi\u00e7\u00e3o vai de 11 de abril a 8 de maio. Vale a pena conferir!<\/p>\n<p>Servi\u00e7o:<\/p>\n<p>PAISAGEM CONCRETA<\/p>\n<p>de Guilherme Secchin<\/p>\n<p>Abertura: dia 10 de abril, \u00e0s 19h<\/p>\n<p>Local: M\u00f4nica Filgueiras Galeria de Arte<br \/>\nRua Bela Cintra, 1533 &#8211; Tel (11) 3082-5292<\/p>\n<p>Hor\u00e1rio: 2a a 6\u00aa feira, das 10h \u00e0s 19h<br \/>\nS\u00e1bado: das 10h \u00e0s 14h30<\/p>\n<div id=\"attachment_99179\" style=\"width: 510px\" class=\"wp-caption aligncenter\"><a href=\"https:\/\/i0.wp.com\/www.agrund.com\/wp-content\/uploads\/sites\/6\/2014\/03\/exposicao-paisagem-concreta-1.jpg\"><img aria-describedby=\"caption-attachment-99179\" data-attachment-id=\"99179\" data-permalink=\"https:\/\/agrund.com\/index.php\/exposicao-paisagem-concreta\/exposicao-paisagem-concreta-1\/\" data-orig-file=\"https:\/\/i0.wp.com\/agrund.com\/wp-content\/uploads\/sites\/6\/2014\/03\/exposicao-paisagem-concreta-1.jpg?fit=500%2C732&amp;ssl=1\" data-orig-size=\"500,732\" data-comments-opened=\"1\" data-image-meta=\"{&quot;aperture&quot;:&quot;0&quot;,&quot;credit&quot;:&quot;&quot;,&quot;camera&quot;:&quot;&quot;,&quot;caption&quot;:&quot;&quot;,&quot;created_timestamp&quot;:&quot;0&quot;,&quot;copyright&quot;:&quot;&quot;,&quot;focal_length&quot;:&quot;0&quot;,&quot;iso&quot;:&quot;0&quot;,&quot;shutter_speed&quot;:&quot;0&quot;,&quot;title&quot;:&quot;&quot;,&quot;orientation&quot;:&quot;0&quot;}\" data-image-title=\"exposicao-paisagem-concreta (1)\" data-image-description=\"\" data-image-caption=\"&lt;p&gt;Exposi\u00e7\u00e3o :: Paisagem Concreta&lt;\/p&gt;\n\" data-medium-file=\"https:\/\/i0.wp.com\/agrund.com\/wp-content\/uploads\/sites\/6\/2014\/03\/exposicao-paisagem-concreta-1.jpg?fit=205%2C300&amp;ssl=1\" data-large-file=\"https:\/\/i0.wp.com\/agrund.com\/wp-content\/uploads\/sites\/6\/2014\/03\/exposicao-paisagem-concreta-1.jpg?fit=500%2C732&amp;ssl=1\" decoding=\"async\" loading=\"lazy\" class=\"size-large wp-image-99179\" alt=\"Exposi\u00e7\u00e3o :: Paisagem Concreta\" src=\"https:\/\/i0.wp.com\/www.agrund.com\/wp-content\/uploads\/sites\/6\/cache\/2014\/03\/exposicao-paisagem-concreta-1\/210791013.jpg?resize=500%2C732\" width=\"500\" height=\"732\" data-recalc-dims=\"1\" \/><\/a><p id=\"caption-attachment-99179\" class=\"wp-caption-text\">Exposi\u00e7\u00e3o :: Paisagem Concreta<\/p><\/div>\n<div id=\"attachment_99180\" style=\"width: 510px\" class=\"wp-caption aligncenter\"><a href=\"https:\/\/i0.wp.com\/www.agrund.com\/wp-content\/uploads\/sites\/6\/2014\/03\/exposicao-paisagem-concreta-2.jpg\"><img aria-describedby=\"caption-attachment-99180\" data-attachment-id=\"99180\" data-permalink=\"https:\/\/agrund.com\/index.php\/exposicao-paisagem-concreta\/exposicao-paisagem-concreta-2\/\" data-orig-file=\"https:\/\/i0.wp.com\/agrund.com\/wp-content\/uploads\/sites\/6\/2014\/03\/exposicao-paisagem-concreta-2.jpg?fit=500%2C729&amp;ssl=1\" data-orig-size=\"500,729\" data-comments-opened=\"1\" data-image-meta=\"{&quot;aperture&quot;:&quot;0&quot;,&quot;credit&quot;:&quot;&quot;,&quot;camera&quot;:&quot;&quot;,&quot;caption&quot;:&quot;&quot;,&quot;created_timestamp&quot;:&quot;0&quot;,&quot;copyright&quot;:&quot;&quot;,&quot;focal_length&quot;:&quot;0&quot;,&quot;iso&quot;:&quot;0&quot;,&quot;shutter_speed&quot;:&quot;0&quot;,&quot;title&quot;:&quot;&quot;,&quot;orientation&quot;:&quot;0&quot;}\" data-image-title=\"exposicao-paisagem-concreta (2)\" data-image-description=\"\" data-image-caption=\"&lt;p&gt;Exposi\u00e7\u00e3o :: Paisagem Concreta&lt;\/p&gt;\n\" data-medium-file=\"https:\/\/i0.wp.com\/agrund.com\/wp-content\/uploads\/sites\/6\/2014\/03\/exposicao-paisagem-concreta-2.jpg?fit=206%2C300&amp;ssl=1\" data-large-file=\"https:\/\/i0.wp.com\/agrund.com\/wp-content\/uploads\/sites\/6\/2014\/03\/exposicao-paisagem-concreta-2.jpg?fit=500%2C729&amp;ssl=1\" decoding=\"async\" loading=\"lazy\" class=\"size-large wp-image-99180\" alt=\"Exposi\u00e7\u00e3o :: Paisagem Concreta\" src=\"https:\/\/i0.wp.com\/www.agrund.com\/wp-content\/uploads\/sites\/6\/cache\/2014\/03\/exposicao-paisagem-concreta-2\/2183097734.jpg?resize=500%2C729\" width=\"500\" height=\"729\" data-recalc-dims=\"1\" \/><\/a><p id=\"caption-attachment-99180\" class=\"wp-caption-text\">Exposi\u00e7\u00e3o :: Paisagem Concreta<\/p><\/div>\n<p>Imagens: Divulga\u00e7\u00e3o.<\/p>\n","protected":false},"excerpt":{"rendered":"<p>No dia 10 de abril, o artista Guilherme Secchin abre a exposi\u00e7\u00e3o Paisagem Concreta, revelando sua nova fase. As cores e a natureza s\u00e3o inspiradas na cidade do Rio de Janeiro, onde Guilherme mora, e a mata da Serra Fluminense, onde mant\u00e9m ateli\u00ea, d\u00e1 lugar a tra\u00e7os, linhas e planas pinceladas. A ideia \u00e9 emergir [&hellip;]<\/p>\n","protected":false},"author":1,"featured_media":99181,"comment_status":"open","ping_status":"open","sticky":false,"template":"","format":"standard","meta":{"jetpack_post_was_ever_published":false,"_jetpack_newsletter_access":"","jetpack_publicize_message":"","jetpack_is_tweetstorm":false,"jetpack_publicize_feature_enabled":true,"jetpack_social_post_already_shared":true,"jetpack_social_options":{"image_generator_settings":{"template":"highway","enabled":false}}},"categories":[2],"tags":[],"jetpack_publicize_connections":[],"jetpack_featured_media_url":"https:\/\/i0.wp.com\/agrund.com\/wp-content\/uploads\/sites\/6\/2014\/03\/slide115.jpg?fit=960%2C300&ssl=1","jetpack_sharing_enabled":true,"jetpack_shortlink":"https:\/\/wp.me\/p3Hz0n-pNE","jetpack_likes_enabled":true,"_links":{"self":[{"href":"https:\/\/agrund.com\/index.php\/wp-json\/wp\/v2\/posts\/99178"}],"collection":[{"href":"https:\/\/agrund.com\/index.php\/wp-json\/wp\/v2\/posts"}],"about":[{"href":"https:\/\/agrund.com\/index.php\/wp-json\/wp\/v2\/types\/post"}],"author":[{"embeddable":true,"href":"https:\/\/agrund.com\/index.php\/wp-json\/wp\/v2\/users\/1"}],"replies":[{"embeddable":true,"href":"https:\/\/agrund.com\/index.php\/wp-json\/wp\/v2\/comments?post=99178"}],"version-history":[{"count":0,"href":"https:\/\/agrund.com\/index.php\/wp-json\/wp\/v2\/posts\/99178\/revisions"}],"wp:featuredmedia":[{"embeddable":true,"href":"https:\/\/agrund.com\/index.php\/wp-json\/wp\/v2\/media\/99181"}],"wp:attachment":[{"href":"https:\/\/agrund.com\/index.php\/wp-json\/wp\/v2\/media?parent=99178"}],"wp:term":[{"taxonomy":"category","embeddable":true,"href":"https:\/\/agrund.com\/index.php\/wp-json\/wp\/v2\/categories?post=99178"},{"taxonomy":"post_tag","embeddable":true,"href":"https:\/\/agrund.com\/index.php\/wp-json\/wp\/v2\/tags?post=99178"}],"curies":[{"name":"wp","href":"https:\/\/api.w.org\/{rel}","templated":true}]}}