{"id":99169,"date":"2014-03-20T20:00:14","date_gmt":"2014-03-20T23:00:14","guid":{"rendered":"http:\/\/www.agrund.com\/?p=99169"},"modified":"2014-03-20T17:29:23","modified_gmt":"2014-03-20T20:29:23","slug":"louis-vuitton-vai-a-monaco","status":"publish","type":"post","link":"https:\/\/agrund.com\/index.php\/louis-vuitton-vai-a-monaco\/","title":{"rendered":"Louis Vuitton vai a M\u00f4naco"},"content":{"rendered":"<p>A Louis Vuitton confirmou hoje (20) o cen\u00e1rio de seu pr\u00f3ximo desfile, o da cole\u00e7\u00e3o cruise 2015: M\u00f4naco! Isso mesmo, a grife e seu novo diretor criativo, Nicolas Ghesqui\u00e8re, est\u00e3o preparando as malas para a primeira apresenta\u00e7\u00e3o da grife fora de Paris.<br \/>\nEsta, que ser\u00e1 a segunda cole\u00e7\u00e3o assinada por Ghesqui\u00e8re, ser\u00e1 apresentada no m\u00eas de abril. Vamos aguardar!<\/p>\n<div id=\"attachment_99170\" style=\"width: 510px\" class=\"wp-caption aligncenter\"><a href=\"https:\/\/i0.wp.com\/www.agrund.com\/wp-content\/uploads\/sites\/6\/2014\/03\/louis-vuitton-vai-a-monaco.jpg\"><img aria-describedby=\"caption-attachment-99170\" data-attachment-id=\"99170\" data-permalink=\"https:\/\/agrund.com\/index.php\/louis-vuitton-vai-a-monaco\/louis-vuitton-vai-a-monaco\/\" data-orig-file=\"https:\/\/i0.wp.com\/agrund.com\/wp-content\/uploads\/sites\/6\/2014\/03\/louis-vuitton-vai-a-monaco.jpg?fit=500%2C333&amp;ssl=1\" data-orig-size=\"500,333\" data-comments-opened=\"1\" data-image-meta=\"{&quot;aperture&quot;:&quot;0&quot;,&quot;credit&quot;:&quot;&quot;,&quot;camera&quot;:&quot;&quot;,&quot;caption&quot;:&quot;&quot;,&quot;created_timestamp&quot;:&quot;0&quot;,&quot;copyright&quot;:&quot;&quot;,&quot;focal_length&quot;:&quot;0&quot;,&quot;iso&quot;:&quot;0&quot;,&quot;shutter_speed&quot;:&quot;0&quot;,&quot;title&quot;:&quot;&quot;,&quot;orientation&quot;:&quot;0&quot;}\" data-image-title=\"louis-vuitton-vai-a-monaco\" data-image-description=\"\" data-image-caption=\"&lt;p&gt;Louis Vuitton vai a M\u00f4naco&lt;\/p&gt;\n\" data-medium-file=\"https:\/\/i0.wp.com\/agrund.com\/wp-content\/uploads\/sites\/6\/2014\/03\/louis-vuitton-vai-a-monaco.jpg?fit=300%2C200&amp;ssl=1\" data-large-file=\"https:\/\/i0.wp.com\/agrund.com\/wp-content\/uploads\/sites\/6\/2014\/03\/louis-vuitton-vai-a-monaco.jpg?fit=500%2C333&amp;ssl=1\" decoding=\"async\" loading=\"lazy\" class=\"size-large wp-image-99170\" alt=\"Louis Vuitton vai a M\u00f4naco\" src=\"https:\/\/i0.wp.com\/www.agrund.com\/wp-content\/uploads\/sites\/6\/cache\/2014\/03\/louis-vuitton-vai-a-monaco\/1775150046.jpg?resize=500%2C333\" width=\"500\" height=\"333\" data-recalc-dims=\"1\" \/><\/a><p id=\"caption-attachment-99170\" class=\"wp-caption-text\">Louis Vuitton vai a M\u00f4naco<\/p><\/div>\n<p>Imagem: Reprodu\u00e7\u00e3o.<\/p>\n","protected":false},"excerpt":{"rendered":"<p>A Louis Vuitton confirmou hoje (20) o cen\u00e1rio de seu pr\u00f3ximo desfile, o da cole\u00e7\u00e3o cruise 2015: M\u00f4naco! Isso mesmo, a grife e seu novo diretor criativo, Nicolas Ghesqui\u00e8re, est\u00e3o preparando as malas para a primeira apresenta\u00e7\u00e3o da grife fora de Paris. Esta, que ser\u00e1 a segunda cole\u00e7\u00e3o assinada por Ghesqui\u00e8re, ser\u00e1 apresentada no m\u00eas [&hellip;]<\/p>\n","protected":false},"author":1,"featured_media":99171,"comment_status":"open","ping_status":"open","sticky":false,"template":"","format":"standard","meta":{"jetpack_post_was_ever_published":false,"_jetpack_newsletter_access":"","jetpack_publicize_message":"","jetpack_is_tweetstorm":false,"jetpack_publicize_feature_enabled":true,"jetpack_social_post_already_shared":true,"jetpack_social_options":{"image_generator_settings":{"template":"highway","enabled":false}}},"categories":[2],"tags":[],"jetpack_publicize_connections":[],"jetpack_featured_media_url":"https:\/\/i0.wp.com\/agrund.com\/wp-content\/uploads\/sites\/6\/2014\/03\/slidelv.jpg?fit=960%2C300&ssl=1","jetpack_sharing_enabled":true,"jetpack_shortlink":"https:\/\/wp.me\/p3Hz0n-pNv","jetpack_likes_enabled":true,"_links":{"self":[{"href":"https:\/\/agrund.com\/index.php\/wp-json\/wp\/v2\/posts\/99169"}],"collection":[{"href":"https:\/\/agrund.com\/index.php\/wp-json\/wp\/v2\/posts"}],"about":[{"href":"https:\/\/agrund.com\/index.php\/wp-json\/wp\/v2\/types\/post"}],"author":[{"embeddable":true,"href":"https:\/\/agrund.com\/index.php\/wp-json\/wp\/v2\/users\/1"}],"replies":[{"embeddable":true,"href":"https:\/\/agrund.com\/index.php\/wp-json\/wp\/v2\/comments?post=99169"}],"version-history":[{"count":0,"href":"https:\/\/agrund.com\/index.php\/wp-json\/wp\/v2\/posts\/99169\/revisions"}],"wp:featuredmedia":[{"embeddable":true,"href":"https:\/\/agrund.com\/index.php\/wp-json\/wp\/v2\/media\/99171"}],"wp:attachment":[{"href":"https:\/\/agrund.com\/index.php\/wp-json\/wp\/v2\/media?parent=99169"}],"wp:term":[{"taxonomy":"category","embeddable":true,"href":"https:\/\/agrund.com\/index.php\/wp-json\/wp\/v2\/categories?post=99169"},{"taxonomy":"post_tag","embeddable":true,"href":"https:\/\/agrund.com\/index.php\/wp-json\/wp\/v2\/tags?post=99169"}],"curies":[{"name":"wp","href":"https:\/\/api.w.org\/{rel}","templated":true}]}}