{"id":99148,"date":"2014-03-20T18:00:45","date_gmt":"2014-03-20T21:00:45","guid":{"rendered":"http:\/\/www.agrund.com\/?p=99148"},"modified":"2014-03-20T10:47:38","modified_gmt":"2014-03-20T13:47:38","slug":"fernanda-lima-em-sua-plenitude","status":"publish","type":"post","link":"https:\/\/agrund.com\/index.php\/fernanda-lima-em-sua-plenitude\/","title":{"rendered":"Fernanda Lima em sua plenitude"},"content":{"rendered":"<p>Esbanjando sensualidade, a atriz Fernanda Lima \u00e9 a garota da vez da Arezzo. A marca mergulhou nas tend\u00eancias e as trouxe para seu universo. Das franjas aos sapatos masculinizados, tudo ganha mais sensualidade nas m\u00e3os da atriz. Botas s\u00e3o aguardadas porque dessa vez elas ainda trazem mais informa\u00e7\u00e3o. Outra inspira\u00e7\u00e3o tamb\u00e9m \u00e9 a linha que tem como nome London Fever. Muito xadrez, veludo e sapatilhas de bico fino. O cinza \u00e9 a cor do momento e surge junto ao azul e vermelho formando belas combina\u00e7\u00f5es. Por enquanto vejas as imagens da campanha que foram feitas por Paulo Vainer com arte de Giovanni Bianco.<\/p>\n<div id=\"attachment_99149\" style=\"width: 510px\" class=\"wp-caption aligncenter\"><a href=\"https:\/\/i0.wp.com\/www.agrund.com\/wp-content\/uploads\/sites\/6\/2014\/03\/fernanda-lima-em-sua-plenitude-1.jpg\"><img aria-describedby=\"caption-attachment-99149\" data-attachment-id=\"99149\" data-permalink=\"https:\/\/agrund.com\/index.php\/fernanda-lima-em-sua-plenitude\/fernanda-lima-em-sua-plenitude-1\/\" data-orig-file=\"https:\/\/i0.wp.com\/agrund.com\/wp-content\/uploads\/sites\/6\/2014\/03\/fernanda-lima-em-sua-plenitude-1.jpg?fit=500%2C666&amp;ssl=1\" data-orig-size=\"500,666\" data-comments-opened=\"1\" data-image-meta=\"{&quot;aperture&quot;:&quot;0&quot;,&quot;credit&quot;:&quot;&quot;,&quot;camera&quot;:&quot;&quot;,&quot;caption&quot;:&quot;&quot;,&quot;created_timestamp&quot;:&quot;0&quot;,&quot;copyright&quot;:&quot;&quot;,&quot;focal_length&quot;:&quot;0&quot;,&quot;iso&quot;:&quot;0&quot;,&quot;shutter_speed&quot;:&quot;0&quot;,&quot;title&quot;:&quot;&quot;,&quot;orientation&quot;:&quot;0&quot;}\" data-image-title=\"fernanda-lima-em-sua-plenitude (1)\" data-image-description=\"\" data-image-caption=\"&lt;p&gt;Fernanda Lima em sua plenitude&lt;\/p&gt;\n\" data-medium-file=\"https:\/\/i0.wp.com\/agrund.com\/wp-content\/uploads\/sites\/6\/2014\/03\/fernanda-lima-em-sua-plenitude-1.jpg?fit=225%2C300&amp;ssl=1\" data-large-file=\"https:\/\/i0.wp.com\/agrund.com\/wp-content\/uploads\/sites\/6\/2014\/03\/fernanda-lima-em-sua-plenitude-1.jpg?fit=500%2C666&amp;ssl=1\" decoding=\"async\" loading=\"lazy\" class=\"size-large wp-image-99149\" alt=\"Fernanda Lima em sua plenitude\" src=\"https:\/\/i0.wp.com\/www.agrund.com\/wp-content\/uploads\/sites\/6\/cache\/2014\/03\/fernanda-lima-em-sua-plenitude-1\/3446092180.jpg?resize=500%2C666\" width=\"500\" height=\"666\" data-recalc-dims=\"1\" \/><\/a><p id=\"caption-attachment-99149\" class=\"wp-caption-text\">Fernanda Lima em sua plenitude<\/p><\/div>\n<div id=\"attachment_99150\" style=\"width: 510px\" class=\"wp-caption aligncenter\"><a href=\"https:\/\/i0.wp.com\/www.agrund.com\/wp-content\/uploads\/sites\/6\/2014\/03\/fernanda-lima-em-sua-plenitude-2.jpg\"><img aria-describedby=\"caption-attachment-99150\" data-attachment-id=\"99150\" data-permalink=\"https:\/\/agrund.com\/index.php\/fernanda-lima-em-sua-plenitude\/fernanda-lima-em-sua-plenitude-2\/\" data-orig-file=\"https:\/\/i0.wp.com\/agrund.com\/wp-content\/uploads\/sites\/6\/2014\/03\/fernanda-lima-em-sua-plenitude-2.jpg?fit=500%2C666&amp;ssl=1\" data-orig-size=\"500,666\" data-comments-opened=\"1\" data-image-meta=\"{&quot;aperture&quot;:&quot;0&quot;,&quot;credit&quot;:&quot;&quot;,&quot;camera&quot;:&quot;&quot;,&quot;caption&quot;:&quot;&quot;,&quot;created_timestamp&quot;:&quot;0&quot;,&quot;copyright&quot;:&quot;&quot;,&quot;focal_length&quot;:&quot;0&quot;,&quot;iso&quot;:&quot;0&quot;,&quot;shutter_speed&quot;:&quot;0&quot;,&quot;title&quot;:&quot;&quot;,&quot;orientation&quot;:&quot;0&quot;}\" data-image-title=\"fernanda-lima-em-sua-plenitude (2)\" data-image-description=\"\" data-image-caption=\"&lt;p&gt;Fernanda Lima em sua plenitude&lt;\/p&gt;\n\" data-medium-file=\"https:\/\/i0.wp.com\/agrund.com\/wp-content\/uploads\/sites\/6\/2014\/03\/fernanda-lima-em-sua-plenitude-2.jpg?fit=225%2C300&amp;ssl=1\" data-large-file=\"https:\/\/i0.wp.com\/agrund.com\/wp-content\/uploads\/sites\/6\/2014\/03\/fernanda-lima-em-sua-plenitude-2.jpg?fit=500%2C666&amp;ssl=1\" decoding=\"async\" loading=\"lazy\" class=\"size-large wp-image-99150\" alt=\"Fernanda Lima em sua plenitude\" src=\"https:\/\/i0.wp.com\/www.agrund.com\/wp-content\/uploads\/sites\/6\/cache\/2014\/03\/fernanda-lima-em-sua-plenitude-2\/1139291767.jpg?resize=500%2C666\" width=\"500\" height=\"666\" data-recalc-dims=\"1\" \/><\/a><p id=\"caption-attachment-99150\" class=\"wp-caption-text\">Fernanda Lima em sua plenitude<\/p><\/div>\n<div id=\"attachment_99151\" style=\"width: 510px\" class=\"wp-caption aligncenter\"><a href=\"https:\/\/i0.wp.com\/www.agrund.com\/wp-content\/uploads\/sites\/6\/2014\/03\/fernanda-lima-em-sua-plenitude-3.jpg\"><img aria-describedby=\"caption-attachment-99151\" data-attachment-id=\"99151\" data-permalink=\"https:\/\/agrund.com\/index.php\/fernanda-lima-em-sua-plenitude\/fernanda-lima-em-sua-plenitude-3\/\" data-orig-file=\"https:\/\/i0.wp.com\/agrund.com\/wp-content\/uploads\/sites\/6\/2014\/03\/fernanda-lima-em-sua-plenitude-3.jpg?fit=500%2C679&amp;ssl=1\" data-orig-size=\"500,679\" data-comments-opened=\"1\" data-image-meta=\"{&quot;aperture&quot;:&quot;0&quot;,&quot;credit&quot;:&quot;&quot;,&quot;camera&quot;:&quot;&quot;,&quot;caption&quot;:&quot;&quot;,&quot;created_timestamp&quot;:&quot;0&quot;,&quot;copyright&quot;:&quot;&quot;,&quot;focal_length&quot;:&quot;0&quot;,&quot;iso&quot;:&quot;0&quot;,&quot;shutter_speed&quot;:&quot;0&quot;,&quot;title&quot;:&quot;&quot;,&quot;orientation&quot;:&quot;0&quot;}\" data-image-title=\"fernanda-lima-em-sua-plenitude (3)\" data-image-description=\"\" data-image-caption=\"&lt;p&gt;Fernanda Lima em sua plenitude&lt;\/p&gt;\n\" data-medium-file=\"https:\/\/i0.wp.com\/agrund.com\/wp-content\/uploads\/sites\/6\/2014\/03\/fernanda-lima-em-sua-plenitude-3.jpg?fit=221%2C300&amp;ssl=1\" data-large-file=\"https:\/\/i0.wp.com\/agrund.com\/wp-content\/uploads\/sites\/6\/2014\/03\/fernanda-lima-em-sua-plenitude-3.jpg?fit=500%2C679&amp;ssl=1\" decoding=\"async\" loading=\"lazy\" class=\"size-large wp-image-99151\" alt=\"Fernanda Lima em sua plenitude\" src=\"https:\/\/i0.wp.com\/www.agrund.com\/wp-content\/uploads\/sites\/6\/cache\/2014\/03\/fernanda-lima-em-sua-plenitude-3\/2403481321.jpg?resize=500%2C679\" width=\"500\" height=\"679\" data-recalc-dims=\"1\" \/><\/a><p id=\"caption-attachment-99151\" class=\"wp-caption-text\">Fernanda Lima em sua plenitude<\/p><\/div>\n<div id=\"attachment_99152\" style=\"width: 510px\" class=\"wp-caption aligncenter\"><a href=\"https:\/\/i0.wp.com\/www.agrund.com\/wp-content\/uploads\/sites\/6\/2014\/03\/fernanda-lima-em-sua-plenitude-4.jpg\"><img aria-describedby=\"caption-attachment-99152\" data-attachment-id=\"99152\" data-permalink=\"https:\/\/agrund.com\/index.php\/fernanda-lima-em-sua-plenitude\/fernanda-lima-em-sua-plenitude-4\/\" data-orig-file=\"https:\/\/i0.wp.com\/agrund.com\/wp-content\/uploads\/sites\/6\/2014\/03\/fernanda-lima-em-sua-plenitude-4.jpg?fit=500%2C698&amp;ssl=1\" data-orig-size=\"500,698\" data-comments-opened=\"1\" data-image-meta=\"{&quot;aperture&quot;:&quot;0&quot;,&quot;credit&quot;:&quot;&quot;,&quot;camera&quot;:&quot;&quot;,&quot;caption&quot;:&quot;&quot;,&quot;created_timestamp&quot;:&quot;0&quot;,&quot;copyright&quot;:&quot;&quot;,&quot;focal_length&quot;:&quot;0&quot;,&quot;iso&quot;:&quot;0&quot;,&quot;shutter_speed&quot;:&quot;0&quot;,&quot;title&quot;:&quot;&quot;,&quot;orientation&quot;:&quot;0&quot;}\" data-image-title=\"fernanda-lima-em-sua-plenitude (4)\" data-image-description=\"\" data-image-caption=\"&lt;p&gt;Fernanda Lima em sua plenitude&lt;\/p&gt;\n\" data-medium-file=\"https:\/\/i0.wp.com\/agrund.com\/wp-content\/uploads\/sites\/6\/2014\/03\/fernanda-lima-em-sua-plenitude-4.jpg?fit=215%2C300&amp;ssl=1\" data-large-file=\"https:\/\/i0.wp.com\/agrund.com\/wp-content\/uploads\/sites\/6\/2014\/03\/fernanda-lima-em-sua-plenitude-4.jpg?fit=500%2C698&amp;ssl=1\" decoding=\"async\" loading=\"lazy\" class=\"size-large wp-image-99152\" alt=\"Fernanda Lima em sua plenitude\" src=\"https:\/\/i0.wp.com\/www.agrund.com\/wp-content\/uploads\/sites\/6\/cache\/2014\/03\/fernanda-lima-em-sua-plenitude-4\/2240233456.jpg?resize=500%2C698\" width=\"500\" height=\"698\" data-recalc-dims=\"1\" \/><\/a><p id=\"caption-attachment-99152\" class=\"wp-caption-text\">Fernanda Lima em sua plenitude<\/p><\/div>\n<div id=\"attachment_99153\" style=\"width: 510px\" class=\"wp-caption aligncenter\"><a href=\"https:\/\/i0.wp.com\/www.agrund.com\/wp-content\/uploads\/sites\/6\/2014\/03\/fernanda-lima-em-sua-plenitude-5.jpg\"><img aria-describedby=\"caption-attachment-99153\" data-attachment-id=\"99153\" data-permalink=\"https:\/\/agrund.com\/index.php\/fernanda-lima-em-sua-plenitude\/fernanda-lima-em-sua-plenitude-5\/\" data-orig-file=\"https:\/\/i0.wp.com\/agrund.com\/wp-content\/uploads\/sites\/6\/2014\/03\/fernanda-lima-em-sua-plenitude-5.jpg?fit=500%2C376&amp;ssl=1\" data-orig-size=\"500,376\" data-comments-opened=\"1\" data-image-meta=\"{&quot;aperture&quot;:&quot;0&quot;,&quot;credit&quot;:&quot;&quot;,&quot;camera&quot;:&quot;&quot;,&quot;caption&quot;:&quot;&quot;,&quot;created_timestamp&quot;:&quot;0&quot;,&quot;copyright&quot;:&quot;&quot;,&quot;focal_length&quot;:&quot;0&quot;,&quot;iso&quot;:&quot;0&quot;,&quot;shutter_speed&quot;:&quot;0&quot;,&quot;title&quot;:&quot;&quot;,&quot;orientation&quot;:&quot;0&quot;}\" data-image-title=\"fernanda-lima-em-sua-plenitude (5)\" data-image-description=\"\" data-image-caption=\"&lt;p&gt;Fernanda Lima em sua plenitude&lt;\/p&gt;\n\" data-medium-file=\"https:\/\/i0.wp.com\/agrund.com\/wp-content\/uploads\/sites\/6\/2014\/03\/fernanda-lima-em-sua-plenitude-5.jpg?fit=300%2C226&amp;ssl=1\" data-large-file=\"https:\/\/i0.wp.com\/agrund.com\/wp-content\/uploads\/sites\/6\/2014\/03\/fernanda-lima-em-sua-plenitude-5.jpg?fit=500%2C376&amp;ssl=1\" decoding=\"async\" loading=\"lazy\" class=\"size-large wp-image-99153\" alt=\"Fernanda Lima em sua plenitude\" src=\"https:\/\/i0.wp.com\/www.agrund.com\/wp-content\/uploads\/sites\/6\/cache\/2014\/03\/fernanda-lima-em-sua-plenitude-5\/1227702126.jpg?resize=500%2C376\" width=\"500\" height=\"376\" data-recalc-dims=\"1\" \/><\/a><p id=\"caption-attachment-99153\" class=\"wp-caption-text\">Fernanda Lima em sua plenitude<\/p><\/div>\n<p>Imagens: Divulga\u00e7\u00e3o.<\/p>\n","protected":false},"excerpt":{"rendered":"<p>Esbanjando sensualidade, a atriz Fernanda Lima \u00e9 a garota da vez da Arezzo. A marca mergulhou nas tend\u00eancias e as trouxe para seu universo. Das franjas aos sapatos masculinizados, tudo ganha mais sensualidade nas m\u00e3os da atriz. Botas s\u00e3o aguardadas porque dessa vez elas ainda trazem mais informa\u00e7\u00e3o. Outra inspira\u00e7\u00e3o tamb\u00e9m \u00e9 a linha que [&hellip;]<\/p>\n","protected":false},"author":1,"featured_media":99154,"comment_status":"open","ping_status":"open","sticky":false,"template":"","format":"standard","meta":{"jetpack_post_was_ever_published":false,"_jetpack_newsletter_access":"","jetpack_publicize_message":"","jetpack_is_tweetstorm":false,"jetpack_publicize_feature_enabled":true,"jetpack_social_post_already_shared":true,"jetpack_social_options":{"image_generator_settings":{"template":"highway","enabled":false}}},"categories":[2],"tags":[],"jetpack_publicize_connections":[],"jetpack_featured_media_url":"https:\/\/i0.wp.com\/agrund.com\/wp-content\/uploads\/sites\/6\/2014\/03\/slide104.jpg?fit=960%2C300&ssl=1","jetpack_sharing_enabled":true,"jetpack_shortlink":"https:\/\/wp.me\/p3Hz0n-pNa","jetpack_likes_enabled":true,"_links":{"self":[{"href":"https:\/\/agrund.com\/index.php\/wp-json\/wp\/v2\/posts\/99148"}],"collection":[{"href":"https:\/\/agrund.com\/index.php\/wp-json\/wp\/v2\/posts"}],"about":[{"href":"https:\/\/agrund.com\/index.php\/wp-json\/wp\/v2\/types\/post"}],"author":[{"embeddable":true,"href":"https:\/\/agrund.com\/index.php\/wp-json\/wp\/v2\/users\/1"}],"replies":[{"embeddable":true,"href":"https:\/\/agrund.com\/index.php\/wp-json\/wp\/v2\/comments?post=99148"}],"version-history":[{"count":0,"href":"https:\/\/agrund.com\/index.php\/wp-json\/wp\/v2\/posts\/99148\/revisions"}],"wp:featuredmedia":[{"embeddable":true,"href":"https:\/\/agrund.com\/index.php\/wp-json\/wp\/v2\/media\/99154"}],"wp:attachment":[{"href":"https:\/\/agrund.com\/index.php\/wp-json\/wp\/v2\/media?parent=99148"}],"wp:term":[{"taxonomy":"category","embeddable":true,"href":"https:\/\/agrund.com\/index.php\/wp-json\/wp\/v2\/categories?post=99148"},{"taxonomy":"post_tag","embeddable":true,"href":"https:\/\/agrund.com\/index.php\/wp-json\/wp\/v2\/tags?post=99148"}],"curies":[{"name":"wp","href":"https:\/\/api.w.org\/{rel}","templated":true}]}}