{"id":99144,"date":"2014-03-20T16:00:57","date_gmt":"2014-03-20T19:00:57","guid":{"rendered":"http:\/\/www.agrund.com\/?p=99144"},"modified":"2014-03-20T10:39:38","modified_gmt":"2014-03-20T13:39:38","slug":"prada-cria-sapatos-sob-medida","status":"publish","type":"post","link":"https:\/\/agrund.com\/index.php\/prada-cria-sapatos-sob-medida\/","title":{"rendered":"Prada cria sapatos sob medida"},"content":{"rendered":"<p>E se voc\u00ea pudesse ganhar um sapato Prada feito especialmente para voc\u00ea? Isso poder\u00e1 acontecer! Durante os dias 20 e 22 de mar\u00e7o, a loja da grife na Avenue Montaigne, em Paris, ir\u00e1 oferecer um servi\u00e7o \u00fanico para suas clientes escolherem todos os detalhes do seu sapato.<br \/>\nSer\u00e3o nove op\u00e7\u00f5es de modelos de sapato dispon\u00edveis em couro, cetim ou camur\u00e7a na cor de sua escolha! As clientes ainda poder\u00e3o gravar suas iniciais na sola abaixo do logotipo da Prada.<br \/>\nUm luxo!<\/p>\n<div id=\"attachment_99145\" style=\"width: 462px\" class=\"wp-caption aligncenter\"><a href=\"https:\/\/i0.wp.com\/www.agrund.com\/wp-content\/uploads\/sites\/6\/2014\/03\/prada-cria-sapatos-sob-medida.jpg\"><img aria-describedby=\"caption-attachment-99145\" data-attachment-id=\"99145\" data-permalink=\"https:\/\/agrund.com\/index.php\/prada-cria-sapatos-sob-medida\/prada-cria-sapatos-sob-medida\/\" data-orig-file=\"https:\/\/i0.wp.com\/agrund.com\/wp-content\/uploads\/sites\/6\/2014\/03\/prada-cria-sapatos-sob-medida.jpg?fit=753%2C570&amp;ssl=1\" data-orig-size=\"753,570\" data-comments-opened=\"1\" data-image-meta=\"{&quot;aperture&quot;:&quot;0&quot;,&quot;credit&quot;:&quot;&quot;,&quot;camera&quot;:&quot;&quot;,&quot;caption&quot;:&quot;&quot;,&quot;created_timestamp&quot;:&quot;0&quot;,&quot;copyright&quot;:&quot;&quot;,&quot;focal_length&quot;:&quot;0&quot;,&quot;iso&quot;:&quot;0&quot;,&quot;shutter_speed&quot;:&quot;0&quot;,&quot;title&quot;:&quot;&quot;,&quot;orientation&quot;:&quot;0&quot;}\" data-image-title=\"prada-cria-sapatos-sob-medida\" data-image-description=\"\" data-image-caption=\"&lt;p&gt;Prada cria sapatos sob medida&lt;\/p&gt;\n\" data-medium-file=\"https:\/\/i0.wp.com\/agrund.com\/wp-content\/uploads\/sites\/6\/2014\/03\/prada-cria-sapatos-sob-medida.jpg?fit=300%2C227&amp;ssl=1\" data-large-file=\"https:\/\/i0.wp.com\/agrund.com\/wp-content\/uploads\/sites\/6\/2014\/03\/prada-cria-sapatos-sob-medida.jpg?fit=753%2C570&amp;ssl=1\" decoding=\"async\" loading=\"lazy\" class=\" wp-image-99145 \" alt=\"Prada cria sapatos sob medida\" src=\"https:\/\/i0.wp.com\/www.agrund.com\/wp-content\/uploads\/sites\/6\/cache\/2014\/03\/prada-cria-sapatos-sob-medida\/1704880416.jpg?resize=452%2C342\" width=\"452\" height=\"342\" data-recalc-dims=\"1\" \/><\/a><p id=\"caption-attachment-99145\" class=\"wp-caption-text\">Prada cria sapatos sob medida<\/p><\/div>\n<p>Imagem: Reprodu\u00e7\u00e3o.<\/p>\n","protected":false},"excerpt":{"rendered":"<p>E se voc\u00ea pudesse ganhar um sapato Prada feito especialmente para voc\u00ea? Isso poder\u00e1 acontecer! Durante os dias 20 e 22 de mar\u00e7o, a loja da grife na Avenue Montaigne, em Paris, ir\u00e1 oferecer um servi\u00e7o \u00fanico para suas clientes escolherem todos os detalhes do seu sapato. Ser\u00e3o nove op\u00e7\u00f5es de modelos de sapato dispon\u00edveis [&hellip;]<\/p>\n","protected":false},"author":1,"featured_media":99146,"comment_status":"open","ping_status":"open","sticky":false,"template":"","format":"standard","meta":{"jetpack_post_was_ever_published":false,"_jetpack_newsletter_access":"","jetpack_publicize_message":"","jetpack_is_tweetstorm":false,"jetpack_publicize_feature_enabled":true,"jetpack_social_post_already_shared":true,"jetpack_social_options":{"image_generator_settings":{"template":"highway","enabled":false}}},"categories":[2],"tags":[],"jetpack_publicize_connections":[],"jetpack_featured_media_url":"https:\/\/i0.wp.com\/agrund.com\/wp-content\/uploads\/sites\/6\/2014\/03\/slide103.jpg?fit=960%2C300&ssl=1","jetpack_sharing_enabled":true,"jetpack_shortlink":"https:\/\/wp.me\/p3Hz0n-pN6","jetpack_likes_enabled":true,"_links":{"self":[{"href":"https:\/\/agrund.com\/index.php\/wp-json\/wp\/v2\/posts\/99144"}],"collection":[{"href":"https:\/\/agrund.com\/index.php\/wp-json\/wp\/v2\/posts"}],"about":[{"href":"https:\/\/agrund.com\/index.php\/wp-json\/wp\/v2\/types\/post"}],"author":[{"embeddable":true,"href":"https:\/\/agrund.com\/index.php\/wp-json\/wp\/v2\/users\/1"}],"replies":[{"embeddable":true,"href":"https:\/\/agrund.com\/index.php\/wp-json\/wp\/v2\/comments?post=99144"}],"version-history":[{"count":0,"href":"https:\/\/agrund.com\/index.php\/wp-json\/wp\/v2\/posts\/99144\/revisions"}],"wp:featuredmedia":[{"embeddable":true,"href":"https:\/\/agrund.com\/index.php\/wp-json\/wp\/v2\/media\/99146"}],"wp:attachment":[{"href":"https:\/\/agrund.com\/index.php\/wp-json\/wp\/v2\/media?parent=99144"}],"wp:term":[{"taxonomy":"category","embeddable":true,"href":"https:\/\/agrund.com\/index.php\/wp-json\/wp\/v2\/categories?post=99144"},{"taxonomy":"post_tag","embeddable":true,"href":"https:\/\/agrund.com\/index.php\/wp-json\/wp\/v2\/tags?post=99144"}],"curies":[{"name":"wp","href":"https:\/\/api.w.org\/{rel}","templated":true}]}}