{"id":99139,"date":"2014-03-20T14:00:54","date_gmt":"2014-03-20T17:00:54","guid":{"rendered":"http:\/\/www.agrund.com\/?p=99139"},"modified":"2014-03-20T10:37:41","modified_gmt":"2014-03-20T13:37:41","slug":"o-folclore-e-as-festas-populares-nos-pes-da-criancada","status":"publish","type":"post","link":"https:\/\/agrund.com\/index.php\/o-folclore-e-as-festas-populares-nos-pes-da-criancada\/","title":{"rendered":"O folclore e as festas populares nos p\u00e9s da crian\u00e7ada"},"content":{"rendered":"<p>Para comemorar os 65 anos da marca Cal\u00e7ados Bibi, primeira da ind\u00fastria nacional de cal\u00e7ados infantis, a empresa convida o estilista Ronaldo Fraga para lan\u00e7ar uma cole\u00e7\u00e3o em parceira com a marca. O Outono\/Inverno 2014 da Bibi, marca que tem a brasilidade \u00e0 flor da pele, celebra de maneira l\u00fadica os 65 anos da marca fazendo uma homenagem aos principais s\u00edmbolos da cultura brasileira. Desde o Carnaval a lendas como a do Saci Perer\u00ea.<br \/>\nSapatilhas e sneakers com estampas exclusivas v\u00e3o encher os olhos da crian\u00e7ada, que v\u00e3o conseguir aliar conforto e conhecimento. Os cal\u00e7ados s\u00e3o em couro, oferecendo aos pequenos mais conforto, flexibilidade e durabilidade, e contam com a tecnologia Fisioflex Bibi, que faz parte do conceito fisiol\u00f3gico desenvolvida pela marca, cujo diferencial \u00e9 proporcionar \u00e0 crian\u00e7a a sensa\u00e7\u00e3o de andar descal\u00e7o.<\/p>\n<div id=\"attachment_99140\" style=\"width: 510px\" class=\"wp-caption aligncenter\"><a href=\"https:\/\/i0.wp.com\/www.agrund.com\/wp-content\/uploads\/sites\/6\/2014\/03\/o-folclore-e-as-festas-populares-nos-pes-da-criancada-1.jpg\"><img aria-describedby=\"caption-attachment-99140\" data-attachment-id=\"99140\" data-permalink=\"https:\/\/agrund.com\/index.php\/o-folclore-e-as-festas-populares-nos-pes-da-criancada\/o-folclore-e-as-festas-populares-nos-pes-da-criancada-1\/\" data-orig-file=\"https:\/\/i0.wp.com\/agrund.com\/wp-content\/uploads\/sites\/6\/2014\/03\/o-folclore-e-as-festas-populares-nos-pes-da-criancada-1.jpg?fit=500%2C273&amp;ssl=1\" data-orig-size=\"500,273\" data-comments-opened=\"1\" data-image-meta=\"{&quot;aperture&quot;:&quot;0&quot;,&quot;credit&quot;:&quot;&quot;,&quot;camera&quot;:&quot;&quot;,&quot;caption&quot;:&quot;&quot;,&quot;created_timestamp&quot;:&quot;0&quot;,&quot;copyright&quot;:&quot;&quot;,&quot;focal_length&quot;:&quot;0&quot;,&quot;iso&quot;:&quot;0&quot;,&quot;shutter_speed&quot;:&quot;0&quot;,&quot;title&quot;:&quot;&quot;,&quot;orientation&quot;:&quot;0&quot;}\" data-image-title=\"o-folclore-e-as-festas-populares-nos-pes-da-criancada (1)\" data-image-description=\"\" data-image-caption=\"&lt;p&gt;O folclore e as festas populares nos p\u00e9s da crian\u00e7ada&lt;\/p&gt;\n\" data-medium-file=\"https:\/\/i0.wp.com\/agrund.com\/wp-content\/uploads\/sites\/6\/2014\/03\/o-folclore-e-as-festas-populares-nos-pes-da-criancada-1.jpg?fit=300%2C164&amp;ssl=1\" data-large-file=\"https:\/\/i0.wp.com\/agrund.com\/wp-content\/uploads\/sites\/6\/2014\/03\/o-folclore-e-as-festas-populares-nos-pes-da-criancada-1.jpg?fit=500%2C273&amp;ssl=1\" decoding=\"async\" loading=\"lazy\" class=\"size-large wp-image-99140\" alt=\"O folclore e as festas populares nos p\u00e9s da crian\u00e7ada\" src=\"https:\/\/i0.wp.com\/www.agrund.com\/wp-content\/uploads\/sites\/6\/cache\/2014\/03\/o-folclore-e-as-festas-populares-nos-pes-da-criancada-1\/2661011155.jpg?resize=500%2C273\" width=\"500\" height=\"273\" data-recalc-dims=\"1\" \/><\/a><p id=\"caption-attachment-99140\" class=\"wp-caption-text\">O folclore e as festas populares nos p\u00e9s da crian\u00e7ada<\/p><\/div>\n<div id=\"attachment_99141\" style=\"width: 510px\" class=\"wp-caption aligncenter\"><a href=\"https:\/\/i0.wp.com\/www.agrund.com\/wp-content\/uploads\/sites\/6\/2014\/03\/o-folclore-e-as-festas-populares-nos-pes-da-criancada-2.jpg\"><img aria-describedby=\"caption-attachment-99141\" data-attachment-id=\"99141\" data-permalink=\"https:\/\/agrund.com\/index.php\/o-folclore-e-as-festas-populares-nos-pes-da-criancada\/o-folclore-e-as-festas-populares-nos-pes-da-criancada-2\/\" data-orig-file=\"https:\/\/i0.wp.com\/agrund.com\/wp-content\/uploads\/sites\/6\/2014\/03\/o-folclore-e-as-festas-populares-nos-pes-da-criancada-2.jpg?fit=500%2C186&amp;ssl=1\" data-orig-size=\"500,186\" data-comments-opened=\"1\" data-image-meta=\"{&quot;aperture&quot;:&quot;0&quot;,&quot;credit&quot;:&quot;&quot;,&quot;camera&quot;:&quot;&quot;,&quot;caption&quot;:&quot;&quot;,&quot;created_timestamp&quot;:&quot;0&quot;,&quot;copyright&quot;:&quot;&quot;,&quot;focal_length&quot;:&quot;0&quot;,&quot;iso&quot;:&quot;0&quot;,&quot;shutter_speed&quot;:&quot;0&quot;,&quot;title&quot;:&quot;&quot;,&quot;orientation&quot;:&quot;0&quot;}\" data-image-title=\"o-folclore-e-as-festas-populares-nos-pes-da-criancada (2)\" data-image-description=\"\" data-image-caption=\"&lt;p&gt;O folclore e as festas populares nos p\u00e9s da crian\u00e7ada&lt;\/p&gt;\n\" data-medium-file=\"https:\/\/i0.wp.com\/agrund.com\/wp-content\/uploads\/sites\/6\/2014\/03\/o-folclore-e-as-festas-populares-nos-pes-da-criancada-2.jpg?fit=300%2C112&amp;ssl=1\" data-large-file=\"https:\/\/i0.wp.com\/agrund.com\/wp-content\/uploads\/sites\/6\/2014\/03\/o-folclore-e-as-festas-populares-nos-pes-da-criancada-2.jpg?fit=500%2C186&amp;ssl=1\" decoding=\"async\" loading=\"lazy\" class=\"size-large wp-image-99141\" alt=\"O folclore e as festas populares nos p\u00e9s da crian\u00e7ada\" src=\"https:\/\/i0.wp.com\/www.agrund.com\/wp-content\/uploads\/sites\/6\/cache\/2014\/03\/o-folclore-e-as-festas-populares-nos-pes-da-criancada-2\/269797680.jpg?resize=500%2C186\" width=\"500\" height=\"186\" data-recalc-dims=\"1\" \/><\/a><p id=\"caption-attachment-99141\" class=\"wp-caption-text\">O folclore e as festas populares nos p\u00e9s da crian\u00e7ada<\/p><\/div>\n<p>Imagens: Divulga\u00e7\u00e3o.<\/p>\n","protected":false},"excerpt":{"rendered":"<p>Para comemorar os 65 anos da marca Cal\u00e7ados Bibi, primeira da ind\u00fastria nacional de cal\u00e7ados infantis, a empresa convida o estilista Ronaldo Fraga para lan\u00e7ar uma cole\u00e7\u00e3o em parceira com a marca. O Outono\/Inverno 2014 da Bibi, marca que tem a brasilidade \u00e0 flor da pele, celebra de maneira l\u00fadica os 65 anos da marca [&hellip;]<\/p>\n","protected":false},"author":1,"featured_media":99142,"comment_status":"open","ping_status":"open","sticky":false,"template":"","format":"standard","meta":{"jetpack_post_was_ever_published":false,"_jetpack_newsletter_access":"","jetpack_publicize_message":"","jetpack_is_tweetstorm":false,"jetpack_publicize_feature_enabled":true,"jetpack_social_post_already_shared":true,"jetpack_social_options":{"image_generator_settings":{"template":"highway","enabled":false}}},"categories":[2],"tags":[],"jetpack_publicize_connections":[],"jetpack_featured_media_url":"https:\/\/i0.wp.com\/agrund.com\/wp-content\/uploads\/sites\/6\/2014\/03\/slide102.jpg?fit=960%2C300&ssl=1","jetpack_sharing_enabled":true,"jetpack_shortlink":"https:\/\/wp.me\/p3Hz0n-pN1","jetpack_likes_enabled":true,"_links":{"self":[{"href":"https:\/\/agrund.com\/index.php\/wp-json\/wp\/v2\/posts\/99139"}],"collection":[{"href":"https:\/\/agrund.com\/index.php\/wp-json\/wp\/v2\/posts"}],"about":[{"href":"https:\/\/agrund.com\/index.php\/wp-json\/wp\/v2\/types\/post"}],"author":[{"embeddable":true,"href":"https:\/\/agrund.com\/index.php\/wp-json\/wp\/v2\/users\/1"}],"replies":[{"embeddable":true,"href":"https:\/\/agrund.com\/index.php\/wp-json\/wp\/v2\/comments?post=99139"}],"version-history":[{"count":0,"href":"https:\/\/agrund.com\/index.php\/wp-json\/wp\/v2\/posts\/99139\/revisions"}],"wp:featuredmedia":[{"embeddable":true,"href":"https:\/\/agrund.com\/index.php\/wp-json\/wp\/v2\/media\/99142"}],"wp:attachment":[{"href":"https:\/\/agrund.com\/index.php\/wp-json\/wp\/v2\/media?parent=99139"}],"wp:term":[{"taxonomy":"category","embeddable":true,"href":"https:\/\/agrund.com\/index.php\/wp-json\/wp\/v2\/categories?post=99139"},{"taxonomy":"post_tag","embeddable":true,"href":"https:\/\/agrund.com\/index.php\/wp-json\/wp\/v2\/tags?post=99139"}],"curies":[{"name":"wp","href":"https:\/\/api.w.org\/{rel}","templated":true}]}}