{"id":99130,"date":"2014-03-20T12:00:44","date_gmt":"2014-03-20T15:00:44","guid":{"rendered":"http:\/\/www.agrund.com\/?p=99130"},"modified":"2014-03-20T10:35:49","modified_gmt":"2014-03-20T13:35:49","slug":"rene-magritte-inspira-nova-colecao-da-opening-ceremony","status":"publish","type":"post","link":"https:\/\/agrund.com\/index.php\/rene-magritte-inspira-nova-colecao-da-opening-ceremony\/","title":{"rendered":"Ren\u00e9 Magritte inspira nova cole\u00e7\u00e3o da Opening Ceremony"},"content":{"rendered":"<p>A Opening Ceremony se uniu \u00e0 Funda\u00e7\u00e3o Magritte, ONG que tem o objetivo de manter vivas as obras de Ren\u00e9 Magritte, para desenvolver sua nova cole\u00e7\u00e3o-c\u00e1psula.<br \/>\nA linha conta com 12 pe\u00e7as como jaquetas, saias, moletons, cal\u00e7as, vestidos e t\u00eanis, todos com os prints das estampas mais famosas do artista. Mas a marca n\u00e3o fez isso sozinha, nomes como Manolo Blahnik e Vans ajudaram nas incr\u00edveis cria\u00e7\u00f5es. Confira:<\/p>\n<div id=\"attachment_99131\" style=\"width: 510px\" class=\"wp-caption aligncenter\"><a href=\"https:\/\/i0.wp.com\/www.agrund.com\/wp-content\/uploads\/sites\/6\/2014\/03\/rene-magritte-inspira-nova-colecao-da-opening-ceremony-1.jpg\"><img aria-describedby=\"caption-attachment-99131\" data-attachment-id=\"99131\" data-permalink=\"https:\/\/agrund.com\/index.php\/rene-magritte-inspira-nova-colecao-da-opening-ceremony\/rene-magritte-inspira-nova-colecao-da-opening-ceremony-1\/\" data-orig-file=\"https:\/\/i0.wp.com\/agrund.com\/wp-content\/uploads\/sites\/6\/2014\/03\/rene-magritte-inspira-nova-colecao-da-opening-ceremony-1.jpg?fit=500%2C306&amp;ssl=1\" data-orig-size=\"500,306\" data-comments-opened=\"1\" data-image-meta=\"{&quot;aperture&quot;:&quot;0&quot;,&quot;credit&quot;:&quot;&quot;,&quot;camera&quot;:&quot;&quot;,&quot;caption&quot;:&quot;&quot;,&quot;created_timestamp&quot;:&quot;0&quot;,&quot;copyright&quot;:&quot;&quot;,&quot;focal_length&quot;:&quot;0&quot;,&quot;iso&quot;:&quot;0&quot;,&quot;shutter_speed&quot;:&quot;0&quot;,&quot;title&quot;:&quot;&quot;,&quot;orientation&quot;:&quot;0&quot;}\" data-image-title=\"rene-magritte-inspira-nova-colecao-da-opening-ceremony (1)\" data-image-description=\"\" data-image-caption=\"&lt;p&gt;Ren\u00e9 Magritte inspira nova cole\u00e7\u00e3o da Opening Ceremony&lt;\/p&gt;\n\" data-medium-file=\"https:\/\/i0.wp.com\/agrund.com\/wp-content\/uploads\/sites\/6\/2014\/03\/rene-magritte-inspira-nova-colecao-da-opening-ceremony-1.jpg?fit=300%2C184&amp;ssl=1\" data-large-file=\"https:\/\/i0.wp.com\/agrund.com\/wp-content\/uploads\/sites\/6\/2014\/03\/rene-magritte-inspira-nova-colecao-da-opening-ceremony-1.jpg?fit=500%2C306&amp;ssl=1\" decoding=\"async\" loading=\"lazy\" class=\"size-large wp-image-99131\" alt=\"Ren\u00e9 Magritte inspira nova cole\u00e7\u00e3o da Opening Ceremony\" src=\"https:\/\/i0.wp.com\/www.agrund.com\/wp-content\/uploads\/sites\/6\/cache\/2014\/03\/rene-magritte-inspira-nova-colecao-da-opening-ceremony-1\/3715491586.jpg?resize=500%2C306\" width=\"500\" height=\"306\" data-recalc-dims=\"1\" \/><\/a><p id=\"caption-attachment-99131\" class=\"wp-caption-text\">Ren\u00e9 Magritte inspira nova cole\u00e7\u00e3o da Opening Ceremony<\/p><\/div>\n<div id=\"attachment_99132\" style=\"width: 510px\" class=\"wp-caption aligncenter\"><a href=\"https:\/\/i0.wp.com\/www.agrund.com\/wp-content\/uploads\/sites\/6\/2014\/03\/rene-magritte-inspira-nova-colecao-da-opening-ceremony-2.jpg\"><img aria-describedby=\"caption-attachment-99132\" data-attachment-id=\"99132\" data-permalink=\"https:\/\/agrund.com\/index.php\/rene-magritte-inspira-nova-colecao-da-opening-ceremony\/rene-magritte-inspira-nova-colecao-da-opening-ceremony-2\/\" data-orig-file=\"https:\/\/i0.wp.com\/agrund.com\/wp-content\/uploads\/sites\/6\/2014\/03\/rene-magritte-inspira-nova-colecao-da-opening-ceremony-2.jpg?fit=500%2C750&amp;ssl=1\" data-orig-size=\"500,750\" data-comments-opened=\"1\" data-image-meta=\"{&quot;aperture&quot;:&quot;0&quot;,&quot;credit&quot;:&quot;&quot;,&quot;camera&quot;:&quot;&quot;,&quot;caption&quot;:&quot;&quot;,&quot;created_timestamp&quot;:&quot;0&quot;,&quot;copyright&quot;:&quot;&quot;,&quot;focal_length&quot;:&quot;0&quot;,&quot;iso&quot;:&quot;0&quot;,&quot;shutter_speed&quot;:&quot;0&quot;,&quot;title&quot;:&quot;&quot;,&quot;orientation&quot;:&quot;0&quot;}\" data-image-title=\"rene-magritte-inspira-nova-colecao-da-opening-ceremony (2)\" data-image-description=\"\" data-image-caption=\"&lt;p&gt;Ren\u00e9 Magritte inspira nova cole\u00e7\u00e3o da Opening Ceremony&lt;\/p&gt;\n\" data-medium-file=\"https:\/\/i0.wp.com\/agrund.com\/wp-content\/uploads\/sites\/6\/2014\/03\/rene-magritte-inspira-nova-colecao-da-opening-ceremony-2.jpg?fit=200%2C300&amp;ssl=1\" data-large-file=\"https:\/\/i0.wp.com\/agrund.com\/wp-content\/uploads\/sites\/6\/2014\/03\/rene-magritte-inspira-nova-colecao-da-opening-ceremony-2.jpg?fit=500%2C750&amp;ssl=1\" decoding=\"async\" loading=\"lazy\" class=\"size-large wp-image-99132\" alt=\"Ren\u00e9 Magritte inspira nova cole\u00e7\u00e3o da Opening Ceremony\" src=\"https:\/\/i0.wp.com\/www.agrund.com\/wp-content\/uploads\/sites\/6\/cache\/2014\/03\/rene-magritte-inspira-nova-colecao-da-opening-ceremony-2\/1408950497.jpg?resize=500%2C750\" width=\"500\" height=\"750\" data-recalc-dims=\"1\" \/><\/a><p id=\"caption-attachment-99132\" class=\"wp-caption-text\">Ren\u00e9 Magritte inspira nova cole\u00e7\u00e3o da Opening Ceremony<\/p><\/div>\n<div id=\"attachment_99133\" style=\"width: 510px\" class=\"wp-caption aligncenter\"><a href=\"https:\/\/i0.wp.com\/www.agrund.com\/wp-content\/uploads\/sites\/6\/2014\/03\/rene-magritte-inspira-nova-colecao-da-opening-ceremony-3.jpg\"><img aria-describedby=\"caption-attachment-99133\" data-attachment-id=\"99133\" data-permalink=\"https:\/\/agrund.com\/index.php\/rene-magritte-inspira-nova-colecao-da-opening-ceremony\/rene-magritte-inspira-nova-colecao-da-opening-ceremony-3\/\" data-orig-file=\"https:\/\/i0.wp.com\/agrund.com\/wp-content\/uploads\/sites\/6\/2014\/03\/rene-magritte-inspira-nova-colecao-da-opening-ceremony-3.jpg?fit=500%2C323&amp;ssl=1\" data-orig-size=\"500,323\" data-comments-opened=\"1\" data-image-meta=\"{&quot;aperture&quot;:&quot;0&quot;,&quot;credit&quot;:&quot;&quot;,&quot;camera&quot;:&quot;&quot;,&quot;caption&quot;:&quot;&quot;,&quot;created_timestamp&quot;:&quot;0&quot;,&quot;copyright&quot;:&quot;&quot;,&quot;focal_length&quot;:&quot;0&quot;,&quot;iso&quot;:&quot;0&quot;,&quot;shutter_speed&quot;:&quot;0&quot;,&quot;title&quot;:&quot;&quot;,&quot;orientation&quot;:&quot;0&quot;}\" data-image-title=\"rene-magritte-inspira-nova-colecao-da-opening-ceremony (3)\" data-image-description=\"\" data-image-caption=\"&lt;p&gt;Ren\u00e9 Magritte inspira nova cole\u00e7\u00e3o da Opening Ceremony&lt;\/p&gt;\n\" data-medium-file=\"https:\/\/i0.wp.com\/agrund.com\/wp-content\/uploads\/sites\/6\/2014\/03\/rene-magritte-inspira-nova-colecao-da-opening-ceremony-3.jpg?fit=300%2C194&amp;ssl=1\" data-large-file=\"https:\/\/i0.wp.com\/agrund.com\/wp-content\/uploads\/sites\/6\/2014\/03\/rene-magritte-inspira-nova-colecao-da-opening-ceremony-3.jpg?fit=500%2C323&amp;ssl=1\" decoding=\"async\" loading=\"lazy\" class=\"size-large wp-image-99133\" alt=\"Ren\u00e9 Magritte inspira nova cole\u00e7\u00e3o da Opening Ceremony\" src=\"https:\/\/i0.wp.com\/www.agrund.com\/wp-content\/uploads\/sites\/6\/cache\/2014\/03\/rene-magritte-inspira-nova-colecao-da-opening-ceremony-3\/2672877695.jpg?resize=500%2C323\" width=\"500\" height=\"323\" data-recalc-dims=\"1\" \/><\/a><p id=\"caption-attachment-99133\" class=\"wp-caption-text\">Ren\u00e9 Magritte inspira nova cole\u00e7\u00e3o da Opening Ceremony<\/p><\/div>\n<div id=\"attachment_99134\" style=\"width: 510px\" class=\"wp-caption aligncenter\"><a href=\"https:\/\/i0.wp.com\/www.agrund.com\/wp-content\/uploads\/sites\/6\/2014\/03\/rene-magritte-inspira-nova-colecao-da-opening-ceremony-4.jpg\"><img aria-describedby=\"caption-attachment-99134\" data-attachment-id=\"99134\" data-permalink=\"https:\/\/agrund.com\/index.php\/rene-magritte-inspira-nova-colecao-da-opening-ceremony\/rene-magritte-inspira-nova-colecao-da-opening-ceremony-4\/\" data-orig-file=\"https:\/\/i0.wp.com\/agrund.com\/wp-content\/uploads\/sites\/6\/2014\/03\/rene-magritte-inspira-nova-colecao-da-opening-ceremony-4.jpg?fit=500%2C470&amp;ssl=1\" data-orig-size=\"500,470\" data-comments-opened=\"1\" data-image-meta=\"{&quot;aperture&quot;:&quot;0&quot;,&quot;credit&quot;:&quot;&quot;,&quot;camera&quot;:&quot;&quot;,&quot;caption&quot;:&quot;&quot;,&quot;created_timestamp&quot;:&quot;0&quot;,&quot;copyright&quot;:&quot;&quot;,&quot;focal_length&quot;:&quot;0&quot;,&quot;iso&quot;:&quot;0&quot;,&quot;shutter_speed&quot;:&quot;0&quot;,&quot;title&quot;:&quot;&quot;,&quot;orientation&quot;:&quot;0&quot;}\" data-image-title=\"rene-magritte-inspira-nova-colecao-da-opening-ceremony (4)\" data-image-description=\"\" data-image-caption=\"&lt;p&gt;Ren\u00e9 Magritte inspira nova cole\u00e7\u00e3o da Opening Ceremony&lt;\/p&gt;\n\" data-medium-file=\"https:\/\/i0.wp.com\/agrund.com\/wp-content\/uploads\/sites\/6\/2014\/03\/rene-magritte-inspira-nova-colecao-da-opening-ceremony-4.jpg?fit=300%2C282&amp;ssl=1\" data-large-file=\"https:\/\/i0.wp.com\/agrund.com\/wp-content\/uploads\/sites\/6\/2014\/03\/rene-magritte-inspira-nova-colecao-da-opening-ceremony-4.jpg?fit=500%2C470&amp;ssl=1\" decoding=\"async\" loading=\"lazy\" class=\"size-large wp-image-99134\" alt=\"Ren\u00e9 Magritte inspira nova cole\u00e7\u00e3o da Opening Ceremony\" src=\"https:\/\/i0.wp.com\/www.agrund.com\/wp-content\/uploads\/sites\/6\/cache\/2014\/03\/rene-magritte-inspira-nova-colecao-da-opening-ceremony-4\/2509629798.jpg?resize=500%2C470\" width=\"500\" height=\"470\" data-recalc-dims=\"1\" \/><\/a><p id=\"caption-attachment-99134\" class=\"wp-caption-text\">Ren\u00e9 Magritte inspira nova cole\u00e7\u00e3o da Opening Ceremony<\/p><\/div>\n<div id=\"attachment_99135\" style=\"width: 510px\" class=\"wp-caption aligncenter\"><a href=\"https:\/\/i0.wp.com\/www.agrund.com\/wp-content\/uploads\/sites\/6\/2014\/03\/rene-magritte-inspira-nova-colecao-da-opening-ceremony-5.jpg\"><img aria-describedby=\"caption-attachment-99135\" data-attachment-id=\"99135\" data-permalink=\"https:\/\/agrund.com\/index.php\/rene-magritte-inspira-nova-colecao-da-opening-ceremony\/rene-magritte-inspira-nova-colecao-da-opening-ceremony-5\/\" data-orig-file=\"https:\/\/i0.wp.com\/agrund.com\/wp-content\/uploads\/sites\/6\/2014\/03\/rene-magritte-inspira-nova-colecao-da-opening-ceremony-5.jpg?fit=500%2C750&amp;ssl=1\" data-orig-size=\"500,750\" data-comments-opened=\"1\" data-image-meta=\"{&quot;aperture&quot;:&quot;0&quot;,&quot;credit&quot;:&quot;&quot;,&quot;camera&quot;:&quot;&quot;,&quot;caption&quot;:&quot;&quot;,&quot;created_timestamp&quot;:&quot;0&quot;,&quot;copyright&quot;:&quot;&quot;,&quot;focal_length&quot;:&quot;0&quot;,&quot;iso&quot;:&quot;0&quot;,&quot;shutter_speed&quot;:&quot;0&quot;,&quot;title&quot;:&quot;&quot;,&quot;orientation&quot;:&quot;0&quot;}\" data-image-title=\"rene-magritte-inspira-nova-colecao-da-opening-ceremony (5)\" data-image-description=\"\" data-image-caption=\"&lt;p&gt;Ren\u00e9 Magritte inspira nova cole\u00e7\u00e3o da Opening Ceremony&lt;\/p&gt;\n\" data-medium-file=\"https:\/\/i0.wp.com\/agrund.com\/wp-content\/uploads\/sites\/6\/2014\/03\/rene-magritte-inspira-nova-colecao-da-opening-ceremony-5.jpg?fit=200%2C300&amp;ssl=1\" data-large-file=\"https:\/\/i0.wp.com\/agrund.com\/wp-content\/uploads\/sites\/6\/2014\/03\/rene-magritte-inspira-nova-colecao-da-opening-ceremony-5.jpg?fit=500%2C750&amp;ssl=1\" decoding=\"async\" loading=\"lazy\" class=\"size-large wp-image-99135\" alt=\"Ren\u00e9 Magritte inspira nova cole\u00e7\u00e3o da Opening Ceremony\" src=\"https:\/\/i0.wp.com\/www.agrund.com\/wp-content\/uploads\/sites\/6\/cache\/2014\/03\/rene-magritte-inspira-nova-colecao-da-opening-ceremony-5\/1497360888.jpg?resize=500%2C750\" width=\"500\" height=\"750\" data-recalc-dims=\"1\" \/><\/a><p id=\"caption-attachment-99135\" class=\"wp-caption-text\">Ren\u00e9 Magritte inspira nova cole\u00e7\u00e3o da Opening Ceremony<\/p><\/div>\n<div id=\"attachment_99136\" style=\"width: 510px\" class=\"wp-caption aligncenter\"><a href=\"https:\/\/i0.wp.com\/www.agrund.com\/wp-content\/uploads\/sites\/6\/2014\/03\/rene-magritte-inspira-nova-colecao-da-opening-ceremony-6.jpg\"><img aria-describedby=\"caption-attachment-99136\" data-attachment-id=\"99136\" data-permalink=\"https:\/\/agrund.com\/index.php\/rene-magritte-inspira-nova-colecao-da-opening-ceremony\/rene-magritte-inspira-nova-colecao-da-opening-ceremony-6\/\" data-orig-file=\"https:\/\/i0.wp.com\/agrund.com\/wp-content\/uploads\/sites\/6\/2014\/03\/rene-magritte-inspira-nova-colecao-da-opening-ceremony-6.jpg?fit=500%2C333&amp;ssl=1\" data-orig-size=\"500,333\" data-comments-opened=\"1\" data-image-meta=\"{&quot;aperture&quot;:&quot;0&quot;,&quot;credit&quot;:&quot;&quot;,&quot;camera&quot;:&quot;&quot;,&quot;caption&quot;:&quot;&quot;,&quot;created_timestamp&quot;:&quot;0&quot;,&quot;copyright&quot;:&quot;&quot;,&quot;focal_length&quot;:&quot;0&quot;,&quot;iso&quot;:&quot;0&quot;,&quot;shutter_speed&quot;:&quot;0&quot;,&quot;title&quot;:&quot;&quot;,&quot;orientation&quot;:&quot;0&quot;}\" data-image-title=\"rene-magritte-inspira-nova-colecao-da-opening-ceremony (6)\" data-image-description=\"\" data-image-caption=\"&lt;p&gt;Ren\u00e9 Magritte inspira nova cole\u00e7\u00e3o da Opening Ceremony&lt;\/p&gt;\n\" data-medium-file=\"https:\/\/i0.wp.com\/agrund.com\/wp-content\/uploads\/sites\/6\/2014\/03\/rene-magritte-inspira-nova-colecao-da-opening-ceremony-6.jpg?fit=300%2C200&amp;ssl=1\" data-large-file=\"https:\/\/i0.wp.com\/agrund.com\/wp-content\/uploads\/sites\/6\/2014\/03\/rene-magritte-inspira-nova-colecao-da-opening-ceremony-6.jpg?fit=500%2C333&amp;ssl=1\" decoding=\"async\" loading=\"lazy\" class=\"size-large wp-image-99136\" alt=\"Ren\u00e9 Magritte inspira nova cole\u00e7\u00e3o da Opening Ceremony\" src=\"https:\/\/i0.wp.com\/www.agrund.com\/wp-content\/uploads\/sites\/6\/cache\/2014\/03\/rene-magritte-inspira-nova-colecao-da-opening-ceremony-6\/3618696731.jpg?resize=500%2C333\" width=\"500\" height=\"333\" data-recalc-dims=\"1\" \/><\/a><p id=\"caption-attachment-99136\" class=\"wp-caption-text\">Ren\u00e9 Magritte inspira nova cole\u00e7\u00e3o da Opening Ceremony<\/p><\/div>\n<p>Imagens: Reprodu\u00e7\u00e3o.<\/p>\n","protected":false},"excerpt":{"rendered":"<p>A Opening Ceremony se uniu \u00e0 Funda\u00e7\u00e3o Magritte, ONG que tem o objetivo de manter vivas as obras de Ren\u00e9 Magritte, para desenvolver sua nova cole\u00e7\u00e3o-c\u00e1psula. A linha conta com 12 pe\u00e7as como jaquetas, saias, moletons, cal\u00e7as, vestidos e t\u00eanis, todos com os prints das estampas mais famosas do artista. Mas a marca n\u00e3o fez [&hellip;]<\/p>\n","protected":false},"author":1,"featured_media":99137,"comment_status":"open","ping_status":"open","sticky":false,"template":"","format":"standard","meta":{"jetpack_post_was_ever_published":false,"_jetpack_newsletter_access":"","jetpack_publicize_message":"","jetpack_is_tweetstorm":false,"jetpack_publicize_feature_enabled":true,"jetpack_social_post_already_shared":true,"jetpack_social_options":{"image_generator_settings":{"template":"highway","enabled":false}}},"categories":[2],"tags":[],"jetpack_publicize_connections":[],"jetpack_featured_media_url":"https:\/\/i0.wp.com\/agrund.com\/wp-content\/uploads\/sites\/6\/2014\/03\/slide101.jpg?fit=960%2C300&ssl=1","jetpack_sharing_enabled":true,"jetpack_shortlink":"https:\/\/wp.me\/p3Hz0n-pMS","jetpack_likes_enabled":true,"_links":{"self":[{"href":"https:\/\/agrund.com\/index.php\/wp-json\/wp\/v2\/posts\/99130"}],"collection":[{"href":"https:\/\/agrund.com\/index.php\/wp-json\/wp\/v2\/posts"}],"about":[{"href":"https:\/\/agrund.com\/index.php\/wp-json\/wp\/v2\/types\/post"}],"author":[{"embeddable":true,"href":"https:\/\/agrund.com\/index.php\/wp-json\/wp\/v2\/users\/1"}],"replies":[{"embeddable":true,"href":"https:\/\/agrund.com\/index.php\/wp-json\/wp\/v2\/comments?post=99130"}],"version-history":[{"count":0,"href":"https:\/\/agrund.com\/index.php\/wp-json\/wp\/v2\/posts\/99130\/revisions"}],"wp:featuredmedia":[{"embeddable":true,"href":"https:\/\/agrund.com\/index.php\/wp-json\/wp\/v2\/media\/99137"}],"wp:attachment":[{"href":"https:\/\/agrund.com\/index.php\/wp-json\/wp\/v2\/media?parent=99130"}],"wp:term":[{"taxonomy":"category","embeddable":true,"href":"https:\/\/agrund.com\/index.php\/wp-json\/wp\/v2\/categories?post=99130"},{"taxonomy":"post_tag","embeddable":true,"href":"https:\/\/agrund.com\/index.php\/wp-json\/wp\/v2\/tags?post=99130"}],"curies":[{"name":"wp","href":"https:\/\/api.w.org\/{rel}","templated":true}]}}