{"id":99122,"date":"2014-03-20T15:00:32","date_gmt":"2014-03-20T18:00:32","guid":{"rendered":"http:\/\/www.agrund.com\/?p=99122"},"modified":"2014-03-20T10:23:32","modified_gmt":"2014-03-20T13:23:32","slug":"tenha-estilo-dicas-curtas-moletom-onde-posso-usar-vii","status":"publish","type":"post","link":"https:\/\/agrund.com\/index.php\/tenha-estilo-dicas-curtas-moletom-onde-posso-usar-vii\/","title":{"rendered":"Tenha Estilo :: Dicas Curtas \u2013 Moletom. Onde posso usar? VII"},"content":{"rendered":"<p>Vamos combinar que bom senso \u00e9 a melhor coisa na hora de escolher o local e ocasi\u00e3o para usar sua pe\u00e7a de moletom. Por mais grifado que seja, ele nunca vai deixar de ser um moletom, ent\u00e3o cuidado com os exageros principalmente em eventos mais formais como casamentos.<\/p>\n<div id=\"attachment_99123\" style=\"width: 560px\" class=\"wp-caption aligncenter\"><a href=\"https:\/\/i0.wp.com\/www.agrund.com\/wp-content\/uploads\/sites\/6\/2014\/03\/dica-33.jpg\"><img aria-describedby=\"caption-attachment-99123\" data-attachment-id=\"99123\" data-permalink=\"https:\/\/agrund.com\/index.php\/tenha-estilo-dicas-curtas-moletom-onde-posso-usar-vii\/dica-3-51\/\" data-orig-file=\"https:\/\/i0.wp.com\/agrund.com\/wp-content\/uploads\/sites\/6\/2014\/03\/dica-33.jpg?fit=550%2C533&amp;ssl=1\" data-orig-size=\"550,533\" data-comments-opened=\"1\" data-image-meta=\"{&quot;aperture&quot;:&quot;0&quot;,&quot;credit&quot;:&quot;&quot;,&quot;camera&quot;:&quot;&quot;,&quot;caption&quot;:&quot;&quot;,&quot;created_timestamp&quot;:&quot;0&quot;,&quot;copyright&quot;:&quot;&quot;,&quot;focal_length&quot;:&quot;0&quot;,&quot;iso&quot;:&quot;0&quot;,&quot;shutter_speed&quot;:&quot;0&quot;,&quot;title&quot;:&quot;&quot;,&quot;orientation&quot;:&quot;1&quot;}\" data-image-title=\"Tenha Estilo :: Dicas Curtas \u2013 Moletom. Onde posso usar? VII\" data-image-description=\"\" data-image-caption=\"&lt;p&gt;Tenha Estilo :: Dicas Curtas \u2013 Moletom. Onde posso usar? VII&lt;\/p&gt;\n\" data-medium-file=\"https:\/\/i0.wp.com\/agrund.com\/wp-content\/uploads\/sites\/6\/2014\/03\/dica-33.jpg?fit=300%2C291&amp;ssl=1\" data-large-file=\"https:\/\/i0.wp.com\/agrund.com\/wp-content\/uploads\/sites\/6\/2014\/03\/dica-33.jpg?fit=550%2C533&amp;ssl=1\" decoding=\"async\" loading=\"lazy\" class=\"size-large wp-image-99123\" alt=\"Tenha Estilo :: Dicas Curtas \u2013 Moletom. Onde posso usar? VII\" src=\"https:\/\/i0.wp.com\/www.agrund.com\/wp-content\/uploads\/sites\/6\/cache\/2014\/03\/dica-33\/3738662755.jpg?resize=550%2C533\" width=\"550\" height=\"533\" data-recalc-dims=\"1\" \/><\/a><p id=\"caption-attachment-99123\" class=\"wp-caption-text\">Tenha Estilo :: Dicas Curtas \u2013 Moletom. Onde posso usar? VII<\/p><\/div>\n<p>Imagem: Reprodu\u00e7\u00e3o.<\/p>\n","protected":false},"excerpt":{"rendered":"<p>Vamos combinar que bom senso \u00e9 a melhor coisa na hora de escolher o local e ocasi\u00e3o para usar sua pe\u00e7a de moletom. Por mais grifado que seja, ele nunca vai deixar de ser um moletom, ent\u00e3o cuidado com os exageros principalmente em eventos mais formais como casamentos. Imagem: Reprodu\u00e7\u00e3o.<\/p>\n","protected":false},"author":1,"featured_media":99124,"comment_status":"open","ping_status":"open","sticky":false,"template":"","format":"standard","meta":{"jetpack_post_was_ever_published":false,"_jetpack_newsletter_access":"","jetpack_publicize_message":"","jetpack_is_tweetstorm":false,"jetpack_publicize_feature_enabled":true,"jetpack_social_post_already_shared":true,"jetpack_social_options":{"image_generator_settings":{"template":"highway","enabled":false}}},"categories":[4,2],"tags":[],"jetpack_publicize_connections":[],"jetpack_featured_media_url":"https:\/\/i0.wp.com\/agrund.com\/wp-content\/uploads\/sites\/6\/2014\/03\/slide-33.jpg?fit=960%2C320&ssl=1","jetpack_sharing_enabled":true,"jetpack_shortlink":"https:\/\/wp.me\/p3Hz0n-pMK","jetpack_likes_enabled":true,"_links":{"self":[{"href":"https:\/\/agrund.com\/index.php\/wp-json\/wp\/v2\/posts\/99122"}],"collection":[{"href":"https:\/\/agrund.com\/index.php\/wp-json\/wp\/v2\/posts"}],"about":[{"href":"https:\/\/agrund.com\/index.php\/wp-json\/wp\/v2\/types\/post"}],"author":[{"embeddable":true,"href":"https:\/\/agrund.com\/index.php\/wp-json\/wp\/v2\/users\/1"}],"replies":[{"embeddable":true,"href":"https:\/\/agrund.com\/index.php\/wp-json\/wp\/v2\/comments?post=99122"}],"version-history":[{"count":0,"href":"https:\/\/agrund.com\/index.php\/wp-json\/wp\/v2\/posts\/99122\/revisions"}],"wp:featuredmedia":[{"embeddable":true,"href":"https:\/\/agrund.com\/index.php\/wp-json\/wp\/v2\/media\/99124"}],"wp:attachment":[{"href":"https:\/\/agrund.com\/index.php\/wp-json\/wp\/v2\/media?parent=99122"}],"wp:term":[{"taxonomy":"category","embeddable":true,"href":"https:\/\/agrund.com\/index.php\/wp-json\/wp\/v2\/categories?post=99122"},{"taxonomy":"post_tag","embeddable":true,"href":"https:\/\/agrund.com\/index.php\/wp-json\/wp\/v2\/tags?post=99122"}],"curies":[{"name":"wp","href":"https:\/\/api.w.org\/{rel}","templated":true}]}}