{"id":99092,"date":"2014-03-19T20:00:06","date_gmt":"2014-03-19T23:00:06","guid":{"rendered":"http:\/\/www.agrund.com\/?p=99092"},"modified":"2014-03-19T16:13:18","modified_gmt":"2014-03-19T19:13:18","slug":"ann-taylor-e-kate-hudson-lancam-nova-parceria","status":"publish","type":"post","link":"https:\/\/agrund.com\/index.php\/ann-taylor-e-kate-hudson-lancam-nova-parceria\/","title":{"rendered":"Ann Taylor e Kate Hudson lan\u00e7am nova parceria"},"content":{"rendered":"<p>Kate Hudson segue firme na parceria com a grife Ann Taylor e tem mais uma novidade para todas as clientes e adoradoras da marca! Sabe aqueles vestidos pretos que n\u00e3o podem faltar no guarda-roupa de qualquer mulher?<br \/>\nFoi pensando nisso que Kate desenvolveu a nova cole\u00e7\u00e3o-c\u00e1psula com vestidos pretos para todas as ocasi\u00f5es, desde curtos para um jantar ou festa casual at\u00e9 um longo digno de red carpet.<br \/>\nVai ser um sucesso ou n\u00e3o? O lan\u00e7amento acontece no dia 10 de abril. Confira as imagens divulgadas:<\/p>\n<div id=\"attachment_99093\" style=\"width: 410px\" class=\"wp-caption aligncenter\"><a href=\"https:\/\/i0.wp.com\/www.agrund.com\/wp-content\/uploads\/sites\/6\/2014\/03\/ann-taylor-e-kate-hudson-lancam-nova-parceria.jpg\"><img aria-describedby=\"caption-attachment-99093\" data-attachment-id=\"99093\" data-permalink=\"https:\/\/agrund.com\/index.php\/ann-taylor-e-kate-hudson-lancam-nova-parceria\/ann-taylor-e-kate-hudson-lancam-nova-parceria\/\" data-orig-file=\"https:\/\/i0.wp.com\/agrund.com\/wp-content\/uploads\/sites\/6\/2014\/03\/ann-taylor-e-kate-hudson-lancam-nova-parceria.jpg?fit=400%2C601&amp;ssl=1\" data-orig-size=\"400,601\" data-comments-opened=\"1\" data-image-meta=\"{&quot;aperture&quot;:&quot;0&quot;,&quot;credit&quot;:&quot;&quot;,&quot;camera&quot;:&quot;&quot;,&quot;caption&quot;:&quot;&quot;,&quot;created_timestamp&quot;:&quot;0&quot;,&quot;copyright&quot;:&quot;&quot;,&quot;focal_length&quot;:&quot;0&quot;,&quot;iso&quot;:&quot;0&quot;,&quot;shutter_speed&quot;:&quot;0&quot;,&quot;title&quot;:&quot;&quot;,&quot;orientation&quot;:&quot;0&quot;}\" data-image-title=\"ann-taylor-e-kate-hudson-lancam-nova-parceria\" data-image-description=\"\" data-image-caption=\"&lt;p&gt;Ann Taylor e Kate Hudson lan\u00e7am nova parceria &lt;\/p&gt;\n\" data-medium-file=\"https:\/\/i0.wp.com\/agrund.com\/wp-content\/uploads\/sites\/6\/2014\/03\/ann-taylor-e-kate-hudson-lancam-nova-parceria.jpg?fit=200%2C300&amp;ssl=1\" data-large-file=\"https:\/\/i0.wp.com\/agrund.com\/wp-content\/uploads\/sites\/6\/2014\/03\/ann-taylor-e-kate-hudson-lancam-nova-parceria.jpg?fit=400%2C601&amp;ssl=1\" decoding=\"async\" loading=\"lazy\" class=\"size-large wp-image-99093\" alt=\"Ann Taylor e Kate Hudson lan\u00e7am nova parceria \" src=\"https:\/\/i0.wp.com\/www.agrund.com\/wp-content\/uploads\/sites\/6\/cache\/2014\/03\/ann-taylor-e-kate-hudson-lancam-nova-parceria\/565447048.jpg?resize=400%2C601\" width=\"400\" height=\"601\" data-recalc-dims=\"1\" \/><\/a><p id=\"caption-attachment-99093\" class=\"wp-caption-text\">Ann Taylor e Kate Hudson lan\u00e7am nova parceria<\/p><\/div>\n<p>Imagens: Reprodu\u00e7\u00e3o.<\/p>\n","protected":false},"excerpt":{"rendered":"<p>Kate Hudson segue firme na parceria com a grife Ann Taylor e tem mais uma novidade para todas as clientes e adoradoras da marca! Sabe aqueles vestidos pretos que n\u00e3o podem faltar no guarda-roupa de qualquer mulher? Foi pensando nisso que Kate desenvolveu a nova cole\u00e7\u00e3o-c\u00e1psula com vestidos pretos para todas as ocasi\u00f5es, desde curtos [&hellip;]<\/p>\n","protected":false},"author":1,"featured_media":99094,"comment_status":"open","ping_status":"open","sticky":false,"template":"","format":"standard","meta":{"jetpack_post_was_ever_published":false,"_jetpack_newsletter_access":"","jetpack_publicize_message":"","jetpack_is_tweetstorm":false,"jetpack_publicize_feature_enabled":true,"jetpack_social_post_already_shared":true,"jetpack_social_options":{"image_generator_settings":{"template":"highway","enabled":false}}},"categories":[2],"tags":[],"jetpack_publicize_connections":[],"jetpack_featured_media_url":"https:\/\/i0.wp.com\/agrund.com\/wp-content\/uploads\/sites\/6\/2014\/03\/slide98.jpg?fit=960%2C300&ssl=1","jetpack_sharing_enabled":true,"jetpack_shortlink":"https:\/\/wp.me\/p3Hz0n-pMg","jetpack_likes_enabled":true,"_links":{"self":[{"href":"https:\/\/agrund.com\/index.php\/wp-json\/wp\/v2\/posts\/99092"}],"collection":[{"href":"https:\/\/agrund.com\/index.php\/wp-json\/wp\/v2\/posts"}],"about":[{"href":"https:\/\/agrund.com\/index.php\/wp-json\/wp\/v2\/types\/post"}],"author":[{"embeddable":true,"href":"https:\/\/agrund.com\/index.php\/wp-json\/wp\/v2\/users\/1"}],"replies":[{"embeddable":true,"href":"https:\/\/agrund.com\/index.php\/wp-json\/wp\/v2\/comments?post=99092"}],"version-history":[{"count":0,"href":"https:\/\/agrund.com\/index.php\/wp-json\/wp\/v2\/posts\/99092\/revisions"}],"wp:featuredmedia":[{"embeddable":true,"href":"https:\/\/agrund.com\/index.php\/wp-json\/wp\/v2\/media\/99094"}],"wp:attachment":[{"href":"https:\/\/agrund.com\/index.php\/wp-json\/wp\/v2\/media?parent=99092"}],"wp:term":[{"taxonomy":"category","embeddable":true,"href":"https:\/\/agrund.com\/index.php\/wp-json\/wp\/v2\/categories?post=99092"},{"taxonomy":"post_tag","embeddable":true,"href":"https:\/\/agrund.com\/index.php\/wp-json\/wp\/v2\/tags?post=99092"}],"curies":[{"name":"wp","href":"https:\/\/api.w.org\/{rel}","templated":true}]}}