{"id":99087,"date":"2014-03-19T19:00:13","date_gmt":"2014-03-19T22:00:13","guid":{"rendered":"http:\/\/www.agrund.com\/?p=99087"},"modified":"2014-03-19T16:11:58","modified_gmt":"2014-03-19T19:11:58","slug":"o-essencial-costanza-pascolato-no-rio-de-janeiro","status":"publish","type":"post","link":"https:\/\/agrund.com\/index.php\/o-essencial-costanza-pascolato-no-rio-de-janeiro\/","title":{"rendered":"O essencial :: Costanza Pascolato no Rio de Janeiro"},"content":{"rendered":"<p>Costanza Pascolato recebe amigos e convidados na Burberry no Village Mall, no Rio de Janeiro, para autografar o seu livro \u201cO essencial\u201d. A publica\u00e7\u00e3o volta com mudan\u00e7as gr\u00e1ficas e editoriais, al\u00e9m de dicas atualizadas para quem \u00e9 ligado em moda, apontando oito essenciais que toda mulher deve ter: saia preta, terno, cal\u00e7a jeans, camisa branca, cardig\u00e3, camiseta, vestido preto e o cl\u00e1ssico Trench Coat Burberry. A pe\u00e7a ic\u00f4nica entrou na lista dos essenciais nesta nova edi\u00e7\u00e3o, ap\u00f3s Costanza participar do projeto Art Of The Trench Burberry e se apaixonar pelo casaco. Veja a imagem da \u00edcone de estilo com a pe\u00e7a.<\/p>\n<div id=\"attachment_99088\" style=\"width: 510px\" class=\"wp-caption aligncenter\"><a href=\"https:\/\/i0.wp.com\/www.agrund.com\/wp-content\/uploads\/sites\/6\/2014\/03\/o-essencial-costanza-pascolato-no-rio-de-janeiro-1.jpg\"><img aria-describedby=\"caption-attachment-99088\" data-attachment-id=\"99088\" data-permalink=\"https:\/\/agrund.com\/index.php\/o-essencial-costanza-pascolato-no-rio-de-janeiro\/o-essencial-costanza-pascolato-no-rio-de-janeiro-1\/\" data-orig-file=\"https:\/\/i0.wp.com\/agrund.com\/wp-content\/uploads\/sites\/6\/2014\/03\/o-essencial-costanza-pascolato-no-rio-de-janeiro-1.jpg?fit=500%2C710&amp;ssl=1\" data-orig-size=\"500,710\" data-comments-opened=\"1\" data-image-meta=\"{&quot;aperture&quot;:&quot;0&quot;,&quot;credit&quot;:&quot;&quot;,&quot;camera&quot;:&quot;&quot;,&quot;caption&quot;:&quot;&quot;,&quot;created_timestamp&quot;:&quot;0&quot;,&quot;copyright&quot;:&quot;&quot;,&quot;focal_length&quot;:&quot;0&quot;,&quot;iso&quot;:&quot;0&quot;,&quot;shutter_speed&quot;:&quot;0&quot;,&quot;title&quot;:&quot;&quot;,&quot;orientation&quot;:&quot;0&quot;}\" data-image-title=\"o-essencial-costanza-pascolato-no-rio-de-janeiro (1)\" data-image-description=\"\" data-image-caption=\"&lt;p&gt;O essencial :: Costanza Pascolato no Rio de Janeiro&lt;\/p&gt;\n\" data-medium-file=\"https:\/\/i0.wp.com\/agrund.com\/wp-content\/uploads\/sites\/6\/2014\/03\/o-essencial-costanza-pascolato-no-rio-de-janeiro-1.jpg?fit=211%2C300&amp;ssl=1\" data-large-file=\"https:\/\/i0.wp.com\/agrund.com\/wp-content\/uploads\/sites\/6\/2014\/03\/o-essencial-costanza-pascolato-no-rio-de-janeiro-1.jpg?fit=500%2C710&amp;ssl=1\" decoding=\"async\" loading=\"lazy\" class=\"size-large wp-image-99088\" alt=\"O essencial :: Costanza Pascolato no Rio de Janeiro\" src=\"https:\/\/i0.wp.com\/www.agrund.com\/wp-content\/uploads\/sites\/6\/cache\/2014\/03\/o-essencial-costanza-pascolato-no-rio-de-janeiro-1\/505817617.jpg?resize=500%2C710\" width=\"500\" height=\"710\" data-recalc-dims=\"1\" \/><\/a><p id=\"caption-attachment-99088\" class=\"wp-caption-text\">O essencial :: Costanza Pascolato no Rio de Janeiro<\/p><\/div>\n<div id=\"attachment_99089\" style=\"width: 510px\" class=\"wp-caption aligncenter\"><a href=\"https:\/\/i0.wp.com\/www.agrund.com\/wp-content\/uploads\/sites\/6\/2014\/03\/o-essencial-costanza-pascolato-no-rio-de-janeiro-2.jpg\"><img aria-describedby=\"caption-attachment-99089\" data-attachment-id=\"99089\" data-permalink=\"https:\/\/agrund.com\/index.php\/o-essencial-costanza-pascolato-no-rio-de-janeiro\/o-essencial-costanza-pascolato-no-rio-de-janeiro-2\/\" data-orig-file=\"https:\/\/i0.wp.com\/agrund.com\/wp-content\/uploads\/sites\/6\/2014\/03\/o-essencial-costanza-pascolato-no-rio-de-janeiro-2.jpg?fit=500%2C751&amp;ssl=1\" data-orig-size=\"500,751\" data-comments-opened=\"1\" data-image-meta=\"{&quot;aperture&quot;:&quot;0&quot;,&quot;credit&quot;:&quot;&quot;,&quot;camera&quot;:&quot;&quot;,&quot;caption&quot;:&quot;&quot;,&quot;created_timestamp&quot;:&quot;0&quot;,&quot;copyright&quot;:&quot;&quot;,&quot;focal_length&quot;:&quot;0&quot;,&quot;iso&quot;:&quot;0&quot;,&quot;shutter_speed&quot;:&quot;0&quot;,&quot;title&quot;:&quot;&quot;,&quot;orientation&quot;:&quot;0&quot;}\" data-image-title=\"o-essencial-costanza-pascolato-no-rio-de-janeiro (2)\" data-image-description=\"\" data-image-caption=\"&lt;p&gt;O essencial :: Costanza Pascolato no Rio de Janeiro&lt;\/p&gt;\n\" data-medium-file=\"https:\/\/i0.wp.com\/agrund.com\/wp-content\/uploads\/sites\/6\/2014\/03\/o-essencial-costanza-pascolato-no-rio-de-janeiro-2.jpg?fit=200%2C300&amp;ssl=1\" data-large-file=\"https:\/\/i0.wp.com\/agrund.com\/wp-content\/uploads\/sites\/6\/2014\/03\/o-essencial-costanza-pascolato-no-rio-de-janeiro-2.jpg?fit=500%2C751&amp;ssl=1\" decoding=\"async\" loading=\"lazy\" class=\"size-large wp-image-99089\" alt=\"O essencial :: Costanza Pascolato no Rio de Janeiro\" src=\"https:\/\/i0.wp.com\/www.agrund.com\/wp-content\/uploads\/sites\/6\/cache\/2014\/03\/o-essencial-costanza-pascolato-no-rio-de-janeiro-2\/2427006450.jpg?resize=500%2C751\" width=\"500\" height=\"751\" data-recalc-dims=\"1\" \/><\/a><p id=\"caption-attachment-99089\" class=\"wp-caption-text\">O essencial :: Costanza Pascolato no Rio de Janeiro<\/p><\/div>\n<p>Servi\u00e7o:<br \/>\nNoite de aut\u00f3grafos &#8211; \u2018O Essencial\u2019 (Editora Jaboticaba), por Costanza Pascolato<br \/>\nLocal: Loja Burberry do Village Mall (Avenida das Am\u00e9ricas, 3.900, Barra da Tijuca, RJ &#8211; T\u00e9rreo)<br \/>\nDia: 24 de mar\u00e7o (segunda-feira)<br \/>\nHor\u00e1rio: \u00e0s 18h.<\/p>\n<p>Imagens: Divulga\u00e7\u00e3o.<\/p>\n","protected":false},"excerpt":{"rendered":"<p>Costanza Pascolato recebe amigos e convidados na Burberry no Village Mall, no Rio de Janeiro, para autografar o seu livro \u201cO essencial\u201d. A publica\u00e7\u00e3o volta com mudan\u00e7as gr\u00e1ficas e editoriais, al\u00e9m de dicas atualizadas para quem \u00e9 ligado em moda, apontando oito essenciais que toda mulher deve ter: saia preta, terno, cal\u00e7a jeans, camisa branca, [&hellip;]<\/p>\n","protected":false},"author":1,"featured_media":99090,"comment_status":"open","ping_status":"open","sticky":false,"template":"","format":"standard","meta":{"jetpack_post_was_ever_published":false,"_jetpack_newsletter_access":"","jetpack_publicize_message":"","jetpack_is_tweetstorm":false,"jetpack_publicize_feature_enabled":true,"jetpack_social_post_already_shared":true,"jetpack_social_options":{"image_generator_settings":{"template":"highway","enabled":false}}},"categories":[2],"tags":[],"jetpack_publicize_connections":[],"jetpack_featured_media_url":"https:\/\/i0.wp.com\/agrund.com\/wp-content\/uploads\/sites\/6\/2014\/03\/slide97.jpg?fit=960%2C300&ssl=1","jetpack_sharing_enabled":true,"jetpack_shortlink":"https:\/\/wp.me\/p3Hz0n-pMb","jetpack_likes_enabled":true,"_links":{"self":[{"href":"https:\/\/agrund.com\/index.php\/wp-json\/wp\/v2\/posts\/99087"}],"collection":[{"href":"https:\/\/agrund.com\/index.php\/wp-json\/wp\/v2\/posts"}],"about":[{"href":"https:\/\/agrund.com\/index.php\/wp-json\/wp\/v2\/types\/post"}],"author":[{"embeddable":true,"href":"https:\/\/agrund.com\/index.php\/wp-json\/wp\/v2\/users\/1"}],"replies":[{"embeddable":true,"href":"https:\/\/agrund.com\/index.php\/wp-json\/wp\/v2\/comments?post=99087"}],"version-history":[{"count":0,"href":"https:\/\/agrund.com\/index.php\/wp-json\/wp\/v2\/posts\/99087\/revisions"}],"wp:featuredmedia":[{"embeddable":true,"href":"https:\/\/agrund.com\/index.php\/wp-json\/wp\/v2\/media\/99090"}],"wp:attachment":[{"href":"https:\/\/agrund.com\/index.php\/wp-json\/wp\/v2\/media?parent=99087"}],"wp:term":[{"taxonomy":"category","embeddable":true,"href":"https:\/\/agrund.com\/index.php\/wp-json\/wp\/v2\/categories?post=99087"},{"taxonomy":"post_tag","embeddable":true,"href":"https:\/\/agrund.com\/index.php\/wp-json\/wp\/v2\/tags?post=99087"}],"curies":[{"name":"wp","href":"https:\/\/api.w.org\/{rel}","templated":true}]}}