{"id":99069,"date":"2014-03-19T17:00:14","date_gmt":"2014-03-19T20:00:14","guid":{"rendered":"http:\/\/www.agrund.com\/?p=99069"},"modified":"2014-03-19T15:03:15","modified_gmt":"2014-03-19T18:03:15","slug":"20-anos-dedicados-a-corrida","status":"publish","type":"post","link":"https:\/\/agrund.com\/index.php\/20-anos-dedicados-a-corrida\/","title":{"rendered":"20 anos dedicados a corrida"},"content":{"rendered":"<p>A ASICS comemora os 20 anos de lan\u00e7amento e sucesso do seu modelo GEL-KAYANO 20. Depois de correr nos p\u00e9s de muitos amantes das passadas r\u00e1pidas, o modelo chega a sua vig\u00e9sima edi\u00e7\u00e3o com caracter\u00edsticas que o tornaram refer\u00eancia entre os corredores. E para celebrar esta marca expressiva, a empresa japonesa lan\u00e7a no Brasil um &#8220;box especial&#8221; de anivers\u00e1rio.<\/p>\n<p>O combo traz o GEL\u2014KAYANO 20 e uma surpresa aos f\u00e3s do cal\u00e7ado: o GEL-KAYANO TRAINER, que traz a silhueta da primeira edi\u00e7\u00e3o do GEL-KAYANO exatamente como 1993. Esta &#8220;edi\u00e7\u00e3o de colecionador&#8221; tem como objetivo resgatar a hist\u00f3ria do GEL-KAYANO, al\u00e9m de oferecer um produto exclusivo aos amantes do modelo.<\/p>\n<p>&#8220;Decidimos lan\u00e7ar este box especial para celebrar a hist\u00f3ria de um de nossos principais produtos. \u00c9 uma rever\u00eancia \u00e0s ra\u00edzes da marca na hist\u00f3ria do Running e se tornar\u00e1 objeto de desejo entre os amantes da corrida e colecionadores de t\u00eanis&#8221;, afirma Giovani Decker, presidente da ASICS Brasil.<\/p>\n<p>O produto chega ao Brasil em mar\u00e7o. Quem vai querer?<\/p>\n<div id=\"attachment_99070\" style=\"width: 510px\" class=\"wp-caption aligncenter\"><a href=\"https:\/\/i0.wp.com\/www.agrund.com\/wp-content\/uploads\/sites\/6\/2014\/03\/20-anos-dedicados-a-corrida-1.jpg\"><img aria-describedby=\"caption-attachment-99070\" data-attachment-id=\"99070\" data-permalink=\"https:\/\/agrund.com\/index.php\/20-anos-dedicados-a-corrida\/20-anos-dedicados-a-corrida-1\/\" data-orig-file=\"https:\/\/i0.wp.com\/agrund.com\/wp-content\/uploads\/sites\/6\/2014\/03\/20-anos-dedicados-a-corrida-1.jpg?fit=500%2C333&amp;ssl=1\" data-orig-size=\"500,333\" data-comments-opened=\"1\" data-image-meta=\"{&quot;aperture&quot;:&quot;0&quot;,&quot;credit&quot;:&quot;&quot;,&quot;camera&quot;:&quot;&quot;,&quot;caption&quot;:&quot;&quot;,&quot;created_timestamp&quot;:&quot;0&quot;,&quot;copyright&quot;:&quot;&quot;,&quot;focal_length&quot;:&quot;0&quot;,&quot;iso&quot;:&quot;0&quot;,&quot;shutter_speed&quot;:&quot;0&quot;,&quot;title&quot;:&quot;&quot;,&quot;orientation&quot;:&quot;0&quot;}\" data-image-title=\"20-anos-dedicados-a-corrida (1)\" data-image-description=\"\" data-image-caption=\"&lt;p&gt;20 anos dedicados a corrida&lt;\/p&gt;\n\" data-medium-file=\"https:\/\/i0.wp.com\/agrund.com\/wp-content\/uploads\/sites\/6\/2014\/03\/20-anos-dedicados-a-corrida-1.jpg?fit=300%2C200&amp;ssl=1\" data-large-file=\"https:\/\/i0.wp.com\/agrund.com\/wp-content\/uploads\/sites\/6\/2014\/03\/20-anos-dedicados-a-corrida-1.jpg?fit=500%2C333&amp;ssl=1\" decoding=\"async\" loading=\"lazy\" class=\"size-large wp-image-99070\" alt=\"20 anos dedicados a corrida\" src=\"https:\/\/i0.wp.com\/www.agrund.com\/wp-content\/uploads\/sites\/6\/cache\/2014\/03\/20-anos-dedicados-a-corrida-1\/3168930103.jpg?resize=500%2C333\" width=\"500\" height=\"333\" data-recalc-dims=\"1\" \/><\/a><p id=\"caption-attachment-99070\" class=\"wp-caption-text\">20 anos dedicados a corrida<\/p><\/div>\n<div id=\"attachment_99071\" style=\"width: 510px\" class=\"wp-caption aligncenter\"><a href=\"https:\/\/i0.wp.com\/www.agrund.com\/wp-content\/uploads\/sites\/6\/2014\/03\/20-anos-dedicados-a-corrida-2.jpg\"><img aria-describedby=\"caption-attachment-99071\" data-attachment-id=\"99071\" data-permalink=\"https:\/\/agrund.com\/index.php\/20-anos-dedicados-a-corrida\/20-anos-dedicados-a-corrida-2\/\" data-orig-file=\"https:\/\/i0.wp.com\/agrund.com\/wp-content\/uploads\/sites\/6\/2014\/03\/20-anos-dedicados-a-corrida-2.jpg?fit=500%2C500&amp;ssl=1\" data-orig-size=\"500,500\" data-comments-opened=\"1\" data-image-meta=\"{&quot;aperture&quot;:&quot;0&quot;,&quot;credit&quot;:&quot;&quot;,&quot;camera&quot;:&quot;&quot;,&quot;caption&quot;:&quot;&quot;,&quot;created_timestamp&quot;:&quot;0&quot;,&quot;copyright&quot;:&quot;&quot;,&quot;focal_length&quot;:&quot;0&quot;,&quot;iso&quot;:&quot;0&quot;,&quot;shutter_speed&quot;:&quot;0&quot;,&quot;title&quot;:&quot;&quot;,&quot;orientation&quot;:&quot;0&quot;}\" data-image-title=\"20-anos-dedicados-a-corrida (2)\" data-image-description=\"\" data-image-caption=\"&lt;p&gt;20 anos dedicados a corrida&lt;\/p&gt;\n\" data-medium-file=\"https:\/\/i0.wp.com\/agrund.com\/wp-content\/uploads\/sites\/6\/2014\/03\/20-anos-dedicados-a-corrida-2.jpg?fit=300%2C300&amp;ssl=1\" data-large-file=\"https:\/\/i0.wp.com\/agrund.com\/wp-content\/uploads\/sites\/6\/2014\/03\/20-anos-dedicados-a-corrida-2.jpg?fit=500%2C500&amp;ssl=1\" decoding=\"async\" loading=\"lazy\" class=\"size-large wp-image-99071\" alt=\"20 anos dedicados a corrida\" src=\"https:\/\/i0.wp.com\/www.agrund.com\/wp-content\/uploads\/sites\/6\/cache\/2014\/03\/20-anos-dedicados-a-corrida-2\/846008020.jpg?resize=500%2C500\" width=\"500\" height=\"500\" data-recalc-dims=\"1\" \/><\/a><p id=\"caption-attachment-99071\" class=\"wp-caption-text\">20 anos dedicados a corrida<\/p><\/div>\n<div id=\"attachment_99072\" style=\"width: 510px\" class=\"wp-caption aligncenter\"><a href=\"https:\/\/i0.wp.com\/www.agrund.com\/wp-content\/uploads\/sites\/6\/2014\/03\/20-anos-dedicados-a-corrida-3.jpg\"><img aria-describedby=\"caption-attachment-99072\" data-attachment-id=\"99072\" data-permalink=\"https:\/\/agrund.com\/index.php\/20-anos-dedicados-a-corrida\/20-anos-dedicados-a-corrida-3\/\" data-orig-file=\"https:\/\/i0.wp.com\/agrund.com\/wp-content\/uploads\/sites\/6\/2014\/03\/20-anos-dedicados-a-corrida-3.jpg?fit=500%2C333&amp;ssl=1\" data-orig-size=\"500,333\" data-comments-opened=\"1\" data-image-meta=\"{&quot;aperture&quot;:&quot;0&quot;,&quot;credit&quot;:&quot;&quot;,&quot;camera&quot;:&quot;&quot;,&quot;caption&quot;:&quot;&quot;,&quot;created_timestamp&quot;:&quot;0&quot;,&quot;copyright&quot;:&quot;&quot;,&quot;focal_length&quot;:&quot;0&quot;,&quot;iso&quot;:&quot;0&quot;,&quot;shutter_speed&quot;:&quot;0&quot;,&quot;title&quot;:&quot;&quot;,&quot;orientation&quot;:&quot;0&quot;}\" data-image-title=\"20-anos-dedicados-a-corrida (3)\" data-image-description=\"\" data-image-caption=\"&lt;p&gt;20 anos dedicados a corrida&lt;\/p&gt;\n\" data-medium-file=\"https:\/\/i0.wp.com\/agrund.com\/wp-content\/uploads\/sites\/6\/2014\/03\/20-anos-dedicados-a-corrida-3.jpg?fit=300%2C200&amp;ssl=1\" data-large-file=\"https:\/\/i0.wp.com\/agrund.com\/wp-content\/uploads\/sites\/6\/2014\/03\/20-anos-dedicados-a-corrida-3.jpg?fit=500%2C333&amp;ssl=1\" decoding=\"async\" loading=\"lazy\" class=\"size-large wp-image-99072\" alt=\"20 anos dedicados a corrida\" src=\"https:\/\/i0.wp.com\/www.agrund.com\/wp-content\/uploads\/sites\/6\/cache\/2014\/03\/20-anos-dedicados-a-corrida-3\/4274458186.jpg?resize=500%2C333\" width=\"500\" height=\"333\" data-recalc-dims=\"1\" \/><\/a><p id=\"caption-attachment-99072\" class=\"wp-caption-text\">20 anos dedicados a corrida<\/p><\/div>\n<div id=\"attachment_99073\" style=\"width: 510px\" class=\"wp-caption aligncenter\"><a href=\"https:\/\/i0.wp.com\/www.agrund.com\/wp-content\/uploads\/sites\/6\/2014\/03\/20-anos-dedicados-a-corrida-4.jpg\"><img aria-describedby=\"caption-attachment-99073\" data-attachment-id=\"99073\" data-permalink=\"https:\/\/agrund.com\/index.php\/20-anos-dedicados-a-corrida\/20-anos-dedicados-a-corrida-4\/\" data-orig-file=\"https:\/\/i0.wp.com\/agrund.com\/wp-content\/uploads\/sites\/6\/2014\/03\/20-anos-dedicados-a-corrida-4.jpg?fit=500%2C333&amp;ssl=1\" data-orig-size=\"500,333\" data-comments-opened=\"1\" data-image-meta=\"{&quot;aperture&quot;:&quot;0&quot;,&quot;credit&quot;:&quot;&quot;,&quot;camera&quot;:&quot;&quot;,&quot;caption&quot;:&quot;&quot;,&quot;created_timestamp&quot;:&quot;0&quot;,&quot;copyright&quot;:&quot;&quot;,&quot;focal_length&quot;:&quot;0&quot;,&quot;iso&quot;:&quot;0&quot;,&quot;shutter_speed&quot;:&quot;0&quot;,&quot;title&quot;:&quot;&quot;,&quot;orientation&quot;:&quot;0&quot;}\" data-image-title=\"20-anos-dedicados-a-corrida (4)\" data-image-description=\"\" data-image-caption=\"&lt;p&gt;20 anos dedicados a corrida&lt;\/p&gt;\n\" data-medium-file=\"https:\/\/i0.wp.com\/agrund.com\/wp-content\/uploads\/sites\/6\/2014\/03\/20-anos-dedicados-a-corrida-4.jpg?fit=300%2C200&amp;ssl=1\" data-large-file=\"https:\/\/i0.wp.com\/agrund.com\/wp-content\/uploads\/sites\/6\/2014\/03\/20-anos-dedicados-a-corrida-4.jpg?fit=500%2C333&amp;ssl=1\" decoding=\"async\" loading=\"lazy\" class=\"size-large wp-image-99073\" alt=\"20 anos dedicados a corrida\" src=\"https:\/\/i0.wp.com\/www.agrund.com\/wp-content\/uploads\/sites\/6\/cache\/2014\/03\/20-anos-dedicados-a-corrida-4\/4093773651.jpg?resize=500%2C333\" width=\"500\" height=\"333\" data-recalc-dims=\"1\" \/><\/a><p id=\"caption-attachment-99073\" class=\"wp-caption-text\">20 anos dedicados a corrida<\/p><\/div>\n<p>Imagens: Divulga\u00e7\u00e3o.<\/p>\n","protected":false},"excerpt":{"rendered":"<p>A ASICS comemora os 20 anos de lan\u00e7amento e sucesso do seu modelo GEL-KAYANO 20. Depois de correr nos p\u00e9s de muitos amantes das passadas r\u00e1pidas, o modelo chega a sua vig\u00e9sima edi\u00e7\u00e3o com caracter\u00edsticas que o tornaram refer\u00eancia entre os corredores. E para celebrar esta marca expressiva, a empresa japonesa lan\u00e7a no Brasil um [&hellip;]<\/p>\n","protected":false},"author":1,"featured_media":99074,"comment_status":"open","ping_status":"open","sticky":false,"template":"","format":"standard","meta":{"jetpack_post_was_ever_published":false,"_jetpack_newsletter_access":"","jetpack_publicize_message":"","jetpack_is_tweetstorm":false,"jetpack_publicize_feature_enabled":true,"jetpack_social_post_already_shared":true,"jetpack_social_options":{"image_generator_settings":{"template":"highway","enabled":false}}},"categories":[2],"tags":[],"jetpack_publicize_connections":[],"jetpack_featured_media_url":"https:\/\/i0.wp.com\/agrund.com\/wp-content\/uploads\/sites\/6\/2014\/03\/slide95.jpg?fit=960%2C300&ssl=1","jetpack_sharing_enabled":true,"jetpack_shortlink":"https:\/\/wp.me\/p3Hz0n-pLT","jetpack_likes_enabled":true,"_links":{"self":[{"href":"https:\/\/agrund.com\/index.php\/wp-json\/wp\/v2\/posts\/99069"}],"collection":[{"href":"https:\/\/agrund.com\/index.php\/wp-json\/wp\/v2\/posts"}],"about":[{"href":"https:\/\/agrund.com\/index.php\/wp-json\/wp\/v2\/types\/post"}],"author":[{"embeddable":true,"href":"https:\/\/agrund.com\/index.php\/wp-json\/wp\/v2\/users\/1"}],"replies":[{"embeddable":true,"href":"https:\/\/agrund.com\/index.php\/wp-json\/wp\/v2\/comments?post=99069"}],"version-history":[{"count":0,"href":"https:\/\/agrund.com\/index.php\/wp-json\/wp\/v2\/posts\/99069\/revisions"}],"wp:featuredmedia":[{"embeddable":true,"href":"https:\/\/agrund.com\/index.php\/wp-json\/wp\/v2\/media\/99074"}],"wp:attachment":[{"href":"https:\/\/agrund.com\/index.php\/wp-json\/wp\/v2\/media?parent=99069"}],"wp:term":[{"taxonomy":"category","embeddable":true,"href":"https:\/\/agrund.com\/index.php\/wp-json\/wp\/v2\/categories?post=99069"},{"taxonomy":"post_tag","embeddable":true,"href":"https:\/\/agrund.com\/index.php\/wp-json\/wp\/v2\/tags?post=99069"}],"curies":[{"name":"wp","href":"https:\/\/api.w.org\/{rel}","templated":true}]}}