{"id":985,"date":"2010-10-18T21:41:31","date_gmt":"2010-10-18T23:41:31","guid":{"rendered":"http:\/\/www.agrund.com\/blogs\/notas\/?p=985"},"modified":"2010-10-18T21:41:31","modified_gmt":"2010-10-18T23:41:31","slug":"vii-semana-de-moda-e-cultura","status":"publish","type":"post","link":"https:\/\/agrund.com\/index.php\/vii-semana-de-moda-e-cultura\/","title":{"rendered":"VII Semana de Moda e Cultura"},"content":{"rendered":"<p style=\"text-align: justify\"><span style=\"color: #493324\"><a><img decoding=\"async\" loading=\"lazy\" class=\"aligncenter size-full wp-image-998\" title=\"destaque_semana_cultura\" src=\"\/wp-content\/uploads\/2010\/10\/destaque_semana_cultura.jpg\" alt=\"\" width=\"350\" height=\"210\" \/><\/a>Essa semana a Livraria Cultura se dedicar\u00e1 \u00e0 sua VII Semana de Moda e Cultura. O projeto foi criado em 2004 pela consultora e especialista de moda e cria\u00e7\u00e3o Dhora Costa, que precebeu a possibilidade de chamar os criadores que desfilavam na S\u00e3o Paulo Fashion Week para falar de seus trabalhos. <!--more--><\/span><\/p>\n<p style=\"text-align: justify\"><span style=\"color: #493324\">Desde ent\u00e3o, o evento tem recebido estilistas, consultores, stylists, jornalistas e cr\u00edticos de moda para dividir com o p\u00fablico desde seus processos de cria\u00e7\u00e3o at\u00e9 suas experi\u00eancias no mercado.<\/span><\/p>\n<p style=\"text-align: justify\"><span style=\"color: #493324\">Nesta edi\u00e7\u00e3o, os aprticipantes assistir\u00e3o \u00e0 palestra dos estilistas Samuel Cirnansck, Walter Rodrigues, Alexandre Herchovitch e Chiara Gadaleta, al\u00e9m do professor de hist\u00f3ria da moda Jo\u00e3o Braga e do stylist e artista pl\u00e1stico Maur\u00edcio Ian\u00eas. Al\u00e9m disso, tamb\u00e9m haver\u00e3o desfiles dos alunos do Centro Universint\u00e1rio Belas Artes e da FMU.<\/span><\/p>\n<p style=\"text-align: justify\"><span style=\"color: #493324\">Confira a programa\u00e7\u00e3o completa <a href=\"http:\/\/www.livrariacultura.com.br\/scripts\/banners\/pag_especiais\/2010\/semana_moda\/index.asp\" target=\"_blank\">aqui<\/a>.<\/span><\/p>\n<p style=\"text-align: justify\"><img decoding=\"async\" loading=\"lazy\" class=\"aligncenter size-full wp-image-986\" title=\"Picture 1\" src=\"\/wp-content\/uploads\/2010\/10\/Picture-1.png\" alt=\"\" width=\"383\" height=\"289\" \/><\/p>\n","protected":false},"excerpt":{"rendered":"<p>Essa semana a Livraria Cultura se dedicar\u00e1 \u00e0 sua VII Semana de Moda e Cultura. O projeto foi criado em 2004 pela consultora e especialista de moda e cria\u00e7\u00e3o Dhora Costa, que precebeu a possibilidade de chamar os criadores que desfilavam na S\u00e3o Paulo Fashion Week para falar de seus trabalhos.<\/p>\n","protected":false},"author":8,"featured_media":998,"comment_status":"open","ping_status":"open","sticky":false,"template":"","format":"standard","meta":{"jetpack_post_was_ever_published":false,"_jetpack_newsletter_access":"","jetpack_publicize_message":"","jetpack_is_tweetstorm":false,"jetpack_publicize_feature_enabled":true,"jetpack_social_post_already_shared":false,"jetpack_social_options":{"image_generator_settings":{"template":"highway","enabled":false}}},"categories":[2],"tags":[],"jetpack_publicize_connections":[],"jetpack_featured_media_url":"","jetpack_sharing_enabled":true,"jetpack_shortlink":"https:\/\/wp.me\/p3Hz0n-fT","jetpack_likes_enabled":true,"_links":{"self":[{"href":"https:\/\/agrund.com\/index.php\/wp-json\/wp\/v2\/posts\/985"}],"collection":[{"href":"https:\/\/agrund.com\/index.php\/wp-json\/wp\/v2\/posts"}],"about":[{"href":"https:\/\/agrund.com\/index.php\/wp-json\/wp\/v2\/types\/post"}],"author":[{"embeddable":true,"href":"https:\/\/agrund.com\/index.php\/wp-json\/wp\/v2\/users\/8"}],"replies":[{"embeddable":true,"href":"https:\/\/agrund.com\/index.php\/wp-json\/wp\/v2\/comments?post=985"}],"version-history":[{"count":0,"href":"https:\/\/agrund.com\/index.php\/wp-json\/wp\/v2\/posts\/985\/revisions"}],"wp:featuredmedia":[{"embeddable":true,"href":"https:\/\/agrund.com\/index.php\/wp-json\/"}],"wp:attachment":[{"href":"https:\/\/agrund.com\/index.php\/wp-json\/wp\/v2\/media?parent=985"}],"wp:term":[{"taxonomy":"category","embeddable":true,"href":"https:\/\/agrund.com\/index.php\/wp-json\/wp\/v2\/categories?post=985"},{"taxonomy":"post_tag","embeddable":true,"href":"https:\/\/agrund.com\/index.php\/wp-json\/wp\/v2\/tags?post=985"}],"curies":[{"name":"wp","href":"https:\/\/api.w.org\/{rel}","templated":true}]}}