{"id":97233,"date":"2014-02-23T11:19:55","date_gmt":"2014-02-23T14:19:55","guid":{"rendered":"http:\/\/www.agrund.com\/?p=97233"},"modified":"2014-02-23T11:19:55","modified_gmt":"2014-02-23T14:19:55","slug":"semana-de-moda-de-milao-moschino-inverno-2014-2","status":"publish","type":"post","link":"https:\/\/agrund.com\/index.php\/semana-de-moda-de-milao-moschino-inverno-2014-2\/","title":{"rendered":"Semana de Moda de Mil\u00e3o :: Moschino Inverno 2014"},"content":{"rendered":"<p>Uma ode \u00e0 cultura de consumo no melhor dos sentidos. Foi assim a apresenta\u00e7\u00e3o da Moschino Inverno 2014\/2015. Essa foi a primeira cole\u00e7\u00e3o sob a supervis\u00e3o do estilista americano Jeremy Cott. Irrever\u00eancia e muitas formas, ou seriam sabores? Ele uniu sandu\u00edches e batatas fritas do Mc Donald\u00b4s, usou uma famosa embalagem de chocolates como convite\/comest\u00edvel, trouxe famosos salgados americanos e dentro desse banquete todo, estampas da cerveja Budweiser. Achou muito? Ent\u00e3o adicione a tudo isso Bob Esponja em suas diversas formas e emprestando suas texturas para outras pe\u00e7as, muito couro e metalizado dourado. Para arrematar, a marca Moschino aplicada em v\u00e1rios acess\u00f3rios. Divirta-se ent\u00e3o!<\/p>\n<div id=\"attachment_97234\" style=\"width: 460px\" class=\"wp-caption aligncenter\"><a href=\"https:\/\/i0.wp.com\/www.agrund.com\/wp-content\/uploads\/sites\/6\/2014\/02\/semana-de-moda-de-milao-moschino-inverno-2014-2-1.jpg\"><img aria-describedby=\"caption-attachment-97234\" data-attachment-id=\"97234\" data-permalink=\"https:\/\/agrund.com\/index.php\/semana-de-moda-de-milao-moschino-inverno-2014-2\/semana-de-moda-de-milao-moschino-inverno-2014-2-1\/\" data-orig-file=\"https:\/\/i0.wp.com\/agrund.com\/wp-content\/uploads\/sites\/6\/2014\/02\/semana-de-moda-de-milao-moschino-inverno-2014-2-1.jpg?fit=450%2C675&amp;ssl=1\" data-orig-size=\"450,675\" data-comments-opened=\"1\" data-image-meta=\"{&quot;aperture&quot;:&quot;0&quot;,&quot;credit&quot;:&quot;&quot;,&quot;camera&quot;:&quot;&quot;,&quot;caption&quot;:&quot;&quot;,&quot;created_timestamp&quot;:&quot;0&quot;,&quot;copyright&quot;:&quot;&quot;,&quot;focal_length&quot;:&quot;0&quot;,&quot;iso&quot;:&quot;0&quot;,&quot;shutter_speed&quot;:&quot;0&quot;,&quot;title&quot;:&quot;&quot;,&quot;orientation&quot;:&quot;0&quot;}\" data-image-title=\"semana-de-moda-de-milao-moschino-inverno-2014-2 (1)\" data-image-description=\"\" data-image-caption=\"&lt;p&gt;Semana de Moda de Mil\u00e3o :: Moschino Inverno 2014&lt;\/p&gt;\n\" data-medium-file=\"https:\/\/i0.wp.com\/agrund.com\/wp-content\/uploads\/sites\/6\/2014\/02\/semana-de-moda-de-milao-moschino-inverno-2014-2-1.jpg?fit=200%2C300&amp;ssl=1\" data-large-file=\"https:\/\/i0.wp.com\/agrund.com\/wp-content\/uploads\/sites\/6\/2014\/02\/semana-de-moda-de-milao-moschino-inverno-2014-2-1.jpg?fit=450%2C675&amp;ssl=1\" decoding=\"async\" loading=\"lazy\" class=\"size-large wp-image-97234\" alt=\"Semana de Moda de Mil\u00e3o :: Moschino Inverno 2014\" src=\"https:\/\/i0.wp.com\/www.agrund.com\/wp-content\/uploads\/sites\/6\/cache\/2014\/02\/semana-de-moda-de-milao-moschino-inverno-2014-2-1\/1701089630.jpg?resize=450%2C675\" width=\"450\" height=\"675\" data-recalc-dims=\"1\" \/><\/a><p id=\"caption-attachment-97234\" class=\"wp-caption-text\">Semana de Moda de Mil\u00e3o :: Moschino Inverno 2014<\/p><\/div>\n<div id=\"attachment_97235\" style=\"width: 460px\" class=\"wp-caption aligncenter\"><a href=\"https:\/\/i0.wp.com\/www.agrund.com\/wp-content\/uploads\/sites\/6\/2014\/02\/semana-de-moda-de-milao-moschino-inverno-2014-2-2.jpg\"><img aria-describedby=\"caption-attachment-97235\" data-attachment-id=\"97235\" data-permalink=\"https:\/\/agrund.com\/index.php\/semana-de-moda-de-milao-moschino-inverno-2014-2\/semana-de-moda-de-milao-moschino-inverno-2014-2-2\/\" data-orig-file=\"https:\/\/i0.wp.com\/agrund.com\/wp-content\/uploads\/sites\/6\/2014\/02\/semana-de-moda-de-milao-moschino-inverno-2014-2-2.jpg?fit=450%2C675&amp;ssl=1\" data-orig-size=\"450,675\" data-comments-opened=\"1\" data-image-meta=\"{&quot;aperture&quot;:&quot;0&quot;,&quot;credit&quot;:&quot;&quot;,&quot;camera&quot;:&quot;&quot;,&quot;caption&quot;:&quot;&quot;,&quot;created_timestamp&quot;:&quot;0&quot;,&quot;copyright&quot;:&quot;&quot;,&quot;focal_length&quot;:&quot;0&quot;,&quot;iso&quot;:&quot;0&quot;,&quot;shutter_speed&quot;:&quot;0&quot;,&quot;title&quot;:&quot;&quot;,&quot;orientation&quot;:&quot;0&quot;}\" data-image-title=\"semana-de-moda-de-milao-moschino-inverno-2014-2 (2)\" data-image-description=\"\" data-image-caption=\"&lt;p&gt;Semana de Moda de Mil\u00e3o :: Moschino Inverno 2014&lt;\/p&gt;\n\" data-medium-file=\"https:\/\/i0.wp.com\/agrund.com\/wp-content\/uploads\/sites\/6\/2014\/02\/semana-de-moda-de-milao-moschino-inverno-2014-2-2.jpg?fit=200%2C300&amp;ssl=1\" data-large-file=\"https:\/\/i0.wp.com\/agrund.com\/wp-content\/uploads\/sites\/6\/2014\/02\/semana-de-moda-de-milao-moschino-inverno-2014-2-2.jpg?fit=450%2C675&amp;ssl=1\" decoding=\"async\" loading=\"lazy\" class=\"size-large wp-image-97235\" alt=\"Semana de Moda de Mil\u00e3o :: Moschino Inverno 2014\" src=\"https:\/\/i0.wp.com\/www.agrund.com\/wp-content\/uploads\/sites\/6\/cache\/2014\/02\/semana-de-moda-de-milao-moschino-inverno-2014-2-2\/3958085309.jpg?resize=450%2C675\" width=\"450\" height=\"675\" data-recalc-dims=\"1\" \/><\/a><p id=\"caption-attachment-97235\" class=\"wp-caption-text\">Semana de Moda de Mil\u00e3o :: Moschino Inverno 2014<\/p><\/div>\n<div id=\"attachment_97236\" style=\"width: 460px\" class=\"wp-caption aligncenter\"><a href=\"https:\/\/i0.wp.com\/www.agrund.com\/wp-content\/uploads\/sites\/6\/2014\/02\/semana-de-moda-de-milao-moschino-inverno-2014-2-3.jpg\"><img aria-describedby=\"caption-attachment-97236\" data-attachment-id=\"97236\" data-permalink=\"https:\/\/agrund.com\/index.php\/semana-de-moda-de-milao-moschino-inverno-2014-2\/semana-de-moda-de-milao-moschino-inverno-2014-2-3\/\" data-orig-file=\"https:\/\/i0.wp.com\/agrund.com\/wp-content\/uploads\/sites\/6\/2014\/02\/semana-de-moda-de-milao-moschino-inverno-2014-2-3.jpg?fit=450%2C675&amp;ssl=1\" data-orig-size=\"450,675\" data-comments-opened=\"1\" data-image-meta=\"{&quot;aperture&quot;:&quot;0&quot;,&quot;credit&quot;:&quot;&quot;,&quot;camera&quot;:&quot;&quot;,&quot;caption&quot;:&quot;&quot;,&quot;created_timestamp&quot;:&quot;0&quot;,&quot;copyright&quot;:&quot;&quot;,&quot;focal_length&quot;:&quot;0&quot;,&quot;iso&quot;:&quot;0&quot;,&quot;shutter_speed&quot;:&quot;0&quot;,&quot;title&quot;:&quot;&quot;,&quot;orientation&quot;:&quot;0&quot;}\" data-image-title=\"semana-de-moda-de-milao-moschino-inverno-2014-2 (3)\" data-image-description=\"\" data-image-caption=\"&lt;p&gt;Semana de Moda de Mil\u00e3o :: Moschino Inverno 2014&lt;\/p&gt;\n\" data-medium-file=\"https:\/\/i0.wp.com\/agrund.com\/wp-content\/uploads\/sites\/6\/2014\/02\/semana-de-moda-de-milao-moschino-inverno-2014-2-3.jpg?fit=200%2C300&amp;ssl=1\" data-large-file=\"https:\/\/i0.wp.com\/agrund.com\/wp-content\/uploads\/sites\/6\/2014\/02\/semana-de-moda-de-milao-moschino-inverno-2014-2-3.jpg?fit=450%2C675&amp;ssl=1\" decoding=\"async\" loading=\"lazy\" class=\"size-large wp-image-97236\" alt=\"Semana de Moda de Mil\u00e3o :: Moschino Inverno 2014\" src=\"https:\/\/i0.wp.com\/www.agrund.com\/wp-content\/uploads\/sites\/6\/cache\/2014\/02\/semana-de-moda-de-milao-moschino-inverno-2014-2-3\/658609699.jpg?resize=450%2C675\" width=\"450\" height=\"675\" data-recalc-dims=\"1\" \/><\/a><p id=\"caption-attachment-97236\" class=\"wp-caption-text\">Semana de Moda de Mil\u00e3o :: Moschino Inverno 2014<\/p><\/div>\n<div id=\"attachment_97237\" style=\"width: 460px\" class=\"wp-caption aligncenter\"><a href=\"https:\/\/i0.wp.com\/www.agrund.com\/wp-content\/uploads\/sites\/6\/2014\/02\/semana-de-moda-de-milao-moschino-inverno-2014-2-4.jpg\"><img aria-describedby=\"caption-attachment-97237\" data-attachment-id=\"97237\" data-permalink=\"https:\/\/agrund.com\/index.php\/semana-de-moda-de-milao-moschino-inverno-2014-2\/semana-de-moda-de-milao-moschino-inverno-2014-2-4\/\" data-orig-file=\"https:\/\/i0.wp.com\/agrund.com\/wp-content\/uploads\/sites\/6\/2014\/02\/semana-de-moda-de-milao-moschino-inverno-2014-2-4.jpg?fit=450%2C675&amp;ssl=1\" data-orig-size=\"450,675\" data-comments-opened=\"1\" data-image-meta=\"{&quot;aperture&quot;:&quot;0&quot;,&quot;credit&quot;:&quot;&quot;,&quot;camera&quot;:&quot;&quot;,&quot;caption&quot;:&quot;&quot;,&quot;created_timestamp&quot;:&quot;0&quot;,&quot;copyright&quot;:&quot;&quot;,&quot;focal_length&quot;:&quot;0&quot;,&quot;iso&quot;:&quot;0&quot;,&quot;shutter_speed&quot;:&quot;0&quot;,&quot;title&quot;:&quot;&quot;,&quot;orientation&quot;:&quot;0&quot;}\" data-image-title=\"semana-de-moda-de-milao-moschino-inverno-2014-2 (4)\" data-image-description=\"\" data-image-caption=\"&lt;p&gt;Semana de Moda de Mil\u00e3o :: Moschino Inverno 2014&lt;\/p&gt;\n\" data-medium-file=\"https:\/\/i0.wp.com\/agrund.com\/wp-content\/uploads\/sites\/6\/2014\/02\/semana-de-moda-de-milao-moschino-inverno-2014-2-4.jpg?fit=200%2C300&amp;ssl=1\" data-large-file=\"https:\/\/i0.wp.com\/agrund.com\/wp-content\/uploads\/sites\/6\/2014\/02\/semana-de-moda-de-milao-moschino-inverno-2014-2-4.jpg?fit=450%2C675&amp;ssl=1\" decoding=\"async\" loading=\"lazy\" class=\"size-large wp-image-97237\" alt=\"Semana de Moda de Mil\u00e3o :: Moschino Inverno 2014\" src=\"https:\/\/i0.wp.com\/www.agrund.com\/wp-content\/uploads\/sites\/6\/cache\/2014\/02\/semana-de-moda-de-milao-moschino-inverno-2014-2-4\/763666234.jpg?resize=450%2C675\" width=\"450\" height=\"675\" data-recalc-dims=\"1\" \/><\/a><p id=\"caption-attachment-97237\" class=\"wp-caption-text\">Semana de Moda de Mil\u00e3o :: Moschino Inverno 2014<\/p><\/div>\n<div id=\"attachment_97238\" style=\"width: 460px\" class=\"wp-caption aligncenter\"><a href=\"https:\/\/i0.wp.com\/www.agrund.com\/wp-content\/uploads\/sites\/6\/2014\/02\/semana-de-moda-de-milao-moschino-inverno-2014-2-5.jpg\"><img aria-describedby=\"caption-attachment-97238\" data-attachment-id=\"97238\" data-permalink=\"https:\/\/agrund.com\/index.php\/semana-de-moda-de-milao-moschino-inverno-2014-2\/semana-de-moda-de-milao-moschino-inverno-2014-2-5\/\" data-orig-file=\"https:\/\/i0.wp.com\/agrund.com\/wp-content\/uploads\/sites\/6\/2014\/02\/semana-de-moda-de-milao-moschino-inverno-2014-2-5.jpg?fit=450%2C675&amp;ssl=1\" data-orig-size=\"450,675\" data-comments-opened=\"1\" data-image-meta=\"{&quot;aperture&quot;:&quot;0&quot;,&quot;credit&quot;:&quot;&quot;,&quot;camera&quot;:&quot;&quot;,&quot;caption&quot;:&quot;&quot;,&quot;created_timestamp&quot;:&quot;0&quot;,&quot;copyright&quot;:&quot;&quot;,&quot;focal_length&quot;:&quot;0&quot;,&quot;iso&quot;:&quot;0&quot;,&quot;shutter_speed&quot;:&quot;0&quot;,&quot;title&quot;:&quot;&quot;,&quot;orientation&quot;:&quot;0&quot;}\" data-image-title=\"semana-de-moda-de-milao-moschino-inverno-2014-2 (5)\" data-image-description=\"\" data-image-caption=\"&lt;p&gt;Semana de Moda de Mil\u00e3o :: Moschino Inverno 2014&lt;\/p&gt;\n\" data-medium-file=\"https:\/\/i0.wp.com\/agrund.com\/wp-content\/uploads\/sites\/6\/2014\/02\/semana-de-moda-de-milao-moschino-inverno-2014-2-5.jpg?fit=200%2C300&amp;ssl=1\" data-large-file=\"https:\/\/i0.wp.com\/agrund.com\/wp-content\/uploads\/sites\/6\/2014\/02\/semana-de-moda-de-milao-moschino-inverno-2014-2-5.jpg?fit=450%2C675&amp;ssl=1\" decoding=\"async\" loading=\"lazy\" class=\"size-large wp-image-97238\" alt=\"Semana de Moda de Mil\u00e3o :: Moschino Inverno 2014\" src=\"https:\/\/i0.wp.com\/www.agrund.com\/wp-content\/uploads\/sites\/6\/cache\/2014\/02\/semana-de-moda-de-milao-moschino-inverno-2014-2-5\/3777929124.jpg?resize=450%2C675\" width=\"450\" height=\"675\" data-recalc-dims=\"1\" \/><\/a><p id=\"caption-attachment-97238\" class=\"wp-caption-text\">Semana de Moda de Mil\u00e3o :: Moschino Inverno 2014<\/p><\/div>\n<div id=\"attachment_97239\" style=\"width: 460px\" class=\"wp-caption aligncenter\"><a href=\"https:\/\/i0.wp.com\/www.agrund.com\/wp-content\/uploads\/sites\/6\/2014\/02\/semana-de-moda-de-milao-moschino-inverno-2014-2-6.jpg\"><img aria-describedby=\"caption-attachment-97239\" data-attachment-id=\"97239\" data-permalink=\"https:\/\/agrund.com\/index.php\/semana-de-moda-de-milao-moschino-inverno-2014-2\/semana-de-moda-de-milao-moschino-inverno-2014-2-6\/\" data-orig-file=\"https:\/\/i0.wp.com\/agrund.com\/wp-content\/uploads\/sites\/6\/2014\/02\/semana-de-moda-de-milao-moschino-inverno-2014-2-6.jpg?fit=450%2C675&amp;ssl=1\" data-orig-size=\"450,675\" data-comments-opened=\"1\" data-image-meta=\"{&quot;aperture&quot;:&quot;0&quot;,&quot;credit&quot;:&quot;&quot;,&quot;camera&quot;:&quot;&quot;,&quot;caption&quot;:&quot;&quot;,&quot;created_timestamp&quot;:&quot;0&quot;,&quot;copyright&quot;:&quot;&quot;,&quot;focal_length&quot;:&quot;0&quot;,&quot;iso&quot;:&quot;0&quot;,&quot;shutter_speed&quot;:&quot;0&quot;,&quot;title&quot;:&quot;&quot;,&quot;orientation&quot;:&quot;0&quot;}\" data-image-title=\"semana-de-moda-de-milao-moschino-inverno-2014-2 (6)\" data-image-description=\"\" data-image-caption=\"&lt;p&gt;Semana de Moda de Mil\u00e3o :: Moschino Inverno 2014&lt;\/p&gt;\n\" data-medium-file=\"https:\/\/i0.wp.com\/agrund.com\/wp-content\/uploads\/sites\/6\/2014\/02\/semana-de-moda-de-milao-moschino-inverno-2014-2-6.jpg?fit=200%2C300&amp;ssl=1\" data-large-file=\"https:\/\/i0.wp.com\/agrund.com\/wp-content\/uploads\/sites\/6\/2014\/02\/semana-de-moda-de-milao-moschino-inverno-2014-2-6.jpg?fit=450%2C675&amp;ssl=1\" decoding=\"async\" loading=\"lazy\" class=\"size-large wp-image-97239\" alt=\"Semana de Moda de Mil\u00e3o :: Moschino Inverno 2014\" src=\"https:\/\/i0.wp.com\/www.agrund.com\/wp-content\/uploads\/sites\/6\/cache\/2014\/02\/semana-de-moda-de-milao-moschino-inverno-2014-2-6\/1872861255.jpg?resize=450%2C675\" width=\"450\" height=\"675\" data-recalc-dims=\"1\" \/><\/a><p id=\"caption-attachment-97239\" class=\"wp-caption-text\">Semana de Moda de Mil\u00e3o :: Moschino Inverno 2014<\/p><\/div>\n<div id=\"attachment_97240\" style=\"width: 460px\" class=\"wp-caption aligncenter\"><a href=\"https:\/\/i0.wp.com\/www.agrund.com\/wp-content\/uploads\/sites\/6\/2014\/02\/semana-de-moda-de-milao-moschino-inverno-2014-2-7.jpg\"><img aria-describedby=\"caption-attachment-97240\" data-attachment-id=\"97240\" data-permalink=\"https:\/\/agrund.com\/index.php\/semana-de-moda-de-milao-moschino-inverno-2014-2\/semana-de-moda-de-milao-moschino-inverno-2014-2-7\/\" data-orig-file=\"https:\/\/i0.wp.com\/agrund.com\/wp-content\/uploads\/sites\/6\/2014\/02\/semana-de-moda-de-milao-moschino-inverno-2014-2-7.jpg?fit=450%2C675&amp;ssl=1\" data-orig-size=\"450,675\" data-comments-opened=\"1\" data-image-meta=\"{&quot;aperture&quot;:&quot;0&quot;,&quot;credit&quot;:&quot;&quot;,&quot;camera&quot;:&quot;&quot;,&quot;caption&quot;:&quot;&quot;,&quot;created_timestamp&quot;:&quot;0&quot;,&quot;copyright&quot;:&quot;&quot;,&quot;focal_length&quot;:&quot;0&quot;,&quot;iso&quot;:&quot;0&quot;,&quot;shutter_speed&quot;:&quot;0&quot;,&quot;title&quot;:&quot;&quot;,&quot;orientation&quot;:&quot;0&quot;}\" data-image-title=\"semana-de-moda-de-milao-moschino-inverno-2014-2 (7)\" data-image-description=\"\" data-image-caption=\"&lt;p&gt;Semana de Moda de Mil\u00e3o :: Moschino Inverno 2014&lt;\/p&gt;\n\" data-medium-file=\"https:\/\/i0.wp.com\/agrund.com\/wp-content\/uploads\/sites\/6\/2014\/02\/semana-de-moda-de-milao-moschino-inverno-2014-2-7.jpg?fit=200%2C300&amp;ssl=1\" data-large-file=\"https:\/\/i0.wp.com\/agrund.com\/wp-content\/uploads\/sites\/6\/2014\/02\/semana-de-moda-de-milao-moschino-inverno-2014-2-7.jpg?fit=450%2C675&amp;ssl=1\" decoding=\"async\" loading=\"lazy\" class=\"size-large wp-image-97240\" alt=\"Semana de Moda de Mil\u00e3o :: Moschino Inverno 2014\" src=\"https:\/\/i0.wp.com\/www.agrund.com\/wp-content\/uploads\/sites\/6\/cache\/2014\/02\/semana-de-moda-de-milao-moschino-inverno-2014-2-7\/2735446233.jpg?resize=450%2C675\" width=\"450\" height=\"675\" data-recalc-dims=\"1\" \/><\/a><p id=\"caption-attachment-97240\" class=\"wp-caption-text\">Semana de Moda de Mil\u00e3o :: Moschino Inverno 2014<\/p><\/div>\n<div id=\"attachment_97241\" style=\"width: 460px\" class=\"wp-caption aligncenter\"><a href=\"https:\/\/i0.wp.com\/www.agrund.com\/wp-content\/uploads\/sites\/6\/2014\/02\/semana-de-moda-de-milao-moschino-inverno-2014-2-8.jpg\"><img aria-describedby=\"caption-attachment-97241\" data-attachment-id=\"97241\" data-permalink=\"https:\/\/agrund.com\/index.php\/semana-de-moda-de-milao-moschino-inverno-2014-2\/semana-de-moda-de-milao-moschino-inverno-2014-2-8\/\" data-orig-file=\"https:\/\/i0.wp.com\/agrund.com\/wp-content\/uploads\/sites\/6\/2014\/02\/semana-de-moda-de-milao-moschino-inverno-2014-2-8.jpg?fit=450%2C675&amp;ssl=1\" data-orig-size=\"450,675\" data-comments-opened=\"1\" data-image-meta=\"{&quot;aperture&quot;:&quot;0&quot;,&quot;credit&quot;:&quot;&quot;,&quot;camera&quot;:&quot;&quot;,&quot;caption&quot;:&quot;&quot;,&quot;created_timestamp&quot;:&quot;0&quot;,&quot;copyright&quot;:&quot;&quot;,&quot;focal_length&quot;:&quot;0&quot;,&quot;iso&quot;:&quot;0&quot;,&quot;shutter_speed&quot;:&quot;0&quot;,&quot;title&quot;:&quot;&quot;,&quot;orientation&quot;:&quot;0&quot;}\" data-image-title=\"semana-de-moda-de-milao-moschino-inverno-2014-2 (8)\" data-image-description=\"\" data-image-caption=\"&lt;p&gt;Semana de Moda de Mil\u00e3o :: Moschino Inverno 2014&lt;\/p&gt;\n\" data-medium-file=\"https:\/\/i0.wp.com\/agrund.com\/wp-content\/uploads\/sites\/6\/2014\/02\/semana-de-moda-de-milao-moschino-inverno-2014-2-8.jpg?fit=200%2C300&amp;ssl=1\" data-large-file=\"https:\/\/i0.wp.com\/agrund.com\/wp-content\/uploads\/sites\/6\/2014\/02\/semana-de-moda-de-milao-moschino-inverno-2014-2-8.jpg?fit=450%2C675&amp;ssl=1\" decoding=\"async\" loading=\"lazy\" class=\"size-large wp-image-97241\" alt=\"Semana de Moda de Mil\u00e3o :: Moschino Inverno 2014\" src=\"https:\/\/i0.wp.com\/www.agrund.com\/wp-content\/uploads\/sites\/6\/cache\/2014\/02\/semana-de-moda-de-milao-moschino-inverno-2014-2-8\/2049673845.jpg?resize=450%2C675\" width=\"450\" height=\"675\" data-recalc-dims=\"1\" \/><\/a><p id=\"caption-attachment-97241\" class=\"wp-caption-text\">Semana de Moda de Mil\u00e3o :: Moschino Inverno 2014<\/p><\/div>\n<div id=\"attachment_97242\" style=\"width: 460px\" class=\"wp-caption aligncenter\"><a href=\"https:\/\/i0.wp.com\/www.agrund.com\/wp-content\/uploads\/sites\/6\/2014\/02\/semana-de-moda-de-milao-moschino-inverno-2014-2-9.jpg\"><img aria-describedby=\"caption-attachment-97242\" data-attachment-id=\"97242\" data-permalink=\"https:\/\/agrund.com\/index.php\/semana-de-moda-de-milao-moschino-inverno-2014-2\/semana-de-moda-de-milao-moschino-inverno-2014-2-9\/\" data-orig-file=\"https:\/\/i0.wp.com\/agrund.com\/wp-content\/uploads\/sites\/6\/2014\/02\/semana-de-moda-de-milao-moschino-inverno-2014-2-9.jpg?fit=450%2C675&amp;ssl=1\" data-orig-size=\"450,675\" data-comments-opened=\"1\" data-image-meta=\"{&quot;aperture&quot;:&quot;0&quot;,&quot;credit&quot;:&quot;&quot;,&quot;camera&quot;:&quot;&quot;,&quot;caption&quot;:&quot;&quot;,&quot;created_timestamp&quot;:&quot;0&quot;,&quot;copyright&quot;:&quot;&quot;,&quot;focal_length&quot;:&quot;0&quot;,&quot;iso&quot;:&quot;0&quot;,&quot;shutter_speed&quot;:&quot;0&quot;,&quot;title&quot;:&quot;&quot;,&quot;orientation&quot;:&quot;0&quot;}\" data-image-title=\"semana-de-moda-de-milao-moschino-inverno-2014-2 (9)\" data-image-description=\"\" data-image-caption=\"&lt;p&gt;Semana de Moda de Mil\u00e3o :: Moschino Inverno 2014&lt;\/p&gt;\n\" data-medium-file=\"https:\/\/i0.wp.com\/agrund.com\/wp-content\/uploads\/sites\/6\/2014\/02\/semana-de-moda-de-milao-moschino-inverno-2014-2-9.jpg?fit=200%2C300&amp;ssl=1\" data-large-file=\"https:\/\/i0.wp.com\/agrund.com\/wp-content\/uploads\/sites\/6\/2014\/02\/semana-de-moda-de-milao-moschino-inverno-2014-2-9.jpg?fit=450%2C675&amp;ssl=1\" decoding=\"async\" loading=\"lazy\" class=\"size-large wp-image-97242\" alt=\"Semana de Moda de Mil\u00e3o :: Moschino Inverno 2014\" src=\"https:\/\/i0.wp.com\/www.agrund.com\/wp-content\/uploads\/sites\/6\/cache\/2014\/02\/semana-de-moda-de-milao-moschino-inverno-2014-2-9\/3061943019.jpg?resize=450%2C675\" width=\"450\" height=\"675\" data-recalc-dims=\"1\" \/><\/a><p id=\"caption-attachment-97242\" class=\"wp-caption-text\">Semana de Moda de Mil\u00e3o :: Moschino Inverno 2014<\/p><\/div>\n<div id=\"attachment_97243\" style=\"width: 460px\" class=\"wp-caption aligncenter\"><a href=\"https:\/\/i0.wp.com\/www.agrund.com\/wp-content\/uploads\/sites\/6\/2014\/02\/semana-de-moda-de-milao-moschino-inverno-2014-2-10.jpg\"><img aria-describedby=\"caption-attachment-97243\" data-attachment-id=\"97243\" data-permalink=\"https:\/\/agrund.com\/index.php\/semana-de-moda-de-milao-moschino-inverno-2014-2\/semana-de-moda-de-milao-moschino-inverno-2014-2-10\/\" data-orig-file=\"https:\/\/i0.wp.com\/agrund.com\/wp-content\/uploads\/sites\/6\/2014\/02\/semana-de-moda-de-milao-moschino-inverno-2014-2-10.jpg?fit=450%2C675&amp;ssl=1\" data-orig-size=\"450,675\" data-comments-opened=\"1\" data-image-meta=\"{&quot;aperture&quot;:&quot;0&quot;,&quot;credit&quot;:&quot;&quot;,&quot;camera&quot;:&quot;&quot;,&quot;caption&quot;:&quot;&quot;,&quot;created_timestamp&quot;:&quot;0&quot;,&quot;copyright&quot;:&quot;&quot;,&quot;focal_length&quot;:&quot;0&quot;,&quot;iso&quot;:&quot;0&quot;,&quot;shutter_speed&quot;:&quot;0&quot;,&quot;title&quot;:&quot;&quot;,&quot;orientation&quot;:&quot;0&quot;}\" data-image-title=\"semana-de-moda-de-milao-moschino-inverno-2014-2 (10)\" data-image-description=\"\" data-image-caption=\"&lt;p&gt;Semana de Moda de Mil\u00e3o :: Moschino Inverno 2014&lt;\/p&gt;\n\" data-medium-file=\"https:\/\/i0.wp.com\/agrund.com\/wp-content\/uploads\/sites\/6\/2014\/02\/semana-de-moda-de-milao-moschino-inverno-2014-2-10.jpg?fit=200%2C300&amp;ssl=1\" data-large-file=\"https:\/\/i0.wp.com\/agrund.com\/wp-content\/uploads\/sites\/6\/2014\/02\/semana-de-moda-de-milao-moschino-inverno-2014-2-10.jpg?fit=450%2C675&amp;ssl=1\" decoding=\"async\" loading=\"lazy\" class=\"size-large wp-image-97243\" alt=\"Semana de Moda de Mil\u00e3o :: Moschino Inverno 2014\" src=\"https:\/\/i0.wp.com\/www.agrund.com\/wp-content\/uploads\/sites\/6\/cache\/2014\/02\/semana-de-moda-de-milao-moschino-inverno-2014-2-10\/93997951.jpg?resize=450%2C675\" width=\"450\" height=\"675\" data-recalc-dims=\"1\" \/><\/a><p id=\"caption-attachment-97243\" class=\"wp-caption-text\">Semana de Moda de Mil\u00e3o :: Moschino Inverno 2014<\/p><\/div>\n<div id=\"attachment_97244\" style=\"width: 460px\" class=\"wp-caption aligncenter\"><a href=\"https:\/\/i0.wp.com\/www.agrund.com\/wp-content\/uploads\/sites\/6\/2014\/02\/semana-de-moda-de-milao-moschino-inverno-2014-2-11.jpg\"><img aria-describedby=\"caption-attachment-97244\" data-attachment-id=\"97244\" data-permalink=\"https:\/\/agrund.com\/index.php\/semana-de-moda-de-milao-moschino-inverno-2014-2\/semana-de-moda-de-milao-moschino-inverno-2014-2-11\/\" data-orig-file=\"https:\/\/i0.wp.com\/agrund.com\/wp-content\/uploads\/sites\/6\/2014\/02\/semana-de-moda-de-milao-moschino-inverno-2014-2-11.jpg?fit=450%2C675&amp;ssl=1\" data-orig-size=\"450,675\" data-comments-opened=\"1\" data-image-meta=\"{&quot;aperture&quot;:&quot;0&quot;,&quot;credit&quot;:&quot;&quot;,&quot;camera&quot;:&quot;&quot;,&quot;caption&quot;:&quot;&quot;,&quot;created_timestamp&quot;:&quot;0&quot;,&quot;copyright&quot;:&quot;&quot;,&quot;focal_length&quot;:&quot;0&quot;,&quot;iso&quot;:&quot;0&quot;,&quot;shutter_speed&quot;:&quot;0&quot;,&quot;title&quot;:&quot;&quot;,&quot;orientation&quot;:&quot;0&quot;}\" data-image-title=\"semana-de-moda-de-milao-moschino-inverno-2014-2 (11)\" data-image-description=\"\" data-image-caption=\"&lt;p&gt;Semana de Moda de Mil\u00e3o :: Moschino Inverno 2014&lt;\/p&gt;\n\" data-medium-file=\"https:\/\/i0.wp.com\/agrund.com\/wp-content\/uploads\/sites\/6\/2014\/02\/semana-de-moda-de-milao-moschino-inverno-2014-2-11.jpg?fit=200%2C300&amp;ssl=1\" data-large-file=\"https:\/\/i0.wp.com\/agrund.com\/wp-content\/uploads\/sites\/6\/2014\/02\/semana-de-moda-de-milao-moschino-inverno-2014-2-11.jpg?fit=450%2C675&amp;ssl=1\" decoding=\"async\" loading=\"lazy\" class=\"size-large wp-image-97244\" alt=\"Semana de Moda de Mil\u00e3o :: Moschino Inverno 2014\" src=\"https:\/\/i0.wp.com\/www.agrund.com\/wp-content\/uploads\/sites\/6\/cache\/2014\/02\/semana-de-moda-de-milao-moschino-inverno-2014-2-11\/3375385569.jpg?resize=450%2C675\" width=\"450\" height=\"675\" data-recalc-dims=\"1\" \/><\/a><p id=\"caption-attachment-97244\" class=\"wp-caption-text\">Semana de Moda de Mil\u00e3o :: Moschino Inverno 2014<\/p><\/div>\n<div id=\"attachment_97245\" style=\"width: 460px\" class=\"wp-caption aligncenter\"><a href=\"https:\/\/i0.wp.com\/www.agrund.com\/wp-content\/uploads\/sites\/6\/2014\/02\/semana-de-moda-de-milao-moschino-inverno-2014-2-12.jpg\"><img aria-describedby=\"caption-attachment-97245\" data-attachment-id=\"97245\" data-permalink=\"https:\/\/agrund.com\/index.php\/semana-de-moda-de-milao-moschino-inverno-2014-2\/semana-de-moda-de-milao-moschino-inverno-2014-2-12\/\" data-orig-file=\"https:\/\/i0.wp.com\/agrund.com\/wp-content\/uploads\/sites\/6\/2014\/02\/semana-de-moda-de-milao-moschino-inverno-2014-2-12.jpg?fit=450%2C675&amp;ssl=1\" data-orig-size=\"450,675\" data-comments-opened=\"1\" data-image-meta=\"{&quot;aperture&quot;:&quot;0&quot;,&quot;credit&quot;:&quot;&quot;,&quot;camera&quot;:&quot;&quot;,&quot;caption&quot;:&quot;&quot;,&quot;created_timestamp&quot;:&quot;0&quot;,&quot;copyright&quot;:&quot;&quot;,&quot;focal_length&quot;:&quot;0&quot;,&quot;iso&quot;:&quot;0&quot;,&quot;shutter_speed&quot;:&quot;0&quot;,&quot;title&quot;:&quot;&quot;,&quot;orientation&quot;:&quot;0&quot;}\" data-image-title=\"semana-de-moda-de-milao-moschino-inverno-2014-2 (12)\" data-image-description=\"\" data-image-caption=\"&lt;p&gt;Semana de Moda de Mil\u00e3o :: Moschino Inverno 2014&lt;\/p&gt;\n\" data-medium-file=\"https:\/\/i0.wp.com\/agrund.com\/wp-content\/uploads\/sites\/6\/2014\/02\/semana-de-moda-de-milao-moschino-inverno-2014-2-12.jpg?fit=200%2C300&amp;ssl=1\" data-large-file=\"https:\/\/i0.wp.com\/agrund.com\/wp-content\/uploads\/sites\/6\/2014\/02\/semana-de-moda-de-milao-moschino-inverno-2014-2-12.jpg?fit=450%2C675&amp;ssl=1\" decoding=\"async\" loading=\"lazy\" class=\"size-large wp-image-97245\" alt=\"Semana de Moda de Mil\u00e3o :: Moschino Inverno 2014\" src=\"https:\/\/i0.wp.com\/www.agrund.com\/wp-content\/uploads\/sites\/6\/cache\/2014\/02\/semana-de-moda-de-milao-moschino-inverno-2014-2-12\/1203719170.jpg?resize=450%2C675\" width=\"450\" height=\"675\" data-recalc-dims=\"1\" \/><\/a><p id=\"caption-attachment-97245\" class=\"wp-caption-text\">Semana de Moda de Mil\u00e3o :: Moschino Inverno 2014<\/p><\/div>\n<div id=\"attachment_97246\" style=\"width: 460px\" class=\"wp-caption aligncenter\"><a href=\"https:\/\/i0.wp.com\/www.agrund.com\/wp-content\/uploads\/sites\/6\/2014\/02\/semana-de-moda-de-milao-moschino-inverno-2014-2-13.jpg\"><img aria-describedby=\"caption-attachment-97246\" data-attachment-id=\"97246\" data-permalink=\"https:\/\/agrund.com\/index.php\/semana-de-moda-de-milao-moschino-inverno-2014-2\/semana-de-moda-de-milao-moschino-inverno-2014-2-13\/\" data-orig-file=\"https:\/\/i0.wp.com\/agrund.com\/wp-content\/uploads\/sites\/6\/2014\/02\/semana-de-moda-de-milao-moschino-inverno-2014-2-13.jpg?fit=450%2C675&amp;ssl=1\" data-orig-size=\"450,675\" data-comments-opened=\"1\" data-image-meta=\"{&quot;aperture&quot;:&quot;0&quot;,&quot;credit&quot;:&quot;&quot;,&quot;camera&quot;:&quot;&quot;,&quot;caption&quot;:&quot;&quot;,&quot;created_timestamp&quot;:&quot;0&quot;,&quot;copyright&quot;:&quot;&quot;,&quot;focal_length&quot;:&quot;0&quot;,&quot;iso&quot;:&quot;0&quot;,&quot;shutter_speed&quot;:&quot;0&quot;,&quot;title&quot;:&quot;&quot;,&quot;orientation&quot;:&quot;0&quot;}\" data-image-title=\"semana-de-moda-de-milao-moschino-inverno-2014-2 (13)\" data-image-description=\"\" data-image-caption=\"&lt;p&gt;Semana de Moda de Mil\u00e3o :: Moschino Inverno 2014&lt;\/p&gt;\n\" data-medium-file=\"https:\/\/i0.wp.com\/agrund.com\/wp-content\/uploads\/sites\/6\/2014\/02\/semana-de-moda-de-milao-moschino-inverno-2014-2-13.jpg?fit=200%2C300&amp;ssl=1\" data-large-file=\"https:\/\/i0.wp.com\/agrund.com\/wp-content\/uploads\/sites\/6\/2014\/02\/semana-de-moda-de-milao-moschino-inverno-2014-2-13.jpg?fit=450%2C675&amp;ssl=1\" decoding=\"async\" loading=\"lazy\" class=\"size-large wp-image-97246\" alt=\"Semana de Moda de Mil\u00e3o :: Moschino Inverno 2014\" src=\"https:\/\/i0.wp.com\/www.agrund.com\/wp-content\/uploads\/sites\/6\/cache\/2014\/02\/semana-de-moda-de-milao-moschino-inverno-2014-2-13\/2333428892.jpg?resize=450%2C675\" width=\"450\" height=\"675\" data-recalc-dims=\"1\" \/><\/a><p id=\"caption-attachment-97246\" class=\"wp-caption-text\">Semana de Moda de Mil\u00e3o :: Moschino Inverno 2014<\/p><\/div>\n<div id=\"attachment_97247\" style=\"width: 460px\" class=\"wp-caption aligncenter\"><a href=\"https:\/\/i0.wp.com\/www.agrund.com\/wp-content\/uploads\/sites\/6\/2014\/02\/semana-de-moda-de-milao-moschino-inverno-2014-2-14.jpg\"><img aria-describedby=\"caption-attachment-97247\" data-attachment-id=\"97247\" data-permalink=\"https:\/\/agrund.com\/index.php\/semana-de-moda-de-milao-moschino-inverno-2014-2\/semana-de-moda-de-milao-moschino-inverno-2014-2-14\/\" data-orig-file=\"https:\/\/i0.wp.com\/agrund.com\/wp-content\/uploads\/sites\/6\/2014\/02\/semana-de-moda-de-milao-moschino-inverno-2014-2-14.jpg?fit=450%2C675&amp;ssl=1\" data-orig-size=\"450,675\" data-comments-opened=\"1\" data-image-meta=\"{&quot;aperture&quot;:&quot;0&quot;,&quot;credit&quot;:&quot;&quot;,&quot;camera&quot;:&quot;&quot;,&quot;caption&quot;:&quot;&quot;,&quot;created_timestamp&quot;:&quot;0&quot;,&quot;copyright&quot;:&quot;&quot;,&quot;focal_length&quot;:&quot;0&quot;,&quot;iso&quot;:&quot;0&quot;,&quot;shutter_speed&quot;:&quot;0&quot;,&quot;title&quot;:&quot;&quot;,&quot;orientation&quot;:&quot;0&quot;}\" data-image-title=\"semana-de-moda-de-milao-moschino-inverno-2014-2 (14)\" data-image-description=\"\" data-image-caption=\"&lt;p&gt;Semana de Moda de Mil\u00e3o :: Moschino Inverno 2014&lt;\/p&gt;\n\" data-medium-file=\"https:\/\/i0.wp.com\/agrund.com\/wp-content\/uploads\/sites\/6\/2014\/02\/semana-de-moda-de-milao-moschino-inverno-2014-2-14.jpg?fit=200%2C300&amp;ssl=1\" data-large-file=\"https:\/\/i0.wp.com\/agrund.com\/wp-content\/uploads\/sites\/6\/2014\/02\/semana-de-moda-de-milao-moschino-inverno-2014-2-14.jpg?fit=450%2C675&amp;ssl=1\" decoding=\"async\" loading=\"lazy\" class=\"size-large wp-image-97247\" alt=\"Semana de Moda de Mil\u00e3o :: Moschino Inverno 2014\" src=\"https:\/\/i0.wp.com\/www.agrund.com\/wp-content\/uploads\/sites\/6\/cache\/2014\/02\/semana-de-moda-de-milao-moschino-inverno-2014-2-14\/2177910149.jpg?resize=450%2C675\" width=\"450\" height=\"675\" data-recalc-dims=\"1\" \/><\/a><p id=\"caption-attachment-97247\" class=\"wp-caption-text\">Semana de Moda de Mil\u00e3o :: Moschino Inverno 2014<\/p><\/div>\n<div id=\"attachment_97248\" style=\"width: 460px\" class=\"wp-caption aligncenter\"><a href=\"https:\/\/i0.wp.com\/www.agrund.com\/wp-content\/uploads\/sites\/6\/2014\/02\/semana-de-moda-de-milao-moschino-inverno-2014-2-15.jpg\"><img aria-describedby=\"caption-attachment-97248\" data-attachment-id=\"97248\" data-permalink=\"https:\/\/agrund.com\/index.php\/semana-de-moda-de-milao-moschino-inverno-2014-2\/semana-de-moda-de-milao-moschino-inverno-2014-2-15\/\" data-orig-file=\"https:\/\/i0.wp.com\/agrund.com\/wp-content\/uploads\/sites\/6\/2014\/02\/semana-de-moda-de-milao-moschino-inverno-2014-2-15.jpg?fit=450%2C675&amp;ssl=1\" data-orig-size=\"450,675\" data-comments-opened=\"1\" data-image-meta=\"{&quot;aperture&quot;:&quot;0&quot;,&quot;credit&quot;:&quot;&quot;,&quot;camera&quot;:&quot;&quot;,&quot;caption&quot;:&quot;&quot;,&quot;created_timestamp&quot;:&quot;0&quot;,&quot;copyright&quot;:&quot;&quot;,&quot;focal_length&quot;:&quot;0&quot;,&quot;iso&quot;:&quot;0&quot;,&quot;shutter_speed&quot;:&quot;0&quot;,&quot;title&quot;:&quot;&quot;,&quot;orientation&quot;:&quot;0&quot;}\" data-image-title=\"semana-de-moda-de-milao-moschino-inverno-2014-2 (15)\" data-image-description=\"\" data-image-caption=\"&lt;p&gt;Semana de Moda de Mil\u00e3o :: Moschino Inverno 2014&lt;\/p&gt;\n\" data-medium-file=\"https:\/\/i0.wp.com\/agrund.com\/wp-content\/uploads\/sites\/6\/2014\/02\/semana-de-moda-de-milao-moschino-inverno-2014-2-15.jpg?fit=200%2C300&amp;ssl=1\" data-large-file=\"https:\/\/i0.wp.com\/agrund.com\/wp-content\/uploads\/sites\/6\/2014\/02\/semana-de-moda-de-milao-moschino-inverno-2014-2-15.jpg?fit=450%2C675&amp;ssl=1\" decoding=\"async\" loading=\"lazy\" class=\"size-large wp-image-97248\" alt=\"Semana de Moda de Mil\u00e3o :: Moschino Inverno 2014\" src=\"https:\/\/i0.wp.com\/www.agrund.com\/wp-content\/uploads\/sites\/6\/cache\/2014\/02\/semana-de-moda-de-milao-moschino-inverno-2014-2-15\/1299858715.jpg?resize=450%2C675\" width=\"450\" height=\"675\" data-recalc-dims=\"1\" \/><\/a><p id=\"caption-attachment-97248\" class=\"wp-caption-text\">Semana de Moda de Mil\u00e3o :: Moschino Inverno 2014<\/p><\/div>\n<div id=\"attachment_97249\" style=\"width: 460px\" class=\"wp-caption aligncenter\"><a href=\"https:\/\/i0.wp.com\/www.agrund.com\/wp-content\/uploads\/sites\/6\/2014\/02\/semana-de-moda-de-milao-moschino-inverno-2014-2-16.jpg\"><img aria-describedby=\"caption-attachment-97249\" data-attachment-id=\"97249\" data-permalink=\"https:\/\/agrund.com\/index.php\/semana-de-moda-de-milao-moschino-inverno-2014-2\/semana-de-moda-de-milao-moschino-inverno-2014-2-16\/\" data-orig-file=\"https:\/\/i0.wp.com\/agrund.com\/wp-content\/uploads\/sites\/6\/2014\/02\/semana-de-moda-de-milao-moschino-inverno-2014-2-16.jpg?fit=450%2C675&amp;ssl=1\" data-orig-size=\"450,675\" data-comments-opened=\"1\" data-image-meta=\"{&quot;aperture&quot;:&quot;0&quot;,&quot;credit&quot;:&quot;&quot;,&quot;camera&quot;:&quot;&quot;,&quot;caption&quot;:&quot;&quot;,&quot;created_timestamp&quot;:&quot;0&quot;,&quot;copyright&quot;:&quot;&quot;,&quot;focal_length&quot;:&quot;0&quot;,&quot;iso&quot;:&quot;0&quot;,&quot;shutter_speed&quot;:&quot;0&quot;,&quot;title&quot;:&quot;&quot;,&quot;orientation&quot;:&quot;0&quot;}\" data-image-title=\"semana-de-moda-de-milao-moschino-inverno-2014-2 (16)\" data-image-description=\"\" data-image-caption=\"&lt;p&gt;Semana de Moda de Mil\u00e3o :: Moschino Inverno 2014&lt;\/p&gt;\n\" data-medium-file=\"https:\/\/i0.wp.com\/agrund.com\/wp-content\/uploads\/sites\/6\/2014\/02\/semana-de-moda-de-milao-moschino-inverno-2014-2-16.jpg?fit=200%2C300&amp;ssl=1\" data-large-file=\"https:\/\/i0.wp.com\/agrund.com\/wp-content\/uploads\/sites\/6\/2014\/02\/semana-de-moda-de-milao-moschino-inverno-2014-2-16.jpg?fit=450%2C675&amp;ssl=1\" decoding=\"async\" loading=\"lazy\" class=\"size-large wp-image-97249\" alt=\"Semana de Moda de Mil\u00e3o :: Moschino Inverno 2014\" src=\"https:\/\/i0.wp.com\/www.agrund.com\/wp-content\/uploads\/sites\/6\/cache\/2014\/02\/semana-de-moda-de-milao-moschino-inverno-2014-2-16\/3287630584.jpg?resize=450%2C675\" width=\"450\" height=\"675\" data-recalc-dims=\"1\" \/><\/a><p id=\"caption-attachment-97249\" class=\"wp-caption-text\">Semana de Moda de Mil\u00e3o :: Moschino Inverno 2014<\/p><\/div>\n<div id=\"attachment_97250\" style=\"width: 460px\" class=\"wp-caption aligncenter\"><a href=\"https:\/\/i0.wp.com\/www.agrund.com\/wp-content\/uploads\/sites\/6\/2014\/02\/semana-de-moda-de-milao-moschino-inverno-2014-2-17.jpg\"><img aria-describedby=\"caption-attachment-97250\" data-attachment-id=\"97250\" data-permalink=\"https:\/\/agrund.com\/index.php\/semana-de-moda-de-milao-moschino-inverno-2014-2\/semana-de-moda-de-milao-moschino-inverno-2014-2-17\/\" data-orig-file=\"https:\/\/i0.wp.com\/agrund.com\/wp-content\/uploads\/sites\/6\/2014\/02\/semana-de-moda-de-milao-moschino-inverno-2014-2-17.jpg?fit=450%2C675&amp;ssl=1\" data-orig-size=\"450,675\" data-comments-opened=\"1\" data-image-meta=\"{&quot;aperture&quot;:&quot;0&quot;,&quot;credit&quot;:&quot;&quot;,&quot;camera&quot;:&quot;&quot;,&quot;caption&quot;:&quot;&quot;,&quot;created_timestamp&quot;:&quot;0&quot;,&quot;copyright&quot;:&quot;&quot;,&quot;focal_length&quot;:&quot;0&quot;,&quot;iso&quot;:&quot;0&quot;,&quot;shutter_speed&quot;:&quot;0&quot;,&quot;title&quot;:&quot;&quot;,&quot;orientation&quot;:&quot;0&quot;}\" data-image-title=\"semana-de-moda-de-milao-moschino-inverno-2014-2 (17)\" data-image-description=\"\" data-image-caption=\"&lt;p&gt;Semana de Moda de Mil\u00e3o :: Moschino Inverno 2014&lt;\/p&gt;\n\" data-medium-file=\"https:\/\/i0.wp.com\/agrund.com\/wp-content\/uploads\/sites\/6\/2014\/02\/semana-de-moda-de-milao-moschino-inverno-2014-2-17.jpg?fit=200%2C300&amp;ssl=1\" data-large-file=\"https:\/\/i0.wp.com\/agrund.com\/wp-content\/uploads\/sites\/6\/2014\/02\/semana-de-moda-de-milao-moschino-inverno-2014-2-17.jpg?fit=450%2C675&amp;ssl=1\" decoding=\"async\" loading=\"lazy\" class=\"size-large wp-image-97250\" alt=\"Semana de Moda de Mil\u00e3o :: Moschino Inverno 2014\" src=\"https:\/\/i0.wp.com\/www.agrund.com\/wp-content\/uploads\/sites\/6\/cache\/2014\/02\/semana-de-moda-de-milao-moschino-inverno-2014-2-17\/257901158.jpg?resize=450%2C675\" width=\"450\" height=\"675\" data-recalc-dims=\"1\" \/><\/a><p id=\"caption-attachment-97250\" class=\"wp-caption-text\">Semana de Moda de Mil\u00e3o :: Moschino Inverno 2014<\/p><\/div>\n<p>Imagens: Reprodu\u00e7\u00e3o.<\/p>\n","protected":false},"excerpt":{"rendered":"<p>Uma ode \u00e0 cultura de consumo no melhor dos sentidos. Foi assim a apresenta\u00e7\u00e3o da Moschino Inverno 2014\/2015. Essa foi a primeira cole\u00e7\u00e3o sob a supervis\u00e3o do estilista americano Jeremy Cott. Irrever\u00eancia e muitas formas, ou seriam sabores? Ele uniu sandu\u00edches e batatas fritas do Mc Donald\u00b4s, usou uma famosa embalagem de chocolates como convite\/comest\u00edvel, [&hellip;]<\/p>\n","protected":false},"author":1,"featured_media":97251,"comment_status":"open","ping_status":"open","sticky":false,"template":"","format":"standard","meta":{"jetpack_post_was_ever_published":false,"_jetpack_newsletter_access":"","jetpack_publicize_message":"","jetpack_is_tweetstorm":false,"jetpack_publicize_feature_enabled":true,"jetpack_social_post_already_shared":true,"jetpack_social_options":{"image_generator_settings":{"template":"highway","enabled":false}}},"categories":[21,2],"tags":[],"jetpack_publicize_connections":[],"jetpack_featured_media_url":"https:\/\/i0.wp.com\/agrund.com\/wp-content\/uploads\/sites\/6\/2014\/02\/slide180.jpg?fit=960%2C321&ssl=1","jetpack_sharing_enabled":true,"jetpack_shortlink":"https:\/\/wp.me\/p3Hz0n-pih","jetpack_likes_enabled":true,"_links":{"self":[{"href":"https:\/\/agrund.com\/index.php\/wp-json\/wp\/v2\/posts\/97233"}],"collection":[{"href":"https:\/\/agrund.com\/index.php\/wp-json\/wp\/v2\/posts"}],"about":[{"href":"https:\/\/agrund.com\/index.php\/wp-json\/wp\/v2\/types\/post"}],"author":[{"embeddable":true,"href":"https:\/\/agrund.com\/index.php\/wp-json\/wp\/v2\/users\/1"}],"replies":[{"embeddable":true,"href":"https:\/\/agrund.com\/index.php\/wp-json\/wp\/v2\/comments?post=97233"}],"version-history":[{"count":0,"href":"https:\/\/agrund.com\/index.php\/wp-json\/wp\/v2\/posts\/97233\/revisions"}],"wp:featuredmedia":[{"embeddable":true,"href":"https:\/\/agrund.com\/index.php\/wp-json\/wp\/v2\/media\/97251"}],"wp:attachment":[{"href":"https:\/\/agrund.com\/index.php\/wp-json\/wp\/v2\/media?parent=97233"}],"wp:term":[{"taxonomy":"category","embeddable":true,"href":"https:\/\/agrund.com\/index.php\/wp-json\/wp\/v2\/categories?post=97233"},{"taxonomy":"post_tag","embeddable":true,"href":"https:\/\/agrund.com\/index.php\/wp-json\/wp\/v2\/tags?post=97233"}],"curies":[{"name":"wp","href":"https:\/\/api.w.org\/{rel}","templated":true}]}}