{"id":97105,"date":"2014-02-20T19:00:04","date_gmt":"2014-02-20T22:00:04","guid":{"rendered":"http:\/\/www.agrund.com\/?p=97105"},"modified":"2014-02-20T15:18:38","modified_gmt":"2014-02-20T18:18:38","slug":"mycalvins-conheca-a-nova-campanha-da-calvin-klein","status":"publish","type":"post","link":"https:\/\/agrund.com\/index.php\/mycalvins-conheca-a-nova-campanha-da-calvin-klein\/","title":{"rendered":"#mycalvins :: Conhe\u00e7a a nova campanha da Calvin Klein"},"content":{"rendered":"<p>Nessa semana a Calvin Klein lan\u00e7ou uma campanha em homenagem \u00e0s famosas lingeries com o logotipo da marca no c\u00f3s, que ficou popular nos anos 80. Engana-se quem pensa que a grife fez um ensaio fotogr\u00e1fico super produzido, mais simples do que isso e ainda com mais impacto.<br \/>\nA campanha &#8220;#mycalvins&#8221; tem o Instagram como o meio escolhido para a divulga\u00e7\u00e3o das imagens e as estrelas das fotos s\u00e3o personalidades que v\u00e3o de Miranda Kerr, o cantor Trey Songz, blogueiras Chiara Ferragni e Leandra Medini, Fergie e a top Lara Stone.<\/p>\n<p>No total, mais de 100 formadores de opini\u00e3o como atores, modelos, m\u00fasicos e blogueiros foram contratados pela marca para publicarem sua foto com a underwear. No fim de tudo a grife ir\u00e1 reunir todas as fotos em um site ligado ao e-commerce para que n\u00f3s, consumidores, possamos comprar as pe\u00e7as.<\/p>\n<p>Imagine juntar os seguidores de todas essas personalidades? Alguma d\u00favida de que a campanha ser\u00e1 um sucesso para a marca?<\/p>\n<div id=\"attachment_97106\" style=\"width: 560px\" class=\"wp-caption aligncenter\"><a href=\"https:\/\/i0.wp.com\/www.agrund.com\/wp-content\/uploads\/sites\/6\/2014\/02\/mycalvins-conheca-a-nova-campanha-da-calvin-klein-1.jpg\"><img aria-describedby=\"caption-attachment-97106\" data-attachment-id=\"97106\" data-permalink=\"https:\/\/agrund.com\/index.php\/mycalvins-conheca-a-nova-campanha-da-calvin-klein\/mycalvins-conheca-a-nova-campanha-da-calvin-klein-1\/\" data-orig-file=\"https:\/\/i0.wp.com\/agrund.com\/wp-content\/uploads\/sites\/6\/2014\/02\/mycalvins-conheca-a-nova-campanha-da-calvin-klein-1.jpg?fit=550%2C553&amp;ssl=1\" data-orig-size=\"550,553\" data-comments-opened=\"1\" data-image-meta=\"{&quot;aperture&quot;:&quot;0&quot;,&quot;credit&quot;:&quot;&quot;,&quot;camera&quot;:&quot;&quot;,&quot;caption&quot;:&quot;&quot;,&quot;created_timestamp&quot;:&quot;0&quot;,&quot;copyright&quot;:&quot;&quot;,&quot;focal_length&quot;:&quot;0&quot;,&quot;iso&quot;:&quot;0&quot;,&quot;shutter_speed&quot;:&quot;0&quot;,&quot;title&quot;:&quot;&quot;,&quot;orientation&quot;:&quot;0&quot;}\" data-image-title=\"mycalvins-conheca-a-nova-campanha-da-calvin-klein (1)\" data-image-description=\"\" data-image-caption=\"&lt;p&gt;#mycalvins :: Conhe\u00e7a a nova campanha da Calvin Klein&lt;\/p&gt;\n\" data-medium-file=\"https:\/\/i0.wp.com\/agrund.com\/wp-content\/uploads\/sites\/6\/2014\/02\/mycalvins-conheca-a-nova-campanha-da-calvin-klein-1.jpg?fit=298%2C300&amp;ssl=1\" data-large-file=\"https:\/\/i0.wp.com\/agrund.com\/wp-content\/uploads\/sites\/6\/2014\/02\/mycalvins-conheca-a-nova-campanha-da-calvin-klein-1.jpg?fit=550%2C553&amp;ssl=1\" decoding=\"async\" loading=\"lazy\" class=\"size-large wp-image-97106\" alt=\"#mycalvins :: Conhe\u00e7a a nova campanha da Calvin Klein\" src=\"https:\/\/i0.wp.com\/www.agrund.com\/wp-content\/uploads\/sites\/6\/cache\/2014\/02\/mycalvins-conheca-a-nova-campanha-da-calvin-klein-1\/1101594839.jpg?resize=550%2C553\" width=\"550\" height=\"553\" data-recalc-dims=\"1\" \/><\/a><p id=\"caption-attachment-97106\" class=\"wp-caption-text\">#mycalvins :: Conhe\u00e7a a nova campanha da Calvin Klein<\/p><\/div>\n<div id=\"attachment_97107\" style=\"width: 560px\" class=\"wp-caption aligncenter\"><a href=\"https:\/\/i0.wp.com\/www.agrund.com\/wp-content\/uploads\/sites\/6\/2014\/02\/mycalvins-conheca-a-nova-campanha-da-calvin-klein-2.jpg\"><img aria-describedby=\"caption-attachment-97107\" data-attachment-id=\"97107\" data-permalink=\"https:\/\/agrund.com\/index.php\/mycalvins-conheca-a-nova-campanha-da-calvin-klein\/mycalvins-conheca-a-nova-campanha-da-calvin-klein-2\/\" data-orig-file=\"https:\/\/i0.wp.com\/agrund.com\/wp-content\/uploads\/sites\/6\/2014\/02\/mycalvins-conheca-a-nova-campanha-da-calvin-klein-2.jpg?fit=550%2C555&amp;ssl=1\" data-orig-size=\"550,555\" data-comments-opened=\"1\" data-image-meta=\"{&quot;aperture&quot;:&quot;0&quot;,&quot;credit&quot;:&quot;&quot;,&quot;camera&quot;:&quot;&quot;,&quot;caption&quot;:&quot;&quot;,&quot;created_timestamp&quot;:&quot;0&quot;,&quot;copyright&quot;:&quot;&quot;,&quot;focal_length&quot;:&quot;0&quot;,&quot;iso&quot;:&quot;0&quot;,&quot;shutter_speed&quot;:&quot;0&quot;,&quot;title&quot;:&quot;&quot;,&quot;orientation&quot;:&quot;0&quot;}\" data-image-title=\"mycalvins-conheca-a-nova-campanha-da-calvin-klein (2)\" data-image-description=\"\" data-image-caption=\"&lt;p&gt;#mycalvins :: Conhe\u00e7a a nova campanha da Calvin Klein&lt;\/p&gt;\n\" data-medium-file=\"https:\/\/i0.wp.com\/agrund.com\/wp-content\/uploads\/sites\/6\/2014\/02\/mycalvins-conheca-a-nova-campanha-da-calvin-klein-2.jpg?fit=297%2C300&amp;ssl=1\" data-large-file=\"https:\/\/i0.wp.com\/agrund.com\/wp-content\/uploads\/sites\/6\/2014\/02\/mycalvins-conheca-a-nova-campanha-da-calvin-klein-2.jpg?fit=550%2C555&amp;ssl=1\" decoding=\"async\" loading=\"lazy\" class=\"size-large wp-image-97107\" alt=\"#mycalvins :: Conhe\u00e7a a nova campanha da Calvin Klein\" src=\"https:\/\/i0.wp.com\/www.agrund.com\/wp-content\/uploads\/sites\/6\/cache\/2014\/02\/mycalvins-conheca-a-nova-campanha-da-calvin-klein-2\/3475375924.jpg?resize=550%2C555\" width=\"550\" height=\"555\" data-recalc-dims=\"1\" \/><\/a><p id=\"caption-attachment-97107\" class=\"wp-caption-text\">#mycalvins :: Conhe\u00e7a a nova campanha da Calvin Klein<\/p><\/div>\n<div id=\"attachment_97108\" style=\"width: 560px\" class=\"wp-caption aligncenter\"><a href=\"https:\/\/i0.wp.com\/www.agrund.com\/wp-content\/uploads\/sites\/6\/2014\/02\/mycalvins-conheca-a-nova-campanha-da-calvin-klein-3.jpg\"><img aria-describedby=\"caption-attachment-97108\" data-attachment-id=\"97108\" data-permalink=\"https:\/\/agrund.com\/index.php\/mycalvins-conheca-a-nova-campanha-da-calvin-klein\/mycalvins-conheca-a-nova-campanha-da-calvin-klein-3\/\" data-orig-file=\"https:\/\/i0.wp.com\/agrund.com\/wp-content\/uploads\/sites\/6\/2014\/02\/mycalvins-conheca-a-nova-campanha-da-calvin-klein-3.jpg?fit=550%2C550&amp;ssl=1\" data-orig-size=\"550,550\" data-comments-opened=\"1\" data-image-meta=\"{&quot;aperture&quot;:&quot;0&quot;,&quot;credit&quot;:&quot;&quot;,&quot;camera&quot;:&quot;&quot;,&quot;caption&quot;:&quot;&quot;,&quot;created_timestamp&quot;:&quot;0&quot;,&quot;copyright&quot;:&quot;&quot;,&quot;focal_length&quot;:&quot;0&quot;,&quot;iso&quot;:&quot;0&quot;,&quot;shutter_speed&quot;:&quot;0&quot;,&quot;title&quot;:&quot;&quot;,&quot;orientation&quot;:&quot;1&quot;}\" data-image-title=\"mycalvins-conheca-a-nova-campanha-da-calvin-klein (3)\" data-image-description=\"\" data-image-caption=\"&lt;p&gt;#mycalvins :: Conhe\u00e7a a nova campanha da Calvin Klein&lt;\/p&gt;\n\" data-medium-file=\"https:\/\/i0.wp.com\/agrund.com\/wp-content\/uploads\/sites\/6\/2014\/02\/mycalvins-conheca-a-nova-campanha-da-calvin-klein-3.jpg?fit=300%2C300&amp;ssl=1\" data-large-file=\"https:\/\/i0.wp.com\/agrund.com\/wp-content\/uploads\/sites\/6\/2014\/02\/mycalvins-conheca-a-nova-campanha-da-calvin-klein-3.jpg?fit=550%2C550&amp;ssl=1\" decoding=\"async\" loading=\"lazy\" class=\"size-large wp-image-97108\" alt=\"#mycalvins :: Conhe\u00e7a a nova campanha da Calvin Klein\" src=\"https:\/\/i0.wp.com\/www.agrund.com\/wp-content\/uploads\/sites\/6\/cache\/2014\/02\/mycalvins-conheca-a-nova-campanha-da-calvin-klein-3\/59508650.jpg?resize=550%2C550\" width=\"550\" height=\"550\" data-recalc-dims=\"1\" \/><\/a><p id=\"caption-attachment-97108\" class=\"wp-caption-text\">#mycalvins :: Conhe\u00e7a a nova campanha da Calvin Klein<\/p><\/div>\n<div id=\"attachment_97109\" style=\"width: 560px\" class=\"wp-caption aligncenter\"><a href=\"https:\/\/i0.wp.com\/www.agrund.com\/wp-content\/uploads\/sites\/6\/2014\/02\/mycalvins-conheca-a-nova-campanha-da-calvin-klein-4.jpg\"><img aria-describedby=\"caption-attachment-97109\" data-attachment-id=\"97109\" data-permalink=\"https:\/\/agrund.com\/index.php\/mycalvins-conheca-a-nova-campanha-da-calvin-klein\/mycalvins-conheca-a-nova-campanha-da-calvin-klein-4\/\" data-orig-file=\"https:\/\/i0.wp.com\/agrund.com\/wp-content\/uploads\/sites\/6\/2014\/02\/mycalvins-conheca-a-nova-campanha-da-calvin-klein-4.jpg?fit=550%2C550&amp;ssl=1\" data-orig-size=\"550,550\" data-comments-opened=\"1\" data-image-meta=\"{&quot;aperture&quot;:&quot;0&quot;,&quot;credit&quot;:&quot;&quot;,&quot;camera&quot;:&quot;&quot;,&quot;caption&quot;:&quot;&quot;,&quot;created_timestamp&quot;:&quot;0&quot;,&quot;copyright&quot;:&quot;&quot;,&quot;focal_length&quot;:&quot;0&quot;,&quot;iso&quot;:&quot;0&quot;,&quot;shutter_speed&quot;:&quot;0&quot;,&quot;title&quot;:&quot;&quot;,&quot;orientation&quot;:&quot;0&quot;}\" data-image-title=\"mycalvins-conheca-a-nova-campanha-da-calvin-klein (4)\" data-image-description=\"\" data-image-caption=\"&lt;p&gt;#mycalvins :: Conhe\u00e7a a nova campanha da Calvin Klein&lt;\/p&gt;\n\" data-medium-file=\"https:\/\/i0.wp.com\/agrund.com\/wp-content\/uploads\/sites\/6\/2014\/02\/mycalvins-conheca-a-nova-campanha-da-calvin-klein-4.jpg?fit=300%2C300&amp;ssl=1\" data-large-file=\"https:\/\/i0.wp.com\/agrund.com\/wp-content\/uploads\/sites\/6\/2014\/02\/mycalvins-conheca-a-nova-campanha-da-calvin-klein-4.jpg?fit=550%2C550&amp;ssl=1\" decoding=\"async\" loading=\"lazy\" class=\"size-large wp-image-97109\" alt=\"#mycalvins :: Conhe\u00e7a a nova campanha da Calvin Klein\" src=\"https:\/\/i0.wp.com\/www.agrund.com\/wp-content\/uploads\/sites\/6\/cache\/2014\/02\/mycalvins-conheca-a-nova-campanha-da-calvin-klein-4\/155782835.jpg?resize=550%2C550\" width=\"550\" height=\"550\" data-recalc-dims=\"1\" \/><\/a><p id=\"caption-attachment-97109\" class=\"wp-caption-text\">#mycalvins :: Conhe\u00e7a a nova campanha da Calvin Klein<\/p><\/div>\n<div id=\"attachment_97110\" style=\"width: 560px\" class=\"wp-caption aligncenter\"><a href=\"https:\/\/i0.wp.com\/www.agrund.com\/wp-content\/uploads\/sites\/6\/2014\/02\/mycalvins-conheca-a-nova-campanha-da-calvin-klein-5.jpg\"><img aria-describedby=\"caption-attachment-97110\" data-attachment-id=\"97110\" data-permalink=\"https:\/\/agrund.com\/index.php\/mycalvins-conheca-a-nova-campanha-da-calvin-klein\/mycalvins-conheca-a-nova-campanha-da-calvin-klein-5\/\" data-orig-file=\"https:\/\/i0.wp.com\/agrund.com\/wp-content\/uploads\/sites\/6\/2014\/02\/mycalvins-conheca-a-nova-campanha-da-calvin-klein-5.jpg?fit=550%2C550&amp;ssl=1\" data-orig-size=\"550,550\" data-comments-opened=\"1\" data-image-meta=\"{&quot;aperture&quot;:&quot;0&quot;,&quot;credit&quot;:&quot;&quot;,&quot;camera&quot;:&quot;&quot;,&quot;caption&quot;:&quot;&quot;,&quot;created_timestamp&quot;:&quot;0&quot;,&quot;copyright&quot;:&quot;&quot;,&quot;focal_length&quot;:&quot;0&quot;,&quot;iso&quot;:&quot;0&quot;,&quot;shutter_speed&quot;:&quot;0&quot;,&quot;title&quot;:&quot;&quot;,&quot;orientation&quot;:&quot;0&quot;}\" data-image-title=\"mycalvins-conheca-a-nova-campanha-da-calvin-klein (5)\" data-image-description=\"\" data-image-caption=\"&lt;p&gt;#mycalvins :: Conhe\u00e7a a nova campanha da Calvin Klein&lt;\/p&gt;\n\" data-medium-file=\"https:\/\/i0.wp.com\/agrund.com\/wp-content\/uploads\/sites\/6\/2014\/02\/mycalvins-conheca-a-nova-campanha-da-calvin-klein-5.jpg?fit=300%2C300&amp;ssl=1\" data-large-file=\"https:\/\/i0.wp.com\/agrund.com\/wp-content\/uploads\/sites\/6\/2014\/02\/mycalvins-conheca-a-nova-campanha-da-calvin-klein-5.jpg?fit=550%2C550&amp;ssl=1\" decoding=\"async\" loading=\"lazy\" class=\"size-large wp-image-97110\" alt=\"#mycalvins :: Conhe\u00e7a a nova campanha da Calvin Klein\" src=\"https:\/\/i0.wp.com\/www.agrund.com\/wp-content\/uploads\/sites\/6\/cache\/2014\/02\/mycalvins-conheca-a-nova-campanha-da-calvin-klein-5\/3319991853.jpg?resize=550%2C550\" width=\"550\" height=\"550\" data-recalc-dims=\"1\" \/><\/a><p id=\"caption-attachment-97110\" class=\"wp-caption-text\">#mycalvins :: Conhe\u00e7a a nova campanha da Calvin Klein<\/p><\/div>\n<p>Imagens: Reprodu\u00e7\u00e3o.<\/p>\n","protected":false},"excerpt":{"rendered":"<p>Nessa semana a Calvin Klein lan\u00e7ou uma campanha em homenagem \u00e0s famosas lingeries com o logotipo da marca no c\u00f3s, que ficou popular nos anos 80. Engana-se quem pensa que a grife fez um ensaio fotogr\u00e1fico super produzido, mais simples do que isso e ainda com mais impacto. A campanha &#8220;#mycalvins&#8221; tem o Instagram como [&hellip;]<\/p>\n","protected":false},"author":1,"featured_media":97111,"comment_status":"open","ping_status":"open","sticky":false,"template":"","format":"standard","meta":{"jetpack_post_was_ever_published":false,"_jetpack_newsletter_access":"","jetpack_publicize_message":"","jetpack_is_tweetstorm":false,"jetpack_publicize_feature_enabled":true,"jetpack_social_post_already_shared":true,"jetpack_social_options":{"image_generator_settings":{"template":"highway","enabled":false}}},"categories":[2],"tags":[],"jetpack_publicize_connections":[],"jetpack_featured_media_url":"https:\/\/i0.wp.com\/agrund.com\/wp-content\/uploads\/sites\/6\/2014\/02\/slide168.jpg?fit=960%2C300&ssl=1","jetpack_sharing_enabled":true,"jetpack_shortlink":"https:\/\/wp.me\/p3Hz0n-pgd","jetpack_likes_enabled":true,"_links":{"self":[{"href":"https:\/\/agrund.com\/index.php\/wp-json\/wp\/v2\/posts\/97105"}],"collection":[{"href":"https:\/\/agrund.com\/index.php\/wp-json\/wp\/v2\/posts"}],"about":[{"href":"https:\/\/agrund.com\/index.php\/wp-json\/wp\/v2\/types\/post"}],"author":[{"embeddable":true,"href":"https:\/\/agrund.com\/index.php\/wp-json\/wp\/v2\/users\/1"}],"replies":[{"embeddable":true,"href":"https:\/\/agrund.com\/index.php\/wp-json\/wp\/v2\/comments?post=97105"}],"version-history":[{"count":0,"href":"https:\/\/agrund.com\/index.php\/wp-json\/wp\/v2\/posts\/97105\/revisions"}],"wp:featuredmedia":[{"embeddable":true,"href":"https:\/\/agrund.com\/index.php\/wp-json\/wp\/v2\/media\/97111"}],"wp:attachment":[{"href":"https:\/\/agrund.com\/index.php\/wp-json\/wp\/v2\/media?parent=97105"}],"wp:term":[{"taxonomy":"category","embeddable":true,"href":"https:\/\/agrund.com\/index.php\/wp-json\/wp\/v2\/categories?post=97105"},{"taxonomy":"post_tag","embeddable":true,"href":"https:\/\/agrund.com\/index.php\/wp-json\/wp\/v2\/tags?post=97105"}],"curies":[{"name":"wp","href":"https:\/\/api.w.org\/{rel}","templated":true}]}}