{"id":97085,"date":"2014-02-20T22:00:49","date_gmt":"2014-02-21T01:00:49","guid":{"rendered":"http:\/\/www.agrund.com\/?p=97085"},"modified":"2014-02-20T15:04:15","modified_gmt":"2014-02-20T18:04:15","slug":"semana-de-moda-de-milao-max-mara-inverno-2014","status":"publish","type":"post","link":"https:\/\/agrund.com\/index.php\/semana-de-moda-de-milao-max-mara-inverno-2014\/","title":{"rendered":"Semana de Moda de Mil\u00e3o :: Max Mara Inverno 2014"},"content":{"rendered":"<p>A proposta da Max Mara Inverno 2014\/2015 \u00e9 deixar a mulher livre, inclusive com os bra\u00e7os de fora. Muita sobreposi\u00e7\u00e3o de camiseta de cashmere com coletes v\u00e3o sair dali direto para as ruas. As saias que respeitam o cumprimento do momento \u2013 o midi \u2013 est\u00e3o espetaculares, mas para quem n\u00e3o for muito alta d\u00e1 para fazer a barra na altura dos joelhos. O metalizado entrou super sofisticado com um belo mix de texturas com l\u00e3 e couro. A cartela de cinzas e marrons tamb\u00e9m caiu super bem com o dourado. Sem d\u00favida alguma, a apresenta\u00e7\u00e3o foi bem jovem e com muito estilo que lembra um pouco desse novo grunge que est\u00e1 surgindo. Sem falar do palet\u00f3 que se transformou em casaco e at\u00e9 mesmo em camisa. Conforto e sensualidade!<\/p>\n<div id=\"attachment_97086\" style=\"width: 460px\" class=\"wp-caption aligncenter\"><a href=\"https:\/\/i0.wp.com\/www.agrund.com\/wp-content\/uploads\/sites\/6\/2014\/02\/semana-de-moda-de-milao-max-mara-inverno-2014-1.jpg\"><img aria-describedby=\"caption-attachment-97086\" data-attachment-id=\"97086\" data-permalink=\"https:\/\/agrund.com\/index.php\/semana-de-moda-de-milao-max-mara-inverno-2014\/semana-de-moda-de-milao-max-mara-inverno-2014-1\/\" data-orig-file=\"https:\/\/i0.wp.com\/agrund.com\/wp-content\/uploads\/sites\/6\/2014\/02\/semana-de-moda-de-milao-max-mara-inverno-2014-1.jpg?fit=450%2C675&amp;ssl=1\" data-orig-size=\"450,675\" data-comments-opened=\"1\" data-image-meta=\"{&quot;aperture&quot;:&quot;0&quot;,&quot;credit&quot;:&quot;&quot;,&quot;camera&quot;:&quot;&quot;,&quot;caption&quot;:&quot;&quot;,&quot;created_timestamp&quot;:&quot;0&quot;,&quot;copyright&quot;:&quot;Photo: Kim Weston Arnold \\\/ Indigitalimages.com&quot;,&quot;focal_length&quot;:&quot;0&quot;,&quot;iso&quot;:&quot;0&quot;,&quot;shutter_speed&quot;:&quot;0&quot;,&quot;title&quot;:&quot;&quot;,&quot;orientation&quot;:&quot;0&quot;}\" data-image-title=\"semana-de-moda-de-milao-max-mara-inverno-2014 (1)\" data-image-description=\"\" data-image-caption=\"&lt;p&gt;Semana de Moda de Mil\u00e3o :: Max Mara Inverno 2014&lt;\/p&gt;\n\" data-medium-file=\"https:\/\/i0.wp.com\/agrund.com\/wp-content\/uploads\/sites\/6\/2014\/02\/semana-de-moda-de-milao-max-mara-inverno-2014-1.jpg?fit=200%2C300&amp;ssl=1\" data-large-file=\"https:\/\/i0.wp.com\/agrund.com\/wp-content\/uploads\/sites\/6\/2014\/02\/semana-de-moda-de-milao-max-mara-inverno-2014-1.jpg?fit=450%2C675&amp;ssl=1\" decoding=\"async\" loading=\"lazy\" class=\"size-large wp-image-97086\" alt=\"Semana de Moda de Mil\u00e3o :: Max Mara Inverno 2014\" src=\"https:\/\/i0.wp.com\/www.agrund.com\/wp-content\/uploads\/sites\/6\/cache\/2014\/02\/semana-de-moda-de-milao-max-mara-inverno-2014-1\/2105761637.jpg?resize=450%2C675\" width=\"450\" height=\"675\" data-recalc-dims=\"1\" \/><\/a><p id=\"caption-attachment-97086\" class=\"wp-caption-text\">Semana de Moda de Mil\u00e3o :: Max Mara Inverno 2014<\/p><\/div>\n<div id=\"attachment_97087\" style=\"width: 460px\" class=\"wp-caption aligncenter\"><a href=\"https:\/\/i0.wp.com\/www.agrund.com\/wp-content\/uploads\/sites\/6\/2014\/02\/semana-de-moda-de-milao-max-mara-inverno-2014-2.jpg\"><img aria-describedby=\"caption-attachment-97087\" data-attachment-id=\"97087\" data-permalink=\"https:\/\/agrund.com\/index.php\/semana-de-moda-de-milao-max-mara-inverno-2014\/semana-de-moda-de-milao-max-mara-inverno-2014-2\/\" data-orig-file=\"https:\/\/i0.wp.com\/agrund.com\/wp-content\/uploads\/sites\/6\/2014\/02\/semana-de-moda-de-milao-max-mara-inverno-2014-2.jpg?fit=450%2C675&amp;ssl=1\" data-orig-size=\"450,675\" data-comments-opened=\"1\" data-image-meta=\"{&quot;aperture&quot;:&quot;0&quot;,&quot;credit&quot;:&quot;&quot;,&quot;camera&quot;:&quot;&quot;,&quot;caption&quot;:&quot;&quot;,&quot;created_timestamp&quot;:&quot;0&quot;,&quot;copyright&quot;:&quot;Photo: Kim Weston Arnold \\\/ Indigitalimages.com&quot;,&quot;focal_length&quot;:&quot;0&quot;,&quot;iso&quot;:&quot;0&quot;,&quot;shutter_speed&quot;:&quot;0&quot;,&quot;title&quot;:&quot;&quot;,&quot;orientation&quot;:&quot;0&quot;}\" data-image-title=\"semana-de-moda-de-milao-max-mara-inverno-2014 (2)\" data-image-description=\"\" data-image-caption=\"&lt;p&gt;Semana de Moda de Mil\u00e3o :: Max Mara Inverno 2014&lt;\/p&gt;\n\" data-medium-file=\"https:\/\/i0.wp.com\/agrund.com\/wp-content\/uploads\/sites\/6\/2014\/02\/semana-de-moda-de-milao-max-mara-inverno-2014-2.jpg?fit=200%2C300&amp;ssl=1\" data-large-file=\"https:\/\/i0.wp.com\/agrund.com\/wp-content\/uploads\/sites\/6\/2014\/02\/semana-de-moda-de-milao-max-mara-inverno-2014-2.jpg?fit=450%2C675&amp;ssl=1\" decoding=\"async\" loading=\"lazy\" class=\"size-large wp-image-97087\" alt=\"Semana de Moda de Mil\u00e3o :: Max Mara Inverno 2014\" src=\"https:\/\/i0.wp.com\/www.agrund.com\/wp-content\/uploads\/sites\/6\/cache\/2014\/02\/semana-de-moda-de-milao-max-mara-inverno-2014-2\/4077672582.jpg?resize=450%2C675\" width=\"450\" height=\"675\" data-recalc-dims=\"1\" \/><\/a><p id=\"caption-attachment-97087\" class=\"wp-caption-text\">Semana de Moda de Mil\u00e3o :: Max Mara Inverno 2014<\/p><\/div>\n<div id=\"attachment_97088\" style=\"width: 460px\" class=\"wp-caption aligncenter\"><a href=\"https:\/\/i0.wp.com\/www.agrund.com\/wp-content\/uploads\/sites\/6\/2014\/02\/semana-de-moda-de-milao-max-mara-inverno-2014-3.jpg\"><img aria-describedby=\"caption-attachment-97088\" data-attachment-id=\"97088\" data-permalink=\"https:\/\/agrund.com\/index.php\/semana-de-moda-de-milao-max-mara-inverno-2014\/semana-de-moda-de-milao-max-mara-inverno-2014-3\/\" data-orig-file=\"https:\/\/i0.wp.com\/agrund.com\/wp-content\/uploads\/sites\/6\/2014\/02\/semana-de-moda-de-milao-max-mara-inverno-2014-3.jpg?fit=450%2C675&amp;ssl=1\" data-orig-size=\"450,675\" data-comments-opened=\"1\" data-image-meta=\"{&quot;aperture&quot;:&quot;0&quot;,&quot;credit&quot;:&quot;&quot;,&quot;camera&quot;:&quot;&quot;,&quot;caption&quot;:&quot;&quot;,&quot;created_timestamp&quot;:&quot;0&quot;,&quot;copyright&quot;:&quot;Photo: Kim Weston Arnold \\\/ Indigitalimages.com&quot;,&quot;focal_length&quot;:&quot;0&quot;,&quot;iso&quot;:&quot;0&quot;,&quot;shutter_speed&quot;:&quot;0&quot;,&quot;title&quot;:&quot;&quot;,&quot;orientation&quot;:&quot;0&quot;}\" data-image-title=\"semana-de-moda-de-milao-max-mara-inverno-2014 (3)\" data-image-description=\"\" data-image-caption=\"&lt;p&gt;Semana de Moda de Mil\u00e3o :: Max Mara Inverno 2014&lt;\/p&gt;\n\" data-medium-file=\"https:\/\/i0.wp.com\/agrund.com\/wp-content\/uploads\/sites\/6\/2014\/02\/semana-de-moda-de-milao-max-mara-inverno-2014-3.jpg?fit=200%2C300&amp;ssl=1\" data-large-file=\"https:\/\/i0.wp.com\/agrund.com\/wp-content\/uploads\/sites\/6\/2014\/02\/semana-de-moda-de-milao-max-mara-inverno-2014-3.jpg?fit=450%2C675&amp;ssl=1\" decoding=\"async\" loading=\"lazy\" class=\"size-large wp-image-97088\" alt=\"Semana de Moda de Mil\u00e3o :: Max Mara Inverno 2014\" src=\"https:\/\/i0.wp.com\/www.agrund.com\/wp-content\/uploads\/sites\/6\/cache\/2014\/02\/semana-de-moda-de-milao-max-mara-inverno-2014-3\/1067866136.jpg?resize=450%2C675\" width=\"450\" height=\"675\" data-recalc-dims=\"1\" \/><\/a><p id=\"caption-attachment-97088\" class=\"wp-caption-text\">Semana de Moda de Mil\u00e3o :: Max Mara Inverno 2014<\/p><\/div>\n<div id=\"attachment_97089\" style=\"width: 460px\" class=\"wp-caption aligncenter\"><a href=\"https:\/\/i0.wp.com\/www.agrund.com\/wp-content\/uploads\/sites\/6\/2014\/02\/semana-de-moda-de-milao-max-mara-inverno-2014-4.jpg\"><img aria-describedby=\"caption-attachment-97089\" data-attachment-id=\"97089\" data-permalink=\"https:\/\/agrund.com\/index.php\/semana-de-moda-de-milao-max-mara-inverno-2014\/semana-de-moda-de-milao-max-mara-inverno-2014-4\/\" data-orig-file=\"https:\/\/i0.wp.com\/agrund.com\/wp-content\/uploads\/sites\/6\/2014\/02\/semana-de-moda-de-milao-max-mara-inverno-2014-4.jpg?fit=450%2C675&amp;ssl=1\" data-orig-size=\"450,675\" data-comments-opened=\"1\" data-image-meta=\"{&quot;aperture&quot;:&quot;0&quot;,&quot;credit&quot;:&quot;&quot;,&quot;camera&quot;:&quot;&quot;,&quot;caption&quot;:&quot;&quot;,&quot;created_timestamp&quot;:&quot;0&quot;,&quot;copyright&quot;:&quot;Photo: Kim Weston Arnold \\\/ Indigitalimages.com&quot;,&quot;focal_length&quot;:&quot;0&quot;,&quot;iso&quot;:&quot;0&quot;,&quot;shutter_speed&quot;:&quot;0&quot;,&quot;title&quot;:&quot;&quot;,&quot;orientation&quot;:&quot;0&quot;}\" data-image-title=\"semana-de-moda-de-milao-max-mara-inverno-2014 (4)\" data-image-description=\"\" data-image-caption=\"&lt;p&gt;Semana de Moda de Mil\u00e3o :: Max Mara Inverno 2014&lt;\/p&gt;\n\" data-medium-file=\"https:\/\/i0.wp.com\/agrund.com\/wp-content\/uploads\/sites\/6\/2014\/02\/semana-de-moda-de-milao-max-mara-inverno-2014-4.jpg?fit=200%2C300&amp;ssl=1\" data-large-file=\"https:\/\/i0.wp.com\/agrund.com\/wp-content\/uploads\/sites\/6\/2014\/02\/semana-de-moda-de-milao-max-mara-inverno-2014-4.jpg?fit=450%2C675&amp;ssl=1\" decoding=\"async\" loading=\"lazy\" class=\"size-large wp-image-97089\" alt=\"Semana de Moda de Mil\u00e3o :: Max Mara Inverno 2014\" src=\"https:\/\/i0.wp.com\/www.agrund.com\/wp-content\/uploads\/sites\/6\/cache\/2014\/02\/semana-de-moda-de-milao-max-mara-inverno-2014-4\/895701249.jpg?resize=450%2C675\" width=\"450\" height=\"675\" data-recalc-dims=\"1\" \/><\/a><p id=\"caption-attachment-97089\" class=\"wp-caption-text\">Semana de Moda de Mil\u00e3o :: Max Mara Inverno 2014<\/p><\/div>\n<div id=\"attachment_97090\" style=\"width: 460px\" class=\"wp-caption aligncenter\"><a href=\"https:\/\/i0.wp.com\/www.agrund.com\/wp-content\/uploads\/sites\/6\/2014\/02\/semana-de-moda-de-milao-max-mara-inverno-2014-5.jpg\"><img aria-describedby=\"caption-attachment-97090\" data-attachment-id=\"97090\" data-permalink=\"https:\/\/agrund.com\/index.php\/semana-de-moda-de-milao-max-mara-inverno-2014\/semana-de-moda-de-milao-max-mara-inverno-2014-5\/\" data-orig-file=\"https:\/\/i0.wp.com\/agrund.com\/wp-content\/uploads\/sites\/6\/2014\/02\/semana-de-moda-de-milao-max-mara-inverno-2014-5.jpg?fit=450%2C675&amp;ssl=1\" data-orig-size=\"450,675\" data-comments-opened=\"1\" data-image-meta=\"{&quot;aperture&quot;:&quot;0&quot;,&quot;credit&quot;:&quot;&quot;,&quot;camera&quot;:&quot;&quot;,&quot;caption&quot;:&quot;&quot;,&quot;created_timestamp&quot;:&quot;0&quot;,&quot;copyright&quot;:&quot;Photo: Kim Weston Arnold \\\/ Indigitalimages.com&quot;,&quot;focal_length&quot;:&quot;0&quot;,&quot;iso&quot;:&quot;0&quot;,&quot;shutter_speed&quot;:&quot;0&quot;,&quot;title&quot;:&quot;&quot;,&quot;orientation&quot;:&quot;0&quot;}\" data-image-title=\"semana-de-moda-de-milao-max-mara-inverno-2014 (5)\" data-image-description=\"\" data-image-caption=\"&lt;p&gt;Semana de Moda de Mil\u00e3o :: Max Mara Inverno 2014&lt;\/p&gt;\n\" data-medium-file=\"https:\/\/i0.wp.com\/agrund.com\/wp-content\/uploads\/sites\/6\/2014\/02\/semana-de-moda-de-milao-max-mara-inverno-2014-5.jpg?fit=200%2C300&amp;ssl=1\" data-large-file=\"https:\/\/i0.wp.com\/agrund.com\/wp-content\/uploads\/sites\/6\/2014\/02\/semana-de-moda-de-milao-max-mara-inverno-2014-5.jpg?fit=450%2C675&amp;ssl=1\" decoding=\"async\" loading=\"lazy\" class=\"size-large wp-image-97090\" alt=\"Semana de Moda de Mil\u00e3o :: Max Mara Inverno 2014\" src=\"https:\/\/i0.wp.com\/www.agrund.com\/wp-content\/uploads\/sites\/6\/cache\/2014\/02\/semana-de-moda-de-milao-max-mara-inverno-2014-5\/4190720415.jpg?resize=450%2C675\" width=\"450\" height=\"675\" data-recalc-dims=\"1\" \/><\/a><p id=\"caption-attachment-97090\" class=\"wp-caption-text\">Semana de Moda de Mil\u00e3o :: Max Mara Inverno 2014<\/p><\/div>\n<div id=\"attachment_97091\" style=\"width: 460px\" class=\"wp-caption aligncenter\"><a href=\"https:\/\/i0.wp.com\/www.agrund.com\/wp-content\/uploads\/sites\/6\/2014\/02\/semana-de-moda-de-milao-max-mara-inverno-2014-6.jpg\"><img aria-describedby=\"caption-attachment-97091\" data-attachment-id=\"97091\" data-permalink=\"https:\/\/agrund.com\/index.php\/semana-de-moda-de-milao-max-mara-inverno-2014\/semana-de-moda-de-milao-max-mara-inverno-2014-6\/\" data-orig-file=\"https:\/\/i0.wp.com\/agrund.com\/wp-content\/uploads\/sites\/6\/2014\/02\/semana-de-moda-de-milao-max-mara-inverno-2014-6.jpg?fit=450%2C675&amp;ssl=1\" data-orig-size=\"450,675\" data-comments-opened=\"1\" data-image-meta=\"{&quot;aperture&quot;:&quot;0&quot;,&quot;credit&quot;:&quot;&quot;,&quot;camera&quot;:&quot;&quot;,&quot;caption&quot;:&quot;&quot;,&quot;created_timestamp&quot;:&quot;0&quot;,&quot;copyright&quot;:&quot;Photo: Kim Weston Arnold \\\/ Indigitalimages.com&quot;,&quot;focal_length&quot;:&quot;0&quot;,&quot;iso&quot;:&quot;0&quot;,&quot;shutter_speed&quot;:&quot;0&quot;,&quot;title&quot;:&quot;&quot;,&quot;orientation&quot;:&quot;0&quot;}\" data-image-title=\"semana-de-moda-de-milao-max-mara-inverno-2014 (6)\" data-image-description=\"\" data-image-caption=\"&lt;p&gt;Semana de Moda de Mil\u00e3o :: Max Mara Inverno 2014&lt;\/p&gt;\n\" data-medium-file=\"https:\/\/i0.wp.com\/agrund.com\/wp-content\/uploads\/sites\/6\/2014\/02\/semana-de-moda-de-milao-max-mara-inverno-2014-6.jpg?fit=200%2C300&amp;ssl=1\" data-large-file=\"https:\/\/i0.wp.com\/agrund.com\/wp-content\/uploads\/sites\/6\/2014\/02\/semana-de-moda-de-milao-max-mara-inverno-2014-6.jpg?fit=450%2C675&amp;ssl=1\" decoding=\"async\" loading=\"lazy\" class=\"size-large wp-image-97091\" alt=\"Semana de Moda de Mil\u00e3o :: Max Mara Inverno 2014\" src=\"https:\/\/i0.wp.com\/www.agrund.com\/wp-content\/uploads\/sites\/6\/cache\/2014\/02\/semana-de-moda-de-milao-max-mara-inverno-2014-6\/2001098364.jpg?resize=450%2C675\" width=\"450\" height=\"675\" data-recalc-dims=\"1\" \/><\/a><p id=\"caption-attachment-97091\" class=\"wp-caption-text\">Semana de Moda de Mil\u00e3o :: Max Mara Inverno 2014<\/p><\/div>\n<div id=\"attachment_97092\" style=\"width: 460px\" class=\"wp-caption aligncenter\"><a href=\"https:\/\/i0.wp.com\/www.agrund.com\/wp-content\/uploads\/sites\/6\/2014\/02\/semana-de-moda-de-milao-max-mara-inverno-2014-7.jpg\"><img aria-describedby=\"caption-attachment-97092\" data-attachment-id=\"97092\" data-permalink=\"https:\/\/agrund.com\/index.php\/semana-de-moda-de-milao-max-mara-inverno-2014\/semana-de-moda-de-milao-max-mara-inverno-2014-7\/\" data-orig-file=\"https:\/\/i0.wp.com\/agrund.com\/wp-content\/uploads\/sites\/6\/2014\/02\/semana-de-moda-de-milao-max-mara-inverno-2014-7.jpg?fit=450%2C675&amp;ssl=1\" data-orig-size=\"450,675\" data-comments-opened=\"1\" data-image-meta=\"{&quot;aperture&quot;:&quot;0&quot;,&quot;credit&quot;:&quot;&quot;,&quot;camera&quot;:&quot;&quot;,&quot;caption&quot;:&quot;&quot;,&quot;created_timestamp&quot;:&quot;0&quot;,&quot;copyright&quot;:&quot;Photo: Kim Weston Arnold \\\/ Indigitalimages.com&quot;,&quot;focal_length&quot;:&quot;0&quot;,&quot;iso&quot;:&quot;0&quot;,&quot;shutter_speed&quot;:&quot;0&quot;,&quot;title&quot;:&quot;&quot;,&quot;orientation&quot;:&quot;0&quot;}\" data-image-title=\"semana-de-moda-de-milao-max-mara-inverno-2014 (7)\" data-image-description=\"\" data-image-caption=\"&lt;p&gt;Semana de Moda de Mil\u00e3o :: Max Mara Inverno 2014&lt;\/p&gt;\n\" data-medium-file=\"https:\/\/i0.wp.com\/agrund.com\/wp-content\/uploads\/sites\/6\/2014\/02\/semana-de-moda-de-milao-max-mara-inverno-2014-7.jpg?fit=200%2C300&amp;ssl=1\" data-large-file=\"https:\/\/i0.wp.com\/agrund.com\/wp-content\/uploads\/sites\/6\/2014\/02\/semana-de-moda-de-milao-max-mara-inverno-2014-7.jpg?fit=450%2C675&amp;ssl=1\" decoding=\"async\" loading=\"lazy\" class=\"size-large wp-image-97092\" alt=\"Semana de Moda de Mil\u00e3o :: Max Mara Inverno 2014\" src=\"https:\/\/i0.wp.com\/www.agrund.com\/wp-content\/uploads\/sites\/6\/cache\/2014\/02\/semana-de-moda-de-milao-max-mara-inverno-2014-7\/3152828130.jpg?resize=450%2C675\" width=\"450\" height=\"675\" data-recalc-dims=\"1\" \/><\/a><p id=\"caption-attachment-97092\" class=\"wp-caption-text\">Semana de Moda de Mil\u00e3o :: Max Mara Inverno 2014<\/p><\/div>\n<div id=\"attachment_97093\" style=\"width: 460px\" class=\"wp-caption aligncenter\"><a href=\"https:\/\/i0.wp.com\/www.agrund.com\/wp-content\/uploads\/sites\/6\/2014\/02\/semana-de-moda-de-milao-max-mara-inverno-2014-8.jpg\"><img aria-describedby=\"caption-attachment-97093\" data-attachment-id=\"97093\" data-permalink=\"https:\/\/agrund.com\/index.php\/semana-de-moda-de-milao-max-mara-inverno-2014\/semana-de-moda-de-milao-max-mara-inverno-2014-8\/\" data-orig-file=\"https:\/\/i0.wp.com\/agrund.com\/wp-content\/uploads\/sites\/6\/2014\/02\/semana-de-moda-de-milao-max-mara-inverno-2014-8.jpg?fit=450%2C675&amp;ssl=1\" data-orig-size=\"450,675\" data-comments-opened=\"1\" data-image-meta=\"{&quot;aperture&quot;:&quot;0&quot;,&quot;credit&quot;:&quot;&quot;,&quot;camera&quot;:&quot;&quot;,&quot;caption&quot;:&quot;&quot;,&quot;created_timestamp&quot;:&quot;0&quot;,&quot;copyright&quot;:&quot;Photo: Kim Weston Arnold \\\/ Indigitalimages.com&quot;,&quot;focal_length&quot;:&quot;0&quot;,&quot;iso&quot;:&quot;0&quot;,&quot;shutter_speed&quot;:&quot;0&quot;,&quot;title&quot;:&quot;&quot;,&quot;orientation&quot;:&quot;0&quot;}\" data-image-title=\"semana-de-moda-de-milao-max-mara-inverno-2014 (8)\" data-image-description=\"\" data-image-caption=\"&lt;p&gt;Semana de Moda de Mil\u00e3o :: Max Mara Inverno 2014&lt;\/p&gt;\n\" data-medium-file=\"https:\/\/i0.wp.com\/agrund.com\/wp-content\/uploads\/sites\/6\/2014\/02\/semana-de-moda-de-milao-max-mara-inverno-2014-8.jpg?fit=200%2C300&amp;ssl=1\" data-large-file=\"https:\/\/i0.wp.com\/agrund.com\/wp-content\/uploads\/sites\/6\/2014\/02\/semana-de-moda-de-milao-max-mara-inverno-2014-8.jpg?fit=450%2C675&amp;ssl=1\" decoding=\"async\" loading=\"lazy\" class=\"size-large wp-image-97093\" alt=\"Semana de Moda de Mil\u00e3o :: Max Mara Inverno 2014\" src=\"https:\/\/i0.wp.com\/www.agrund.com\/wp-content\/uploads\/sites\/6\/cache\/2014\/02\/semana-de-moda-de-milao-max-mara-inverno-2014-8\/1657553998.jpg?resize=450%2C675\" width=\"450\" height=\"675\" data-recalc-dims=\"1\" \/><\/a><p id=\"caption-attachment-97093\" class=\"wp-caption-text\">Semana de Moda de Mil\u00e3o :: Max Mara Inverno 2014<\/p><\/div>\n<div id=\"attachment_97094\" style=\"width: 460px\" class=\"wp-caption aligncenter\"><a href=\"https:\/\/i0.wp.com\/www.agrund.com\/wp-content\/uploads\/sites\/6\/2014\/02\/semana-de-moda-de-milao-max-mara-inverno-2014-9.jpg\"><img aria-describedby=\"caption-attachment-97094\" data-attachment-id=\"97094\" data-permalink=\"https:\/\/agrund.com\/index.php\/semana-de-moda-de-milao-max-mara-inverno-2014\/semana-de-moda-de-milao-max-mara-inverno-2014-9\/\" data-orig-file=\"https:\/\/i0.wp.com\/agrund.com\/wp-content\/uploads\/sites\/6\/2014\/02\/semana-de-moda-de-milao-max-mara-inverno-2014-9.jpg?fit=450%2C675&amp;ssl=1\" data-orig-size=\"450,675\" data-comments-opened=\"1\" data-image-meta=\"{&quot;aperture&quot;:&quot;0&quot;,&quot;credit&quot;:&quot;&quot;,&quot;camera&quot;:&quot;&quot;,&quot;caption&quot;:&quot;&quot;,&quot;created_timestamp&quot;:&quot;0&quot;,&quot;copyright&quot;:&quot;Photo: Kim Weston Arnold \\\/ Indigitalimages.com&quot;,&quot;focal_length&quot;:&quot;0&quot;,&quot;iso&quot;:&quot;0&quot;,&quot;shutter_speed&quot;:&quot;0&quot;,&quot;title&quot;:&quot;&quot;,&quot;orientation&quot;:&quot;0&quot;}\" data-image-title=\"semana-de-moda-de-milao-max-mara-inverno-2014 (9)\" data-image-description=\"\" data-image-caption=\"&lt;p&gt;Semana de Moda de Mil\u00e3o :: Max Mara Inverno 2014&lt;\/p&gt;\n\" data-medium-file=\"https:\/\/i0.wp.com\/agrund.com\/wp-content\/uploads\/sites\/6\/2014\/02\/semana-de-moda-de-milao-max-mara-inverno-2014-9.jpg?fit=200%2C300&amp;ssl=1\" data-large-file=\"https:\/\/i0.wp.com\/agrund.com\/wp-content\/uploads\/sites\/6\/2014\/02\/semana-de-moda-de-milao-max-mara-inverno-2014-9.jpg?fit=450%2C675&amp;ssl=1\" decoding=\"async\" loading=\"lazy\" class=\"size-large wp-image-97094\" alt=\"Semana de Moda de Mil\u00e3o :: Max Mara Inverno 2014\" src=\"https:\/\/i0.wp.com\/www.agrund.com\/wp-content\/uploads\/sites\/6\/cache\/2014\/02\/semana-de-moda-de-milao-max-mara-inverno-2014-9\/2925937872.jpg?resize=450%2C675\" width=\"450\" height=\"675\" data-recalc-dims=\"1\" \/><\/a><p id=\"caption-attachment-97094\" class=\"wp-caption-text\">Semana de Moda de Mil\u00e3o :: Max Mara Inverno 2014<\/p><\/div>\n<div id=\"attachment_97095\" style=\"width: 460px\" class=\"wp-caption aligncenter\"><a href=\"https:\/\/i0.wp.com\/www.agrund.com\/wp-content\/uploads\/sites\/6\/2014\/02\/semana-de-moda-de-milao-max-mara-inverno-2014-10.jpg\"><img aria-describedby=\"caption-attachment-97095\" data-attachment-id=\"97095\" data-permalink=\"https:\/\/agrund.com\/index.php\/semana-de-moda-de-milao-max-mara-inverno-2014\/semana-de-moda-de-milao-max-mara-inverno-2014-10\/\" data-orig-file=\"https:\/\/i0.wp.com\/agrund.com\/wp-content\/uploads\/sites\/6\/2014\/02\/semana-de-moda-de-milao-max-mara-inverno-2014-10.jpg?fit=450%2C675&amp;ssl=1\" data-orig-size=\"450,675\" data-comments-opened=\"1\" data-image-meta=\"{&quot;aperture&quot;:&quot;0&quot;,&quot;credit&quot;:&quot;&quot;,&quot;camera&quot;:&quot;&quot;,&quot;caption&quot;:&quot;&quot;,&quot;created_timestamp&quot;:&quot;0&quot;,&quot;copyright&quot;:&quot;Photo: Kim Weston Arnold \\\/ Indigitalimages.com&quot;,&quot;focal_length&quot;:&quot;0&quot;,&quot;iso&quot;:&quot;0&quot;,&quot;shutter_speed&quot;:&quot;0&quot;,&quot;title&quot;:&quot;&quot;,&quot;orientation&quot;:&quot;0&quot;}\" data-image-title=\"semana-de-moda-de-milao-max-mara-inverno-2014 (10)\" data-image-description=\"\" data-image-caption=\"&lt;p&gt;Semana de Moda de Mil\u00e3o :: Max Mara Inverno 2014&lt;\/p&gt;\n\" data-medium-file=\"https:\/\/i0.wp.com\/agrund.com\/wp-content\/uploads\/sites\/6\/2014\/02\/semana-de-moda-de-milao-max-mara-inverno-2014-10.jpg?fit=200%2C300&amp;ssl=1\" data-large-file=\"https:\/\/i0.wp.com\/agrund.com\/wp-content\/uploads\/sites\/6\/2014\/02\/semana-de-moda-de-milao-max-mara-inverno-2014-10.jpg?fit=450%2C675&amp;ssl=1\" decoding=\"async\" loading=\"lazy\" class=\"size-large wp-image-97095\" alt=\"Semana de Moda de Mil\u00e3o :: Max Mara Inverno 2014\" src=\"https:\/\/i0.wp.com\/www.agrund.com\/wp-content\/uploads\/sites\/6\/cache\/2014\/02\/semana-de-moda-de-milao-max-mara-inverno-2014-10\/938229457.jpg?resize=450%2C675\" width=\"450\" height=\"675\" data-recalc-dims=\"1\" \/><\/a><p id=\"caption-attachment-97095\" class=\"wp-caption-text\">Semana de Moda de Mil\u00e3o :: Max Mara Inverno 2014<\/p><\/div>\n<div id=\"attachment_97096\" style=\"width: 460px\" class=\"wp-caption aligncenter\"><a href=\"https:\/\/i0.wp.com\/www.agrund.com\/wp-content\/uploads\/sites\/6\/2014\/02\/semana-de-moda-de-milao-max-mara-inverno-2014-11.jpg\"><img aria-describedby=\"caption-attachment-97096\" data-attachment-id=\"97096\" data-permalink=\"https:\/\/agrund.com\/index.php\/semana-de-moda-de-milao-max-mara-inverno-2014\/semana-de-moda-de-milao-max-mara-inverno-2014-11\/\" data-orig-file=\"https:\/\/i0.wp.com\/agrund.com\/wp-content\/uploads\/sites\/6\/2014\/02\/semana-de-moda-de-milao-max-mara-inverno-2014-11.jpg?fit=450%2C675&amp;ssl=1\" data-orig-size=\"450,675\" data-comments-opened=\"1\" data-image-meta=\"{&quot;aperture&quot;:&quot;0&quot;,&quot;credit&quot;:&quot;&quot;,&quot;camera&quot;:&quot;&quot;,&quot;caption&quot;:&quot;&quot;,&quot;created_timestamp&quot;:&quot;0&quot;,&quot;copyright&quot;:&quot;Photo: Kim Weston Arnold \\\/ Indigitalimages.com&quot;,&quot;focal_length&quot;:&quot;0&quot;,&quot;iso&quot;:&quot;0&quot;,&quot;shutter_speed&quot;:&quot;0&quot;,&quot;title&quot;:&quot;&quot;,&quot;orientation&quot;:&quot;0&quot;}\" data-image-title=\"semana-de-moda-de-milao-max-mara-inverno-2014 (11)\" data-image-description=\"\" data-image-caption=\"&lt;p&gt;Semana de Moda de Mil\u00e3o :: Max Mara Inverno 2014&lt;\/p&gt;\n\" data-medium-file=\"https:\/\/i0.wp.com\/agrund.com\/wp-content\/uploads\/sites\/6\/2014\/02\/semana-de-moda-de-milao-max-mara-inverno-2014-11.jpg?fit=200%2C300&amp;ssl=1\" data-large-file=\"https:\/\/i0.wp.com\/agrund.com\/wp-content\/uploads\/sites\/6\/2014\/02\/semana-de-moda-de-milao-max-mara-inverno-2014-11.jpg?fit=450%2C675&amp;ssl=1\" decoding=\"async\" loading=\"lazy\" class=\"size-large wp-image-97096\" alt=\"Semana de Moda de Mil\u00e3o :: Max Mara Inverno 2014\" src=\"https:\/\/i0.wp.com\/www.agrund.com\/wp-content\/uploads\/sites\/6\/cache\/2014\/02\/semana-de-moda-de-milao-max-mara-inverno-2014-11\/4215684687.jpg?resize=450%2C675\" width=\"450\" height=\"675\" data-recalc-dims=\"1\" \/><\/a><p id=\"caption-attachment-97096\" class=\"wp-caption-text\">Semana de Moda de Mil\u00e3o :: Max Mara Inverno 2014<\/p><\/div>\n<div id=\"attachment_97097\" style=\"width: 460px\" class=\"wp-caption aligncenter\"><a href=\"https:\/\/i0.wp.com\/www.agrund.com\/wp-content\/uploads\/sites\/6\/2014\/02\/semana-de-moda-de-milao-max-mara-inverno-2014-12.jpg\"><img aria-describedby=\"caption-attachment-97097\" data-attachment-id=\"97097\" data-permalink=\"https:\/\/agrund.com\/index.php\/semana-de-moda-de-milao-max-mara-inverno-2014\/semana-de-moda-de-milao-max-mara-inverno-2014-12\/\" data-orig-file=\"https:\/\/i0.wp.com\/agrund.com\/wp-content\/uploads\/sites\/6\/2014\/02\/semana-de-moda-de-milao-max-mara-inverno-2014-12.jpg?fit=450%2C675&amp;ssl=1\" data-orig-size=\"450,675\" data-comments-opened=\"1\" data-image-meta=\"{&quot;aperture&quot;:&quot;0&quot;,&quot;credit&quot;:&quot;&quot;,&quot;camera&quot;:&quot;&quot;,&quot;caption&quot;:&quot;&quot;,&quot;created_timestamp&quot;:&quot;0&quot;,&quot;copyright&quot;:&quot;Photo: Kim Weston Arnold \\\/ Indigitalimages.com&quot;,&quot;focal_length&quot;:&quot;0&quot;,&quot;iso&quot;:&quot;0&quot;,&quot;shutter_speed&quot;:&quot;0&quot;,&quot;title&quot;:&quot;&quot;,&quot;orientation&quot;:&quot;0&quot;}\" data-image-title=\"semana-de-moda-de-milao-max-mara-inverno-2014 (12)\" data-image-description=\"\" data-image-caption=\"&lt;p&gt;Semana de Moda de Mil\u00e3o :: Max Mara Inverno 2014&lt;\/p&gt;\n\" data-medium-file=\"https:\/\/i0.wp.com\/agrund.com\/wp-content\/uploads\/sites\/6\/2014\/02\/semana-de-moda-de-milao-max-mara-inverno-2014-12.jpg?fit=200%2C300&amp;ssl=1\" data-large-file=\"https:\/\/i0.wp.com\/agrund.com\/wp-content\/uploads\/sites\/6\/2014\/02\/semana-de-moda-de-milao-max-mara-inverno-2014-12.jpg?fit=450%2C675&amp;ssl=1\" decoding=\"async\" loading=\"lazy\" class=\"size-large wp-image-97097\" alt=\"Semana de Moda de Mil\u00e3o :: Max Mara Inverno 2014\" src=\"https:\/\/i0.wp.com\/www.agrund.com\/wp-content\/uploads\/sites\/6\/cache\/2014\/02\/semana-de-moda-de-milao-max-mara-inverno-2014-12\/1976121772.jpg?resize=450%2C675\" width=\"450\" height=\"675\" data-recalc-dims=\"1\" \/><\/a><p id=\"caption-attachment-97097\" class=\"wp-caption-text\">Semana de Moda de Mil\u00e3o :: Max Mara Inverno 2014<\/p><\/div>\n<div id=\"attachment_97098\" style=\"width: 460px\" class=\"wp-caption aligncenter\"><a href=\"https:\/\/i0.wp.com\/www.agrund.com\/wp-content\/uploads\/sites\/6\/2014\/02\/semana-de-moda-de-milao-max-mara-inverno-2014-13.jpg\"><img aria-describedby=\"caption-attachment-97098\" data-attachment-id=\"97098\" data-permalink=\"https:\/\/agrund.com\/index.php\/semana-de-moda-de-milao-max-mara-inverno-2014\/semana-de-moda-de-milao-max-mara-inverno-2014-13\/\" data-orig-file=\"https:\/\/i0.wp.com\/agrund.com\/wp-content\/uploads\/sites\/6\/2014\/02\/semana-de-moda-de-milao-max-mara-inverno-2014-13.jpg?fit=450%2C675&amp;ssl=1\" data-orig-size=\"450,675\" data-comments-opened=\"1\" data-image-meta=\"{&quot;aperture&quot;:&quot;0&quot;,&quot;credit&quot;:&quot;&quot;,&quot;camera&quot;:&quot;&quot;,&quot;caption&quot;:&quot;&quot;,&quot;created_timestamp&quot;:&quot;0&quot;,&quot;copyright&quot;:&quot;Photo: Kim Weston Arnold \\\/ Indigitalimages.com&quot;,&quot;focal_length&quot;:&quot;0&quot;,&quot;iso&quot;:&quot;0&quot;,&quot;shutter_speed&quot;:&quot;0&quot;,&quot;title&quot;:&quot;&quot;,&quot;orientation&quot;:&quot;0&quot;}\" data-image-title=\"semana-de-moda-de-milao-max-mara-inverno-2014 (13)\" data-image-description=\"\" data-image-caption=\"&lt;p&gt;Semana de Moda de Mil\u00e3o :: Max Mara Inverno 2014&lt;\/p&gt;\n\" data-medium-file=\"https:\/\/i0.wp.com\/agrund.com\/wp-content\/uploads\/sites\/6\/2014\/02\/semana-de-moda-de-milao-max-mara-inverno-2014-13.jpg?fit=200%2C300&amp;ssl=1\" data-large-file=\"https:\/\/i0.wp.com\/agrund.com\/wp-content\/uploads\/sites\/6\/2014\/02\/semana-de-moda-de-milao-max-mara-inverno-2014-13.jpg?fit=450%2C675&amp;ssl=1\" decoding=\"async\" loading=\"lazy\" class=\"size-large wp-image-97098\" alt=\"Semana de Moda de Mil\u00e3o :: Max Mara Inverno 2014\" src=\"https:\/\/i0.wp.com\/www.agrund.com\/wp-content\/uploads\/sites\/6\/cache\/2014\/02\/semana-de-moda-de-milao-max-mara-inverno-2014-13\/3110287666.jpg?resize=450%2C675\" width=\"450\" height=\"675\" data-recalc-dims=\"1\" \/><\/a><p id=\"caption-attachment-97098\" class=\"wp-caption-text\">Semana de Moda de Mil\u00e3o :: Max Mara Inverno 2014<\/p><\/div>\n<p>Imagens: Reprodu\u00e7\u00e3o.<\/p>\n","protected":false},"excerpt":{"rendered":"<p>A proposta da Max Mara Inverno 2014\/2015 \u00e9 deixar a mulher livre, inclusive com os bra\u00e7os de fora. Muita sobreposi\u00e7\u00e3o de camiseta de cashmere com coletes v\u00e3o sair dali direto para as ruas. As saias que respeitam o cumprimento do momento \u2013 o midi \u2013 est\u00e3o espetaculares, mas para quem n\u00e3o for muito alta d\u00e1 [&hellip;]<\/p>\n","protected":false},"author":1,"featured_media":97099,"comment_status":"open","ping_status":"open","sticky":false,"template":"","format":"standard","meta":{"jetpack_post_was_ever_published":false,"_jetpack_newsletter_access":"","jetpack_publicize_message":"","jetpack_is_tweetstorm":false,"jetpack_publicize_feature_enabled":true,"jetpack_social_post_already_shared":true,"jetpack_social_options":{"image_generator_settings":{"template":"highway","enabled":false}}},"categories":[21,2],"tags":[],"jetpack_publicize_connections":[],"jetpack_featured_media_url":"https:\/\/i0.wp.com\/agrund.com\/wp-content\/uploads\/sites\/6\/2014\/02\/slide166.jpg?fit=960%2C300&ssl=1","jetpack_sharing_enabled":true,"jetpack_shortlink":"https:\/\/wp.me\/p3Hz0n-pfT","jetpack_likes_enabled":true,"_links":{"self":[{"href":"https:\/\/agrund.com\/index.php\/wp-json\/wp\/v2\/posts\/97085"}],"collection":[{"href":"https:\/\/agrund.com\/index.php\/wp-json\/wp\/v2\/posts"}],"about":[{"href":"https:\/\/agrund.com\/index.php\/wp-json\/wp\/v2\/types\/post"}],"author":[{"embeddable":true,"href":"https:\/\/agrund.com\/index.php\/wp-json\/wp\/v2\/users\/1"}],"replies":[{"embeddable":true,"href":"https:\/\/agrund.com\/index.php\/wp-json\/wp\/v2\/comments?post=97085"}],"version-history":[{"count":0,"href":"https:\/\/agrund.com\/index.php\/wp-json\/wp\/v2\/posts\/97085\/revisions"}],"wp:featuredmedia":[{"embeddable":true,"href":"https:\/\/agrund.com\/index.php\/wp-json\/wp\/v2\/media\/97099"}],"wp:attachment":[{"href":"https:\/\/agrund.com\/index.php\/wp-json\/wp\/v2\/media?parent=97085"}],"wp:term":[{"taxonomy":"category","embeddable":true,"href":"https:\/\/agrund.com\/index.php\/wp-json\/wp\/v2\/categories?post=97085"},{"taxonomy":"post_tag","embeddable":true,"href":"https:\/\/agrund.com\/index.php\/wp-json\/wp\/v2\/tags?post=97085"}],"curies":[{"name":"wp","href":"https:\/\/api.w.org\/{rel}","templated":true}]}}