{"id":97079,"date":"2014-02-20T21:00:11","date_gmt":"2014-02-21T00:00:11","guid":{"rendered":"http:\/\/www.agrund.com\/?p=97079"},"modified":"2014-02-20T15:00:36","modified_gmt":"2014-02-20T18:00:36","slug":"melissa-inaugura-showroom-em-milao","status":"publish","type":"post","link":"https:\/\/agrund.com\/index.php\/melissa-inaugura-showroom-em-milao\/","title":{"rendered":"Melissa inaugura showroom em Mil\u00e3o"},"content":{"rendered":"<p>A Melissa acaba de dar mais um passo em sua conquista do mercado internacional. Depois de abrir sua loja em Nova York, em 2012, agora a marca brasileira desembarca na It\u00e1lia, mais precisamente em Mil\u00e3o, juntamente com o lan\u00e7amento da Grendene It\u00e1lia.<\/p>\n<p>Com 250 m\u00b2, o showroom foi desenvolvido pelo arquiteto Marco Milan e \u00e9 um espa\u00e7o clean e moderno, como pede o DNA da Melissa.<\/p>\n<p>A marca, que j\u00e1 completa 35 anos no mercado, tamb\u00e9m deve inaugurar, ainda este ano, um corner na loja de departamentos italiana &#8220;La Rinascente&#8221;.<\/p>\n<div id=\"attachment_97080\" style=\"width: 560px\" class=\"wp-caption aligncenter\"><a href=\"https:\/\/i0.wp.com\/www.agrund.com\/wp-content\/uploads\/sites\/6\/2014\/02\/melissa-inaugura-showroom-em-milao-1.jpg\"><img aria-describedby=\"caption-attachment-97080\" data-attachment-id=\"97080\" data-permalink=\"https:\/\/agrund.com\/index.php\/melissa-inaugura-showroom-em-milao\/melissa-inaugura-showroom-em-milao-1\/\" data-orig-file=\"https:\/\/i0.wp.com\/agrund.com\/wp-content\/uploads\/sites\/6\/2014\/02\/melissa-inaugura-showroom-em-milao-1.jpg?fit=550%2C393&amp;ssl=1\" data-orig-size=\"550,393\" data-comments-opened=\"1\" data-image-meta=\"{&quot;aperture&quot;:&quot;0&quot;,&quot;credit&quot;:&quot;&quot;,&quot;camera&quot;:&quot;&quot;,&quot;caption&quot;:&quot;&quot;,&quot;created_timestamp&quot;:&quot;0&quot;,&quot;copyright&quot;:&quot;&quot;,&quot;focal_length&quot;:&quot;0&quot;,&quot;iso&quot;:&quot;0&quot;,&quot;shutter_speed&quot;:&quot;0&quot;,&quot;title&quot;:&quot;&quot;,&quot;orientation&quot;:&quot;0&quot;}\" data-image-title=\"melissa-inaugura-showroom-em-milao (1)\" data-image-description=\"\" data-image-caption=\"&lt;p&gt;Melissa inaugura showroom em Mil\u00e3o&lt;\/p&gt;\n\" data-medium-file=\"https:\/\/i0.wp.com\/agrund.com\/wp-content\/uploads\/sites\/6\/2014\/02\/melissa-inaugura-showroom-em-milao-1.jpg?fit=300%2C214&amp;ssl=1\" data-large-file=\"https:\/\/i0.wp.com\/agrund.com\/wp-content\/uploads\/sites\/6\/2014\/02\/melissa-inaugura-showroom-em-milao-1.jpg?fit=550%2C393&amp;ssl=1\" decoding=\"async\" loading=\"lazy\" class=\"size-large wp-image-97080\" alt=\"Melissa inaugura showroom em Mil\u00e3o\" src=\"https:\/\/i0.wp.com\/www.agrund.com\/wp-content\/uploads\/sites\/6\/cache\/2014\/02\/melissa-inaugura-showroom-em-milao-1\/3768196984.jpg?resize=550%2C393\" width=\"550\" height=\"393\" data-recalc-dims=\"1\" \/><\/a><p id=\"caption-attachment-97080\" class=\"wp-caption-text\">Melissa inaugura showroom em Mil\u00e3o<\/p><\/div>\n<div id=\"attachment_97081\" style=\"width: 560px\" class=\"wp-caption aligncenter\"><a href=\"https:\/\/i0.wp.com\/www.agrund.com\/wp-content\/uploads\/sites\/6\/2014\/02\/melissa-inaugura-showroom-em-milao-2.jpg\"><img aria-describedby=\"caption-attachment-97081\" data-attachment-id=\"97081\" data-permalink=\"https:\/\/agrund.com\/index.php\/melissa-inaugura-showroom-em-milao\/melissa-inaugura-showroom-em-milao-2\/\" data-orig-file=\"https:\/\/i0.wp.com\/agrund.com\/wp-content\/uploads\/sites\/6\/2014\/02\/melissa-inaugura-showroom-em-milao-2.jpg?fit=550%2C366&amp;ssl=1\" data-orig-size=\"550,366\" data-comments-opened=\"1\" data-image-meta=\"{&quot;aperture&quot;:&quot;0&quot;,&quot;credit&quot;:&quot;&quot;,&quot;camera&quot;:&quot;&quot;,&quot;caption&quot;:&quot;&quot;,&quot;created_timestamp&quot;:&quot;0&quot;,&quot;copyright&quot;:&quot;&quot;,&quot;focal_length&quot;:&quot;0&quot;,&quot;iso&quot;:&quot;0&quot;,&quot;shutter_speed&quot;:&quot;0&quot;,&quot;title&quot;:&quot;&quot;,&quot;orientation&quot;:&quot;0&quot;}\" data-image-title=\"melissa-inaugura-showroom-em-milao (2)\" data-image-description=\"\" data-image-caption=\"&lt;p&gt;Melissa inaugura showroom em Mil\u00e3o&lt;\/p&gt;\n\" data-medium-file=\"https:\/\/i0.wp.com\/agrund.com\/wp-content\/uploads\/sites\/6\/2014\/02\/melissa-inaugura-showroom-em-milao-2.jpg?fit=300%2C200&amp;ssl=1\" data-large-file=\"https:\/\/i0.wp.com\/agrund.com\/wp-content\/uploads\/sites\/6\/2014\/02\/melissa-inaugura-showroom-em-milao-2.jpg?fit=550%2C366&amp;ssl=1\" decoding=\"async\" loading=\"lazy\" class=\"size-large wp-image-97081\" alt=\"Melissa inaugura showroom em Mil\u00e3o\" src=\"https:\/\/i0.wp.com\/www.agrund.com\/wp-content\/uploads\/sites\/6\/cache\/2014\/02\/melissa-inaugura-showroom-em-milao-2\/1846876315.jpg?resize=550%2C366\" width=\"550\" height=\"366\" data-recalc-dims=\"1\" \/><\/a><p id=\"caption-attachment-97081\" class=\"wp-caption-text\">Melissa inaugura showroom em Mil\u00e3o<\/p><\/div>\n<div id=\"attachment_97082\" style=\"width: 560px\" class=\"wp-caption aligncenter\"><a href=\"https:\/\/i0.wp.com\/www.agrund.com\/wp-content\/uploads\/sites\/6\/2014\/02\/melissa-inaugura-showroom-em-milao-3.jpg\"><img aria-describedby=\"caption-attachment-97082\" data-attachment-id=\"97082\" data-permalink=\"https:\/\/agrund.com\/index.php\/melissa-inaugura-showroom-em-milao\/melissa-inaugura-showroom-em-milao-3\/\" data-orig-file=\"https:\/\/i0.wp.com\/agrund.com\/wp-content\/uploads\/sites\/6\/2014\/02\/melissa-inaugura-showroom-em-milao-3.jpg?fit=550%2C393&amp;ssl=1\" data-orig-size=\"550,393\" data-comments-opened=\"1\" data-image-meta=\"{&quot;aperture&quot;:&quot;0&quot;,&quot;credit&quot;:&quot;&quot;,&quot;camera&quot;:&quot;&quot;,&quot;caption&quot;:&quot;&quot;,&quot;created_timestamp&quot;:&quot;0&quot;,&quot;copyright&quot;:&quot;&quot;,&quot;focal_length&quot;:&quot;0&quot;,&quot;iso&quot;:&quot;0&quot;,&quot;shutter_speed&quot;:&quot;0&quot;,&quot;title&quot;:&quot;&quot;,&quot;orientation&quot;:&quot;0&quot;}\" data-image-title=\"melissa-inaugura-showroom-em-milao (3)\" data-image-description=\"\" data-image-caption=\"&lt;p&gt;Melissa inaugura showroom em Mil\u00e3o&lt;\/p&gt;\n\" data-medium-file=\"https:\/\/i0.wp.com\/agrund.com\/wp-content\/uploads\/sites\/6\/2014\/02\/melissa-inaugura-showroom-em-milao-3.jpg?fit=300%2C214&amp;ssl=1\" data-large-file=\"https:\/\/i0.wp.com\/agrund.com\/wp-content\/uploads\/sites\/6\/2014\/02\/melissa-inaugura-showroom-em-milao-3.jpg?fit=550%2C393&amp;ssl=1\" decoding=\"async\" loading=\"lazy\" class=\"size-large wp-image-97082\" alt=\"Melissa inaugura showroom em Mil\u00e3o\" src=\"https:\/\/i0.wp.com\/www.agrund.com\/wp-content\/uploads\/sites\/6\/cache\/2014\/02\/melissa-inaugura-showroom-em-milao-3\/2730432517.jpg?resize=550%2C393\" width=\"550\" height=\"393\" data-recalc-dims=\"1\" \/><\/a><p id=\"caption-attachment-97082\" class=\"wp-caption-text\">Melissa inaugura showroom em Mil\u00e3o<\/p><\/div>\n<p>Imagens: Reprodu\u00e7\u00e3o.<\/p>\n","protected":false},"excerpt":{"rendered":"<p>A Melissa acaba de dar mais um passo em sua conquista do mercado internacional. Depois de abrir sua loja em Nova York, em 2012, agora a marca brasileira desembarca na It\u00e1lia, mais precisamente em Mil\u00e3o, juntamente com o lan\u00e7amento da Grendene It\u00e1lia. Com 250 m\u00b2, o showroom foi desenvolvido pelo arquiteto Marco Milan e \u00e9 [&hellip;]<\/p>\n","protected":false},"author":1,"featured_media":97083,"comment_status":"open","ping_status":"open","sticky":false,"template":"","format":"standard","meta":{"jetpack_post_was_ever_published":false,"_jetpack_newsletter_access":"","jetpack_publicize_message":"","jetpack_is_tweetstorm":false,"jetpack_publicize_feature_enabled":true,"jetpack_social_post_already_shared":true,"jetpack_social_options":{"image_generator_settings":{"template":"highway","enabled":false}}},"categories":[2],"tags":[],"jetpack_publicize_connections":[],"jetpack_featured_media_url":"https:\/\/i0.wp.com\/agrund.com\/wp-content\/uploads\/sites\/6\/2014\/02\/slide165.jpg?fit=960%2C300&ssl=1","jetpack_sharing_enabled":true,"jetpack_shortlink":"https:\/\/wp.me\/p3Hz0n-pfN","jetpack_likes_enabled":true,"_links":{"self":[{"href":"https:\/\/agrund.com\/index.php\/wp-json\/wp\/v2\/posts\/97079"}],"collection":[{"href":"https:\/\/agrund.com\/index.php\/wp-json\/wp\/v2\/posts"}],"about":[{"href":"https:\/\/agrund.com\/index.php\/wp-json\/wp\/v2\/types\/post"}],"author":[{"embeddable":true,"href":"https:\/\/agrund.com\/index.php\/wp-json\/wp\/v2\/users\/1"}],"replies":[{"embeddable":true,"href":"https:\/\/agrund.com\/index.php\/wp-json\/wp\/v2\/comments?post=97079"}],"version-history":[{"count":0,"href":"https:\/\/agrund.com\/index.php\/wp-json\/wp\/v2\/posts\/97079\/revisions"}],"wp:featuredmedia":[{"embeddable":true,"href":"https:\/\/agrund.com\/index.php\/wp-json\/wp\/v2\/media\/97083"}],"wp:attachment":[{"href":"https:\/\/agrund.com\/index.php\/wp-json\/wp\/v2\/media?parent=97079"}],"wp:term":[{"taxonomy":"category","embeddable":true,"href":"https:\/\/agrund.com\/index.php\/wp-json\/wp\/v2\/categories?post=97079"},{"taxonomy":"post_tag","embeddable":true,"href":"https:\/\/agrund.com\/index.php\/wp-json\/wp\/v2\/tags?post=97079"}],"curies":[{"name":"wp","href":"https:\/\/api.w.org\/{rel}","templated":true}]}}