{"id":97059,"date":"2014-02-20T20:00:03","date_gmt":"2014-02-20T23:00:03","guid":{"rendered":"http:\/\/www.agrund.com\/?p=97059"},"modified":"2014-02-20T14:54:57","modified_gmt":"2014-02-20T17:54:57","slug":"semana-de-moda-de-milao-alberta-ferretti-inverno-2014","status":"publish","type":"post","link":"https:\/\/agrund.com\/index.php\/semana-de-moda-de-milao-alberta-ferretti-inverno-2014\/","title":{"rendered":"Semana de Moda de Mil\u00e3o :: Alberta Ferretti Inverno 2014"},"content":{"rendered":"<p>Uma floresta bem particular invade a passarela Alberta Ferreti Inverno 2014\/2015 em Mil\u00e3o. Segundo a pr\u00f3pria estilista, sua inspira\u00e7\u00e3o foi da janela de seu quarto de onde ela v\u00ea natureza, p\u00e1ssaros, galhos&#8230; por isso, cores mais densas e que remetem \u00e0 floresta em qualquer hora do dia ou da noite. Uma silhueta mais reta para casacos com belos jacquard e para os vestidos uma leve cintura marcada. O tric\u00f4 com p\u00e1ssaro ficou lindo, saia ampla e at\u00e9 um sapo apareceu no bolso de um dos vestidos. Como ela mesma falou, \u201cessa cole\u00e7\u00e3o \u00e9 a metamorfose da mulher e da natureza\u201d. Os vestidos tipo camisolas vintage continuam com tudo, mesmo no inverno. Ent\u00e3o confiram que belas pe\u00e7as ela apresentou.<\/p>\n<div id=\"attachment_97060\" style=\"width: 460px\" class=\"wp-caption aligncenter\"><a href=\"https:\/\/i0.wp.com\/www.agrund.com\/wp-content\/uploads\/sites\/6\/2014\/02\/semana-de-moda-de-milao-alberta-ferretti-inverno-2014-1.jpg\"><img aria-describedby=\"caption-attachment-97060\" data-attachment-id=\"97060\" data-permalink=\"https:\/\/agrund.com\/index.php\/semana-de-moda-de-milao-alberta-ferretti-inverno-2014\/semana-de-moda-de-milao-alberta-ferretti-inverno-2014-1\/\" data-orig-file=\"https:\/\/i0.wp.com\/agrund.com\/wp-content\/uploads\/sites\/6\/2014\/02\/semana-de-moda-de-milao-alberta-ferretti-inverno-2014-1.jpg?fit=450%2C675&amp;ssl=1\" data-orig-size=\"450,675\" data-comments-opened=\"1\" data-image-meta=\"{&quot;aperture&quot;:&quot;0&quot;,&quot;credit&quot;:&quot;&quot;,&quot;camera&quot;:&quot;&quot;,&quot;caption&quot;:&quot;&quot;,&quot;created_timestamp&quot;:&quot;0&quot;,&quot;copyright&quot;:&quot;&quot;,&quot;focal_length&quot;:&quot;0&quot;,&quot;iso&quot;:&quot;0&quot;,&quot;shutter_speed&quot;:&quot;0&quot;,&quot;title&quot;:&quot;&quot;,&quot;orientation&quot;:&quot;0&quot;}\" data-image-title=\"semana-de-moda-de-milao-alberta-ferretti-inverno-2014 (1)\" data-image-description=\"\" data-image-caption=\"&lt;p&gt;Semana de Moda de Mil\u00e3o :: Alberta Ferretti Inverno 2014&lt;\/p&gt;\n\" data-medium-file=\"https:\/\/i0.wp.com\/agrund.com\/wp-content\/uploads\/sites\/6\/2014\/02\/semana-de-moda-de-milao-alberta-ferretti-inverno-2014-1.jpg?fit=200%2C300&amp;ssl=1\" data-large-file=\"https:\/\/i0.wp.com\/agrund.com\/wp-content\/uploads\/sites\/6\/2014\/02\/semana-de-moda-de-milao-alberta-ferretti-inverno-2014-1.jpg?fit=450%2C675&amp;ssl=1\" decoding=\"async\" loading=\"lazy\" class=\"size-large wp-image-97060\" alt=\"Semana de Moda de Mil\u00e3o :: Alberta Ferretti Inverno 2014\" src=\"https:\/\/i0.wp.com\/www.agrund.com\/wp-content\/uploads\/sites\/6\/cache\/2014\/02\/semana-de-moda-de-milao-alberta-ferretti-inverno-2014-1\/461796001.jpg?resize=450%2C675\" width=\"450\" height=\"675\" data-recalc-dims=\"1\" \/><\/a><p id=\"caption-attachment-97060\" class=\"wp-caption-text\">Semana de Moda de Mil\u00e3o :: Alberta Ferretti Inverno 2014<\/p><\/div>\n<div id=\"attachment_97061\" style=\"width: 460px\" class=\"wp-caption aligncenter\"><a href=\"https:\/\/i0.wp.com\/www.agrund.com\/wp-content\/uploads\/sites\/6\/2014\/02\/semana-de-moda-de-milao-alberta-ferretti-inverno-2014-2.jpg\"><img aria-describedby=\"caption-attachment-97061\" data-attachment-id=\"97061\" data-permalink=\"https:\/\/agrund.com\/index.php\/semana-de-moda-de-milao-alberta-ferretti-inverno-2014\/semana-de-moda-de-milao-alberta-ferretti-inverno-2014-2\/\" data-orig-file=\"https:\/\/i0.wp.com\/agrund.com\/wp-content\/uploads\/sites\/6\/2014\/02\/semana-de-moda-de-milao-alberta-ferretti-inverno-2014-2.jpg?fit=450%2C675&amp;ssl=1\" data-orig-size=\"450,675\" data-comments-opened=\"1\" data-image-meta=\"{&quot;aperture&quot;:&quot;0&quot;,&quot;credit&quot;:&quot;&quot;,&quot;camera&quot;:&quot;&quot;,&quot;caption&quot;:&quot;&quot;,&quot;created_timestamp&quot;:&quot;0&quot;,&quot;copyright&quot;:&quot;&quot;,&quot;focal_length&quot;:&quot;0&quot;,&quot;iso&quot;:&quot;0&quot;,&quot;shutter_speed&quot;:&quot;0&quot;,&quot;title&quot;:&quot;&quot;,&quot;orientation&quot;:&quot;0&quot;}\" data-image-title=\"semana-de-moda-de-milao-alberta-ferretti-inverno-2014 (2)\" data-image-description=\"\" data-image-caption=\"&lt;p&gt;Semana de Moda de Mil\u00e3o :: Alberta Ferretti Inverno 2014&lt;\/p&gt;\n\" data-medium-file=\"https:\/\/i0.wp.com\/agrund.com\/wp-content\/uploads\/sites\/6\/2014\/02\/semana-de-moda-de-milao-alberta-ferretti-inverno-2014-2.jpg?fit=200%2C300&amp;ssl=1\" data-large-file=\"https:\/\/i0.wp.com\/agrund.com\/wp-content\/uploads\/sites\/6\/2014\/02\/semana-de-moda-de-milao-alberta-ferretti-inverno-2014-2.jpg?fit=450%2C675&amp;ssl=1\" decoding=\"async\" loading=\"lazy\" class=\"size-large wp-image-97061\" alt=\"Semana de Moda de Mil\u00e3o :: Alberta Ferretti Inverno 2014\" src=\"https:\/\/i0.wp.com\/www.agrund.com\/wp-content\/uploads\/sites\/6\/cache\/2014\/02\/semana-de-moda-de-milao-alberta-ferretti-inverno-2014-2\/2500425026.jpg?resize=450%2C675\" width=\"450\" height=\"675\" data-recalc-dims=\"1\" \/><\/a><p id=\"caption-attachment-97061\" class=\"wp-caption-text\">Semana de Moda de Mil\u00e3o :: Alberta Ferretti Inverno 2014<\/p><\/div>\n<div id=\"attachment_97062\" style=\"width: 460px\" class=\"wp-caption aligncenter\"><a href=\"https:\/\/i0.wp.com\/www.agrund.com\/wp-content\/uploads\/sites\/6\/2014\/02\/semana-de-moda-de-milao-alberta-ferretti-inverno-2014-3.jpg\"><img aria-describedby=\"caption-attachment-97062\" data-attachment-id=\"97062\" data-permalink=\"https:\/\/agrund.com\/index.php\/semana-de-moda-de-milao-alberta-ferretti-inverno-2014\/semana-de-moda-de-milao-alberta-ferretti-inverno-2014-3\/\" data-orig-file=\"https:\/\/i0.wp.com\/agrund.com\/wp-content\/uploads\/sites\/6\/2014\/02\/semana-de-moda-de-milao-alberta-ferretti-inverno-2014-3.jpg?fit=450%2C675&amp;ssl=1\" data-orig-size=\"450,675\" data-comments-opened=\"1\" data-image-meta=\"{&quot;aperture&quot;:&quot;0&quot;,&quot;credit&quot;:&quot;&quot;,&quot;camera&quot;:&quot;&quot;,&quot;caption&quot;:&quot;&quot;,&quot;created_timestamp&quot;:&quot;0&quot;,&quot;copyright&quot;:&quot;&quot;,&quot;focal_length&quot;:&quot;0&quot;,&quot;iso&quot;:&quot;0&quot;,&quot;shutter_speed&quot;:&quot;0&quot;,&quot;title&quot;:&quot;&quot;,&quot;orientation&quot;:&quot;0&quot;}\" data-image-title=\"semana-de-moda-de-milao-alberta-ferretti-inverno-2014 (3)\" data-image-description=\"\" data-image-caption=\"&lt;p&gt;Semana de Moda de Mil\u00e3o :: Alberta Ferretti Inverno 2014&lt;\/p&gt;\n\" data-medium-file=\"https:\/\/i0.wp.com\/agrund.com\/wp-content\/uploads\/sites\/6\/2014\/02\/semana-de-moda-de-milao-alberta-ferretti-inverno-2014-3.jpg?fit=200%2C300&amp;ssl=1\" data-large-file=\"https:\/\/i0.wp.com\/agrund.com\/wp-content\/uploads\/sites\/6\/2014\/02\/semana-de-moda-de-milao-alberta-ferretti-inverno-2014-3.jpg?fit=450%2C675&amp;ssl=1\" decoding=\"async\" loading=\"lazy\" class=\"size-large wp-image-97062\" alt=\"Semana de Moda de Mil\u00e3o :: Alberta Ferretti Inverno 2014\" src=\"https:\/\/i0.wp.com\/www.agrund.com\/wp-content\/uploads\/sites\/6\/cache\/2014\/02\/semana-de-moda-de-milao-alberta-ferretti-inverno-2014-3\/1503884764.jpg?resize=450%2C675\" width=\"450\" height=\"675\" data-recalc-dims=\"1\" \/><\/a><p id=\"caption-attachment-97062\" class=\"wp-caption-text\">Semana de Moda de Mil\u00e3o :: Alberta Ferretti Inverno 2014<\/p><\/div>\n<div id=\"attachment_97063\" style=\"width: 460px\" class=\"wp-caption aligncenter\"><a href=\"https:\/\/i0.wp.com\/www.agrund.com\/wp-content\/uploads\/sites\/6\/2014\/02\/semana-de-moda-de-milao-alberta-ferretti-inverno-2014-4.jpg\"><img aria-describedby=\"caption-attachment-97063\" data-attachment-id=\"97063\" data-permalink=\"https:\/\/agrund.com\/index.php\/semana-de-moda-de-milao-alberta-ferretti-inverno-2014\/semana-de-moda-de-milao-alberta-ferretti-inverno-2014-4\/\" data-orig-file=\"https:\/\/i0.wp.com\/agrund.com\/wp-content\/uploads\/sites\/6\/2014\/02\/semana-de-moda-de-milao-alberta-ferretti-inverno-2014-4.jpg?fit=450%2C675&amp;ssl=1\" data-orig-size=\"450,675\" data-comments-opened=\"1\" data-image-meta=\"{&quot;aperture&quot;:&quot;0&quot;,&quot;credit&quot;:&quot;&quot;,&quot;camera&quot;:&quot;&quot;,&quot;caption&quot;:&quot;&quot;,&quot;created_timestamp&quot;:&quot;0&quot;,&quot;copyright&quot;:&quot;&quot;,&quot;focal_length&quot;:&quot;0&quot;,&quot;iso&quot;:&quot;0&quot;,&quot;shutter_speed&quot;:&quot;0&quot;,&quot;title&quot;:&quot;&quot;,&quot;orientation&quot;:&quot;0&quot;}\" data-image-title=\"semana-de-moda-de-milao-alberta-ferretti-inverno-2014 (4)\" data-image-description=\"\" data-image-caption=\"&lt;p&gt;Semana de Moda de Mil\u00e3o :: Alberta Ferretti Inverno 2014&lt;\/p&gt;\n\" data-medium-file=\"https:\/\/i0.wp.com\/agrund.com\/wp-content\/uploads\/sites\/6\/2014\/02\/semana-de-moda-de-milao-alberta-ferretti-inverno-2014-4.jpg?fit=200%2C300&amp;ssl=1\" data-large-file=\"https:\/\/i0.wp.com\/agrund.com\/wp-content\/uploads\/sites\/6\/2014\/02\/semana-de-moda-de-milao-alberta-ferretti-inverno-2014-4.jpg?fit=450%2C675&amp;ssl=1\" decoding=\"async\" loading=\"lazy\" class=\"size-large wp-image-97063\" alt=\"Semana de Moda de Mil\u00e3o :: Alberta Ferretti Inverno 2014\" src=\"https:\/\/i0.wp.com\/www.agrund.com\/wp-content\/uploads\/sites\/6\/cache\/2014\/02\/semana-de-moda-de-milao-alberta-ferretti-inverno-2014-4\/1399225541.jpg?resize=450%2C675\" width=\"450\" height=\"675\" data-recalc-dims=\"1\" \/><\/a><p id=\"caption-attachment-97063\" class=\"wp-caption-text\">Semana de Moda de Mil\u00e3o :: Alberta Ferretti Inverno 2014<\/p><\/div>\n<div id=\"attachment_97064\" style=\"width: 460px\" class=\"wp-caption aligncenter\"><a href=\"https:\/\/i0.wp.com\/www.agrund.com\/wp-content\/uploads\/sites\/6\/2014\/02\/semana-de-moda-de-milao-alberta-ferretti-inverno-2014-5.jpg\"><img aria-describedby=\"caption-attachment-97064\" data-attachment-id=\"97064\" data-permalink=\"https:\/\/agrund.com\/index.php\/semana-de-moda-de-milao-alberta-ferretti-inverno-2014\/semana-de-moda-de-milao-alberta-ferretti-inverno-2014-5\/\" data-orig-file=\"https:\/\/i0.wp.com\/agrund.com\/wp-content\/uploads\/sites\/6\/2014\/02\/semana-de-moda-de-milao-alberta-ferretti-inverno-2014-5.jpg?fit=450%2C675&amp;ssl=1\" data-orig-size=\"450,675\" data-comments-opened=\"1\" data-image-meta=\"{&quot;aperture&quot;:&quot;0&quot;,&quot;credit&quot;:&quot;&quot;,&quot;camera&quot;:&quot;&quot;,&quot;caption&quot;:&quot;&quot;,&quot;created_timestamp&quot;:&quot;0&quot;,&quot;copyright&quot;:&quot;&quot;,&quot;focal_length&quot;:&quot;0&quot;,&quot;iso&quot;:&quot;0&quot;,&quot;shutter_speed&quot;:&quot;0&quot;,&quot;title&quot;:&quot;&quot;,&quot;orientation&quot;:&quot;0&quot;}\" data-image-title=\"semana-de-moda-de-milao-alberta-ferretti-inverno-2014 (5)\" data-image-description=\"\" data-image-caption=\"&lt;p&gt;Semana de Moda de Mil\u00e3o :: Alberta Ferretti Inverno 2014&lt;\/p&gt;\n\" data-medium-file=\"https:\/\/i0.wp.com\/agrund.com\/wp-content\/uploads\/sites\/6\/2014\/02\/semana-de-moda-de-milao-alberta-ferretti-inverno-2014-5.jpg?fit=200%2C300&amp;ssl=1\" data-large-file=\"https:\/\/i0.wp.com\/agrund.com\/wp-content\/uploads\/sites\/6\/2014\/02\/semana-de-moda-de-milao-alberta-ferretti-inverno-2014-5.jpg?fit=450%2C675&amp;ssl=1\" decoding=\"async\" loading=\"lazy\" class=\"size-large wp-image-97064\" alt=\"Semana de Moda de Mil\u00e3o :: Alberta Ferretti Inverno 2014\" src=\"https:\/\/i0.wp.com\/www.agrund.com\/wp-content\/uploads\/sites\/6\/cache\/2014\/02\/semana-de-moda-de-milao-alberta-ferretti-inverno-2014-5\/2680978523.jpg?resize=450%2C675\" width=\"450\" height=\"675\" data-recalc-dims=\"1\" \/><\/a><p id=\"caption-attachment-97064\" class=\"wp-caption-text\">Semana de Moda de Mil\u00e3o :: Alberta Ferretti Inverno 2014<\/p><\/div>\n<div id=\"attachment_97065\" style=\"width: 460px\" class=\"wp-caption aligncenter\"><a href=\"https:\/\/i0.wp.com\/www.agrund.com\/wp-content\/uploads\/sites\/6\/2014\/02\/semana-de-moda-de-milao-alberta-ferretti-inverno-2014-6.jpg\"><img aria-describedby=\"caption-attachment-97065\" data-attachment-id=\"97065\" data-permalink=\"https:\/\/agrund.com\/index.php\/semana-de-moda-de-milao-alberta-ferretti-inverno-2014\/semana-de-moda-de-milao-alberta-ferretti-inverno-2014-6\/\" data-orig-file=\"https:\/\/i0.wp.com\/agrund.com\/wp-content\/uploads\/sites\/6\/2014\/02\/semana-de-moda-de-milao-alberta-ferretti-inverno-2014-6.jpg?fit=450%2C675&amp;ssl=1\" data-orig-size=\"450,675\" data-comments-opened=\"1\" data-image-meta=\"{&quot;aperture&quot;:&quot;0&quot;,&quot;credit&quot;:&quot;&quot;,&quot;camera&quot;:&quot;&quot;,&quot;caption&quot;:&quot;&quot;,&quot;created_timestamp&quot;:&quot;0&quot;,&quot;copyright&quot;:&quot;&quot;,&quot;focal_length&quot;:&quot;0&quot;,&quot;iso&quot;:&quot;0&quot;,&quot;shutter_speed&quot;:&quot;0&quot;,&quot;title&quot;:&quot;&quot;,&quot;orientation&quot;:&quot;0&quot;}\" data-image-title=\"semana-de-moda-de-milao-alberta-ferretti-inverno-2014 (6)\" data-image-description=\"\" data-image-caption=\"&lt;p&gt;Semana de Moda de Mil\u00e3o :: Alberta Ferretti Inverno 2014&lt;\/p&gt;\n\" data-medium-file=\"https:\/\/i0.wp.com\/agrund.com\/wp-content\/uploads\/sites\/6\/2014\/02\/semana-de-moda-de-milao-alberta-ferretti-inverno-2014-6.jpg?fit=200%2C300&amp;ssl=1\" data-large-file=\"https:\/\/i0.wp.com\/agrund.com\/wp-content\/uploads\/sites\/6\/2014\/02\/semana-de-moda-de-milao-alberta-ferretti-inverno-2014-6.jpg?fit=450%2C675&amp;ssl=1\" decoding=\"async\" loading=\"lazy\" class=\"size-large wp-image-97065\" alt=\"Semana de Moda de Mil\u00e3o :: Alberta Ferretti Inverno 2014\" src=\"https:\/\/i0.wp.com\/www.agrund.com\/wp-content\/uploads\/sites\/6\/cache\/2014\/02\/semana-de-moda-de-milao-alberta-ferretti-inverno-2014-6\/289635256.jpg?resize=450%2C675\" width=\"450\" height=\"675\" data-recalc-dims=\"1\" \/><\/a><p id=\"caption-attachment-97065\" class=\"wp-caption-text\">Semana de Moda de Mil\u00e3o :: Alberta Ferretti Inverno 2014<\/p><\/div>\n<div id=\"attachment_97066\" style=\"width: 460px\" class=\"wp-caption aligncenter\"><a href=\"https:\/\/i0.wp.com\/www.agrund.com\/wp-content\/uploads\/sites\/6\/2014\/02\/semana-de-moda-de-milao-alberta-ferretti-inverno-2014-7.jpg\"><img aria-describedby=\"caption-attachment-97066\" data-attachment-id=\"97066\" data-permalink=\"https:\/\/agrund.com\/index.php\/semana-de-moda-de-milao-alberta-ferretti-inverno-2014\/semana-de-moda-de-milao-alberta-ferretti-inverno-2014-7\/\" data-orig-file=\"https:\/\/i0.wp.com\/agrund.com\/wp-content\/uploads\/sites\/6\/2014\/02\/semana-de-moda-de-milao-alberta-ferretti-inverno-2014-7.jpg?fit=450%2C675&amp;ssl=1\" data-orig-size=\"450,675\" data-comments-opened=\"1\" data-image-meta=\"{&quot;aperture&quot;:&quot;0&quot;,&quot;credit&quot;:&quot;&quot;,&quot;camera&quot;:&quot;&quot;,&quot;caption&quot;:&quot;&quot;,&quot;created_timestamp&quot;:&quot;0&quot;,&quot;copyright&quot;:&quot;&quot;,&quot;focal_length&quot;:&quot;0&quot;,&quot;iso&quot;:&quot;0&quot;,&quot;shutter_speed&quot;:&quot;0&quot;,&quot;title&quot;:&quot;&quot;,&quot;orientation&quot;:&quot;0&quot;}\" data-image-title=\"semana-de-moda-de-milao-alberta-ferretti-inverno-2014 (7)\" data-image-description=\"\" data-image-caption=\"&lt;p&gt;Semana de Moda de Mil\u00e3o :: Alberta Ferretti Inverno 2014&lt;\/p&gt;\n\" data-medium-file=\"https:\/\/i0.wp.com\/agrund.com\/wp-content\/uploads\/sites\/6\/2014\/02\/semana-de-moda-de-milao-alberta-ferretti-inverno-2014-7.jpg?fit=200%2C300&amp;ssl=1\" data-large-file=\"https:\/\/i0.wp.com\/agrund.com\/wp-content\/uploads\/sites\/6\/2014\/02\/semana-de-moda-de-milao-alberta-ferretti-inverno-2014-7.jpg?fit=450%2C675&amp;ssl=1\" decoding=\"async\" loading=\"lazy\" class=\"size-large wp-image-97066\" alt=\"Semana de Moda de Mil\u00e3o :: Alberta Ferretti Inverno 2014\" src=\"https:\/\/i0.wp.com\/www.agrund.com\/wp-content\/uploads\/sites\/6\/cache\/2014\/02\/semana-de-moda-de-milao-alberta-ferretti-inverno-2014-7\/3723066150.jpg?resize=450%2C675\" width=\"450\" height=\"675\" data-recalc-dims=\"1\" \/><\/a><p id=\"caption-attachment-97066\" class=\"wp-caption-text\">Semana de Moda de Mil\u00e3o :: Alberta Ferretti Inverno 2014<\/p><\/div>\n<div id=\"attachment_97067\" style=\"width: 460px\" class=\"wp-caption aligncenter\"><a href=\"https:\/\/i0.wp.com\/www.agrund.com\/wp-content\/uploads\/sites\/6\/2014\/02\/semana-de-moda-de-milao-alberta-ferretti-inverno-2014-8.jpg\"><img aria-describedby=\"caption-attachment-97067\" data-attachment-id=\"97067\" data-permalink=\"https:\/\/agrund.com\/index.php\/semana-de-moda-de-milao-alberta-ferretti-inverno-2014\/semana-de-moda-de-milao-alberta-ferretti-inverno-2014-8\/\" data-orig-file=\"https:\/\/i0.wp.com\/agrund.com\/wp-content\/uploads\/sites\/6\/2014\/02\/semana-de-moda-de-milao-alberta-ferretti-inverno-2014-8.jpg?fit=450%2C675&amp;ssl=1\" data-orig-size=\"450,675\" data-comments-opened=\"1\" data-image-meta=\"{&quot;aperture&quot;:&quot;0&quot;,&quot;credit&quot;:&quot;&quot;,&quot;camera&quot;:&quot;&quot;,&quot;caption&quot;:&quot;&quot;,&quot;created_timestamp&quot;:&quot;0&quot;,&quot;copyright&quot;:&quot;&quot;,&quot;focal_length&quot;:&quot;0&quot;,&quot;iso&quot;:&quot;0&quot;,&quot;shutter_speed&quot;:&quot;0&quot;,&quot;title&quot;:&quot;&quot;,&quot;orientation&quot;:&quot;0&quot;}\" data-image-title=\"semana-de-moda-de-milao-alberta-ferretti-inverno-2014 (8)\" data-image-description=\"\" data-image-caption=\"&lt;p&gt;Semana de Moda de Mil\u00e3o :: Alberta Ferretti Inverno 2014&lt;\/p&gt;\n\" data-medium-file=\"https:\/\/i0.wp.com\/agrund.com\/wp-content\/uploads\/sites\/6\/2014\/02\/semana-de-moda-de-milao-alberta-ferretti-inverno-2014-8.jpg?fit=200%2C300&amp;ssl=1\" data-large-file=\"https:\/\/i0.wp.com\/agrund.com\/wp-content\/uploads\/sites\/6\/2014\/02\/semana-de-moda-de-milao-alberta-ferretti-inverno-2014-8.jpg?fit=450%2C675&amp;ssl=1\" decoding=\"async\" loading=\"lazy\" class=\"size-large wp-image-97067\" alt=\"Semana de Moda de Mil\u00e3o :: Alberta Ferretti Inverno 2014\" src=\"https:\/\/i0.wp.com\/www.agrund.com\/wp-content\/uploads\/sites\/6\/cache\/2014\/02\/semana-de-moda-de-milao-alberta-ferretti-inverno-2014-8\/80308618.jpg?resize=450%2C675\" width=\"450\" height=\"675\" data-recalc-dims=\"1\" \/><\/a><p id=\"caption-attachment-97067\" class=\"wp-caption-text\">Semana de Moda de Mil\u00e3o :: Alberta Ferretti Inverno 2014<\/p><\/div>\n<div id=\"attachment_97068\" style=\"width: 460px\" class=\"wp-caption aligncenter\"><a href=\"https:\/\/i0.wp.com\/www.agrund.com\/wp-content\/uploads\/sites\/6\/2014\/02\/semana-de-moda-de-milao-alberta-ferretti-inverno-2014-9.jpg\"><img aria-describedby=\"caption-attachment-97068\" data-attachment-id=\"97068\" data-permalink=\"https:\/\/agrund.com\/index.php\/semana-de-moda-de-milao-alberta-ferretti-inverno-2014\/semana-de-moda-de-milao-alberta-ferretti-inverno-2014-9\/\" data-orig-file=\"https:\/\/i0.wp.com\/agrund.com\/wp-content\/uploads\/sites\/6\/2014\/02\/semana-de-moda-de-milao-alberta-ferretti-inverno-2014-9.jpg?fit=450%2C675&amp;ssl=1\" data-orig-size=\"450,675\" data-comments-opened=\"1\" data-image-meta=\"{&quot;aperture&quot;:&quot;0&quot;,&quot;credit&quot;:&quot;&quot;,&quot;camera&quot;:&quot;&quot;,&quot;caption&quot;:&quot;&quot;,&quot;created_timestamp&quot;:&quot;0&quot;,&quot;copyright&quot;:&quot;&quot;,&quot;focal_length&quot;:&quot;0&quot;,&quot;iso&quot;:&quot;0&quot;,&quot;shutter_speed&quot;:&quot;0&quot;,&quot;title&quot;:&quot;&quot;,&quot;orientation&quot;:&quot;0&quot;}\" data-image-title=\"semana-de-moda-de-milao-alberta-ferretti-inverno-2014 (9)\" data-image-description=\"\" data-image-caption=\"&lt;p&gt;Semana de Moda de Mil\u00e3o :: Alberta Ferretti Inverno 2014&lt;\/p&gt;\n\" data-medium-file=\"https:\/\/i0.wp.com\/agrund.com\/wp-content\/uploads\/sites\/6\/2014\/02\/semana-de-moda-de-milao-alberta-ferretti-inverno-2014-9.jpg?fit=200%2C300&amp;ssl=1\" data-large-file=\"https:\/\/i0.wp.com\/agrund.com\/wp-content\/uploads\/sites\/6\/2014\/02\/semana-de-moda-de-milao-alberta-ferretti-inverno-2014-9.jpg?fit=450%2C675&amp;ssl=1\" decoding=\"async\" loading=\"lazy\" class=\"size-large wp-image-97068\" alt=\"Semana de Moda de Mil\u00e3o :: Alberta Ferretti Inverno 2014\" src=\"https:\/\/i0.wp.com\/www.agrund.com\/wp-content\/uploads\/sites\/6\/cache\/2014\/02\/semana-de-moda-de-milao-alberta-ferretti-inverno-2014-9\/3361958164.jpg?resize=450%2C675\" width=\"450\" height=\"675\" data-recalc-dims=\"1\" \/><\/a><p id=\"caption-attachment-97068\" class=\"wp-caption-text\">Semana de Moda de Mil\u00e3o :: Alberta Ferretti Inverno 2014<\/p><\/div>\n<div id=\"attachment_97069\" style=\"width: 460px\" class=\"wp-caption aligncenter\"><a href=\"https:\/\/i0.wp.com\/www.agrund.com\/wp-content\/uploads\/sites\/6\/2014\/02\/semana-de-moda-de-milao-alberta-ferretti-inverno-2014-10.jpg\"><img aria-describedby=\"caption-attachment-97069\" data-attachment-id=\"97069\" data-permalink=\"https:\/\/agrund.com\/index.php\/semana-de-moda-de-milao-alberta-ferretti-inverno-2014\/semana-de-moda-de-milao-alberta-ferretti-inverno-2014-10\/\" data-orig-file=\"https:\/\/i0.wp.com\/agrund.com\/wp-content\/uploads\/sites\/6\/2014\/02\/semana-de-moda-de-milao-alberta-ferretti-inverno-2014-10.jpg?fit=450%2C675&amp;ssl=1\" data-orig-size=\"450,675\" data-comments-opened=\"1\" data-image-meta=\"{&quot;aperture&quot;:&quot;0&quot;,&quot;credit&quot;:&quot;&quot;,&quot;camera&quot;:&quot;&quot;,&quot;caption&quot;:&quot;&quot;,&quot;created_timestamp&quot;:&quot;0&quot;,&quot;copyright&quot;:&quot;&quot;,&quot;focal_length&quot;:&quot;0&quot;,&quot;iso&quot;:&quot;0&quot;,&quot;shutter_speed&quot;:&quot;0&quot;,&quot;title&quot;:&quot;&quot;,&quot;orientation&quot;:&quot;0&quot;}\" data-image-title=\"semana-de-moda-de-milao-alberta-ferretti-inverno-2014 (10)\" data-image-description=\"\" data-image-caption=\"&lt;p&gt;Semana de Moda de Mil\u00e3o :: Alberta Ferretti Inverno 2014&lt;\/p&gt;\n\" data-medium-file=\"https:\/\/i0.wp.com\/agrund.com\/wp-content\/uploads\/sites\/6\/2014\/02\/semana-de-moda-de-milao-alberta-ferretti-inverno-2014-10.jpg?fit=200%2C300&amp;ssl=1\" data-large-file=\"https:\/\/i0.wp.com\/agrund.com\/wp-content\/uploads\/sites\/6\/2014\/02\/semana-de-moda-de-milao-alberta-ferretti-inverno-2014-10.jpg?fit=450%2C675&amp;ssl=1\" decoding=\"async\" loading=\"lazy\" class=\"size-large wp-image-97069\" alt=\"Semana de Moda de Mil\u00e3o :: Alberta Ferretti Inverno 2014\" src=\"https:\/\/i0.wp.com\/www.agrund.com\/wp-content\/uploads\/sites\/6\/cache\/2014\/02\/semana-de-moda-de-milao-alberta-ferretti-inverno-2014-10\/2928531758.jpg?resize=450%2C675\" width=\"450\" height=\"675\" data-recalc-dims=\"1\" \/><\/a><p id=\"caption-attachment-97069\" class=\"wp-caption-text\">Semana de Moda de Mil\u00e3o :: Alberta Ferretti Inverno 2014<\/p><\/div>\n<div id=\"attachment_97070\" style=\"width: 460px\" class=\"wp-caption aligncenter\"><a href=\"https:\/\/i0.wp.com\/www.agrund.com\/wp-content\/uploads\/sites\/6\/2014\/02\/semana-de-moda-de-milao-alberta-ferretti-inverno-2014-11.jpg\"><img aria-describedby=\"caption-attachment-97070\" data-attachment-id=\"97070\" data-permalink=\"https:\/\/agrund.com\/index.php\/semana-de-moda-de-milao-alberta-ferretti-inverno-2014\/semana-de-moda-de-milao-alberta-ferretti-inverno-2014-11\/\" data-orig-file=\"https:\/\/i0.wp.com\/agrund.com\/wp-content\/uploads\/sites\/6\/2014\/02\/semana-de-moda-de-milao-alberta-ferretti-inverno-2014-11.jpg?fit=450%2C675&amp;ssl=1\" data-orig-size=\"450,675\" data-comments-opened=\"1\" data-image-meta=\"{&quot;aperture&quot;:&quot;0&quot;,&quot;credit&quot;:&quot;&quot;,&quot;camera&quot;:&quot;&quot;,&quot;caption&quot;:&quot;&quot;,&quot;created_timestamp&quot;:&quot;0&quot;,&quot;copyright&quot;:&quot;&quot;,&quot;focal_length&quot;:&quot;0&quot;,&quot;iso&quot;:&quot;0&quot;,&quot;shutter_speed&quot;:&quot;0&quot;,&quot;title&quot;:&quot;&quot;,&quot;orientation&quot;:&quot;0&quot;}\" data-image-title=\"semana-de-moda-de-milao-alberta-ferretti-inverno-2014 (11)\" data-image-description=\"\" data-image-caption=\"&lt;p&gt;Semana de Moda de Mil\u00e3o :: Alberta Ferretti Inverno 2014&lt;\/p&gt;\n\" data-medium-file=\"https:\/\/i0.wp.com\/agrund.com\/wp-content\/uploads\/sites\/6\/2014\/02\/semana-de-moda-de-milao-alberta-ferretti-inverno-2014-11.jpg?fit=200%2C300&amp;ssl=1\" data-large-file=\"https:\/\/i0.wp.com\/agrund.com\/wp-content\/uploads\/sites\/6\/2014\/02\/semana-de-moda-de-milao-alberta-ferretti-inverno-2014-11.jpg?fit=450%2C675&amp;ssl=1\" decoding=\"async\" loading=\"lazy\" class=\"size-large wp-image-97070\" alt=\"Semana de Moda de Mil\u00e3o :: Alberta Ferretti Inverno 2014\" src=\"https:\/\/i0.wp.com\/www.agrund.com\/wp-content\/uploads\/sites\/6\/cache\/2014\/02\/semana-de-moda-de-milao-alberta-ferretti-inverno-2014-11\/1646778800.jpg?resize=450%2C675\" width=\"450\" height=\"675\" data-recalc-dims=\"1\" \/><\/a><p id=\"caption-attachment-97070\" class=\"wp-caption-text\">Semana de Moda de Mil\u00e3o :: Alberta Ferretti Inverno 2014<\/p><\/div>\n<div id=\"attachment_97071\" style=\"width: 460px\" class=\"wp-caption aligncenter\"><a href=\"https:\/\/i0.wp.com\/www.agrund.com\/wp-content\/uploads\/sites\/6\/2014\/02\/semana-de-moda-de-milao-alberta-ferretti-inverno-2014-12.jpg\"><img aria-describedby=\"caption-attachment-97071\" data-attachment-id=\"97071\" data-permalink=\"https:\/\/agrund.com\/index.php\/semana-de-moda-de-milao-alberta-ferretti-inverno-2014\/semana-de-moda-de-milao-alberta-ferretti-inverno-2014-12\/\" data-orig-file=\"https:\/\/i0.wp.com\/agrund.com\/wp-content\/uploads\/sites\/6\/2014\/02\/semana-de-moda-de-milao-alberta-ferretti-inverno-2014-12.jpg?fit=450%2C675&amp;ssl=1\" data-orig-size=\"450,675\" data-comments-opened=\"1\" data-image-meta=\"{&quot;aperture&quot;:&quot;0&quot;,&quot;credit&quot;:&quot;&quot;,&quot;camera&quot;:&quot;&quot;,&quot;caption&quot;:&quot;&quot;,&quot;created_timestamp&quot;:&quot;0&quot;,&quot;copyright&quot;:&quot;&quot;,&quot;focal_length&quot;:&quot;0&quot;,&quot;iso&quot;:&quot;0&quot;,&quot;shutter_speed&quot;:&quot;0&quot;,&quot;title&quot;:&quot;&quot;,&quot;orientation&quot;:&quot;0&quot;}\" data-image-title=\"semana-de-moda-de-milao-alberta-ferretti-inverno-2014 (12)\" data-image-description=\"\" data-image-caption=\"&lt;p&gt;Semana de Moda de Mil\u00e3o :: Alberta Ferretti Inverno 2014&lt;\/p&gt;\n\" data-medium-file=\"https:\/\/i0.wp.com\/agrund.com\/wp-content\/uploads\/sites\/6\/2014\/02\/semana-de-moda-de-milao-alberta-ferretti-inverno-2014-12.jpg?fit=200%2C300&amp;ssl=1\" data-large-file=\"https:\/\/i0.wp.com\/agrund.com\/wp-content\/uploads\/sites\/6\/2014\/02\/semana-de-moda-de-milao-alberta-ferretti-inverno-2014-12.jpg?fit=450%2C675&amp;ssl=1\" decoding=\"async\" loading=\"lazy\" class=\"size-large wp-image-97071\" alt=\"Semana de Moda de Mil\u00e3o :: Alberta Ferretti Inverno 2014\" src=\"https:\/\/i0.wp.com\/www.agrund.com\/wp-content\/uploads\/sites\/6\/cache\/2014\/02\/semana-de-moda-de-milao-alberta-ferretti-inverno-2014-12\/3970489939.jpg?resize=450%2C675\" width=\"450\" height=\"675\" data-recalc-dims=\"1\" \/><\/a><p id=\"caption-attachment-97071\" class=\"wp-caption-text\">Semana de Moda de Mil\u00e3o :: Alberta Ferretti Inverno 2014<\/p><\/div>\n<div id=\"attachment_97072\" style=\"width: 460px\" class=\"wp-caption aligncenter\"><a href=\"https:\/\/i0.wp.com\/www.agrund.com\/wp-content\/uploads\/sites\/6\/2014\/02\/semana-de-moda-de-milao-alberta-ferretti-inverno-2014-13.jpg\"><img aria-describedby=\"caption-attachment-97072\" data-attachment-id=\"97072\" data-permalink=\"https:\/\/agrund.com\/index.php\/semana-de-moda-de-milao-alberta-ferretti-inverno-2014\/semana-de-moda-de-milao-alberta-ferretti-inverno-2014-13\/\" data-orig-file=\"https:\/\/i0.wp.com\/agrund.com\/wp-content\/uploads\/sites\/6\/2014\/02\/semana-de-moda-de-milao-alberta-ferretti-inverno-2014-13.jpg?fit=450%2C675&amp;ssl=1\" data-orig-size=\"450,675\" data-comments-opened=\"1\" data-image-meta=\"{&quot;aperture&quot;:&quot;0&quot;,&quot;credit&quot;:&quot;&quot;,&quot;camera&quot;:&quot;&quot;,&quot;caption&quot;:&quot;&quot;,&quot;created_timestamp&quot;:&quot;0&quot;,&quot;copyright&quot;:&quot;&quot;,&quot;focal_length&quot;:&quot;0&quot;,&quot;iso&quot;:&quot;0&quot;,&quot;shutter_speed&quot;:&quot;0&quot;,&quot;title&quot;:&quot;&quot;,&quot;orientation&quot;:&quot;0&quot;}\" data-image-title=\"semana-de-moda-de-milao-alberta-ferretti-inverno-2014 (13)\" data-image-description=\"\" data-image-caption=\"&lt;p&gt;Semana de Moda de Mil\u00e3o :: Alberta Ferretti Inverno 2014&lt;\/p&gt;\n\" data-medium-file=\"https:\/\/i0.wp.com\/agrund.com\/wp-content\/uploads\/sites\/6\/2014\/02\/semana-de-moda-de-milao-alberta-ferretti-inverno-2014-13.jpg?fit=200%2C300&amp;ssl=1\" data-large-file=\"https:\/\/i0.wp.com\/agrund.com\/wp-content\/uploads\/sites\/6\/2014\/02\/semana-de-moda-de-milao-alberta-ferretti-inverno-2014-13.jpg?fit=450%2C675&amp;ssl=1\" decoding=\"async\" loading=\"lazy\" class=\"size-large wp-image-97072\" alt=\"Semana de Moda de Mil\u00e3o :: Alberta Ferretti Inverno 2014\" src=\"https:\/\/i0.wp.com\/www.agrund.com\/wp-content\/uploads\/sites\/6\/cache\/2014\/02\/semana-de-moda-de-milao-alberta-ferretti-inverno-2014-13\/537059021.jpg?resize=450%2C675\" width=\"450\" height=\"675\" data-recalc-dims=\"1\" \/><\/a><p id=\"caption-attachment-97072\" class=\"wp-caption-text\">Semana de Moda de Mil\u00e3o :: Alberta Ferretti Inverno 2014<\/p><\/div>\n<div id=\"attachment_97073\" style=\"width: 460px\" class=\"wp-caption aligncenter\"><a href=\"https:\/\/i0.wp.com\/www.agrund.com\/wp-content\/uploads\/sites\/6\/2014\/02\/semana-de-moda-de-milao-alberta-ferretti-inverno-2014-14.jpg\"><img aria-describedby=\"caption-attachment-97073\" data-attachment-id=\"97073\" data-permalink=\"https:\/\/agrund.com\/index.php\/semana-de-moda-de-milao-alberta-ferretti-inverno-2014\/semana-de-moda-de-milao-alberta-ferretti-inverno-2014-14\/\" data-orig-file=\"https:\/\/i0.wp.com\/agrund.com\/wp-content\/uploads\/sites\/6\/2014\/02\/semana-de-moda-de-milao-alberta-ferretti-inverno-2014-14.jpg?fit=450%2C675&amp;ssl=1\" data-orig-size=\"450,675\" data-comments-opened=\"1\" data-image-meta=\"{&quot;aperture&quot;:&quot;0&quot;,&quot;credit&quot;:&quot;&quot;,&quot;camera&quot;:&quot;&quot;,&quot;caption&quot;:&quot;&quot;,&quot;created_timestamp&quot;:&quot;0&quot;,&quot;copyright&quot;:&quot;&quot;,&quot;focal_length&quot;:&quot;0&quot;,&quot;iso&quot;:&quot;0&quot;,&quot;shutter_speed&quot;:&quot;0&quot;,&quot;title&quot;:&quot;&quot;,&quot;orientation&quot;:&quot;0&quot;}\" data-image-title=\"semana-de-moda-de-milao-alberta-ferretti-inverno-2014 (14)\" data-image-description=\"\" data-image-caption=\"&lt;p&gt;Semana de Moda de Mil\u00e3o :: Alberta Ferretti Inverno 2014&lt;\/p&gt;\n\" data-medium-file=\"https:\/\/i0.wp.com\/agrund.com\/wp-content\/uploads\/sites\/6\/2014\/02\/semana-de-moda-de-milao-alberta-ferretti-inverno-2014-14.jpg?fit=200%2C300&amp;ssl=1\" data-large-file=\"https:\/\/i0.wp.com\/agrund.com\/wp-content\/uploads\/sites\/6\/2014\/02\/semana-de-moda-de-milao-alberta-ferretti-inverno-2014-14.jpg?fit=450%2C675&amp;ssl=1\" decoding=\"async\" loading=\"lazy\" class=\"size-large wp-image-97073\" alt=\"Semana de Moda de Mil\u00e3o :: Alberta Ferretti Inverno 2014\" src=\"https:\/\/i0.wp.com\/www.agrund.com\/wp-content\/uploads\/sites\/6\/cache\/2014\/02\/semana-de-moda-de-milao-alberta-ferretti-inverno-2014-14\/717739988.jpg?resize=450%2C675\" width=\"450\" height=\"675\" data-recalc-dims=\"1\" \/><\/a><p id=\"caption-attachment-97073\" class=\"wp-caption-text\">Semana de Moda de Mil\u00e3o :: Alberta Ferretti Inverno 2014<\/p><\/div>\n<div id=\"attachment_97074\" style=\"width: 460px\" class=\"wp-caption aligncenter\"><a href=\"https:\/\/i0.wp.com\/www.agrund.com\/wp-content\/uploads\/sites\/6\/2014\/02\/semana-de-moda-de-milao-alberta-ferretti-inverno-2014-15.jpg\"><img aria-describedby=\"caption-attachment-97074\" data-attachment-id=\"97074\" data-permalink=\"https:\/\/agrund.com\/index.php\/semana-de-moda-de-milao-alberta-ferretti-inverno-2014\/semana-de-moda-de-milao-alberta-ferretti-inverno-2014-15\/\" data-orig-file=\"https:\/\/i0.wp.com\/agrund.com\/wp-content\/uploads\/sites\/6\/2014\/02\/semana-de-moda-de-milao-alberta-ferretti-inverno-2014-15.jpg?fit=450%2C675&amp;ssl=1\" data-orig-size=\"450,675\" data-comments-opened=\"1\" data-image-meta=\"{&quot;aperture&quot;:&quot;0&quot;,&quot;credit&quot;:&quot;&quot;,&quot;camera&quot;:&quot;&quot;,&quot;caption&quot;:&quot;&quot;,&quot;created_timestamp&quot;:&quot;0&quot;,&quot;copyright&quot;:&quot;&quot;,&quot;focal_length&quot;:&quot;0&quot;,&quot;iso&quot;:&quot;0&quot;,&quot;shutter_speed&quot;:&quot;0&quot;,&quot;title&quot;:&quot;&quot;,&quot;orientation&quot;:&quot;0&quot;}\" data-image-title=\"semana-de-moda-de-milao-alberta-ferretti-inverno-2014 (15)\" data-image-description=\"\" data-image-caption=\"&lt;p&gt;Semana de Moda de Mil\u00e3o :: Alberta Ferretti Inverno 2014&lt;\/p&gt;\n\" data-medium-file=\"https:\/\/i0.wp.com\/agrund.com\/wp-content\/uploads\/sites\/6\/2014\/02\/semana-de-moda-de-milao-alberta-ferretti-inverno-2014-15.jpg?fit=200%2C300&amp;ssl=1\" data-large-file=\"https:\/\/i0.wp.com\/agrund.com\/wp-content\/uploads\/sites\/6\/2014\/02\/semana-de-moda-de-milao-alberta-ferretti-inverno-2014-15.jpg?fit=450%2C675&amp;ssl=1\" decoding=\"async\" loading=\"lazy\" class=\"size-large wp-image-97074\" alt=\"Semana de Moda de Mil\u00e3o :: Alberta Ferretti Inverno 2014\" src=\"https:\/\/i0.wp.com\/www.agrund.com\/wp-content\/uploads\/sites\/6\/cache\/2014\/02\/semana-de-moda-de-milao-alberta-ferretti-inverno-2014-15\/3865958218.jpg?resize=450%2C675\" width=\"450\" height=\"675\" data-recalc-dims=\"1\" \/><\/a><p id=\"caption-attachment-97074\" class=\"wp-caption-text\">Semana de Moda de Mil\u00e3o :: Alberta Ferretti Inverno 2014<\/p><\/div>\n<div id=\"attachment_97075\" style=\"width: 460px\" class=\"wp-caption aligncenter\"><a href=\"https:\/\/i0.wp.com\/www.agrund.com\/wp-content\/uploads\/sites\/6\/2014\/02\/semana-de-moda-de-milao-alberta-ferretti-inverno-2014-16.jpg\"><img aria-describedby=\"caption-attachment-97075\" data-attachment-id=\"97075\" data-permalink=\"https:\/\/agrund.com\/index.php\/semana-de-moda-de-milao-alberta-ferretti-inverno-2014\/semana-de-moda-de-milao-alberta-ferretti-inverno-2014-16\/\" data-orig-file=\"https:\/\/i0.wp.com\/agrund.com\/wp-content\/uploads\/sites\/6\/2014\/02\/semana-de-moda-de-milao-alberta-ferretti-inverno-2014-16.jpg?fit=450%2C675&amp;ssl=1\" data-orig-size=\"450,675\" data-comments-opened=\"1\" data-image-meta=\"{&quot;aperture&quot;:&quot;0&quot;,&quot;credit&quot;:&quot;&quot;,&quot;camera&quot;:&quot;&quot;,&quot;caption&quot;:&quot;&quot;,&quot;created_timestamp&quot;:&quot;0&quot;,&quot;copyright&quot;:&quot;&quot;,&quot;focal_length&quot;:&quot;0&quot;,&quot;iso&quot;:&quot;0&quot;,&quot;shutter_speed&quot;:&quot;0&quot;,&quot;title&quot;:&quot;&quot;,&quot;orientation&quot;:&quot;0&quot;}\" data-image-title=\"semana-de-moda-de-milao-alberta-ferretti-inverno-2014 (16)\" data-image-description=\"\" data-image-caption=\"&lt;p&gt;Semana de Moda de Mil\u00e3o :: Alberta Ferretti Inverno 2014&lt;\/p&gt;\n\" data-medium-file=\"https:\/\/i0.wp.com\/agrund.com\/wp-content\/uploads\/sites\/6\/2014\/02\/semana-de-moda-de-milao-alberta-ferretti-inverno-2014-16.jpg?fit=200%2C300&amp;ssl=1\" data-large-file=\"https:\/\/i0.wp.com\/agrund.com\/wp-content\/uploads\/sites\/6\/2014\/02\/semana-de-moda-de-milao-alberta-ferretti-inverno-2014-16.jpg?fit=450%2C675&amp;ssl=1\" decoding=\"async\" loading=\"lazy\" class=\"size-large wp-image-97075\" alt=\"Semana de Moda de Mil\u00e3o :: Alberta Ferretti Inverno 2014\" src=\"https:\/\/i0.wp.com\/www.agrund.com\/wp-content\/uploads\/sites\/6\/cache\/2014\/02\/semana-de-moda-de-milao-alberta-ferretti-inverno-2014-16\/1759695017.jpg?resize=450%2C675\" width=\"450\" height=\"675\" data-recalc-dims=\"1\" \/><\/a><p id=\"caption-attachment-97075\" class=\"wp-caption-text\">Semana de Moda de Mil\u00e3o :: Alberta Ferretti Inverno 2014<\/p><\/div>\n<div id=\"attachment_97076\" style=\"width: 460px\" class=\"wp-caption aligncenter\"><a href=\"https:\/\/i0.wp.com\/www.agrund.com\/wp-content\/uploads\/sites\/6\/2014\/02\/semana-de-moda-de-milao-alberta-ferretti-inverno-2014-17.jpg\"><img aria-describedby=\"caption-attachment-97076\" data-attachment-id=\"97076\" data-permalink=\"https:\/\/agrund.com\/index.php\/semana-de-moda-de-milao-alberta-ferretti-inverno-2014\/semana-de-moda-de-milao-alberta-ferretti-inverno-2014-17\/\" data-orig-file=\"https:\/\/i0.wp.com\/agrund.com\/wp-content\/uploads\/sites\/6\/2014\/02\/semana-de-moda-de-milao-alberta-ferretti-inverno-2014-17.jpg?fit=450%2C675&amp;ssl=1\" data-orig-size=\"450,675\" data-comments-opened=\"1\" data-image-meta=\"{&quot;aperture&quot;:&quot;0&quot;,&quot;credit&quot;:&quot;&quot;,&quot;camera&quot;:&quot;&quot;,&quot;caption&quot;:&quot;&quot;,&quot;created_timestamp&quot;:&quot;0&quot;,&quot;copyright&quot;:&quot;&quot;,&quot;focal_length&quot;:&quot;0&quot;,&quot;iso&quot;:&quot;0&quot;,&quot;shutter_speed&quot;:&quot;0&quot;,&quot;title&quot;:&quot;&quot;,&quot;orientation&quot;:&quot;0&quot;}\" data-image-title=\"semana-de-moda-de-milao-alberta-ferretti-inverno-2014 (17)\" data-image-description=\"\" data-image-caption=\"&lt;p&gt;Semana de Moda de Mil\u00e3o :: Alberta Ferretti Inverno 2014&lt;\/p&gt;\n\" data-medium-file=\"https:\/\/i0.wp.com\/agrund.com\/wp-content\/uploads\/sites\/6\/2014\/02\/semana-de-moda-de-milao-alberta-ferretti-inverno-2014-17.jpg?fit=200%2C300&amp;ssl=1\" data-large-file=\"https:\/\/i0.wp.com\/agrund.com\/wp-content\/uploads\/sites\/6\/2014\/02\/semana-de-moda-de-milao-alberta-ferretti-inverno-2014-17.jpg?fit=450%2C675&amp;ssl=1\" decoding=\"async\" loading=\"lazy\" class=\"size-large wp-image-97076\" alt=\"Semana de Moda de Mil\u00e3o :: Alberta Ferretti Inverno 2014\" src=\"https:\/\/i0.wp.com\/www.agrund.com\/wp-content\/uploads\/sites\/6\/cache\/2014\/02\/semana-de-moda-de-milao-alberta-ferretti-inverno-2014-17\/2756235319.jpg?resize=450%2C675\" width=\"450\" height=\"675\" data-recalc-dims=\"1\" \/><\/a><p id=\"caption-attachment-97076\" class=\"wp-caption-text\">Semana de Moda de Mil\u00e3o :: Alberta Ferretti Inverno 2014<\/p><\/div>\n<p>Imagens: Reprodu\u00e7\u00e3o.<\/p>\n","protected":false},"excerpt":{"rendered":"<p>Uma floresta bem particular invade a passarela Alberta Ferreti Inverno 2014\/2015 em Mil\u00e3o. Segundo a pr\u00f3pria estilista, sua inspira\u00e7\u00e3o foi da janela de seu quarto de onde ela v\u00ea natureza, p\u00e1ssaros, galhos&#8230; por isso, cores mais densas e que remetem \u00e0 floresta em qualquer hora do dia ou da noite. Uma silhueta mais reta para [&hellip;]<\/p>\n","protected":false},"author":1,"featured_media":97077,"comment_status":"open","ping_status":"open","sticky":false,"template":"","format":"standard","meta":{"jetpack_post_was_ever_published":false,"_jetpack_newsletter_access":"","jetpack_publicize_message":"","jetpack_is_tweetstorm":false,"jetpack_publicize_feature_enabled":true,"jetpack_social_post_already_shared":true,"jetpack_social_options":{"image_generator_settings":{"template":"highway","enabled":false}}},"categories":[21,2],"tags":[],"jetpack_publicize_connections":[],"jetpack_featured_media_url":"https:\/\/i0.wp.com\/agrund.com\/wp-content\/uploads\/sites\/6\/2014\/02\/slide164.jpg?fit=960%2C300&ssl=1","jetpack_sharing_enabled":true,"jetpack_shortlink":"https:\/\/wp.me\/p3Hz0n-pft","jetpack_likes_enabled":true,"_links":{"self":[{"href":"https:\/\/agrund.com\/index.php\/wp-json\/wp\/v2\/posts\/97059"}],"collection":[{"href":"https:\/\/agrund.com\/index.php\/wp-json\/wp\/v2\/posts"}],"about":[{"href":"https:\/\/agrund.com\/index.php\/wp-json\/wp\/v2\/types\/post"}],"author":[{"embeddable":true,"href":"https:\/\/agrund.com\/index.php\/wp-json\/wp\/v2\/users\/1"}],"replies":[{"embeddable":true,"href":"https:\/\/agrund.com\/index.php\/wp-json\/wp\/v2\/comments?post=97059"}],"version-history":[{"count":0,"href":"https:\/\/agrund.com\/index.php\/wp-json\/wp\/v2\/posts\/97059\/revisions"}],"wp:featuredmedia":[{"embeddable":true,"href":"https:\/\/agrund.com\/index.php\/wp-json\/wp\/v2\/media\/97077"}],"wp:attachment":[{"href":"https:\/\/agrund.com\/index.php\/wp-json\/wp\/v2\/media?parent=97059"}],"wp:term":[{"taxonomy":"category","embeddable":true,"href":"https:\/\/agrund.com\/index.php\/wp-json\/wp\/v2\/categories?post=97059"},{"taxonomy":"post_tag","embeddable":true,"href":"https:\/\/agrund.com\/index.php\/wp-json\/wp\/v2\/tags?post=97059"}],"curies":[{"name":"wp","href":"https:\/\/api.w.org\/{rel}","templated":true}]}}