{"id":97049,"date":"2014-02-20T18:00:36","date_gmt":"2014-02-20T21:00:36","guid":{"rendered":"http:\/\/www.agrund.com\/?p=97049"},"modified":"2014-02-20T10:47:09","modified_gmt":"2014-02-20T13:47:09","slug":"rihanna-confirma-o-lancamento-de-sua-marca-propria","status":"publish","type":"post","link":"https:\/\/agrund.com\/index.php\/rihanna-confirma-o-lancamento-de-sua-marca-propria\/","title":{"rendered":"Rihanna confirma o lan\u00e7amento de sua marca pr\u00f3pria"},"content":{"rendered":"<p>Depois de algumas parcerias de sucesso com a River Island, como mostramos <a href=\"http:\/\/www.agrund.com\/rihanna-divulga-teaser-de-sua-nova-colecao-com-a-river-island\/\">AQUI<\/a> e <a href=\"http:\/\/www.agrund.com\/rihanna-lanca-sua-segunda-linha-para-a-river-island\/\">AQUI<\/a>, al\u00e9m de cole\u00e7\u00f5es para a Armani Jeans, veja <a href=\"http:\/\/www.agrund.com\/parceria-que-deu-certo-rihanna-e-armani\/\">AQUI<\/a>, Rihanna anunciou que ir\u00e1 lan\u00e7ar uma marca pr\u00f3pria!<\/p>\n<p>A declara\u00e7\u00e3o da cantora foi feita em sua entrevista para a Vogue US do m\u00eas de mar\u00e7o, da qual \u00e9 a garota da capa: &#8220;Minha voz n\u00e3o \u00e9 tudo. Existem muitos artistas com mais talento do que eu quando se trata de cantar. Mas as pessoas querem saber quem eu sou. E moda \u00e9 um modo muito f\u00e1cil de expressar isso, uma forma de mostrar sua atitude, seu humor&#8221;.<br \/>\nO sucesso j\u00e1 est\u00e1 garantido, n\u00e3o \u00e9 mesmo? Agora s\u00f3 nos resta esperar o resultado.<\/p>\n<div id=\"attachment_97050\" style=\"width: 464px\" class=\"wp-caption aligncenter\"><a href=\"https:\/\/i0.wp.com\/www.agrund.com\/wp-content\/uploads\/sites\/6\/2014\/02\/rihanna-confirma-o-lancamento-de-sua-marca-propria.jpg\"><img aria-describedby=\"caption-attachment-97050\" data-attachment-id=\"97050\" data-permalink=\"https:\/\/agrund.com\/index.php\/rihanna-confirma-o-lancamento-de-sua-marca-propria\/rihanna-confirma-o-lancamento-de-sua-marca-propria\/\" data-orig-file=\"https:\/\/i0.wp.com\/agrund.com\/wp-content\/uploads\/sites\/6\/2014\/02\/rihanna-confirma-o-lancamento-de-sua-marca-propria.jpg?fit=720%2C1135&amp;ssl=1\" data-orig-size=\"720,1135\" data-comments-opened=\"1\" data-image-meta=\"{&quot;aperture&quot;:&quot;0&quot;,&quot;credit&quot;:&quot;&quot;,&quot;camera&quot;:&quot;&quot;,&quot;caption&quot;:&quot;&quot;,&quot;created_timestamp&quot;:&quot;0&quot;,&quot;copyright&quot;:&quot;&quot;,&quot;focal_length&quot;:&quot;0&quot;,&quot;iso&quot;:&quot;0&quot;,&quot;shutter_speed&quot;:&quot;0&quot;,&quot;title&quot;:&quot;&quot;,&quot;orientation&quot;:&quot;0&quot;}\" data-image-title=\"rihanna-confirma-o-lancamento-de-sua-marca-propria\" data-image-description=\"\" data-image-caption=\"&lt;p&gt;Rihanna confirma o lan\u00e7amento de sua marca pr\u00f3pria&lt;\/p&gt;\n\" data-medium-file=\"https:\/\/i0.wp.com\/agrund.com\/wp-content\/uploads\/sites\/6\/2014\/02\/rihanna-confirma-o-lancamento-de-sua-marca-propria.jpg?fit=190%2C300&amp;ssl=1\" data-large-file=\"https:\/\/i0.wp.com\/agrund.com\/wp-content\/uploads\/sites\/6\/2014\/02\/rihanna-confirma-o-lancamento-de-sua-marca-propria.jpg?fit=650%2C1024&amp;ssl=1\" decoding=\"async\" loading=\"lazy\" class=\" wp-image-97050 \" alt=\"Rihanna confirma o lan\u00e7amento de sua marca pr\u00f3pria\" src=\"https:\/\/i0.wp.com\/www.agrund.com\/wp-content\/uploads\/sites\/6\/cache\/2014\/02\/rihanna-confirma-o-lancamento-de-sua-marca-propria\/4056364537.jpg?resize=454%2C717\" width=\"454\" height=\"717\" data-recalc-dims=\"1\" \/><\/a><p id=\"caption-attachment-97050\" class=\"wp-caption-text\">Rihanna confirma o lan\u00e7amento de sua marca pr\u00f3pria<\/p><\/div>\n<p>Imagem: Reprodu\u00e7\u00e3o.<\/p>\n","protected":false},"excerpt":{"rendered":"<p>Depois de algumas parcerias de sucesso com a River Island, como mostramos AQUI e AQUI, al\u00e9m de cole\u00e7\u00f5es para a Armani Jeans, veja AQUI, Rihanna anunciou que ir\u00e1 lan\u00e7ar uma marca pr\u00f3pria! A declara\u00e7\u00e3o da cantora foi feita em sua entrevista para a Vogue US do m\u00eas de mar\u00e7o, da qual \u00e9 a garota da [&hellip;]<\/p>\n","protected":false},"author":1,"featured_media":97051,"comment_status":"open","ping_status":"open","sticky":false,"template":"","format":"standard","meta":{"jetpack_post_was_ever_published":false,"_jetpack_newsletter_access":"","jetpack_publicize_message":"","jetpack_is_tweetstorm":false,"jetpack_publicize_feature_enabled":true,"jetpack_social_post_already_shared":true,"jetpack_social_options":{"image_generator_settings":{"template":"highway","enabled":false}}},"categories":[2],"tags":[],"jetpack_publicize_connections":[],"jetpack_featured_media_url":"https:\/\/i0.wp.com\/agrund.com\/wp-content\/uploads\/sites\/6\/2014\/02\/slide162.jpg?fit=960%2C300&ssl=1","jetpack_sharing_enabled":true,"jetpack_shortlink":"https:\/\/wp.me\/p3Hz0n-pfj","jetpack_likes_enabled":true,"_links":{"self":[{"href":"https:\/\/agrund.com\/index.php\/wp-json\/wp\/v2\/posts\/97049"}],"collection":[{"href":"https:\/\/agrund.com\/index.php\/wp-json\/wp\/v2\/posts"}],"about":[{"href":"https:\/\/agrund.com\/index.php\/wp-json\/wp\/v2\/types\/post"}],"author":[{"embeddable":true,"href":"https:\/\/agrund.com\/index.php\/wp-json\/wp\/v2\/users\/1"}],"replies":[{"embeddable":true,"href":"https:\/\/agrund.com\/index.php\/wp-json\/wp\/v2\/comments?post=97049"}],"version-history":[{"count":0,"href":"https:\/\/agrund.com\/index.php\/wp-json\/wp\/v2\/posts\/97049\/revisions"}],"wp:featuredmedia":[{"embeddable":true,"href":"https:\/\/agrund.com\/index.php\/wp-json\/wp\/v2\/media\/97051"}],"wp:attachment":[{"href":"https:\/\/agrund.com\/index.php\/wp-json\/wp\/v2\/media?parent=97049"}],"wp:term":[{"taxonomy":"category","embeddable":true,"href":"https:\/\/agrund.com\/index.php\/wp-json\/wp\/v2\/categories?post=97049"},{"taxonomy":"post_tag","embeddable":true,"href":"https:\/\/agrund.com\/index.php\/wp-json\/wp\/v2\/tags?post=97049"}],"curies":[{"name":"wp","href":"https:\/\/api.w.org\/{rel}","templated":true}]}}