{"id":97027,"date":"2014-02-20T14:00:14","date_gmt":"2014-02-20T17:00:14","guid":{"rendered":"http:\/\/www.agrund.com\/?p=97027"},"modified":"2014-02-20T10:37:04","modified_gmt":"2014-02-20T13:37:04","slug":"semana-de-moda-de-milao-versus-inverno-2014","status":"publish","type":"post","link":"https:\/\/agrund.com\/index.php\/semana-de-moda-de-milao-versus-inverno-2014\/","title":{"rendered":"Semana de Moda de Mil\u00e3o :: Versus Inverno 2014"},"content":{"rendered":"<p>Para o inverno 2014\/2015, a Versus, linha jovem da Versace, divulgou imagens de sua cole\u00e7\u00e3o. Muita cor \u00e0s vezes se contrapunha a uma alfaiataria cinza, o que mostra que a marca tamb\u00e9m tem roupas para os jovens trabalharem. Mas o seu forte s\u00e3o as estampas e o couro com uma pegada bem motocycle. Roupas pr\u00f3ximas ao corpo deixam todo mundo sexy e, como Danatella Versace se considera a mais sexy das italianas, esse perfume n\u00e3o podia faltar aqui em sua cole\u00e7\u00e3o. Destaque para os conjuntos masculinos com a mesma estampa, \u00e0s vezes tipo jogging ou tipo camisa e cal\u00e7a. Perfeito!<\/p>\n<div id=\"attachment_97028\" style=\"width: 460px\" class=\"wp-caption aligncenter\"><a href=\"https:\/\/i0.wp.com\/www.agrund.com\/wp-content\/uploads\/sites\/6\/2014\/02\/semana-de-moda-de-milao-versus-inverno-2014-1.jpg\"><img aria-describedby=\"caption-attachment-97028\" data-attachment-id=\"97028\" data-permalink=\"https:\/\/agrund.com\/index.php\/semana-de-moda-de-milao-versus-inverno-2014\/semana-de-moda-de-milao-versus-inverno-2014-1\/\" data-orig-file=\"https:\/\/i0.wp.com\/agrund.com\/wp-content\/uploads\/sites\/6\/2014\/02\/semana-de-moda-de-milao-versus-inverno-2014-1.jpg?fit=450%2C675&amp;ssl=1\" data-orig-size=\"450,675\" data-comments-opened=\"1\" data-image-meta=\"{&quot;aperture&quot;:&quot;0&quot;,&quot;credit&quot;:&quot;&quot;,&quot;camera&quot;:&quot;&quot;,&quot;caption&quot;:&quot;&quot;,&quot;created_timestamp&quot;:&quot;0&quot;,&quot;copyright&quot;:&quot;Photo: Courtesy of Versus Versace&quot;,&quot;focal_length&quot;:&quot;0&quot;,&quot;iso&quot;:&quot;0&quot;,&quot;shutter_speed&quot;:&quot;0&quot;,&quot;title&quot;:&quot;&quot;,&quot;orientation&quot;:&quot;0&quot;}\" data-image-title=\"semana-de-moda-de-milao-versus-inverno-2014 (1)\" data-image-description=\"\" data-image-caption=\"&lt;p&gt;Semana de Moda de Mil\u00e3o :: Versus Inverno 2014&lt;\/p&gt;\n\" data-medium-file=\"https:\/\/i0.wp.com\/agrund.com\/wp-content\/uploads\/sites\/6\/2014\/02\/semana-de-moda-de-milao-versus-inverno-2014-1.jpg?fit=200%2C300&amp;ssl=1\" data-large-file=\"https:\/\/i0.wp.com\/agrund.com\/wp-content\/uploads\/sites\/6\/2014\/02\/semana-de-moda-de-milao-versus-inverno-2014-1.jpg?fit=450%2C675&amp;ssl=1\" decoding=\"async\" loading=\"lazy\" class=\"size-large wp-image-97028\" alt=\"Semana de Moda de Mil\u00e3o :: Versus Inverno 2014\" src=\"https:\/\/i0.wp.com\/www.agrund.com\/wp-content\/uploads\/sites\/6\/cache\/2014\/02\/semana-de-moda-de-milao-versus-inverno-2014-1\/3407355618.jpg?resize=450%2C675\" width=\"450\" height=\"675\" data-recalc-dims=\"1\" \/><\/a><p id=\"caption-attachment-97028\" class=\"wp-caption-text\">Semana de Moda de Mil\u00e3o :: Versus Inverno 2014<\/p><\/div>\n<div id=\"attachment_97029\" style=\"width: 460px\" class=\"wp-caption aligncenter\"><a href=\"https:\/\/i0.wp.com\/www.agrund.com\/wp-content\/uploads\/sites\/6\/2014\/02\/semana-de-moda-de-milao-versus-inverno-2014-2.jpg\"><img aria-describedby=\"caption-attachment-97029\" data-attachment-id=\"97029\" data-permalink=\"https:\/\/agrund.com\/index.php\/semana-de-moda-de-milao-versus-inverno-2014\/semana-de-moda-de-milao-versus-inverno-2014-2\/\" data-orig-file=\"https:\/\/i0.wp.com\/agrund.com\/wp-content\/uploads\/sites\/6\/2014\/02\/semana-de-moda-de-milao-versus-inverno-2014-2.jpg?fit=450%2C675&amp;ssl=1\" data-orig-size=\"450,675\" data-comments-opened=\"1\" data-image-meta=\"{&quot;aperture&quot;:&quot;0&quot;,&quot;credit&quot;:&quot;&quot;,&quot;camera&quot;:&quot;&quot;,&quot;caption&quot;:&quot;&quot;,&quot;created_timestamp&quot;:&quot;0&quot;,&quot;copyright&quot;:&quot;Photo: Courtesy of Versus Versace&quot;,&quot;focal_length&quot;:&quot;0&quot;,&quot;iso&quot;:&quot;0&quot;,&quot;shutter_speed&quot;:&quot;0&quot;,&quot;title&quot;:&quot;&quot;,&quot;orientation&quot;:&quot;0&quot;}\" data-image-title=\"semana-de-moda-de-milao-versus-inverno-2014 (2)\" data-image-description=\"\" data-image-caption=\"&lt;p&gt;Semana de Moda de Mil\u00e3o :: Versus Inverno 2014&lt;\/p&gt;\n\" data-medium-file=\"https:\/\/i0.wp.com\/agrund.com\/wp-content\/uploads\/sites\/6\/2014\/02\/semana-de-moda-de-milao-versus-inverno-2014-2.jpg?fit=200%2C300&amp;ssl=1\" data-large-file=\"https:\/\/i0.wp.com\/agrund.com\/wp-content\/uploads\/sites\/6\/2014\/02\/semana-de-moda-de-milao-versus-inverno-2014-2.jpg?fit=450%2C675&amp;ssl=1\" decoding=\"async\" loading=\"lazy\" class=\"size-large wp-image-97029\" alt=\"Semana de Moda de Mil\u00e3o :: Versus Inverno 2014\" src=\"https:\/\/i0.wp.com\/www.agrund.com\/wp-content\/uploads\/sites\/6\/cache\/2014\/02\/semana-de-moda-de-milao-versus-inverno-2014-2\/1167530241.jpg?resize=450%2C675\" width=\"450\" height=\"675\" data-recalc-dims=\"1\" \/><\/a><p id=\"caption-attachment-97029\" class=\"wp-caption-text\">Semana de Moda de Mil\u00e3o :: Versus Inverno 2014<\/p><\/div>\n<div id=\"attachment_97030\" style=\"width: 460px\" class=\"wp-caption aligncenter\"><a href=\"https:\/\/i0.wp.com\/www.agrund.com\/wp-content\/uploads\/sites\/6\/2014\/02\/semana-de-moda-de-milao-versus-inverno-2014-3.jpg\"><img aria-describedby=\"caption-attachment-97030\" data-attachment-id=\"97030\" data-permalink=\"https:\/\/agrund.com\/index.php\/semana-de-moda-de-milao-versus-inverno-2014\/semana-de-moda-de-milao-versus-inverno-2014-3\/\" data-orig-file=\"https:\/\/i0.wp.com\/agrund.com\/wp-content\/uploads\/sites\/6\/2014\/02\/semana-de-moda-de-milao-versus-inverno-2014-3.jpg?fit=450%2C675&amp;ssl=1\" data-orig-size=\"450,675\" data-comments-opened=\"1\" data-image-meta=\"{&quot;aperture&quot;:&quot;0&quot;,&quot;credit&quot;:&quot;&quot;,&quot;camera&quot;:&quot;&quot;,&quot;caption&quot;:&quot;&quot;,&quot;created_timestamp&quot;:&quot;0&quot;,&quot;copyright&quot;:&quot;Photo: Courtesy of Versus Versace&quot;,&quot;focal_length&quot;:&quot;0&quot;,&quot;iso&quot;:&quot;0&quot;,&quot;shutter_speed&quot;:&quot;0&quot;,&quot;title&quot;:&quot;&quot;,&quot;orientation&quot;:&quot;0&quot;}\" data-image-title=\"semana-de-moda-de-milao-versus-inverno-2014 (3)\" data-image-description=\"\" data-image-caption=\"&lt;p&gt;Semana de Moda de Mil\u00e3o :: Versus Inverno 2014&lt;\/p&gt;\n\" data-medium-file=\"https:\/\/i0.wp.com\/agrund.com\/wp-content\/uploads\/sites\/6\/2014\/02\/semana-de-moda-de-milao-versus-inverno-2014-3.jpg?fit=200%2C300&amp;ssl=1\" data-large-file=\"https:\/\/i0.wp.com\/agrund.com\/wp-content\/uploads\/sites\/6\/2014\/02\/semana-de-moda-de-milao-versus-inverno-2014-3.jpg?fit=450%2C675&amp;ssl=1\" decoding=\"async\" loading=\"lazy\" class=\"size-large wp-image-97030\" alt=\"Semana de Moda de Mil\u00e3o :: Versus Inverno 2014\" src=\"https:\/\/i0.wp.com\/www.agrund.com\/wp-content\/uploads\/sites\/6\/cache\/2014\/02\/semana-de-moda-de-milao-versus-inverno-2014-3\/2302482847.jpg?resize=450%2C675\" width=\"450\" height=\"675\" data-recalc-dims=\"1\" \/><\/a><p id=\"caption-attachment-97030\" class=\"wp-caption-text\">Semana de Moda de Mil\u00e3o :: Versus Inverno 2014<\/p><\/div>\n<div id=\"attachment_97031\" style=\"width: 460px\" class=\"wp-caption aligncenter\"><a href=\"https:\/\/i0.wp.com\/www.agrund.com\/wp-content\/uploads\/sites\/6\/2014\/02\/semana-de-moda-de-milao-versus-inverno-2014-4.jpg\"><img aria-describedby=\"caption-attachment-97031\" data-attachment-id=\"97031\" data-permalink=\"https:\/\/agrund.com\/index.php\/semana-de-moda-de-milao-versus-inverno-2014\/semana-de-moda-de-milao-versus-inverno-2014-4\/\" data-orig-file=\"https:\/\/i0.wp.com\/agrund.com\/wp-content\/uploads\/sites\/6\/2014\/02\/semana-de-moda-de-milao-versus-inverno-2014-4.jpg?fit=450%2C675&amp;ssl=1\" data-orig-size=\"450,675\" data-comments-opened=\"1\" data-image-meta=\"{&quot;aperture&quot;:&quot;0&quot;,&quot;credit&quot;:&quot;&quot;,&quot;camera&quot;:&quot;&quot;,&quot;caption&quot;:&quot;&quot;,&quot;created_timestamp&quot;:&quot;0&quot;,&quot;copyright&quot;:&quot;Photo: Courtesy of Versus Versace&quot;,&quot;focal_length&quot;:&quot;0&quot;,&quot;iso&quot;:&quot;0&quot;,&quot;shutter_speed&quot;:&quot;0&quot;,&quot;title&quot;:&quot;&quot;,&quot;orientation&quot;:&quot;0&quot;}\" data-image-title=\"semana-de-moda-de-milao-versus-inverno-2014 (4)\" data-image-description=\"\" data-image-caption=\"&lt;p&gt;Semana de Moda de Mil\u00e3o :: Versus Inverno 2014&lt;\/p&gt;\n\" data-medium-file=\"https:\/\/i0.wp.com\/agrund.com\/wp-content\/uploads\/sites\/6\/2014\/02\/semana-de-moda-de-milao-versus-inverno-2014-4.jpg?fit=200%2C300&amp;ssl=1\" data-large-file=\"https:\/\/i0.wp.com\/agrund.com\/wp-content\/uploads\/sites\/6\/2014\/02\/semana-de-moda-de-milao-versus-inverno-2014-4.jpg?fit=450%2C675&amp;ssl=1\" decoding=\"async\" loading=\"lazy\" class=\"size-large wp-image-97031\" alt=\"Semana de Moda de Mil\u00e3o :: Versus Inverno 2014\" src=\"https:\/\/i0.wp.com\/www.agrund.com\/wp-content\/uploads\/sites\/6\/cache\/2014\/02\/semana-de-moda-de-milao-versus-inverno-2014-4\/2214072454.jpg?resize=450%2C675\" width=\"450\" height=\"675\" data-recalc-dims=\"1\" \/><\/a><p id=\"caption-attachment-97031\" class=\"wp-caption-text\">Semana de Moda de Mil\u00e3o :: Versus Inverno 2014<\/p><\/div>\n<div id=\"attachment_97032\" style=\"width: 460px\" class=\"wp-caption aligncenter\"><a href=\"https:\/\/i0.wp.com\/www.agrund.com\/wp-content\/uploads\/sites\/6\/2014\/02\/semana-de-moda-de-milao-versus-inverno-2014-5.jpg\"><img aria-describedby=\"caption-attachment-97032\" data-attachment-id=\"97032\" data-permalink=\"https:\/\/agrund.com\/index.php\/semana-de-moda-de-milao-versus-inverno-2014\/semana-de-moda-de-milao-versus-inverno-2014-5\/\" data-orig-file=\"https:\/\/i0.wp.com\/agrund.com\/wp-content\/uploads\/sites\/6\/2014\/02\/semana-de-moda-de-milao-versus-inverno-2014-5.jpg?fit=450%2C675&amp;ssl=1\" data-orig-size=\"450,675\" data-comments-opened=\"1\" data-image-meta=\"{&quot;aperture&quot;:&quot;0&quot;,&quot;credit&quot;:&quot;&quot;,&quot;camera&quot;:&quot;&quot;,&quot;caption&quot;:&quot;&quot;,&quot;created_timestamp&quot;:&quot;0&quot;,&quot;copyright&quot;:&quot;Photo: Courtesy of Versus Versace&quot;,&quot;focal_length&quot;:&quot;0&quot;,&quot;iso&quot;:&quot;0&quot;,&quot;shutter_speed&quot;:&quot;0&quot;,&quot;title&quot;:&quot;&quot;,&quot;orientation&quot;:&quot;0&quot;}\" data-image-title=\"semana-de-moda-de-milao-versus-inverno-2014 (5)\" data-image-description=\"\" data-image-caption=\"&lt;p&gt;Semana de Moda de Mil\u00e3o :: Versus Inverno 2014&lt;\/p&gt;\n\" data-medium-file=\"https:\/\/i0.wp.com\/agrund.com\/wp-content\/uploads\/sites\/6\/2014\/02\/semana-de-moda-de-milao-versus-inverno-2014-5.jpg?fit=200%2C300&amp;ssl=1\" data-large-file=\"https:\/\/i0.wp.com\/agrund.com\/wp-content\/uploads\/sites\/6\/2014\/02\/semana-de-moda-de-milao-versus-inverno-2014-5.jpg?fit=450%2C675&amp;ssl=1\" decoding=\"async\" loading=\"lazy\" class=\"size-large wp-image-97032\" alt=\"Semana de Moda de Mil\u00e3o :: Versus Inverno 2014\" src=\"https:\/\/i0.wp.com\/www.agrund.com\/wp-content\/uploads\/sites\/6\/cache\/2014\/02\/semana-de-moda-de-milao-versus-inverno-2014-5\/1330778136.jpg?resize=450%2C675\" width=\"450\" height=\"675\" data-recalc-dims=\"1\" \/><\/a><p id=\"caption-attachment-97032\" class=\"wp-caption-text\">Semana de Moda de Mil\u00e3o :: Versus Inverno 2014<\/p><\/div>\n<div id=\"attachment_97033\" style=\"width: 460px\" class=\"wp-caption aligncenter\"><a href=\"https:\/\/i0.wp.com\/www.agrund.com\/wp-content\/uploads\/sites\/6\/2014\/02\/semana-de-moda-de-milao-versus-inverno-2014-6.jpg\"><img aria-describedby=\"caption-attachment-97033\" data-attachment-id=\"97033\" data-permalink=\"https:\/\/agrund.com\/index.php\/semana-de-moda-de-milao-versus-inverno-2014\/semana-de-moda-de-milao-versus-inverno-2014-6\/\" data-orig-file=\"https:\/\/i0.wp.com\/agrund.com\/wp-content\/uploads\/sites\/6\/2014\/02\/semana-de-moda-de-milao-versus-inverno-2014-6.jpg?fit=450%2C675&amp;ssl=1\" data-orig-size=\"450,675\" data-comments-opened=\"1\" data-image-meta=\"{&quot;aperture&quot;:&quot;0&quot;,&quot;credit&quot;:&quot;&quot;,&quot;camera&quot;:&quot;&quot;,&quot;caption&quot;:&quot;&quot;,&quot;created_timestamp&quot;:&quot;0&quot;,&quot;copyright&quot;:&quot;Photo: Courtesy of Versus Versace&quot;,&quot;focal_length&quot;:&quot;0&quot;,&quot;iso&quot;:&quot;0&quot;,&quot;shutter_speed&quot;:&quot;0&quot;,&quot;title&quot;:&quot;&quot;,&quot;orientation&quot;:&quot;0&quot;}\" data-image-title=\"semana-de-moda-de-milao-versus-inverno-2014 (6)\" data-image-description=\"\" data-image-caption=\"&lt;p&gt;Semana de Moda de Mil\u00e3o :: Versus Inverno 2014&lt;\/p&gt;\n\" data-medium-file=\"https:\/\/i0.wp.com\/agrund.com\/wp-content\/uploads\/sites\/6\/2014\/02\/semana-de-moda-de-milao-versus-inverno-2014-6.jpg?fit=200%2C300&amp;ssl=1\" data-large-file=\"https:\/\/i0.wp.com\/agrund.com\/wp-content\/uploads\/sites\/6\/2014\/02\/semana-de-moda-de-milao-versus-inverno-2014-6.jpg?fit=450%2C675&amp;ssl=1\" decoding=\"async\" loading=\"lazy\" class=\"size-large wp-image-97033\" alt=\"Semana de Moda de Mil\u00e3o :: Versus Inverno 2014\" src=\"https:\/\/i0.wp.com\/www.agrund.com\/wp-content\/uploads\/sites\/6\/cache\/2014\/02\/semana-de-moda-de-milao-versus-inverno-2014-6\/3252492283.jpg?resize=450%2C675\" width=\"450\" height=\"675\" data-recalc-dims=\"1\" \/><\/a><p id=\"caption-attachment-97033\" class=\"wp-caption-text\">Semana de Moda de Mil\u00e3o :: Versus Inverno 2014<\/p><\/div>\n<div id=\"attachment_97034\" style=\"width: 460px\" class=\"wp-caption aligncenter\"><a href=\"https:\/\/i0.wp.com\/www.agrund.com\/wp-content\/uploads\/sites\/6\/2014\/02\/semana-de-moda-de-milao-versus-inverno-2014-7.jpg\"><img aria-describedby=\"caption-attachment-97034\" data-attachment-id=\"97034\" data-permalink=\"https:\/\/agrund.com\/index.php\/semana-de-moda-de-milao-versus-inverno-2014\/semana-de-moda-de-milao-versus-inverno-2014-7\/\" data-orig-file=\"https:\/\/i0.wp.com\/agrund.com\/wp-content\/uploads\/sites\/6\/2014\/02\/semana-de-moda-de-milao-versus-inverno-2014-7.jpg?fit=450%2C675&amp;ssl=1\" data-orig-size=\"450,675\" data-comments-opened=\"1\" data-image-meta=\"{&quot;aperture&quot;:&quot;0&quot;,&quot;credit&quot;:&quot;&quot;,&quot;camera&quot;:&quot;&quot;,&quot;caption&quot;:&quot;&quot;,&quot;created_timestamp&quot;:&quot;0&quot;,&quot;copyright&quot;:&quot;Photo: Courtesy of Versus Versace&quot;,&quot;focal_length&quot;:&quot;0&quot;,&quot;iso&quot;:&quot;0&quot;,&quot;shutter_speed&quot;:&quot;0&quot;,&quot;title&quot;:&quot;&quot;,&quot;orientation&quot;:&quot;0&quot;}\" data-image-title=\"semana-de-moda-de-milao-versus-inverno-2014 (7)\" data-image-description=\"\" data-image-caption=\"&lt;p&gt;Semana de Moda de Mil\u00e3o :: Versus Inverno 2014&lt;\/p&gt;\n\" data-medium-file=\"https:\/\/i0.wp.com\/agrund.com\/wp-content\/uploads\/sites\/6\/2014\/02\/semana-de-moda-de-milao-versus-inverno-2014-7.jpg?fit=200%2C300&amp;ssl=1\" data-large-file=\"https:\/\/i0.wp.com\/agrund.com\/wp-content\/uploads\/sites\/6\/2014\/02\/semana-de-moda-de-milao-versus-inverno-2014-7.jpg?fit=450%2C675&amp;ssl=1\" decoding=\"async\" loading=\"lazy\" class=\"size-large wp-image-97034\" alt=\"Semana de Moda de Mil\u00e3o :: Versus Inverno 2014\" src=\"https:\/\/i0.wp.com\/www.agrund.com\/wp-content\/uploads\/sites\/6\/cache\/2014\/02\/semana-de-moda-de-milao-versus-inverno-2014-7\/225908581.jpg?resize=450%2C675\" width=\"450\" height=\"675\" data-recalc-dims=\"1\" \/><\/a><p id=\"caption-attachment-97034\" class=\"wp-caption-text\">Semana de Moda de Mil\u00e3o :: Versus Inverno 2014<\/p><\/div>\n<div id=\"attachment_97035\" style=\"width: 460px\" class=\"wp-caption aligncenter\"><a href=\"https:\/\/i0.wp.com\/www.agrund.com\/wp-content\/uploads\/sites\/6\/2014\/02\/semana-de-moda-de-milao-versus-inverno-2014-8.jpg\"><img aria-describedby=\"caption-attachment-97035\" data-attachment-id=\"97035\" data-permalink=\"https:\/\/agrund.com\/index.php\/semana-de-moda-de-milao-versus-inverno-2014\/semana-de-moda-de-milao-versus-inverno-2014-8\/\" data-orig-file=\"https:\/\/i0.wp.com\/agrund.com\/wp-content\/uploads\/sites\/6\/2014\/02\/semana-de-moda-de-milao-versus-inverno-2014-8.jpg?fit=450%2C675&amp;ssl=1\" data-orig-size=\"450,675\" data-comments-opened=\"1\" data-image-meta=\"{&quot;aperture&quot;:&quot;0&quot;,&quot;credit&quot;:&quot;&quot;,&quot;camera&quot;:&quot;&quot;,&quot;caption&quot;:&quot;&quot;,&quot;created_timestamp&quot;:&quot;0&quot;,&quot;copyright&quot;:&quot;Photo: Courtesy of Versus Versace&quot;,&quot;focal_length&quot;:&quot;0&quot;,&quot;iso&quot;:&quot;0&quot;,&quot;shutter_speed&quot;:&quot;0&quot;,&quot;title&quot;:&quot;&quot;,&quot;orientation&quot;:&quot;0&quot;}\" data-image-title=\"semana-de-moda-de-milao-versus-inverno-2014 (8)\" data-image-description=\"\" data-image-caption=\"&lt;p&gt;Semana de Moda de Mil\u00e3o :: Versus Inverno 2014&lt;\/p&gt;\n\" data-medium-file=\"https:\/\/i0.wp.com\/agrund.com\/wp-content\/uploads\/sites\/6\/2014\/02\/semana-de-moda-de-milao-versus-inverno-2014-8.jpg?fit=200%2C300&amp;ssl=1\" data-large-file=\"https:\/\/i0.wp.com\/agrund.com\/wp-content\/uploads\/sites\/6\/2014\/02\/semana-de-moda-de-milao-versus-inverno-2014-8.jpg?fit=450%2C675&amp;ssl=1\" decoding=\"async\" loading=\"lazy\" class=\"size-large wp-image-97035\" alt=\"Semana de Moda de Mil\u00e3o :: Versus Inverno 2014\" src=\"https:\/\/i0.wp.com\/www.agrund.com\/wp-content\/uploads\/sites\/6\/cache\/2014\/02\/semana-de-moda-de-milao-versus-inverno-2014-8\/3562472905.jpg?resize=450%2C675\" width=\"450\" height=\"675\" data-recalc-dims=\"1\" \/><\/a><p id=\"caption-attachment-97035\" class=\"wp-caption-text\">Semana de Moda de Mil\u00e3o :: Versus Inverno 2014<\/p><\/div>\n<p>Imagens: Reprodu\u00e7\u00e3o.<\/p>\n","protected":false},"excerpt":{"rendered":"<p>Para o inverno 2014\/2015, a Versus, linha jovem da Versace, divulgou imagens de sua cole\u00e7\u00e3o. Muita cor \u00e0s vezes se contrapunha a uma alfaiataria cinza, o que mostra que a marca tamb\u00e9m tem roupas para os jovens trabalharem. Mas o seu forte s\u00e3o as estampas e o couro com uma pegada bem motocycle. Roupas pr\u00f3ximas [&hellip;]<\/p>\n","protected":false},"author":1,"featured_media":97036,"comment_status":"open","ping_status":"open","sticky":false,"template":"","format":"standard","meta":{"jetpack_post_was_ever_published":false,"_jetpack_newsletter_access":"","jetpack_publicize_message":"","jetpack_is_tweetstorm":false,"jetpack_publicize_feature_enabled":true,"jetpack_social_post_already_shared":true,"jetpack_social_options":{"image_generator_settings":{"template":"highway","enabled":false}}},"categories":[2],"tags":[],"jetpack_publicize_connections":[],"jetpack_featured_media_url":"https:\/\/i0.wp.com\/agrund.com\/wp-content\/uploads\/sites\/6\/2014\/02\/slide160.jpg?fit=960%2C300&ssl=1","jetpack_sharing_enabled":true,"jetpack_shortlink":"https:\/\/wp.me\/p3Hz0n-peX","jetpack_likes_enabled":true,"_links":{"self":[{"href":"https:\/\/agrund.com\/index.php\/wp-json\/wp\/v2\/posts\/97027"}],"collection":[{"href":"https:\/\/agrund.com\/index.php\/wp-json\/wp\/v2\/posts"}],"about":[{"href":"https:\/\/agrund.com\/index.php\/wp-json\/wp\/v2\/types\/post"}],"author":[{"embeddable":true,"href":"https:\/\/agrund.com\/index.php\/wp-json\/wp\/v2\/users\/1"}],"replies":[{"embeddable":true,"href":"https:\/\/agrund.com\/index.php\/wp-json\/wp\/v2\/comments?post=97027"}],"version-history":[{"count":0,"href":"https:\/\/agrund.com\/index.php\/wp-json\/wp\/v2\/posts\/97027\/revisions"}],"wp:featuredmedia":[{"embeddable":true,"href":"https:\/\/agrund.com\/index.php\/wp-json\/wp\/v2\/media\/97036"}],"wp:attachment":[{"href":"https:\/\/agrund.com\/index.php\/wp-json\/wp\/v2\/media?parent=97027"}],"wp:term":[{"taxonomy":"category","embeddable":true,"href":"https:\/\/agrund.com\/index.php\/wp-json\/wp\/v2\/categories?post=97027"},{"taxonomy":"post_tag","embeddable":true,"href":"https:\/\/agrund.com\/index.php\/wp-json\/wp\/v2\/tags?post=97027"}],"curies":[{"name":"wp","href":"https:\/\/api.w.org\/{rel}","templated":true}]}}