{"id":97023,"date":"2014-02-20T12:00:44","date_gmt":"2014-02-20T15:00:44","guid":{"rendered":"http:\/\/www.agrund.com\/?p=97023"},"modified":"2014-02-20T10:35:03","modified_gmt":"2014-02-20T13:35:03","slug":"arizona-muse-e-capa-da-vogue-espanha","status":"publish","type":"post","link":"https:\/\/agrund.com\/index.php\/arizona-muse-e-capa-da-vogue-espanha\/","title":{"rendered":"Arizona Muse \u00e9 capa da Vogue Espanha"},"content":{"rendered":"<p>A Vogue Espanha convocou Arizona Muse para ser a garota da capa de sua edi\u00e7\u00e3o mar\u00e7o 2014. No foto, a bela aparece sorrindo, o que h\u00e1 algum tempo j\u00e1 n\u00e3o vemos mais nas capas de revista, e o look escolhido \u00e9 um vestido tomara-que-caia de paet\u00eas coloridos da cole\u00e7\u00e3o primavera\/ver\u00e3o 2014 da Prada.<\/p>\n<p>O clique \u00e9 do fot\u00f3grado Cuneyt Akeroglu, confira:<\/p>\n<div id=\"attachment_97024\" style=\"width: 506px\" class=\"wp-caption aligncenter\"><a href=\"https:\/\/i0.wp.com\/www.agrund.com\/wp-content\/uploads\/sites\/6\/2014\/02\/arizona-muse-e-capa-da-vogue-espanha.jpg\"><img aria-describedby=\"caption-attachment-97024\" data-attachment-id=\"97024\" data-permalink=\"https:\/\/agrund.com\/index.php\/arizona-muse-e-capa-da-vogue-espanha\/arizona-muse-e-capa-da-vogue-espanha\/\" data-orig-file=\"https:\/\/i0.wp.com\/agrund.com\/wp-content\/uploads\/sites\/6\/2014\/02\/arizona-muse-e-capa-da-vogue-espanha.jpg?fit=620%2C803&amp;ssl=1\" data-orig-size=\"620,803\" data-comments-opened=\"1\" data-image-meta=\"{&quot;aperture&quot;:&quot;0&quot;,&quot;credit&quot;:&quot;&quot;,&quot;camera&quot;:&quot;&quot;,&quot;caption&quot;:&quot;&quot;,&quot;created_timestamp&quot;:&quot;0&quot;,&quot;copyright&quot;:&quot;&quot;,&quot;focal_length&quot;:&quot;0&quot;,&quot;iso&quot;:&quot;0&quot;,&quot;shutter_speed&quot;:&quot;0&quot;,&quot;title&quot;:&quot;&quot;,&quot;orientation&quot;:&quot;0&quot;}\" data-image-title=\"arizona-muse-e-capa-da-vogue-espanha\" data-image-description=\"\" data-image-caption=\"&lt;p&gt;Arizona Muse \u00e9 capa da Vogue Espanha&lt;\/p&gt;\n\" data-medium-file=\"https:\/\/i0.wp.com\/agrund.com\/wp-content\/uploads\/sites\/6\/2014\/02\/arizona-muse-e-capa-da-vogue-espanha.jpg?fit=232%2C300&amp;ssl=1\" data-large-file=\"https:\/\/i0.wp.com\/agrund.com\/wp-content\/uploads\/sites\/6\/2014\/02\/arizona-muse-e-capa-da-vogue-espanha.jpg?fit=620%2C803&amp;ssl=1\" decoding=\"async\" loading=\"lazy\" class=\" wp-image-97024 \" alt=\"Arizona Muse \u00e9 capa da Vogue Espanha\" src=\"https:\/\/i0.wp.com\/www.agrund.com\/wp-content\/uploads\/sites\/6\/cache\/2014\/02\/arizona-muse-e-capa-da-vogue-espanha\/3959084414.jpg?resize=496%2C642\" width=\"496\" height=\"642\" data-recalc-dims=\"1\" \/><\/a><p id=\"caption-attachment-97024\" class=\"wp-caption-text\">Arizona Muse \u00e9 capa da Vogue Espanha<\/p><\/div>\n<p>Imagem: Reprodu\u00e7\u00e3o.<\/p>\n","protected":false},"excerpt":{"rendered":"<p>A Vogue Espanha convocou Arizona Muse para ser a garota da capa de sua edi\u00e7\u00e3o mar\u00e7o 2014. No foto, a bela aparece sorrindo, o que h\u00e1 algum tempo j\u00e1 n\u00e3o vemos mais nas capas de revista, e o look escolhido \u00e9 um vestido tomara-que-caia de paet\u00eas coloridos da cole\u00e7\u00e3o primavera\/ver\u00e3o 2014 da Prada. O clique [&hellip;]<\/p>\n","protected":false},"author":1,"featured_media":97025,"comment_status":"open","ping_status":"open","sticky":false,"template":"","format":"standard","meta":{"jetpack_post_was_ever_published":false,"_jetpack_newsletter_access":"","jetpack_publicize_message":"","jetpack_is_tweetstorm":false,"jetpack_publicize_feature_enabled":true,"jetpack_social_post_already_shared":true,"jetpack_social_options":{"image_generator_settings":{"template":"highway","enabled":false}}},"categories":[2],"tags":[],"jetpack_publicize_connections":[],"jetpack_featured_media_url":"https:\/\/i0.wp.com\/agrund.com\/wp-content\/uploads\/sites\/6\/2014\/02\/slide159.jpg?fit=960%2C300&ssl=1","jetpack_sharing_enabled":true,"jetpack_shortlink":"https:\/\/wp.me\/p3Hz0n-peT","jetpack_likes_enabled":true,"_links":{"self":[{"href":"https:\/\/agrund.com\/index.php\/wp-json\/wp\/v2\/posts\/97023"}],"collection":[{"href":"https:\/\/agrund.com\/index.php\/wp-json\/wp\/v2\/posts"}],"about":[{"href":"https:\/\/agrund.com\/index.php\/wp-json\/wp\/v2\/types\/post"}],"author":[{"embeddable":true,"href":"https:\/\/agrund.com\/index.php\/wp-json\/wp\/v2\/users\/1"}],"replies":[{"embeddable":true,"href":"https:\/\/agrund.com\/index.php\/wp-json\/wp\/v2\/comments?post=97023"}],"version-history":[{"count":0,"href":"https:\/\/agrund.com\/index.php\/wp-json\/wp\/v2\/posts\/97023\/revisions"}],"wp:featuredmedia":[{"embeddable":true,"href":"https:\/\/agrund.com\/index.php\/wp-json\/wp\/v2\/media\/97025"}],"wp:attachment":[{"href":"https:\/\/agrund.com\/index.php\/wp-json\/wp\/v2\/media?parent=97023"}],"wp:term":[{"taxonomy":"category","embeddable":true,"href":"https:\/\/agrund.com\/index.php\/wp-json\/wp\/v2\/categories?post=97023"},{"taxonomy":"post_tag","embeddable":true,"href":"https:\/\/agrund.com\/index.php\/wp-json\/wp\/v2\/tags?post=97023"}],"curies":[{"name":"wp","href":"https:\/\/api.w.org\/{rel}","templated":true}]}}