{"id":97019,"date":"2014-02-20T17:00:46","date_gmt":"2014-02-20T20:00:46","guid":{"rendered":"http:\/\/www.agrund.com\/?p=97019"},"modified":"2014-02-20T10:29:36","modified_gmt":"2014-02-20T13:29:36","slug":"tenha-estilo-dicas-curtas-desca-do-salto-viii","status":"publish","type":"post","link":"https:\/\/agrund.com\/index.php\/tenha-estilo-dicas-curtas-desca-do-salto-viii\/","title":{"rendered":"Tenha Estilo :: Dicas Curtas \u2013 Des\u00e7a do salto VIII"},"content":{"rendered":"<p>Os t\u00eanis s\u00e3o sim uma op\u00e7\u00e3o para qualquer hora. E quem diria que um dia a moda iria coloc\u00e1-los em posi\u00e7\u00e3o de alta-costura? Pois bem, depois que Karl Lagerfeld apresentou o t\u00eanis couture na passarela da Chanel, todo mundo agora toma para si a licen\u00e7a po\u00e9tica de que o t\u00eanis pode ir para qualquer lugar. S\u00f3 um detalhe: os t\u00eanis apresentados no desfiles da Chanel custam aproximadamente 9 mil reais.<\/p>\n<div id=\"attachment_97020\" style=\"width: 590px\" class=\"wp-caption aligncenter\"><a href=\"https:\/\/i0.wp.com\/www.agrund.com\/wp-content\/uploads\/sites\/6\/2014\/02\/tenha-estilo-dicas-curtas-desca-do-salto-viii.jpg\"><img aria-describedby=\"caption-attachment-97020\" data-attachment-id=\"97020\" data-permalink=\"https:\/\/agrund.com\/index.php\/tenha-estilo-dicas-curtas-desca-do-salto-viii\/tenha-estilo-dicas-curtas-desca-do-salto-viii\/\" data-orig-file=\"https:\/\/i0.wp.com\/agrund.com\/wp-content\/uploads\/sites\/6\/2014\/02\/tenha-estilo-dicas-curtas-desca-do-salto-viii.jpg?fit=580%2C619&amp;ssl=1\" data-orig-size=\"580,619\" data-comments-opened=\"1\" data-image-meta=\"{&quot;aperture&quot;:&quot;0&quot;,&quot;credit&quot;:&quot;&quot;,&quot;camera&quot;:&quot;&quot;,&quot;caption&quot;:&quot;&quot;,&quot;created_timestamp&quot;:&quot;0&quot;,&quot;copyright&quot;:&quot;&quot;,&quot;focal_length&quot;:&quot;0&quot;,&quot;iso&quot;:&quot;0&quot;,&quot;shutter_speed&quot;:&quot;0&quot;,&quot;title&quot;:&quot;&quot;,&quot;orientation&quot;:&quot;1&quot;}\" data-image-title=\"tenha-estilo-dicas-curtas-desca-do-salto-viii\" data-image-description=\"\" data-image-caption=\"&lt;p&gt;Tenha Estilo :: Dicas Curtas \u2013 Des\u00e7a do salto VIII&lt;\/p&gt;\n\" data-medium-file=\"https:\/\/i0.wp.com\/agrund.com\/wp-content\/uploads\/sites\/6\/2014\/02\/tenha-estilo-dicas-curtas-desca-do-salto-viii.jpg?fit=281%2C300&amp;ssl=1\" data-large-file=\"https:\/\/i0.wp.com\/agrund.com\/wp-content\/uploads\/sites\/6\/2014\/02\/tenha-estilo-dicas-curtas-desca-do-salto-viii.jpg?fit=580%2C619&amp;ssl=1\" decoding=\"async\" loading=\"lazy\" class=\"size-large wp-image-97020\" alt=\"Tenha Estilo :: Dicas Curtas \u2013 Des\u00e7a do salto VIII\" src=\"https:\/\/i0.wp.com\/www.agrund.com\/wp-content\/uploads\/sites\/6\/cache\/2014\/02\/tenha-estilo-dicas-curtas-desca-do-salto-viii\/4223206564.jpg?resize=580%2C619\" width=\"580\" height=\"619\" data-recalc-dims=\"1\" \/><\/a><p id=\"caption-attachment-97020\" class=\"wp-caption-text\">Tenha Estilo :: Dicas Curtas \u2013 Des\u00e7a do salto VIII<\/p><\/div>\n<p>Imagens: Reprodu\u00e7\u00e3o.<\/p>\n","protected":false},"excerpt":{"rendered":"<p>Os t\u00eanis s\u00e3o sim uma op\u00e7\u00e3o para qualquer hora. E quem diria que um dia a moda iria coloc\u00e1-los em posi\u00e7\u00e3o de alta-costura? Pois bem, depois que Karl Lagerfeld apresentou o t\u00eanis couture na passarela da Chanel, todo mundo agora toma para si a licen\u00e7a po\u00e9tica de que o t\u00eanis pode ir para qualquer lugar. [&hellip;]<\/p>\n","protected":false},"author":1,"featured_media":97021,"comment_status":"open","ping_status":"open","sticky":false,"template":"","format":"standard","meta":{"jetpack_post_was_ever_published":false,"_jetpack_newsletter_access":"","jetpack_publicize_message":"","jetpack_is_tweetstorm":false,"jetpack_publicize_feature_enabled":true,"jetpack_social_post_already_shared":true,"jetpack_social_options":{"image_generator_settings":{"template":"highway","enabled":false}}},"categories":[4,2],"tags":[],"jetpack_publicize_connections":[],"jetpack_featured_media_url":"https:\/\/i0.wp.com\/agrund.com\/wp-content\/uploads\/sites\/6\/2014\/02\/slide-45.jpg?fit=960%2C320&ssl=1","jetpack_sharing_enabled":true,"jetpack_shortlink":"https:\/\/wp.me\/p3Hz0n-peP","jetpack_likes_enabled":true,"_links":{"self":[{"href":"https:\/\/agrund.com\/index.php\/wp-json\/wp\/v2\/posts\/97019"}],"collection":[{"href":"https:\/\/agrund.com\/index.php\/wp-json\/wp\/v2\/posts"}],"about":[{"href":"https:\/\/agrund.com\/index.php\/wp-json\/wp\/v2\/types\/post"}],"author":[{"embeddable":true,"href":"https:\/\/agrund.com\/index.php\/wp-json\/wp\/v2\/users\/1"}],"replies":[{"embeddable":true,"href":"https:\/\/agrund.com\/index.php\/wp-json\/wp\/v2\/comments?post=97019"}],"version-history":[{"count":0,"href":"https:\/\/agrund.com\/index.php\/wp-json\/wp\/v2\/posts\/97019\/revisions"}],"wp:featuredmedia":[{"embeddable":true,"href":"https:\/\/agrund.com\/index.php\/wp-json\/wp\/v2\/media\/97021"}],"wp:attachment":[{"href":"https:\/\/agrund.com\/index.php\/wp-json\/wp\/v2\/media?parent=97019"}],"wp:term":[{"taxonomy":"category","embeddable":true,"href":"https:\/\/agrund.com\/index.php\/wp-json\/wp\/v2\/categories?post=97019"},{"taxonomy":"post_tag","embeddable":true,"href":"https:\/\/agrund.com\/index.php\/wp-json\/wp\/v2\/tags?post=97019"}],"curies":[{"name":"wp","href":"https:\/\/api.w.org\/{rel}","templated":true}]}}