{"id":97015,"date":"2014-02-20T15:00:48","date_gmt":"2014-02-20T18:00:48","guid":{"rendered":"http:\/\/www.agrund.com\/?p=97015"},"modified":"2014-02-20T10:22:37","modified_gmt":"2014-02-20T13:22:37","slug":"tenha-estilo-dicas-curtas-desca-do-salto-vii","status":"publish","type":"post","link":"https:\/\/agrund.com\/index.php\/tenha-estilo-dicas-curtas-desca-do-salto-vii\/","title":{"rendered":"Tenha Estilo :: Dicas Curtas \u2013 Des\u00e7a do salto VII"},"content":{"rendered":"<p>As botas flats com cano curto tamb\u00e9m s\u00e3o fortes tend\u00eancias para esse inverno. O mais legal \u00e9 que elas s\u00e3o democr\u00e1ticas. Ficam bem com skinny, cal\u00e7a flare e at\u00e9 saias, de qualquer cumprimento. Para come\u00e7ar, uma bota preta ou azul marinho lhe dar\u00e1 confian\u00e7a para depois partir para cores e modelos mais ousados com tachas e spikes.<\/p>\n<div id=\"attachment_97016\" style=\"width: 610px\" class=\"wp-caption aligncenter\"><a href=\"https:\/\/i0.wp.com\/www.agrund.com\/wp-content\/uploads\/sites\/6\/2014\/02\/tenha-estilo-dicas-curtas-desca-do-salto-vii.jpg\"><img aria-describedby=\"caption-attachment-97016\" data-attachment-id=\"97016\" data-permalink=\"https:\/\/agrund.com\/index.php\/tenha-estilo-dicas-curtas-desca-do-salto-vii\/tenha-estilo-dicas-curtas-desca-do-salto-vii\/\" data-orig-file=\"https:\/\/i0.wp.com\/agrund.com\/wp-content\/uploads\/sites\/6\/2014\/02\/tenha-estilo-dicas-curtas-desca-do-salto-vii.jpg?fit=600%2C741&amp;ssl=1\" data-orig-size=\"600,741\" data-comments-opened=\"1\" data-image-meta=\"{&quot;aperture&quot;:&quot;0&quot;,&quot;credit&quot;:&quot;&quot;,&quot;camera&quot;:&quot;&quot;,&quot;caption&quot;:&quot;&quot;,&quot;created_timestamp&quot;:&quot;0&quot;,&quot;copyright&quot;:&quot;&quot;,&quot;focal_length&quot;:&quot;0&quot;,&quot;iso&quot;:&quot;0&quot;,&quot;shutter_speed&quot;:&quot;0&quot;,&quot;title&quot;:&quot;&quot;,&quot;orientation&quot;:&quot;0&quot;}\" data-image-title=\"tenha-estilo-dicas-curtas-desca-do-salto-vii\" data-image-description=\"\" data-image-caption=\"&lt;p&gt;Tenha Estilo :: Dicas Curtas \u2013 Des\u00e7a do salto VII&lt;\/p&gt;\n\" data-medium-file=\"https:\/\/i0.wp.com\/agrund.com\/wp-content\/uploads\/sites\/6\/2014\/02\/tenha-estilo-dicas-curtas-desca-do-salto-vii.jpg?fit=243%2C300&amp;ssl=1\" data-large-file=\"https:\/\/i0.wp.com\/agrund.com\/wp-content\/uploads\/sites\/6\/2014\/02\/tenha-estilo-dicas-curtas-desca-do-salto-vii.jpg?fit=600%2C741&amp;ssl=1\" decoding=\"async\" loading=\"lazy\" class=\"size-large wp-image-97016\" alt=\"Tenha Estilo :: Dicas Curtas \u2013 Des\u00e7a do salto VII\" src=\"https:\/\/i0.wp.com\/www.agrund.com\/wp-content\/uploads\/sites\/6\/cache\/2014\/02\/tenha-estilo-dicas-curtas-desca-do-salto-vii\/2666190643.jpg?resize=600%2C741\" width=\"600\" height=\"741\" data-recalc-dims=\"1\" \/><\/a><p id=\"caption-attachment-97016\" class=\"wp-caption-text\">Tenha Estilo :: Dicas Curtas \u2013 Des\u00e7a do salto VII<\/p><\/div>\n<p>Imagens: Reprodu\u00e7\u00e3o.<\/p>\n","protected":false},"excerpt":{"rendered":"<p>As botas flats com cano curto tamb\u00e9m s\u00e3o fortes tend\u00eancias para esse inverno. O mais legal \u00e9 que elas s\u00e3o democr\u00e1ticas. Ficam bem com skinny, cal\u00e7a flare e at\u00e9 saias, de qualquer cumprimento. Para come\u00e7ar, uma bota preta ou azul marinho lhe dar\u00e1 confian\u00e7a para depois partir para cores e modelos mais ousados com tachas [&hellip;]<\/p>\n","protected":false},"author":1,"featured_media":97017,"comment_status":"open","ping_status":"open","sticky":false,"template":"","format":"standard","meta":{"jetpack_post_was_ever_published":false,"_jetpack_newsletter_access":"","jetpack_publicize_message":"","jetpack_is_tweetstorm":false,"jetpack_publicize_feature_enabled":true,"jetpack_social_post_already_shared":true,"jetpack_social_options":{"image_generator_settings":{"template":"highway","enabled":false}}},"categories":[4,2],"tags":[],"jetpack_publicize_connections":[],"jetpack_featured_media_url":"https:\/\/i0.wp.com\/agrund.com\/wp-content\/uploads\/sites\/6\/2014\/02\/slide-26.jpg?fit=960%2C319&ssl=1","jetpack_sharing_enabled":true,"jetpack_shortlink":"https:\/\/wp.me\/p3Hz0n-peL","jetpack_likes_enabled":true,"_links":{"self":[{"href":"https:\/\/agrund.com\/index.php\/wp-json\/wp\/v2\/posts\/97015"}],"collection":[{"href":"https:\/\/agrund.com\/index.php\/wp-json\/wp\/v2\/posts"}],"about":[{"href":"https:\/\/agrund.com\/index.php\/wp-json\/wp\/v2\/types\/post"}],"author":[{"embeddable":true,"href":"https:\/\/agrund.com\/index.php\/wp-json\/wp\/v2\/users\/1"}],"replies":[{"embeddable":true,"href":"https:\/\/agrund.com\/index.php\/wp-json\/wp\/v2\/comments?post=97015"}],"version-history":[{"count":0,"href":"https:\/\/agrund.com\/index.php\/wp-json\/wp\/v2\/posts\/97015\/revisions"}],"wp:featuredmedia":[{"embeddable":true,"href":"https:\/\/agrund.com\/index.php\/wp-json\/wp\/v2\/media\/97017"}],"wp:attachment":[{"href":"https:\/\/agrund.com\/index.php\/wp-json\/wp\/v2\/media?parent=97015"}],"wp:term":[{"taxonomy":"category","embeddable":true,"href":"https:\/\/agrund.com\/index.php\/wp-json\/wp\/v2\/categories?post=97015"},{"taxonomy":"post_tag","embeddable":true,"href":"https:\/\/agrund.com\/index.php\/wp-json\/wp\/v2\/tags?post=97015"}],"curies":[{"name":"wp","href":"https:\/\/api.w.org\/{rel}","templated":true}]}}