{"id":97011,"date":"2014-02-20T13:00:38","date_gmt":"2014-02-20T16:00:38","guid":{"rendered":"http:\/\/www.agrund.com\/?p=97011"},"modified":"2014-02-20T10:03:43","modified_gmt":"2014-02-20T13:03:43","slug":"tenha-estilo-dicas-curtas-desca-do-salto-vi","status":"publish","type":"post","link":"https:\/\/agrund.com\/index.php\/tenha-estilo-dicas-curtas-desca-do-salto-vi\/","title":{"rendered":"Tenha Estilo :: Dicas Curtas \u2013 Des\u00e7a do salto VI"},"content":{"rendered":"<p>Para o inverno, uma boa sapatilha com meias fica charmoso e com um ar mais retro. Claro que para conseguir chegar nesse resultado, minha sugest\u00e3o \u00e9 que voc\u00ea comece com uma saia preta, camiseta branca, boca vermelha e um len\u00e7o no pesco\u00e7o. E a sapatilha, que seria o assunto desse post, ficou l\u00e1 no come\u00e7o da frase!<\/p>\n<div id=\"attachment_97013\" style=\"width: 571px\" class=\"wp-caption aligncenter\"><a href=\"https:\/\/i0.wp.com\/www.agrund.com\/wp-content\/uploads\/sites\/6\/2014\/02\/tenha-estilo-dicas-curtas-desca-do-salto-vi.jpg\"><img aria-describedby=\"caption-attachment-97013\" data-attachment-id=\"97013\" data-permalink=\"https:\/\/agrund.com\/index.php\/tenha-estilo-dicas-curtas-desca-do-salto-vi\/tenha-estilo-dicas-curtas-desca-do-salto-vi\/\" data-orig-file=\"https:\/\/i0.wp.com\/agrund.com\/wp-content\/uploads\/sites\/6\/2014\/02\/tenha-estilo-dicas-curtas-desca-do-salto-vi.jpg?fit=561%2C346&amp;ssl=1\" data-orig-size=\"561,346\" data-comments-opened=\"1\" data-image-meta=\"{&quot;aperture&quot;:&quot;0&quot;,&quot;credit&quot;:&quot;&quot;,&quot;camera&quot;:&quot;&quot;,&quot;caption&quot;:&quot;&quot;,&quot;created_timestamp&quot;:&quot;0&quot;,&quot;copyright&quot;:&quot;&quot;,&quot;focal_length&quot;:&quot;0&quot;,&quot;iso&quot;:&quot;0&quot;,&quot;shutter_speed&quot;:&quot;0&quot;,&quot;title&quot;:&quot;&quot;,&quot;orientation&quot;:&quot;1&quot;}\" data-image-title=\"tenha-estilo-dicas-curtas-desca-do-salto-vi\" data-image-description=\"\" data-image-caption=\"&lt;p&gt;Tenha Estilo :: Dicas Curtas \u2013 Des\u00e7a do salto VI&lt;\/p&gt;\n\" data-medium-file=\"https:\/\/i0.wp.com\/agrund.com\/wp-content\/uploads\/sites\/6\/2014\/02\/tenha-estilo-dicas-curtas-desca-do-salto-vi.jpg?fit=300%2C185&amp;ssl=1\" data-large-file=\"https:\/\/i0.wp.com\/agrund.com\/wp-content\/uploads\/sites\/6\/2014\/02\/tenha-estilo-dicas-curtas-desca-do-salto-vi.jpg?fit=561%2C346&amp;ssl=1\" decoding=\"async\" loading=\"lazy\" class=\"size-large wp-image-97013\" alt=\"Tenha Estilo :: Dicas Curtas \u2013 Des\u00e7a do salto VI\" src=\"https:\/\/i0.wp.com\/www.agrund.com\/wp-content\/uploads\/sites\/6\/cache\/2014\/02\/tenha-estilo-dicas-curtas-desca-do-salto-vi\/3084248847.jpg?resize=561%2C346\" width=\"561\" height=\"346\" data-recalc-dims=\"1\" \/><\/a><p id=\"caption-attachment-97013\" class=\"wp-caption-text\">Tenha Estilo :: Dicas Curtas \u2013 Des\u00e7a do salto VI<\/p><\/div>\n<p>Imagens: Reprodu\u00e7\u00e3o.<\/p>\n","protected":false},"excerpt":{"rendered":"<p>Para o inverno, uma boa sapatilha com meias fica charmoso e com um ar mais retro. Claro que para conseguir chegar nesse resultado, minha sugest\u00e3o \u00e9 que voc\u00ea comece com uma saia preta, camiseta branca, boca vermelha e um len\u00e7o no pesco\u00e7o. E a sapatilha, que seria o assunto desse post, ficou l\u00e1 no come\u00e7o [&hellip;]<\/p>\n","protected":false},"author":1,"featured_media":97012,"comment_status":"open","ping_status":"open","sticky":false,"template":"","format":"standard","meta":{"jetpack_post_was_ever_published":false,"_jetpack_newsletter_access":"","jetpack_publicize_message":"","jetpack_is_tweetstorm":false,"jetpack_publicize_feature_enabled":true,"jetpack_social_post_already_shared":true,"jetpack_social_options":{"image_generator_settings":{"template":"highway","enabled":false}}},"categories":[4,2],"tags":[],"jetpack_publicize_connections":[],"jetpack_featured_media_url":"https:\/\/i0.wp.com\/agrund.com\/wp-content\/uploads\/sites\/6\/2014\/02\/tenha-estilo-dicas-curtas-desca-do-salto-vi-slide.jpg?fit=960%2C320&ssl=1","jetpack_sharing_enabled":true,"jetpack_shortlink":"https:\/\/wp.me\/p3Hz0n-peH","jetpack_likes_enabled":true,"_links":{"self":[{"href":"https:\/\/agrund.com\/index.php\/wp-json\/wp\/v2\/posts\/97011"}],"collection":[{"href":"https:\/\/agrund.com\/index.php\/wp-json\/wp\/v2\/posts"}],"about":[{"href":"https:\/\/agrund.com\/index.php\/wp-json\/wp\/v2\/types\/post"}],"author":[{"embeddable":true,"href":"https:\/\/agrund.com\/index.php\/wp-json\/wp\/v2\/users\/1"}],"replies":[{"embeddable":true,"href":"https:\/\/agrund.com\/index.php\/wp-json\/wp\/v2\/comments?post=97011"}],"version-history":[{"count":0,"href":"https:\/\/agrund.com\/index.php\/wp-json\/wp\/v2\/posts\/97011\/revisions"}],"wp:featuredmedia":[{"embeddable":true,"href":"https:\/\/agrund.com\/index.php\/wp-json\/wp\/v2\/media\/97012"}],"wp:attachment":[{"href":"https:\/\/agrund.com\/index.php\/wp-json\/wp\/v2\/media?parent=97011"}],"wp:term":[{"taxonomy":"category","embeddable":true,"href":"https:\/\/agrund.com\/index.php\/wp-json\/wp\/v2\/categories?post=97011"},{"taxonomy":"post_tag","embeddable":true,"href":"https:\/\/agrund.com\/index.php\/wp-json\/wp\/v2\/tags?post=97011"}],"curies":[{"name":"wp","href":"https:\/\/api.w.org\/{rel}","templated":true}]}}