{"id":96987,"date":"2014-02-20T10:00:54","date_gmt":"2014-02-20T13:00:54","guid":{"rendered":"http:\/\/www.agrund.com\/?p=96987"},"modified":"2014-02-20T09:27:13","modified_gmt":"2014-02-20T12:27:13","slug":"semana-de-moda-de-milao-gucci-inverno-2014","status":"publish","type":"post","link":"https:\/\/agrund.com\/index.php\/semana-de-moda-de-milao-gucci-inverno-2014\/","title":{"rendered":"Semana de Moda de Mil\u00e3o :: Gucci Inverno 2014"},"content":{"rendered":"<p>Em janeiro passado, o ator e diretor James Franco apresentou em Paris o document\u00e1rio The Director, que traz o trabalho de Frida Giannini por tr\u00e1s do sucesso da marca. Sem pensar duas vezes, ela mergulha mais uma vez nos arquivos da Gucci e traz, para o inverno 2014 na Semana de Moda de Mil\u00e3o, uma releitura de pe\u00e7as ic\u00f4nicas dos anos 60. Essa apresenta\u00e7\u00e3o tamb\u00e9m foi uma releitura da cole\u00e7\u00e3o masculina apresentada em janeiro na semana de Mil\u00e3o. Um espet\u00e1culo!<br \/>\nVestidos em A, mas que valorizavam a cintura, bot\u00f5es duplos ou carreira de bot\u00f5es deslocada, o que deixou alguns casacos modern\u00edssimos, apareceram, inclusive, com estampa de bicho. Botas na altura dos joelhos deixam qualquer mulher mais sexy. Os vestidos, apesar de mais contidos, tinham uma modelagem que valorizava as curvas das modelos e sempre tinham tecidos leves e pesados misturados. Alguns tinham pregas com bordados que enriqueceram mais ainda esse mergulho nos anos 60 que Frida Giannini deu para a criar a cole\u00e7\u00e3o da Gucci.<\/p>\n<div id=\"attachment_96988\" style=\"width: 459px\" class=\"wp-caption aligncenter\"><a href=\"https:\/\/i0.wp.com\/www.agrund.com\/wp-content\/uploads\/sites\/6\/2014\/02\/semana-de-moda-de-milao-gucci-inverno-2014-1.jpg\"><img aria-describedby=\"caption-attachment-96988\" data-attachment-id=\"96988\" data-permalink=\"https:\/\/agrund.com\/index.php\/semana-de-moda-de-milao-gucci-inverno-2014\/semana-de-moda-de-milao-gucci-inverno-2014-1\/\" data-orig-file=\"https:\/\/i0.wp.com\/agrund.com\/wp-content\/uploads\/sites\/6\/2014\/02\/semana-de-moda-de-milao-gucci-inverno-2014-1.jpg?fit=449%2C675&amp;ssl=1\" data-orig-size=\"449,675\" data-comments-opened=\"1\" data-image-meta=\"{&quot;aperture&quot;:&quot;8&quot;,&quot;credit&quot;:&quot;&quot;,&quot;camera&quot;:&quot;NIKON D4&quot;,&quot;caption&quot;:&quot;&quot;,&quot;created_timestamp&quot;:&quot;1392823769&quot;,&quot;copyright&quot;:&quot;Photo: Yannis Vlamos \\\/ Indigitalimages.com&quot;,&quot;focal_length&quot;:&quot;350&quot;,&quot;iso&quot;:&quot;1600&quot;,&quot;shutter_speed&quot;:&quot;0.002&quot;,&quot;title&quot;:&quot;&quot;,&quot;orientation&quot;:&quot;0&quot;}\" data-image-title=\"semana-de-moda-de-milao-gucci-inverno-2014 (1)\" data-image-description=\"\" data-image-caption=\"&lt;p&gt;Semana de Moda de Mil\u00e3o :: Gucci Inverno 2014&lt;\/p&gt;\n\" data-medium-file=\"https:\/\/i0.wp.com\/agrund.com\/wp-content\/uploads\/sites\/6\/2014\/02\/semana-de-moda-de-milao-gucci-inverno-2014-1.jpg?fit=200%2C300&amp;ssl=1\" data-large-file=\"https:\/\/i0.wp.com\/agrund.com\/wp-content\/uploads\/sites\/6\/2014\/02\/semana-de-moda-de-milao-gucci-inverno-2014-1.jpg?fit=449%2C675&amp;ssl=1\" decoding=\"async\" loading=\"lazy\" class=\"size-large wp-image-96988\" alt=\"Semana de Moda de Mil\u00e3o :: Gucci Inverno 2014\" src=\"https:\/\/i0.wp.com\/www.agrund.com\/wp-content\/uploads\/sites\/6\/cache\/2014\/02\/semana-de-moda-de-milao-gucci-inverno-2014-1\/3994553472.jpg?resize=449%2C675\" width=\"449\" height=\"675\" data-recalc-dims=\"1\" \/><\/a><p id=\"caption-attachment-96988\" class=\"wp-caption-text\">Semana de Moda de Mil\u00e3o :: Gucci Inverno 2014<\/p><\/div>\n<div id=\"attachment_96989\" style=\"width: 460px\" class=\"wp-caption aligncenter\"><a href=\"https:\/\/i0.wp.com\/www.agrund.com\/wp-content\/uploads\/sites\/6\/2014\/02\/semana-de-moda-de-milao-gucci-inverno-2014-2.jpg\"><img aria-describedby=\"caption-attachment-96989\" data-attachment-id=\"96989\" data-permalink=\"https:\/\/agrund.com\/index.php\/semana-de-moda-de-milao-gucci-inverno-2014\/semana-de-moda-de-milao-gucci-inverno-2014-2\/\" data-orig-file=\"https:\/\/i0.wp.com\/agrund.com\/wp-content\/uploads\/sites\/6\/2014\/02\/semana-de-moda-de-milao-gucci-inverno-2014-2.jpg?fit=450%2C675&amp;ssl=1\" data-orig-size=\"450,675\" data-comments-opened=\"1\" data-image-meta=\"{&quot;aperture&quot;:&quot;7.1&quot;,&quot;credit&quot;:&quot;&quot;,&quot;camera&quot;:&quot;NIKON D4&quot;,&quot;caption&quot;:&quot;&quot;,&quot;created_timestamp&quot;:&quot;1392823265&quot;,&quot;copyright&quot;:&quot;Photo: Yannis Vlamos \\\/ Indigitalimages.com&quot;,&quot;focal_length&quot;:&quot;290&quot;,&quot;iso&quot;:&quot;1600&quot;,&quot;shutter_speed&quot;:&quot;0.002&quot;,&quot;title&quot;:&quot;&quot;,&quot;orientation&quot;:&quot;0&quot;}\" data-image-title=\"semana-de-moda-de-milao-gucci-inverno-2014 (2)\" data-image-description=\"\" data-image-caption=\"&lt;p&gt;Semana de Moda de Mil\u00e3o :: Gucci Inverno 2014&lt;\/p&gt;\n\" data-medium-file=\"https:\/\/i0.wp.com\/agrund.com\/wp-content\/uploads\/sites\/6\/2014\/02\/semana-de-moda-de-milao-gucci-inverno-2014-2.jpg?fit=200%2C300&amp;ssl=1\" data-large-file=\"https:\/\/i0.wp.com\/agrund.com\/wp-content\/uploads\/sites\/6\/2014\/02\/semana-de-moda-de-milao-gucci-inverno-2014-2.jpg?fit=450%2C675&amp;ssl=1\" decoding=\"async\" loading=\"lazy\" class=\"size-large wp-image-96989\" alt=\"Semana de Moda de Mil\u00e3o :: Gucci Inverno 2014\" src=\"https:\/\/i0.wp.com\/www.agrund.com\/wp-content\/uploads\/sites\/6\/cache\/2014\/02\/semana-de-moda-de-milao-gucci-inverno-2014-2\/1620511587.jpg?resize=450%2C675\" width=\"450\" height=\"675\" data-recalc-dims=\"1\" \/><\/a><p id=\"caption-attachment-96989\" class=\"wp-caption-text\">Semana de Moda de Mil\u00e3o :: Gucci Inverno 2014<\/p><\/div>\n<div id=\"attachment_96990\" style=\"width: 460px\" class=\"wp-caption aligncenter\"><a href=\"https:\/\/i0.wp.com\/www.agrund.com\/wp-content\/uploads\/sites\/6\/2014\/02\/semana-de-moda-de-milao-gucci-inverno-2014-3.jpg\"><img aria-describedby=\"caption-attachment-96990\" data-attachment-id=\"96990\" data-permalink=\"https:\/\/agrund.com\/index.php\/semana-de-moda-de-milao-gucci-inverno-2014\/semana-de-moda-de-milao-gucci-inverno-2014-3\/\" data-orig-file=\"https:\/\/i0.wp.com\/agrund.com\/wp-content\/uploads\/sites\/6\/2014\/02\/semana-de-moda-de-milao-gucci-inverno-2014-3.jpg?fit=450%2C675&amp;ssl=1\" data-orig-size=\"450,675\" data-comments-opened=\"1\" data-image-meta=\"{&quot;aperture&quot;:&quot;7.1&quot;,&quot;credit&quot;:&quot;&quot;,&quot;camera&quot;:&quot;NIKON D4&quot;,&quot;caption&quot;:&quot;&quot;,&quot;created_timestamp&quot;:&quot;1392823290&quot;,&quot;copyright&quot;:&quot;Photo: Yannis Vlamos \\\/ Indigitalimages.com&quot;,&quot;focal_length&quot;:&quot;340&quot;,&quot;iso&quot;:&quot;1600&quot;,&quot;shutter_speed&quot;:&quot;0.002&quot;,&quot;title&quot;:&quot;&quot;,&quot;orientation&quot;:&quot;0&quot;}\" data-image-title=\"semana-de-moda-de-milao-gucci-inverno-2014 (3)\" data-image-description=\"\" data-image-caption=\"&lt;p&gt;Semana de Moda de Mil\u00e3o :: Gucci Inverno 2014&lt;\/p&gt;\n\" data-medium-file=\"https:\/\/i0.wp.com\/agrund.com\/wp-content\/uploads\/sites\/6\/2014\/02\/semana-de-moda-de-milao-gucci-inverno-2014-3.jpg?fit=200%2C300&amp;ssl=1\" data-large-file=\"https:\/\/i0.wp.com\/agrund.com\/wp-content\/uploads\/sites\/6\/2014\/02\/semana-de-moda-de-milao-gucci-inverno-2014-3.jpg?fit=450%2C675&amp;ssl=1\" decoding=\"async\" loading=\"lazy\" class=\"size-large wp-image-96990\" alt=\"Semana de Moda de Mil\u00e3o :: Gucci Inverno 2014\" src=\"https:\/\/i0.wp.com\/www.agrund.com\/wp-content\/uploads\/sites\/6\/cache\/2014\/02\/semana-de-moda-de-milao-gucci-inverno-2014-3\/2889681917.jpg?resize=450%2C675\" width=\"450\" height=\"675\" data-recalc-dims=\"1\" \/><\/a><p id=\"caption-attachment-96990\" class=\"wp-caption-text\">Semana de Moda de Mil\u00e3o :: Gucci Inverno 2014<\/p><\/div>\n<div id=\"attachment_96991\" style=\"width: 459px\" class=\"wp-caption aligncenter\"><a href=\"https:\/\/i0.wp.com\/www.agrund.com\/wp-content\/uploads\/sites\/6\/2014\/02\/semana-de-moda-de-milao-gucci-inverno-2014-4.jpg\"><img aria-describedby=\"caption-attachment-96991\" data-attachment-id=\"96991\" data-permalink=\"https:\/\/agrund.com\/index.php\/semana-de-moda-de-milao-gucci-inverno-2014\/semana-de-moda-de-milao-gucci-inverno-2014-4\/\" data-orig-file=\"https:\/\/i0.wp.com\/agrund.com\/wp-content\/uploads\/sites\/6\/2014\/02\/semana-de-moda-de-milao-gucci-inverno-2014-4.jpg?fit=449%2C675&amp;ssl=1\" data-orig-size=\"449,675\" data-comments-opened=\"1\" data-image-meta=\"{&quot;aperture&quot;:&quot;8&quot;,&quot;credit&quot;:&quot;&quot;,&quot;camera&quot;:&quot;NIKON D4&quot;,&quot;caption&quot;:&quot;&quot;,&quot;created_timestamp&quot;:&quot;1392823419&quot;,&quot;copyright&quot;:&quot;Photo: Yannis Vlamos \\\/ Indigitalimages.com&quot;,&quot;focal_length&quot;:&quot;350&quot;,&quot;iso&quot;:&quot;1600&quot;,&quot;shutter_speed&quot;:&quot;0.002&quot;,&quot;title&quot;:&quot;&quot;,&quot;orientation&quot;:&quot;0&quot;}\" data-image-title=\"semana-de-moda-de-milao-gucci-inverno-2014 (4)\" data-image-description=\"\" data-image-caption=\"&lt;p&gt;Semana de Moda de Mil\u00e3o :: Gucci Inverno 2014&lt;\/p&gt;\n\" data-medium-file=\"https:\/\/i0.wp.com\/agrund.com\/wp-content\/uploads\/sites\/6\/2014\/02\/semana-de-moda-de-milao-gucci-inverno-2014-4.jpg?fit=200%2C300&amp;ssl=1\" data-large-file=\"https:\/\/i0.wp.com\/agrund.com\/wp-content\/uploads\/sites\/6\/2014\/02\/semana-de-moda-de-milao-gucci-inverno-2014-4.jpg?fit=449%2C675&amp;ssl=1\" decoding=\"async\" loading=\"lazy\" class=\"size-large wp-image-96991\" alt=\"Semana de Moda de Mil\u00e3o :: Gucci Inverno 2014\" src=\"https:\/\/i0.wp.com\/www.agrund.com\/wp-content\/uploads\/sites\/6\/cache\/2014\/02\/semana-de-moda-de-milao-gucci-inverno-2014-4\/2801271524.jpg?resize=449%2C675\" width=\"449\" height=\"675\" data-recalc-dims=\"1\" \/><\/a><p id=\"caption-attachment-96991\" class=\"wp-caption-text\">Semana de Moda de Mil\u00e3o :: Gucci Inverno 2014<\/p><\/div>\n<div id=\"attachment_96992\" style=\"width: 459px\" class=\"wp-caption aligncenter\"><a href=\"https:\/\/i0.wp.com\/www.agrund.com\/wp-content\/uploads\/sites\/6\/2014\/02\/semana-de-moda-de-milao-gucci-inverno-2014-5.jpg\"><img aria-describedby=\"caption-attachment-96992\" data-attachment-id=\"96992\" data-permalink=\"https:\/\/agrund.com\/index.php\/semana-de-moda-de-milao-gucci-inverno-2014\/semana-de-moda-de-milao-gucci-inverno-2014-5\/\" data-orig-file=\"https:\/\/i0.wp.com\/agrund.com\/wp-content\/uploads\/sites\/6\/2014\/02\/semana-de-moda-de-milao-gucci-inverno-2014-5.jpg?fit=449%2C675&amp;ssl=1\" data-orig-size=\"449,675\" data-comments-opened=\"1\" data-image-meta=\"{&quot;aperture&quot;:&quot;8&quot;,&quot;credit&quot;:&quot;&quot;,&quot;camera&quot;:&quot;NIKON D4&quot;,&quot;caption&quot;:&quot;&quot;,&quot;created_timestamp&quot;:&quot;1392823491&quot;,&quot;copyright&quot;:&quot;Photo: Yannis Vlamos \\\/ Indigitalimages.com&quot;,&quot;focal_length&quot;:&quot;340&quot;,&quot;iso&quot;:&quot;1600&quot;,&quot;shutter_speed&quot;:&quot;0.002&quot;,&quot;title&quot;:&quot;&quot;,&quot;orientation&quot;:&quot;0&quot;}\" data-image-title=\"semana-de-moda-de-milao-gucci-inverno-2014 (5)\" data-image-description=\"\" data-image-caption=\"&lt;p&gt;Semana de Moda de Mil\u00e3o :: Gucci Inverno 2014&lt;\/p&gt;\n\" data-medium-file=\"https:\/\/i0.wp.com\/agrund.com\/wp-content\/uploads\/sites\/6\/2014\/02\/semana-de-moda-de-milao-gucci-inverno-2014-5.jpg?fit=200%2C300&amp;ssl=1\" data-large-file=\"https:\/\/i0.wp.com\/agrund.com\/wp-content\/uploads\/sites\/6\/2014\/02\/semana-de-moda-de-milao-gucci-inverno-2014-5.jpg?fit=449%2C675&amp;ssl=1\" decoding=\"async\" loading=\"lazy\" class=\"size-large wp-image-96992\" alt=\"Semana de Moda de Mil\u00e3o :: Gucci Inverno 2014\" src=\"https:\/\/i0.wp.com\/www.agrund.com\/wp-content\/uploads\/sites\/6\/cache\/2014\/02\/semana-de-moda-de-milao-gucci-inverno-2014-5\/1783759482.jpg?resize=449%2C675\" width=\"449\" height=\"675\" data-recalc-dims=\"1\" \/><\/a><p id=\"caption-attachment-96992\" class=\"wp-caption-text\">Semana de Moda de Mil\u00e3o :: Gucci Inverno 2014<\/p><\/div>\n<div id=\"attachment_96993\" style=\"width: 459px\" class=\"wp-caption aligncenter\"><a href=\"https:\/\/i0.wp.com\/www.agrund.com\/wp-content\/uploads\/sites\/6\/2014\/02\/semana-de-moda-de-milao-gucci-inverno-2014-6.jpg\"><img aria-describedby=\"caption-attachment-96993\" data-attachment-id=\"96993\" data-permalink=\"https:\/\/agrund.com\/index.php\/semana-de-moda-de-milao-gucci-inverno-2014\/semana-de-moda-de-milao-gucci-inverno-2014-6\/\" data-orig-file=\"https:\/\/i0.wp.com\/agrund.com\/wp-content\/uploads\/sites\/6\/2014\/02\/semana-de-moda-de-milao-gucci-inverno-2014-6.jpg?fit=449%2C675&amp;ssl=1\" data-orig-size=\"449,675\" data-comments-opened=\"1\" data-image-meta=\"{&quot;aperture&quot;:&quot;8&quot;,&quot;credit&quot;:&quot;&quot;,&quot;camera&quot;:&quot;NIKON D4&quot;,&quot;caption&quot;:&quot;&quot;,&quot;created_timestamp&quot;:&quot;1392823506&quot;,&quot;copyright&quot;:&quot;Photo: Yannis Vlamos \\\/ Indigitalimages.com&quot;,&quot;focal_length&quot;:&quot;330&quot;,&quot;iso&quot;:&quot;1600&quot;,&quot;shutter_speed&quot;:&quot;0.002&quot;,&quot;title&quot;:&quot;&quot;,&quot;orientation&quot;:&quot;0&quot;}\" data-image-title=\"semana-de-moda-de-milao-gucci-inverno-2014 (6)\" data-image-description=\"\" data-image-caption=\"&lt;p&gt;Semana de Moda de Mil\u00e3o :: Gucci Inverno 2014&lt;\/p&gt;\n\" data-medium-file=\"https:\/\/i0.wp.com\/agrund.com\/wp-content\/uploads\/sites\/6\/2014\/02\/semana-de-moda-de-milao-gucci-inverno-2014-6.jpg?fit=200%2C300&amp;ssl=1\" data-large-file=\"https:\/\/i0.wp.com\/agrund.com\/wp-content\/uploads\/sites\/6\/2014\/02\/semana-de-moda-de-milao-gucci-inverno-2014-6.jpg?fit=449%2C675&amp;ssl=1\" decoding=\"async\" loading=\"lazy\" class=\"size-large wp-image-96993\" alt=\"Semana de Moda de Mil\u00e3o :: Gucci Inverno 2014\" src=\"https:\/\/i0.wp.com\/www.agrund.com\/wp-content\/uploads\/sites\/6\/cache\/2014\/02\/semana-de-moda-de-milao-gucci-inverno-2014-6\/3839690137.jpg?resize=449%2C675\" width=\"449\" height=\"675\" data-recalc-dims=\"1\" \/><\/a><p id=\"caption-attachment-96993\" class=\"wp-caption-text\">Semana de Moda de Mil\u00e3o :: Gucci Inverno 2014<\/p><\/div>\n<div id=\"attachment_96994\" style=\"width: 459px\" class=\"wp-caption aligncenter\"><a href=\"https:\/\/i0.wp.com\/www.agrund.com\/wp-content\/uploads\/sites\/6\/2014\/02\/semana-de-moda-de-milao-gucci-inverno-2014-7.jpg\"><img aria-describedby=\"caption-attachment-96994\" data-attachment-id=\"96994\" data-permalink=\"https:\/\/agrund.com\/index.php\/semana-de-moda-de-milao-gucci-inverno-2014\/semana-de-moda-de-milao-gucci-inverno-2014-7\/\" data-orig-file=\"https:\/\/i0.wp.com\/agrund.com\/wp-content\/uploads\/sites\/6\/2014\/02\/semana-de-moda-de-milao-gucci-inverno-2014-7.jpg?fit=449%2C675&amp;ssl=1\" data-orig-size=\"449,675\" data-comments-opened=\"1\" data-image-meta=\"{&quot;aperture&quot;:&quot;8&quot;,&quot;credit&quot;:&quot;&quot;,&quot;camera&quot;:&quot;NIKON D4&quot;,&quot;caption&quot;:&quot;&quot;,&quot;created_timestamp&quot;:&quot;1392823563&quot;,&quot;copyright&quot;:&quot;Photo: Yannis Vlamos \\\/ Indigitalimages.com&quot;,&quot;focal_length&quot;:&quot;320&quot;,&quot;iso&quot;:&quot;1600&quot;,&quot;shutter_speed&quot;:&quot;0.002&quot;,&quot;title&quot;:&quot;&quot;,&quot;orientation&quot;:&quot;0&quot;}\" data-image-title=\"semana-de-moda-de-milao-gucci-inverno-2014 (7)\" data-image-description=\"\" data-image-caption=\"&lt;p&gt;Semana de Moda de Mil\u00e3o :: Gucci Inverno 2014&lt;\/p&gt;\n\" data-medium-file=\"https:\/\/i0.wp.com\/agrund.com\/wp-content\/uploads\/sites\/6\/2014\/02\/semana-de-moda-de-milao-gucci-inverno-2014-7.jpg?fit=200%2C300&amp;ssl=1\" data-large-file=\"https:\/\/i0.wp.com\/agrund.com\/wp-content\/uploads\/sites\/6\/2014\/02\/semana-de-moda-de-milao-gucci-inverno-2014-7.jpg?fit=449%2C675&amp;ssl=1\" decoding=\"async\" loading=\"lazy\" class=\"size-large wp-image-96994\" alt=\"Semana de Moda de Mil\u00e3o :: Gucci Inverno 2014\" src=\"https:\/\/i0.wp.com\/www.agrund.com\/wp-content\/uploads\/sites\/6\/cache\/2014\/02\/semana-de-moda-de-milao-gucci-inverno-2014-7\/678888711.jpg?resize=449%2C675\" width=\"449\" height=\"675\" data-recalc-dims=\"1\" \/><\/a><p id=\"caption-attachment-96994\" class=\"wp-caption-text\">Semana de Moda de Mil\u00e3o :: Gucci Inverno 2014<\/p><\/div>\n<div id=\"attachment_96995\" style=\"width: 459px\" class=\"wp-caption aligncenter\"><a href=\"https:\/\/i0.wp.com\/www.agrund.com\/wp-content\/uploads\/sites\/6\/2014\/02\/semana-de-moda-de-milao-gucci-inverno-2014-8.jpg\"><img aria-describedby=\"caption-attachment-96995\" data-attachment-id=\"96995\" data-permalink=\"https:\/\/agrund.com\/index.php\/semana-de-moda-de-milao-gucci-inverno-2014\/semana-de-moda-de-milao-gucci-inverno-2014-8\/\" data-orig-file=\"https:\/\/i0.wp.com\/agrund.com\/wp-content\/uploads\/sites\/6\/2014\/02\/semana-de-moda-de-milao-gucci-inverno-2014-8.jpg?fit=449%2C675&amp;ssl=1\" data-orig-size=\"449,675\" data-comments-opened=\"1\" data-image-meta=\"{&quot;aperture&quot;:&quot;8&quot;,&quot;credit&quot;:&quot;&quot;,&quot;camera&quot;:&quot;NIKON D4&quot;,&quot;caption&quot;:&quot;&quot;,&quot;created_timestamp&quot;:&quot;1392823589&quot;,&quot;copyright&quot;:&quot;Photo: Yannis Vlamos \\\/ Indigitalimages.com&quot;,&quot;focal_length&quot;:&quot;340&quot;,&quot;iso&quot;:&quot;1600&quot;,&quot;shutter_speed&quot;:&quot;0.002&quot;,&quot;title&quot;:&quot;&quot;,&quot;orientation&quot;:&quot;0&quot;}\" data-image-title=\"semana-de-moda-de-milao-gucci-inverno-2014 (8)\" data-image-description=\"\" data-image-caption=\"&lt;p&gt;Semana de Moda de Mil\u00e3o :: Gucci Inverno 2014&lt;\/p&gt;\n\" data-medium-file=\"https:\/\/i0.wp.com\/agrund.com\/wp-content\/uploads\/sites\/6\/2014\/02\/semana-de-moda-de-milao-gucci-inverno-2014-8.jpg?fit=200%2C300&amp;ssl=1\" data-large-file=\"https:\/\/i0.wp.com\/agrund.com\/wp-content\/uploads\/sites\/6\/2014\/02\/semana-de-moda-de-milao-gucci-inverno-2014-8.jpg?fit=449%2C675&amp;ssl=1\" decoding=\"async\" loading=\"lazy\" class=\"size-large wp-image-96995\" alt=\"Semana de Moda de Mil\u00e3o :: Gucci Inverno 2014\" src=\"https:\/\/i0.wp.com\/www.agrund.com\/wp-content\/uploads\/sites\/6\/cache\/2014\/02\/semana-de-moda-de-milao-gucci-inverno-2014-8\/4049016747.jpg?resize=449%2C675\" width=\"449\" height=\"675\" data-recalc-dims=\"1\" \/><\/a><p id=\"caption-attachment-96995\" class=\"wp-caption-text\">Semana de Moda de Mil\u00e3o :: Gucci Inverno 2014<\/p><\/div>\n<div id=\"attachment_96996\" style=\"width: 459px\" class=\"wp-caption aligncenter\"><a href=\"https:\/\/i0.wp.com\/www.agrund.com\/wp-content\/uploads\/sites\/6\/2014\/02\/semana-de-moda-de-milao-gucci-inverno-2014-9.jpg\"><img aria-describedby=\"caption-attachment-96996\" data-attachment-id=\"96996\" data-permalink=\"https:\/\/agrund.com\/index.php\/semana-de-moda-de-milao-gucci-inverno-2014\/semana-de-moda-de-milao-gucci-inverno-2014-9\/\" data-orig-file=\"https:\/\/i0.wp.com\/agrund.com\/wp-content\/uploads\/sites\/6\/2014\/02\/semana-de-moda-de-milao-gucci-inverno-2014-9.jpg?fit=449%2C675&amp;ssl=1\" data-orig-size=\"449,675\" data-comments-opened=\"1\" data-image-meta=\"{&quot;aperture&quot;:&quot;8&quot;,&quot;credit&quot;:&quot;&quot;,&quot;camera&quot;:&quot;NIKON D4&quot;,&quot;caption&quot;:&quot;&quot;,&quot;created_timestamp&quot;:&quot;1392823632&quot;,&quot;copyright&quot;:&quot;Photo: Yannis Vlamos \\\/ Indigitalimages.com&quot;,&quot;focal_length&quot;:&quot;340&quot;,&quot;iso&quot;:&quot;1600&quot;,&quot;shutter_speed&quot;:&quot;0.002&quot;,&quot;title&quot;:&quot;&quot;,&quot;orientation&quot;:&quot;0&quot;}\" data-image-title=\"semana-de-moda-de-milao-gucci-inverno-2014 (9)\" data-image-description=\"\" data-image-caption=\"&lt;p&gt;Semana de Moda de Mil\u00e3o :: Gucci Inverno 2014&lt;\/p&gt;\n\" data-medium-file=\"https:\/\/i0.wp.com\/agrund.com\/wp-content\/uploads\/sites\/6\/2014\/02\/semana-de-moda-de-milao-gucci-inverno-2014-9.jpg?fit=200%2C300&amp;ssl=1\" data-large-file=\"https:\/\/i0.wp.com\/agrund.com\/wp-content\/uploads\/sites\/6\/2014\/02\/semana-de-moda-de-milao-gucci-inverno-2014-9.jpg?fit=449%2C675&amp;ssl=1\" decoding=\"async\" loading=\"lazy\" class=\"size-large wp-image-96996\" alt=\"Semana de Moda de Mil\u00e3o :: Gucci Inverno 2014\" src=\"https:\/\/i0.wp.com\/www.agrund.com\/wp-content\/uploads\/sites\/6\/cache\/2014\/02\/semana-de-moda-de-milao-gucci-inverno-2014-9\/1039996725.jpg?resize=449%2C675\" width=\"449\" height=\"675\" data-recalc-dims=\"1\" \/><\/a><p id=\"caption-attachment-96996\" class=\"wp-caption-text\">Semana de Moda de Mil\u00e3o :: Gucci Inverno 2014<\/p><\/div>\n<div id=\"attachment_96997\" style=\"width: 459px\" class=\"wp-caption aligncenter\"><a href=\"https:\/\/i0.wp.com\/www.agrund.com\/wp-content\/uploads\/sites\/6\/2014\/02\/semana-de-moda-de-milao-gucci-inverno-2014-10.jpg\"><img aria-describedby=\"caption-attachment-96997\" data-attachment-id=\"96997\" data-permalink=\"https:\/\/agrund.com\/index.php\/semana-de-moda-de-milao-gucci-inverno-2014\/semana-de-moda-de-milao-gucci-inverno-2014-10\/\" data-orig-file=\"https:\/\/i0.wp.com\/agrund.com\/wp-content\/uploads\/sites\/6\/2014\/02\/semana-de-moda-de-milao-gucci-inverno-2014-10.jpg?fit=449%2C675&amp;ssl=1\" data-orig-size=\"449,675\" data-comments-opened=\"1\" data-image-meta=\"{&quot;aperture&quot;:&quot;8&quot;,&quot;credit&quot;:&quot;&quot;,&quot;camera&quot;:&quot;NIKON D4&quot;,&quot;caption&quot;:&quot;&quot;,&quot;created_timestamp&quot;:&quot;1392823657&quot;,&quot;copyright&quot;:&quot;Photo: Yannis Vlamos \\\/ Indigitalimages.com&quot;,&quot;focal_length&quot;:&quot;350&quot;,&quot;iso&quot;:&quot;1600&quot;,&quot;shutter_speed&quot;:&quot;0.002&quot;,&quot;title&quot;:&quot;&quot;,&quot;orientation&quot;:&quot;0&quot;}\" data-image-title=\"semana-de-moda-de-milao-gucci-inverno-2014 (10)\" data-image-description=\"\" data-image-caption=\"&lt;p&gt;Semana de Moda de Mil\u00e3o :: Gucci Inverno 2014&lt;\/p&gt;\n\" data-medium-file=\"https:\/\/i0.wp.com\/agrund.com\/wp-content\/uploads\/sites\/6\/2014\/02\/semana-de-moda-de-milao-gucci-inverno-2014-10.jpg?fit=200%2C300&amp;ssl=1\" data-large-file=\"https:\/\/i0.wp.com\/agrund.com\/wp-content\/uploads\/sites\/6\/2014\/02\/semana-de-moda-de-milao-gucci-inverno-2014-10.jpg?fit=449%2C675&amp;ssl=1\" decoding=\"async\" loading=\"lazy\" class=\"size-large wp-image-96997\" alt=\"Semana de Moda de Mil\u00e3o :: Gucci Inverno 2014\" src=\"https:\/\/i0.wp.com\/www.agrund.com\/wp-content\/uploads\/sites\/6\/cache\/2014\/02\/semana-de-moda-de-milao-gucci-inverno-2014-10\/3821599908.jpg?resize=449%2C675\" width=\"449\" height=\"675\" data-recalc-dims=\"1\" \/><\/a><p id=\"caption-attachment-96997\" class=\"wp-caption-text\">Semana de Moda de Mil\u00e3o :: Gucci Inverno 2014<\/p><\/div>\n<div id=\"attachment_96998\" style=\"width: 459px\" class=\"wp-caption aligncenter\"><a href=\"https:\/\/i0.wp.com\/www.agrund.com\/wp-content\/uploads\/sites\/6\/2014\/02\/semana-de-moda-de-milao-gucci-inverno-2014-11.jpg\"><img aria-describedby=\"caption-attachment-96998\" data-attachment-id=\"96998\" data-permalink=\"https:\/\/agrund.com\/index.php\/semana-de-moda-de-milao-gucci-inverno-2014\/semana-de-moda-de-milao-gucci-inverno-2014-11\/\" data-orig-file=\"https:\/\/i0.wp.com\/agrund.com\/wp-content\/uploads\/sites\/6\/2014\/02\/semana-de-moda-de-milao-gucci-inverno-2014-11.jpg?fit=449%2C675&amp;ssl=1\" data-orig-size=\"449,675\" data-comments-opened=\"1\" data-image-meta=\"{&quot;aperture&quot;:&quot;8&quot;,&quot;credit&quot;:&quot;&quot;,&quot;camera&quot;:&quot;NIKON D4&quot;,&quot;caption&quot;:&quot;&quot;,&quot;created_timestamp&quot;:&quot;1392823737&quot;,&quot;copyright&quot;:&quot;Photo: Yannis Vlamos \\\/ Indigitalimages.com&quot;,&quot;focal_length&quot;:&quot;310&quot;,&quot;iso&quot;:&quot;1600&quot;,&quot;shutter_speed&quot;:&quot;0.002&quot;,&quot;title&quot;:&quot;&quot;,&quot;orientation&quot;:&quot;0&quot;}\" data-image-title=\"semana-de-moda-de-milao-gucci-inverno-2014 (11)\" data-image-description=\"\" data-image-caption=\"&lt;p&gt;Semana de Moda de Mil\u00e3o :: Gucci Inverno 2014&lt;\/p&gt;\n\" data-medium-file=\"https:\/\/i0.wp.com\/agrund.com\/wp-content\/uploads\/sites\/6\/2014\/02\/semana-de-moda-de-milao-gucci-inverno-2014-11.jpg?fit=200%2C300&amp;ssl=1\" data-large-file=\"https:\/\/i0.wp.com\/agrund.com\/wp-content\/uploads\/sites\/6\/2014\/02\/semana-de-moda-de-milao-gucci-inverno-2014-11.jpg?fit=449%2C675&amp;ssl=1\" decoding=\"async\" loading=\"lazy\" class=\"size-large wp-image-96998\" alt=\"Semana de Moda de Mil\u00e3o :: Gucci Inverno 2014\" src=\"https:\/\/i0.wp.com\/www.agrund.com\/wp-content\/uploads\/sites\/6\/cache\/2014\/02\/semana-de-moda-de-milao-gucci-inverno-2014-11\/795016250.jpg?resize=449%2C675\" width=\"449\" height=\"675\" data-recalc-dims=\"1\" \/><\/a><p id=\"caption-attachment-96998\" class=\"wp-caption-text\">Semana de Moda de Mil\u00e3o :: Gucci Inverno 2014<\/p><\/div>\n<div id=\"attachment_96999\" style=\"width: 459px\" class=\"wp-caption aligncenter\"><a href=\"https:\/\/i0.wp.com\/www.agrund.com\/wp-content\/uploads\/sites\/6\/2014\/02\/semana-de-moda-de-milao-gucci-inverno-2014-12.jpg\"><img aria-describedby=\"caption-attachment-96999\" data-attachment-id=\"96999\" data-permalink=\"https:\/\/agrund.com\/index.php\/semana-de-moda-de-milao-gucci-inverno-2014\/semana-de-moda-de-milao-gucci-inverno-2014-12\/\" data-orig-file=\"https:\/\/i0.wp.com\/agrund.com\/wp-content\/uploads\/sites\/6\/2014\/02\/semana-de-moda-de-milao-gucci-inverno-2014-12.jpg?fit=449%2C675&amp;ssl=1\" data-orig-size=\"449,675\" data-comments-opened=\"1\" data-image-meta=\"{&quot;aperture&quot;:&quot;8&quot;,&quot;credit&quot;:&quot;&quot;,&quot;camera&quot;:&quot;NIKON D4&quot;,&quot;caption&quot;:&quot;&quot;,&quot;created_timestamp&quot;:&quot;1392823785&quot;,&quot;copyright&quot;:&quot;Photo: Yannis Vlamos \\\/ Indigitalimages.com&quot;,&quot;focal_length&quot;:&quot;400&quot;,&quot;iso&quot;:&quot;1600&quot;,&quot;shutter_speed&quot;:&quot;0.002&quot;,&quot;title&quot;:&quot;&quot;,&quot;orientation&quot;:&quot;0&quot;}\" data-image-title=\"semana-de-moda-de-milao-gucci-inverno-2014 (12)\" data-image-description=\"\" data-image-caption=\"&lt;p&gt;Semana de Moda de Mil\u00e3o :: Gucci Inverno 2014&lt;\/p&gt;\n\" data-medium-file=\"https:\/\/i0.wp.com\/agrund.com\/wp-content\/uploads\/sites\/6\/2014\/02\/semana-de-moda-de-milao-gucci-inverno-2014-12.jpg?fit=200%2C300&amp;ssl=1\" data-large-file=\"https:\/\/i0.wp.com\/agrund.com\/wp-content\/uploads\/sites\/6\/2014\/02\/semana-de-moda-de-milao-gucci-inverno-2014-12.jpg?fit=449%2C675&amp;ssl=1\" decoding=\"async\" loading=\"lazy\" class=\"size-large wp-image-96999\" alt=\"Semana de Moda de Mil\u00e3o :: Gucci Inverno 2014\" src=\"https:\/\/i0.wp.com\/www.agrund.com\/wp-content\/uploads\/sites\/6\/cache\/2014\/02\/semana-de-moda-de-milao-gucci-inverno-2014-12\/2716728281.jpg?resize=449%2C675\" width=\"449\" height=\"675\" data-recalc-dims=\"1\" \/><\/a><p id=\"caption-attachment-96999\" class=\"wp-caption-text\">Semana de Moda de Mil\u00e3o :: Gucci Inverno 2014<\/p><\/div>\n<div id=\"attachment_97000\" style=\"width: 459px\" class=\"wp-caption aligncenter\"><a href=\"https:\/\/i0.wp.com\/www.agrund.com\/wp-content\/uploads\/sites\/6\/2014\/02\/semana-de-moda-de-milao-gucci-inverno-2014-13.jpg\"><img aria-describedby=\"caption-attachment-97000\" data-attachment-id=\"97000\" data-permalink=\"https:\/\/agrund.com\/index.php\/semana-de-moda-de-milao-gucci-inverno-2014\/semana-de-moda-de-milao-gucci-inverno-2014-13\/\" data-orig-file=\"https:\/\/i0.wp.com\/agrund.com\/wp-content\/uploads\/sites\/6\/2014\/02\/semana-de-moda-de-milao-gucci-inverno-2014-13.jpg?fit=449%2C675&amp;ssl=1\" data-orig-size=\"449,675\" data-comments-opened=\"1\" data-image-meta=\"{&quot;aperture&quot;:&quot;8&quot;,&quot;credit&quot;:&quot;&quot;,&quot;camera&quot;:&quot;NIKON D4&quot;,&quot;caption&quot;:&quot;&quot;,&quot;created_timestamp&quot;:&quot;1392823803&quot;,&quot;copyright&quot;:&quot;Photo: Yannis Vlamos \\\/ Indigitalimages.com&quot;,&quot;focal_length&quot;:&quot;400&quot;,&quot;iso&quot;:&quot;1600&quot;,&quot;shutter_speed&quot;:&quot;0.002&quot;,&quot;title&quot;:&quot;&quot;,&quot;orientation&quot;:&quot;0&quot;}\" data-image-title=\"semana-de-moda-de-milao-gucci-inverno-2014 (13)\" data-image-description=\"\" data-image-caption=\"&lt;p&gt;Semana de Moda de Mil\u00e3o :: Gucci Inverno 2014&lt;\/p&gt;\n\" data-medium-file=\"https:\/\/i0.wp.com\/agrund.com\/wp-content\/uploads\/sites\/6\/2014\/02\/semana-de-moda-de-milao-gucci-inverno-2014-13.jpg?fit=200%2C300&amp;ssl=1\" data-large-file=\"https:\/\/i0.wp.com\/agrund.com\/wp-content\/uploads\/sites\/6\/2014\/02\/semana-de-moda-de-milao-gucci-inverno-2014-13.jpg?fit=449%2C675&amp;ssl=1\" decoding=\"async\" loading=\"lazy\" class=\"size-large wp-image-97000\" alt=\"Semana de Moda de Mil\u00e3o :: Gucci Inverno 2014\" src=\"https:\/\/i0.wp.com\/www.agrund.com\/wp-content\/uploads\/sites\/6\/cache\/2014\/02\/semana-de-moda-de-milao-gucci-inverno-2014-13\/1833433927.jpg?resize=449%2C675\" width=\"449\" height=\"675\" data-recalc-dims=\"1\" \/><\/a><p id=\"caption-attachment-97000\" class=\"wp-caption-text\">Semana de Moda de Mil\u00e3o :: Gucci Inverno 2014<\/p><\/div>\n<div id=\"attachment_97001\" style=\"width: 459px\" class=\"wp-caption aligncenter\"><a href=\"https:\/\/i0.wp.com\/www.agrund.com\/wp-content\/uploads\/sites\/6\/2014\/02\/semana-de-moda-de-milao-gucci-inverno-2014-14.jpg\"><img aria-describedby=\"caption-attachment-97001\" data-attachment-id=\"97001\" data-permalink=\"https:\/\/agrund.com\/index.php\/semana-de-moda-de-milao-gucci-inverno-2014\/semana-de-moda-de-milao-gucci-inverno-2014-14\/\" data-orig-file=\"https:\/\/i0.wp.com\/agrund.com\/wp-content\/uploads\/sites\/6\/2014\/02\/semana-de-moda-de-milao-gucci-inverno-2014-14.jpg?fit=449%2C675&amp;ssl=1\" data-orig-size=\"449,675\" data-comments-opened=\"1\" data-image-meta=\"{&quot;aperture&quot;:&quot;8&quot;,&quot;credit&quot;:&quot;&quot;,&quot;camera&quot;:&quot;NIKON D4&quot;,&quot;caption&quot;:&quot;&quot;,&quot;created_timestamp&quot;:&quot;1392823847&quot;,&quot;copyright&quot;:&quot;Photo: Yannis Vlamos \\\/ Indigitalimages.com&quot;,&quot;focal_length&quot;:&quot;330&quot;,&quot;iso&quot;:&quot;1600&quot;,&quot;shutter_speed&quot;:&quot;0.002&quot;,&quot;title&quot;:&quot;&quot;,&quot;orientation&quot;:&quot;0&quot;}\" data-image-title=\"semana-de-moda-de-milao-gucci-inverno-2014 (14)\" data-image-description=\"\" data-image-caption=\"&lt;p&gt;Semana de Moda de Mil\u00e3o :: Gucci Inverno 2014&lt;\/p&gt;\n\" data-medium-file=\"https:\/\/i0.wp.com\/agrund.com\/wp-content\/uploads\/sites\/6\/2014\/02\/semana-de-moda-de-milao-gucci-inverno-2014-14.jpg?fit=200%2C300&amp;ssl=1\" data-large-file=\"https:\/\/i0.wp.com\/agrund.com\/wp-content\/uploads\/sites\/6\/2014\/02\/semana-de-moda-de-milao-gucci-inverno-2014-14.jpg?fit=449%2C675&amp;ssl=1\" decoding=\"async\" loading=\"lazy\" class=\"size-large wp-image-97001\" alt=\"Semana de Moda de Mil\u00e3o :: Gucci Inverno 2014\" src=\"https:\/\/i0.wp.com\/www.agrund.com\/wp-content\/uploads\/sites\/6\/cache\/2014\/02\/semana-de-moda-de-milao-gucci-inverno-2014-14\/1736634974.jpg?resize=449%2C675\" width=\"449\" height=\"675\" data-recalc-dims=\"1\" \/><\/a><p id=\"caption-attachment-97001\" class=\"wp-caption-text\">Semana de Moda de Mil\u00e3o :: Gucci Inverno 2014<\/p><\/div>\n<div id=\"attachment_97002\" style=\"width: 459px\" class=\"wp-caption aligncenter\"><a href=\"https:\/\/i0.wp.com\/www.agrund.com\/wp-content\/uploads\/sites\/6\/2014\/02\/semana-de-moda-de-milao-gucci-inverno-2014-15.jpg\"><img aria-describedby=\"caption-attachment-97002\" data-attachment-id=\"97002\" data-permalink=\"https:\/\/agrund.com\/index.php\/semana-de-moda-de-milao-gucci-inverno-2014\/semana-de-moda-de-milao-gucci-inverno-2014-15\/\" data-orig-file=\"https:\/\/i0.wp.com\/agrund.com\/wp-content\/uploads\/sites\/6\/2014\/02\/semana-de-moda-de-milao-gucci-inverno-2014-15.jpg?fit=449%2C675&amp;ssl=1\" data-orig-size=\"449,675\" data-comments-opened=\"1\" data-image-meta=\"{&quot;aperture&quot;:&quot;7.1&quot;,&quot;credit&quot;:&quot;&quot;,&quot;camera&quot;:&quot;NIKON D4&quot;,&quot;caption&quot;:&quot;&quot;,&quot;created_timestamp&quot;:&quot;1392823909&quot;,&quot;copyright&quot;:&quot;Photo: Yannis Vlamos \\\/ Indigitalimages.com&quot;,&quot;focal_length&quot;:&quot;400&quot;,&quot;iso&quot;:&quot;1600&quot;,&quot;shutter_speed&quot;:&quot;0.002&quot;,&quot;title&quot;:&quot;&quot;,&quot;orientation&quot;:&quot;0&quot;}\" data-image-title=\"semana-de-moda-de-milao-gucci-inverno-2014 (15)\" data-image-description=\"\" data-image-caption=\"&lt;p&gt;Semana de Moda de Mil\u00e3o :: Gucci Inverno 2014&lt;\/p&gt;\n\" data-medium-file=\"https:\/\/i0.wp.com\/agrund.com\/wp-content\/uploads\/sites\/6\/2014\/02\/semana-de-moda-de-milao-gucci-inverno-2014-15.jpg?fit=200%2C300&amp;ssl=1\" data-large-file=\"https:\/\/i0.wp.com\/agrund.com\/wp-content\/uploads\/sites\/6\/2014\/02\/semana-de-moda-de-milao-gucci-inverno-2014-15.jpg?fit=449%2C675&amp;ssl=1\" decoding=\"async\" loading=\"lazy\" class=\"size-large wp-image-97002\" alt=\"Semana de Moda de Mil\u00e3o :: Gucci Inverno 2014\" src=\"https:\/\/i0.wp.com\/www.agrund.com\/wp-content\/uploads\/sites\/6\/cache\/2014\/02\/semana-de-moda-de-milao-gucci-inverno-2014-15\/2871587520.jpg?resize=449%2C675\" width=\"449\" height=\"675\" data-recalc-dims=\"1\" \/><\/a><p id=\"caption-attachment-97002\" class=\"wp-caption-text\">Semana de Moda de Mil\u00e3o :: Gucci Inverno 2014<\/p><\/div>\n<p>Imagens: Reprodu\u00e7\u00e3o.<\/p>\n","protected":false},"excerpt":{"rendered":"<p>Em janeiro passado, o ator e diretor James Franco apresentou em Paris o document\u00e1rio The Director, que traz o trabalho de Frida Giannini por tr\u00e1s do sucesso da marca. Sem pensar duas vezes, ela mergulha mais uma vez nos arquivos da Gucci e traz, para o inverno 2014 na Semana de Moda de Mil\u00e3o, uma [&hellip;]<\/p>\n","protected":false},"author":1,"featured_media":97003,"comment_status":"open","ping_status":"open","sticky":false,"template":"","format":"standard","meta":{"jetpack_post_was_ever_published":false,"_jetpack_newsletter_access":"","jetpack_publicize_message":"","jetpack_is_tweetstorm":false,"jetpack_publicize_feature_enabled":true,"jetpack_social_post_already_shared":true,"jetpack_social_options":{"image_generator_settings":{"template":"highway","enabled":false}}},"categories":[21,2],"tags":[],"jetpack_publicize_connections":[],"jetpack_featured_media_url":"https:\/\/i0.wp.com\/agrund.com\/wp-content\/uploads\/sites\/6\/2014\/02\/slide157.jpg?fit=960%2C300&ssl=1","jetpack_sharing_enabled":true,"jetpack_shortlink":"https:\/\/wp.me\/p3Hz0n-pej","jetpack_likes_enabled":true,"_links":{"self":[{"href":"https:\/\/agrund.com\/index.php\/wp-json\/wp\/v2\/posts\/96987"}],"collection":[{"href":"https:\/\/agrund.com\/index.php\/wp-json\/wp\/v2\/posts"}],"about":[{"href":"https:\/\/agrund.com\/index.php\/wp-json\/wp\/v2\/types\/post"}],"author":[{"embeddable":true,"href":"https:\/\/agrund.com\/index.php\/wp-json\/wp\/v2\/users\/1"}],"replies":[{"embeddable":true,"href":"https:\/\/agrund.com\/index.php\/wp-json\/wp\/v2\/comments?post=96987"}],"version-history":[{"count":0,"href":"https:\/\/agrund.com\/index.php\/wp-json\/wp\/v2\/posts\/96987\/revisions"}],"wp:featuredmedia":[{"embeddable":true,"href":"https:\/\/agrund.com\/index.php\/wp-json\/wp\/v2\/media\/97003"}],"wp:attachment":[{"href":"https:\/\/agrund.com\/index.php\/wp-json\/wp\/v2\/media?parent=96987"}],"wp:term":[{"taxonomy":"category","embeddable":true,"href":"https:\/\/agrund.com\/index.php\/wp-json\/wp\/v2\/categories?post=96987"},{"taxonomy":"post_tag","embeddable":true,"href":"https:\/\/agrund.com\/index.php\/wp-json\/wp\/v2\/tags?post=96987"}],"curies":[{"name":"wp","href":"https:\/\/api.w.org\/{rel}","templated":true}]}}