{"id":96970,"date":"2014-02-19T18:00:36","date_gmt":"2014-02-19T21:00:36","guid":{"rendered":"http:\/\/www.agrund.com\/?p=96970"},"modified":"2014-02-19T15:13:15","modified_gmt":"2014-02-19T18:13:15","slug":"turquia-e-argentina-juntas-saiba-por-que","status":"publish","type":"post","link":"https:\/\/agrund.com\/index.php\/turquia-e-argentina-juntas-saiba-por-que\/","title":{"rendered":"Turquia e Argentina juntas. Saiba por que!"},"content":{"rendered":"<p>A grife argentina Rapsodia, conhecida por seu estilo hype-chic apresenta seu Inverno 2014 cheio de refer\u00eancias \u00e9tnicas. As estilistas da marca Sol Acu\u00f1a e Josefina Helguera buscaram influ\u00eancias da Turquia e com elas os mist\u00e9rios do pa\u00eds por meio de bordados e patchwork, em tecidos estruturados e looks com shapes maximizados. As belas texturas destacam a simplicidade na silhueta e na forma das roupas. Pe\u00e7as us\u00e1veis e bem comerciais. Sem fugir da tend\u00eancia atual, os acess\u00f3rios do Inverno 2014 v\u00eam com uma pegada sport-chic, trazendo op\u00e7\u00f5es de t\u00eanis, mocassins e botas de cano curto e longo. As pe\u00e7as chegam a todas as lojas da marca at\u00e9 o final dessa semana.<\/p>\n<div id=\"attachment_96971\" style=\"width: 560px\" class=\"wp-caption aligncenter\"><a href=\"https:\/\/i0.wp.com\/www.agrund.com\/wp-content\/uploads\/sites\/6\/2014\/02\/turquia-e-argentina-juntas-saiba-por-que-1.jpg\"><img aria-describedby=\"caption-attachment-96971\" data-attachment-id=\"96971\" data-permalink=\"https:\/\/agrund.com\/index.php\/turquia-e-argentina-juntas-saiba-por-que\/turquia-e-argentina-juntas-saiba-por-que-1\/\" data-orig-file=\"https:\/\/i0.wp.com\/agrund.com\/wp-content\/uploads\/sites\/6\/2014\/02\/turquia-e-argentina-juntas-saiba-por-que-1.jpg?fit=550%2C367&amp;ssl=1\" data-orig-size=\"550,367\" data-comments-opened=\"1\" data-image-meta=\"{&quot;aperture&quot;:&quot;0&quot;,&quot;credit&quot;:&quot;&quot;,&quot;camera&quot;:&quot;&quot;,&quot;caption&quot;:&quot;&quot;,&quot;created_timestamp&quot;:&quot;0&quot;,&quot;copyright&quot;:&quot;&quot;,&quot;focal_length&quot;:&quot;0&quot;,&quot;iso&quot;:&quot;0&quot;,&quot;shutter_speed&quot;:&quot;0&quot;,&quot;title&quot;:&quot;&quot;,&quot;orientation&quot;:&quot;0&quot;}\" data-image-title=\"turquia-e-argentina-juntas-saiba-por-que (1)\" data-image-description=\"\" data-image-caption=\"&lt;p&gt;Turquia e Argentina juntas. Saiba por que!&lt;\/p&gt;\n\" data-medium-file=\"https:\/\/i0.wp.com\/agrund.com\/wp-content\/uploads\/sites\/6\/2014\/02\/turquia-e-argentina-juntas-saiba-por-que-1.jpg?fit=300%2C200&amp;ssl=1\" data-large-file=\"https:\/\/i0.wp.com\/agrund.com\/wp-content\/uploads\/sites\/6\/2014\/02\/turquia-e-argentina-juntas-saiba-por-que-1.jpg?fit=550%2C367&amp;ssl=1\" decoding=\"async\" loading=\"lazy\" class=\"size-large wp-image-96971\" alt=\"Turquia e Argentina juntas. Saiba por que!\" src=\"https:\/\/i0.wp.com\/www.agrund.com\/wp-content\/uploads\/sites\/6\/cache\/2014\/02\/turquia-e-argentina-juntas-saiba-por-que-1\/65787560.jpg?resize=550%2C367\" width=\"550\" height=\"367\" data-recalc-dims=\"1\" \/><\/a><p id=\"caption-attachment-96971\" class=\"wp-caption-text\">Turquia e Argentina juntas. Saiba por que!<\/p><\/div>\n<div id=\"attachment_96972\" style=\"width: 560px\" class=\"wp-caption aligncenter\"><a href=\"https:\/\/i0.wp.com\/www.agrund.com\/wp-content\/uploads\/sites\/6\/2014\/02\/turquia-e-argentina-juntas-saiba-por-que-2.jpg\"><img aria-describedby=\"caption-attachment-96972\" data-attachment-id=\"96972\" data-permalink=\"https:\/\/agrund.com\/index.php\/turquia-e-argentina-juntas-saiba-por-que\/turquia-e-argentina-juntas-saiba-por-que-2\/\" data-orig-file=\"https:\/\/i0.wp.com\/agrund.com\/wp-content\/uploads\/sites\/6\/2014\/02\/turquia-e-argentina-juntas-saiba-por-que-2.jpg?fit=550%2C377&amp;ssl=1\" data-orig-size=\"550,377\" data-comments-opened=\"1\" data-image-meta=\"{&quot;aperture&quot;:&quot;0&quot;,&quot;credit&quot;:&quot;&quot;,&quot;camera&quot;:&quot;&quot;,&quot;caption&quot;:&quot;&quot;,&quot;created_timestamp&quot;:&quot;0&quot;,&quot;copyright&quot;:&quot;&quot;,&quot;focal_length&quot;:&quot;0&quot;,&quot;iso&quot;:&quot;0&quot;,&quot;shutter_speed&quot;:&quot;0&quot;,&quot;title&quot;:&quot;&quot;,&quot;orientation&quot;:&quot;0&quot;}\" data-image-title=\"turquia-e-argentina-juntas-saiba-por-que (2)\" data-image-description=\"\" data-image-caption=\"&lt;p&gt;Turquia e Argentina juntas. Saiba por que!&lt;\/p&gt;\n\" data-medium-file=\"https:\/\/i0.wp.com\/agrund.com\/wp-content\/uploads\/sites\/6\/2014\/02\/turquia-e-argentina-juntas-saiba-por-que-2.jpg?fit=300%2C206&amp;ssl=1\" data-large-file=\"https:\/\/i0.wp.com\/agrund.com\/wp-content\/uploads\/sites\/6\/2014\/02\/turquia-e-argentina-juntas-saiba-por-que-2.jpg?fit=550%2C377&amp;ssl=1\" decoding=\"async\" loading=\"lazy\" class=\"size-large wp-image-96972\" alt=\"Turquia e Argentina juntas. Saiba por que!\" src=\"https:\/\/i0.wp.com\/www.agrund.com\/wp-content\/uploads\/sites\/6\/cache\/2014\/02\/turquia-e-argentina-juntas-saiba-por-que-2\/2372194635.jpg?resize=550%2C377\" width=\"550\" height=\"377\" data-recalc-dims=\"1\" \/><\/a><p id=\"caption-attachment-96972\" class=\"wp-caption-text\">Turquia e Argentina juntas. Saiba por que!<\/p><\/div>\n<div id=\"attachment_96973\" style=\"width: 560px\" class=\"wp-caption aligncenter\"><a href=\"https:\/\/i0.wp.com\/www.agrund.com\/wp-content\/uploads\/sites\/6\/2014\/02\/turquia-e-argentina-juntas-saiba-por-que-3.jpg\"><img aria-describedby=\"caption-attachment-96973\" data-attachment-id=\"96973\" data-permalink=\"https:\/\/agrund.com\/index.php\/turquia-e-argentina-juntas-saiba-por-que\/turquia-e-argentina-juntas-saiba-por-que-3\/\" data-orig-file=\"https:\/\/i0.wp.com\/agrund.com\/wp-content\/uploads\/sites\/6\/2014\/02\/turquia-e-argentina-juntas-saiba-por-que-3.jpg?fit=550%2C825&amp;ssl=1\" data-orig-size=\"550,825\" data-comments-opened=\"1\" data-image-meta=\"{&quot;aperture&quot;:&quot;0&quot;,&quot;credit&quot;:&quot;&quot;,&quot;camera&quot;:&quot;&quot;,&quot;caption&quot;:&quot;&quot;,&quot;created_timestamp&quot;:&quot;0&quot;,&quot;copyright&quot;:&quot;&quot;,&quot;focal_length&quot;:&quot;0&quot;,&quot;iso&quot;:&quot;0&quot;,&quot;shutter_speed&quot;:&quot;0&quot;,&quot;title&quot;:&quot;&quot;,&quot;orientation&quot;:&quot;0&quot;}\" data-image-title=\"turquia-e-argentina-juntas-saiba-por-que (3)\" data-image-description=\"\" data-image-caption=\"&lt;p&gt;Turquia e Argentina juntas. Saiba por que!&lt;\/p&gt;\n\" data-medium-file=\"https:\/\/i0.wp.com\/agrund.com\/wp-content\/uploads\/sites\/6\/2014\/02\/turquia-e-argentina-juntas-saiba-por-que-3.jpg?fit=200%2C300&amp;ssl=1\" data-large-file=\"https:\/\/i0.wp.com\/agrund.com\/wp-content\/uploads\/sites\/6\/2014\/02\/turquia-e-argentina-juntas-saiba-por-que-3.jpg?fit=550%2C825&amp;ssl=1\" decoding=\"async\" loading=\"lazy\" class=\"size-large wp-image-96973\" alt=\"Turquia e Argentina juntas. Saiba por que!\" src=\"https:\/\/i0.wp.com\/www.agrund.com\/wp-content\/uploads\/sites\/6\/cache\/2014\/02\/turquia-e-argentina-juntas-saiba-por-que-3\/1104073173.jpg?resize=550%2C825\" width=\"550\" height=\"825\" data-recalc-dims=\"1\" \/><\/a><p id=\"caption-attachment-96973\" class=\"wp-caption-text\">Turquia e Argentina juntas. Saiba por que!<\/p><\/div>\n<div id=\"attachment_96974\" style=\"width: 560px\" class=\"wp-caption aligncenter\"><a href=\"https:\/\/i0.wp.com\/www.agrund.com\/wp-content\/uploads\/sites\/6\/2014\/02\/turquia-e-argentina-juntas-saiba-por-que-4.jpg\"><img aria-describedby=\"caption-attachment-96974\" data-attachment-id=\"96974\" data-permalink=\"https:\/\/agrund.com\/index.php\/turquia-e-argentina-juntas-saiba-por-que\/turquia-e-argentina-juntas-saiba-por-que-4\/\" data-orig-file=\"https:\/\/i0.wp.com\/agrund.com\/wp-content\/uploads\/sites\/6\/2014\/02\/turquia-e-argentina-juntas-saiba-por-que-4.jpg?fit=550%2C825&amp;ssl=1\" data-orig-size=\"550,825\" data-comments-opened=\"1\" data-image-meta=\"{&quot;aperture&quot;:&quot;0&quot;,&quot;credit&quot;:&quot;&quot;,&quot;camera&quot;:&quot;&quot;,&quot;caption&quot;:&quot;&quot;,&quot;created_timestamp&quot;:&quot;0&quot;,&quot;copyright&quot;:&quot;&quot;,&quot;focal_length&quot;:&quot;0&quot;,&quot;iso&quot;:&quot;0&quot;,&quot;shutter_speed&quot;:&quot;0&quot;,&quot;title&quot;:&quot;&quot;,&quot;orientation&quot;:&quot;0&quot;}\" data-image-title=\"turquia-e-argentina-juntas-saiba-por-que (4)\" data-image-description=\"\" data-image-caption=\"&lt;p&gt;Turquia e Argentina juntas. Saiba por que!&lt;\/p&gt;\n\" data-medium-file=\"https:\/\/i0.wp.com\/agrund.com\/wp-content\/uploads\/sites\/6\/2014\/02\/turquia-e-argentina-juntas-saiba-por-que-4.jpg?fit=200%2C300&amp;ssl=1\" data-large-file=\"https:\/\/i0.wp.com\/agrund.com\/wp-content\/uploads\/sites\/6\/2014\/02\/turquia-e-argentina-juntas-saiba-por-que-4.jpg?fit=550%2C825&amp;ssl=1\" decoding=\"async\" loading=\"lazy\" class=\"size-large wp-image-96974\" alt=\"Turquia e Argentina juntas. Saiba por que!\" src=\"https:\/\/i0.wp.com\/www.agrund.com\/wp-content\/uploads\/sites\/6\/cache\/2014\/02\/turquia-e-argentina-juntas-saiba-por-que-4\/1259067596.jpg?resize=550%2C825\" width=\"550\" height=\"825\" data-recalc-dims=\"1\" \/><\/a><p id=\"caption-attachment-96974\" class=\"wp-caption-text\">Turquia e Argentina juntas. Saiba por que!<\/p><\/div>\n<div id=\"attachment_96975\" style=\"width: 560px\" class=\"wp-caption aligncenter\"><a href=\"https:\/\/i0.wp.com\/www.agrund.com\/wp-content\/uploads\/sites\/6\/2014\/02\/turquia-e-argentina-juntas-saiba-por-que-5.jpg\"><img aria-describedby=\"caption-attachment-96975\" data-attachment-id=\"96975\" data-permalink=\"https:\/\/agrund.com\/index.php\/turquia-e-argentina-juntas-saiba-por-que\/turquia-e-argentina-juntas-saiba-por-que-5\/\" data-orig-file=\"https:\/\/i0.wp.com\/agrund.com\/wp-content\/uploads\/sites\/6\/2014\/02\/turquia-e-argentina-juntas-saiba-por-que-5.jpg?fit=550%2C825&amp;ssl=1\" data-orig-size=\"550,825\" data-comments-opened=\"1\" data-image-meta=\"{&quot;aperture&quot;:&quot;0&quot;,&quot;credit&quot;:&quot;&quot;,&quot;camera&quot;:&quot;&quot;,&quot;caption&quot;:&quot;&quot;,&quot;created_timestamp&quot;:&quot;0&quot;,&quot;copyright&quot;:&quot;&quot;,&quot;focal_length&quot;:&quot;0&quot;,&quot;iso&quot;:&quot;0&quot;,&quot;shutter_speed&quot;:&quot;0&quot;,&quot;title&quot;:&quot;&quot;,&quot;orientation&quot;:&quot;0&quot;}\" data-image-title=\"turquia-e-argentina-juntas-saiba-por-que (5)\" data-image-description=\"\" data-image-caption=\"&lt;p&gt;Turquia e Argentina juntas. Saiba por que!&lt;\/p&gt;\n\" data-medium-file=\"https:\/\/i0.wp.com\/agrund.com\/wp-content\/uploads\/sites\/6\/2014\/02\/turquia-e-argentina-juntas-saiba-por-que-5.jpg?fit=200%2C300&amp;ssl=1\" data-large-file=\"https:\/\/i0.wp.com\/agrund.com\/wp-content\/uploads\/sites\/6\/2014\/02\/turquia-e-argentina-juntas-saiba-por-que-5.jpg?fit=550%2C825&amp;ssl=1\" decoding=\"async\" loading=\"lazy\" class=\"size-large wp-image-96975\" alt=\"Turquia e Argentina juntas. Saiba por que!\" src=\"https:\/\/i0.wp.com\/www.agrund.com\/wp-content\/uploads\/sites\/6\/cache\/2014\/02\/turquia-e-argentina-juntas-saiba-por-que-5\/2275530834.jpg?resize=550%2C825\" width=\"550\" height=\"825\" data-recalc-dims=\"1\" \/><\/a><p id=\"caption-attachment-96975\" class=\"wp-caption-text\">Turquia e Argentina juntas. Saiba por que!<\/p><\/div>\n<div id=\"attachment_96976\" style=\"width: 560px\" class=\"wp-caption aligncenter\"><a href=\"https:\/\/i0.wp.com\/www.agrund.com\/wp-content\/uploads\/sites\/6\/2014\/02\/turquia-e-argentina-juntas-saiba-por-que-6.jpg\"><img aria-describedby=\"caption-attachment-96976\" data-attachment-id=\"96976\" data-permalink=\"https:\/\/agrund.com\/index.php\/turquia-e-argentina-juntas-saiba-por-que\/turquia-e-argentina-juntas-saiba-por-que-6\/\" data-orig-file=\"https:\/\/i0.wp.com\/agrund.com\/wp-content\/uploads\/sites\/6\/2014\/02\/turquia-e-argentina-juntas-saiba-por-que-6.jpg?fit=550%2C825&amp;ssl=1\" data-orig-size=\"550,825\" data-comments-opened=\"1\" data-image-meta=\"{&quot;aperture&quot;:&quot;0&quot;,&quot;credit&quot;:&quot;&quot;,&quot;camera&quot;:&quot;&quot;,&quot;caption&quot;:&quot;&quot;,&quot;created_timestamp&quot;:&quot;0&quot;,&quot;copyright&quot;:&quot;&quot;,&quot;focal_length&quot;:&quot;0&quot;,&quot;iso&quot;:&quot;0&quot;,&quot;shutter_speed&quot;:&quot;0&quot;,&quot;title&quot;:&quot;&quot;,&quot;orientation&quot;:&quot;0&quot;}\" data-image-title=\"turquia-e-argentina-juntas-saiba-por-que (6)\" data-image-description=\"\" data-image-caption=\"&lt;p&gt;Turquia e Argentina juntas. Saiba por que!&lt;\/p&gt;\n\" data-medium-file=\"https:\/\/i0.wp.com\/agrund.com\/wp-content\/uploads\/sites\/6\/2014\/02\/turquia-e-argentina-juntas-saiba-por-que-6.jpg?fit=200%2C300&amp;ssl=1\" data-large-file=\"https:\/\/i0.wp.com\/agrund.com\/wp-content\/uploads\/sites\/6\/2014\/02\/turquia-e-argentina-juntas-saiba-por-que-6.jpg?fit=550%2C825&amp;ssl=1\" decoding=\"async\" loading=\"lazy\" class=\"size-large wp-image-96976\" alt=\"Turquia e Argentina juntas. Saiba por que!\" src=\"https:\/\/i0.wp.com\/www.agrund.com\/wp-content\/uploads\/sites\/6\/cache\/2014\/02\/turquia-e-argentina-juntas-saiba-por-que-6\/154066865.jpg?resize=550%2C825\" width=\"550\" height=\"825\" data-recalc-dims=\"1\" \/><\/a><p id=\"caption-attachment-96976\" class=\"wp-caption-text\">Turquia e Argentina juntas. Saiba por que!<\/p><\/div>\n<p>Servi\u00e7o:<br \/>\nS\u00e3o Paulo &#8211; Shopping Higien\u00f3polis Tel: (11) 3823-2375 \/ Shopping Market Place Tel: (11) 5181-0934 \/ JK Iguatemi Tel: (11) 3152-6238<br \/>\nPorto Alegre &#8211; Iguatemi Tel: (51) 3085-9325<\/p>\n<p>Imagens: Divulga\u00e7\u00e3o.<\/p>\n","protected":false},"excerpt":{"rendered":"<p>A grife argentina Rapsodia, conhecida por seu estilo hype-chic apresenta seu Inverno 2014 cheio de refer\u00eancias \u00e9tnicas. As estilistas da marca Sol Acu\u00f1a e Josefina Helguera buscaram influ\u00eancias da Turquia e com elas os mist\u00e9rios do pa\u00eds por meio de bordados e patchwork, em tecidos estruturados e looks com shapes maximizados. As belas texturas destacam [&hellip;]<\/p>\n","protected":false},"author":1,"featured_media":96977,"comment_status":"open","ping_status":"open","sticky":false,"template":"","format":"standard","meta":{"jetpack_post_was_ever_published":false,"_jetpack_newsletter_access":"","jetpack_publicize_message":"","jetpack_is_tweetstorm":false,"jetpack_publicize_feature_enabled":true,"jetpack_social_post_already_shared":true,"jetpack_social_options":{"image_generator_settings":{"template":"highway","enabled":false}}},"categories":[2],"tags":[],"jetpack_publicize_connections":[],"jetpack_featured_media_url":"https:\/\/i0.wp.com\/agrund.com\/wp-content\/uploads\/sites\/6\/2014\/02\/sliderap.jpg?fit=960%2C300&ssl=1","jetpack_sharing_enabled":true,"jetpack_shortlink":"https:\/\/wp.me\/p3Hz0n-pe2","jetpack_likes_enabled":true,"_links":{"self":[{"href":"https:\/\/agrund.com\/index.php\/wp-json\/wp\/v2\/posts\/96970"}],"collection":[{"href":"https:\/\/agrund.com\/index.php\/wp-json\/wp\/v2\/posts"}],"about":[{"href":"https:\/\/agrund.com\/index.php\/wp-json\/wp\/v2\/types\/post"}],"author":[{"embeddable":true,"href":"https:\/\/agrund.com\/index.php\/wp-json\/wp\/v2\/users\/1"}],"replies":[{"embeddable":true,"href":"https:\/\/agrund.com\/index.php\/wp-json\/wp\/v2\/comments?post=96970"}],"version-history":[{"count":0,"href":"https:\/\/agrund.com\/index.php\/wp-json\/wp\/v2\/posts\/96970\/revisions"}],"wp:featuredmedia":[{"embeddable":true,"href":"https:\/\/agrund.com\/index.php\/wp-json\/wp\/v2\/media\/96977"}],"wp:attachment":[{"href":"https:\/\/agrund.com\/index.php\/wp-json\/wp\/v2\/media?parent=96970"}],"wp:term":[{"taxonomy":"category","embeddable":true,"href":"https:\/\/agrund.com\/index.php\/wp-json\/wp\/v2\/categories?post=96970"},{"taxonomy":"post_tag","embeddable":true,"href":"https:\/\/agrund.com\/index.php\/wp-json\/wp\/v2\/tags?post=96970"}],"curies":[{"name":"wp","href":"https:\/\/api.w.org\/{rel}","templated":true}]}}