{"id":96966,"date":"2014-02-19T17:00:10","date_gmt":"2014-02-19T20:00:10","guid":{"rendered":"http:\/\/www.agrund.com\/?p=96966"},"modified":"2014-02-19T15:09:25","modified_gmt":"2014-02-19T18:09:25","slug":"yves-saint-laurent-reedita-seu-iconico-touche-eclat","status":"publish","type":"post","link":"https:\/\/agrund.com\/index.php\/yves-saint-laurent-reedita-seu-iconico-touche-eclat\/","title":{"rendered":"Yves Saint Laurent reedita seu ic\u00f4nico &#8220;Touche \u00c9clat&#8221;"},"content":{"rendered":"<p>A Yves Saint Laurent acaba de anunciar uma edi\u00e7\u00e3o limitada do ic\u00f4nico corretivo &#8220;Touche \u00c9clat&#8221;. O corretivo, que \u00e9 um dos mais poderosos quando o assunto \u00e9 diminuir as olheiras e ao mesmo tempo iluminar a regi\u00e3o dos olhos, agora ganha a vers\u00e3o &#8220;Wild Edition&#8221; e uma nova embalagem com estampa de leopardo.<br \/>\nPara a campanha, a grife convocou as tops e melhores amigas Cara Delevingne e Jourdan Dunn, que no v\u00eddeo maquiam uma a outra ao som de &#8220;Tainted Love&#8221;.<\/p>\n<p>O produto chega ao e-commerce da YSL Beauty no m\u00eas de abril, mas ainda n\u00e3o h\u00e1 previs\u00e3o para desembarcar no Brasil.<\/p>\n<p><span class=\"embed-youtube\" style=\"text-align:center; display: block;\"><iframe loading=\"lazy\" class=\"youtube-player\" width=\"640\" height=\"360\" src=\"https:\/\/www.youtube.com\/embed\/U3cfkt9TYrs?version=3&#038;rel=1&#038;showsearch=0&#038;showinfo=1&#038;iv_load_policy=1&#038;fs=1&#038;hl=pt-BR&#038;autohide=2&#038;wmode=transparent\" allowfullscreen=\"true\" style=\"border:0;\" sandbox=\"allow-scripts allow-same-origin allow-popups allow-presentation\"><\/iframe><\/span><\/p>\n<div id=\"attachment_96967\" style=\"width: 560px\" class=\"wp-caption aligncenter\"><a href=\"https:\/\/i0.wp.com\/www.agrund.com\/wp-content\/uploads\/sites\/6\/2014\/02\/yves-saint-laurent-reedita-seu-iconico-touche-eclat.jpg\"><img aria-describedby=\"caption-attachment-96967\" data-attachment-id=\"96967\" data-permalink=\"https:\/\/agrund.com\/index.php\/yves-saint-laurent-reedita-seu-iconico-touche-eclat\/yves-saint-laurent-reedita-seu-iconico-touche-eclat\/\" data-orig-file=\"https:\/\/i0.wp.com\/agrund.com\/wp-content\/uploads\/sites\/6\/2014\/02\/yves-saint-laurent-reedita-seu-iconico-touche-eclat.jpg?fit=550%2C346&amp;ssl=1\" data-orig-size=\"550,346\" data-comments-opened=\"1\" data-image-meta=\"{&quot;aperture&quot;:&quot;0&quot;,&quot;credit&quot;:&quot;&quot;,&quot;camera&quot;:&quot;&quot;,&quot;caption&quot;:&quot;&quot;,&quot;created_timestamp&quot;:&quot;0&quot;,&quot;copyright&quot;:&quot;&quot;,&quot;focal_length&quot;:&quot;0&quot;,&quot;iso&quot;:&quot;0&quot;,&quot;shutter_speed&quot;:&quot;0&quot;,&quot;title&quot;:&quot;&quot;,&quot;orientation&quot;:&quot;0&quot;}\" data-image-title=\"yves-saint-laurent-reedita-seu-iconico-touche-eclat\" data-image-description=\"\" data-image-caption=\"&lt;p&gt;Yves Saint Laurent reedita seu ic\u00f4nico &#8220;Touche \u00c9clat&#8221;&lt;\/p&gt;\n\" data-medium-file=\"https:\/\/i0.wp.com\/agrund.com\/wp-content\/uploads\/sites\/6\/2014\/02\/yves-saint-laurent-reedita-seu-iconico-touche-eclat.jpg?fit=300%2C189&amp;ssl=1\" data-large-file=\"https:\/\/i0.wp.com\/agrund.com\/wp-content\/uploads\/sites\/6\/2014\/02\/yves-saint-laurent-reedita-seu-iconico-touche-eclat.jpg?fit=550%2C346&amp;ssl=1\" decoding=\"async\" loading=\"lazy\" class=\"size-large wp-image-96967\" alt=\"Yves Saint Laurent reedita seu ic\u00f4nico &quot;Touche \u00c9clat&quot;\" src=\"https:\/\/i0.wp.com\/www.agrund.com\/wp-content\/uploads\/sites\/6\/cache\/2014\/02\/yves-saint-laurent-reedita-seu-iconico-touche-eclat\/1335555529.jpg?resize=550%2C346\" width=\"550\" height=\"346\" data-recalc-dims=\"1\" \/><\/a><p id=\"caption-attachment-96967\" class=\"wp-caption-text\">Yves Saint Laurent reedita seu ic\u00f4nico &#8220;Touche \u00c9clat&#8221;<\/p><\/div>\n<p>Imagem e V\u00eddeo: Reprodu\u00e7\u00e3o.<\/p>\n","protected":false},"excerpt":{"rendered":"<p>A Yves Saint Laurent acaba de anunciar uma edi\u00e7\u00e3o limitada do ic\u00f4nico corretivo &#8220;Touche \u00c9clat&#8221;. O corretivo, que \u00e9 um dos mais poderosos quando o assunto \u00e9 diminuir as olheiras e ao mesmo tempo iluminar a regi\u00e3o dos olhos, agora ganha a vers\u00e3o &#8220;Wild Edition&#8221; e uma nova embalagem com estampa de leopardo. Para a [&hellip;]<\/p>\n","protected":false},"author":1,"featured_media":96968,"comment_status":"open","ping_status":"open","sticky":false,"template":"","format":"standard","meta":{"jetpack_post_was_ever_published":false,"_jetpack_newsletter_access":"","jetpack_publicize_message":"","jetpack_is_tweetstorm":false,"jetpack_publicize_feature_enabled":true,"jetpack_social_post_already_shared":true,"jetpack_social_options":{"image_generator_settings":{"template":"highway","enabled":false}}},"categories":[2],"tags":[],"jetpack_publicize_connections":[],"jetpack_featured_media_url":"https:\/\/i0.wp.com\/agrund.com\/wp-content\/uploads\/sites\/6\/2014\/02\/slide155.jpg?fit=960%2C300&ssl=1","jetpack_sharing_enabled":true,"jetpack_shortlink":"https:\/\/wp.me\/p3Hz0n-pdY","jetpack_likes_enabled":true,"_links":{"self":[{"href":"https:\/\/agrund.com\/index.php\/wp-json\/wp\/v2\/posts\/96966"}],"collection":[{"href":"https:\/\/agrund.com\/index.php\/wp-json\/wp\/v2\/posts"}],"about":[{"href":"https:\/\/agrund.com\/index.php\/wp-json\/wp\/v2\/types\/post"}],"author":[{"embeddable":true,"href":"https:\/\/agrund.com\/index.php\/wp-json\/wp\/v2\/users\/1"}],"replies":[{"embeddable":true,"href":"https:\/\/agrund.com\/index.php\/wp-json\/wp\/v2\/comments?post=96966"}],"version-history":[{"count":0,"href":"https:\/\/agrund.com\/index.php\/wp-json\/wp\/v2\/posts\/96966\/revisions"}],"wp:featuredmedia":[{"embeddable":true,"href":"https:\/\/agrund.com\/index.php\/wp-json\/wp\/v2\/media\/96968"}],"wp:attachment":[{"href":"https:\/\/agrund.com\/index.php\/wp-json\/wp\/v2\/media?parent=96966"}],"wp:term":[{"taxonomy":"category","embeddable":true,"href":"https:\/\/agrund.com\/index.php\/wp-json\/wp\/v2\/categories?post=96966"},{"taxonomy":"post_tag","embeddable":true,"href":"https:\/\/agrund.com\/index.php\/wp-json\/wp\/v2\/tags?post=96966"}],"curies":[{"name":"wp","href":"https:\/\/api.w.org\/{rel}","templated":true}]}}