{"id":96909,"date":"2014-02-19T12:00:49","date_gmt":"2014-02-19T15:00:49","guid":{"rendered":"http:\/\/www.agrund.com\/?p=96909"},"modified":"2014-02-19T09:53:09","modified_gmt":"2014-02-19T12:53:09","slug":"o-coletivo-blum-apresenta-seu-pre-carnaval","status":"publish","type":"post","link":"https:\/\/agrund.com\/index.php\/o-coletivo-blum-apresenta-seu-pre-carnaval\/","title":{"rendered":"O Coletivo BLUM apresenta  seu  Pr\u00e9-Carnaval"},"content":{"rendered":"<p>Um Circo fant\u00e1stico, onde toda a inspira\u00e7\u00e3o e magia teatral reinar\u00e3o sobre nossas mentes. Ser\u00e1 um festival de cores e alegria, com muita dan\u00e7a, luz e artistas de rua para dentro da festa. Confira!<\/p>\n<p>Performances no Polidance:<br \/>\nAlan Quinquinel, Patr\u00edcia P\u00e9tis Flor e Gabriela Pyles<\/p>\n<p>Dan\u00e7a Contempor\u00e2nea e Express\u00e3o Corporal:<br \/>\nForest &#8211; Elfas Da Luz<\/p>\n<p>Sarau Maluco:<br \/>\nLeo Hare e Lucas Marcilio<\/p>\n<p>Palha\u00e7os, Malabaristas e Piorofagia:<br \/>\nThiago Larrubia e Belina Bartolina<\/p>\n<p>Pinturas Transcendentais \u2013 Facial e Corporal:<br \/>\nShiva Murah<\/p>\n<p>Exposi\u00e7\u00e3o Freak Show Toy:<br \/>\nCMSL<br \/>\nNa exposi\u00e7\u00e3o haver\u00e1 recolhimento de pilhas e baterias usadas.<br \/>\nVamos colaborar com o meio ambiente!<\/p>\n<p>Line up:<br \/>\nJo\u00e3o Laion &#8211; (Batbacumba)<br \/>\nDj Maddox<br \/>\nPiero Chiaretti (Voodoohop)<br \/>\nLucas Van (Residente\/GOZA)<br \/>\nRicardo Venturini &#8211; Madruga (Kandongh\u00ea)<br \/>\nVJ KOBLITZ<\/p>\n<p>Abertura da casa: 21hs<\/p>\n<p>Valores:<br \/>\nR$20,00 fantasiado antes da 01:00h<br \/>\nR$30,00 sem fantasia e\/ou com fantasia depois da 01:00<br \/>\nBike Free at\u00e9 a 01:00h (enviar nome completo, rg, cor e modelo da bike para o e-<\/p>\n<p>Onde<br \/>\nRua Dom Jos\u00e9 de Barros, 337 \u2013 Centro \u2013 SP<br \/>\n(11) 3337-5750<\/p>\n<div id=\"attachment_96910\" style=\"width: 560px\" class=\"wp-caption aligncenter\"><a href=\"https:\/\/i0.wp.com\/www.agrund.com\/wp-content\/uploads\/sites\/6\/2014\/02\/o-coletivo-blum-apresenta-seu-pre-carnaval.jpg\"><img aria-describedby=\"caption-attachment-96910\" data-attachment-id=\"96910\" data-permalink=\"https:\/\/agrund.com\/index.php\/o-coletivo-blum-apresenta-seu-pre-carnaval\/o-coletivo-blum-apresenta-seu-pre-carnaval\/\" data-orig-file=\"https:\/\/i0.wp.com\/agrund.com\/wp-content\/uploads\/sites\/6\/2014\/02\/o-coletivo-blum-apresenta-seu-pre-carnaval.jpg?fit=550%2C355&amp;ssl=1\" data-orig-size=\"550,355\" data-comments-opened=\"1\" data-image-meta=\"{&quot;aperture&quot;:&quot;0&quot;,&quot;credit&quot;:&quot;&quot;,&quot;camera&quot;:&quot;&quot;,&quot;caption&quot;:&quot;&quot;,&quot;created_timestamp&quot;:&quot;0&quot;,&quot;copyright&quot;:&quot;&quot;,&quot;focal_length&quot;:&quot;0&quot;,&quot;iso&quot;:&quot;0&quot;,&quot;shutter_speed&quot;:&quot;0&quot;,&quot;title&quot;:&quot;&quot;,&quot;orientation&quot;:&quot;0&quot;}\" data-image-title=\"o-coletivo-blum-apresenta-seu-pre-carnaval\" data-image-description=\"\" data-image-caption=\"&lt;p&gt;O Coletivo BLUM apresenta  seu  Pr\u00e9-Carnaval&lt;\/p&gt;\n\" data-medium-file=\"https:\/\/i0.wp.com\/agrund.com\/wp-content\/uploads\/sites\/6\/2014\/02\/o-coletivo-blum-apresenta-seu-pre-carnaval.jpg?fit=300%2C194&amp;ssl=1\" data-large-file=\"https:\/\/i0.wp.com\/agrund.com\/wp-content\/uploads\/sites\/6\/2014\/02\/o-coletivo-blum-apresenta-seu-pre-carnaval.jpg?fit=550%2C355&amp;ssl=1\" decoding=\"async\" loading=\"lazy\" class=\"size-large wp-image-96910\" alt=\"O Coletivo BLUM apresenta  seu  Pr\u00e9-Carnaval\" src=\"https:\/\/i0.wp.com\/www.agrund.com\/wp-content\/uploads\/sites\/6\/cache\/2014\/02\/o-coletivo-blum-apresenta-seu-pre-carnaval\/4153057806.jpg?resize=550%2C355\" width=\"550\" height=\"355\" data-recalc-dims=\"1\" \/><\/a><p id=\"caption-attachment-96910\" class=\"wp-caption-text\">O Coletivo BLUM apresenta seu Pr\u00e9-Carnaval<\/p><\/div>\n<p>Imagem: Divulga\u00e7\u00e3o.<\/p>\n","protected":false},"excerpt":{"rendered":"<p>Um Circo fant\u00e1stico, onde toda a inspira\u00e7\u00e3o e magia teatral reinar\u00e3o sobre nossas mentes. Ser\u00e1 um festival de cores e alegria, com muita dan\u00e7a, luz e artistas de rua para dentro da festa. Confira! Performances no Polidance: Alan Quinquinel, Patr\u00edcia P\u00e9tis Flor e Gabriela Pyles Dan\u00e7a Contempor\u00e2nea e Express\u00e3o Corporal: Forest &#8211; Elfas Da Luz [&hellip;]<\/p>\n","protected":false},"author":1,"featured_media":96911,"comment_status":"open","ping_status":"open","sticky":false,"template":"","format":"standard","meta":{"jetpack_post_was_ever_published":false,"_jetpack_newsletter_access":"","jetpack_publicize_message":"","jetpack_is_tweetstorm":false,"jetpack_publicize_feature_enabled":true,"jetpack_social_post_already_shared":true,"jetpack_social_options":{"image_generator_settings":{"template":"highway","enabled":false}}},"categories":[2],"tags":[],"jetpack_publicize_connections":[],"jetpack_featured_media_url":"https:\/\/i0.wp.com\/agrund.com\/wp-content\/uploads\/sites\/6\/2014\/02\/slide149.jpg?fit=960%2C300&ssl=1","jetpack_sharing_enabled":true,"jetpack_shortlink":"https:\/\/wp.me\/p3Hz0n-pd3","jetpack_likes_enabled":true,"_links":{"self":[{"href":"https:\/\/agrund.com\/index.php\/wp-json\/wp\/v2\/posts\/96909"}],"collection":[{"href":"https:\/\/agrund.com\/index.php\/wp-json\/wp\/v2\/posts"}],"about":[{"href":"https:\/\/agrund.com\/index.php\/wp-json\/wp\/v2\/types\/post"}],"author":[{"embeddable":true,"href":"https:\/\/agrund.com\/index.php\/wp-json\/wp\/v2\/users\/1"}],"replies":[{"embeddable":true,"href":"https:\/\/agrund.com\/index.php\/wp-json\/wp\/v2\/comments?post=96909"}],"version-history":[{"count":0,"href":"https:\/\/agrund.com\/index.php\/wp-json\/wp\/v2\/posts\/96909\/revisions"}],"wp:featuredmedia":[{"embeddable":true,"href":"https:\/\/agrund.com\/index.php\/wp-json\/wp\/v2\/media\/96911"}],"wp:attachment":[{"href":"https:\/\/agrund.com\/index.php\/wp-json\/wp\/v2\/media?parent=96909"}],"wp:term":[{"taxonomy":"category","embeddable":true,"href":"https:\/\/agrund.com\/index.php\/wp-json\/wp\/v2\/categories?post=96909"},{"taxonomy":"post_tag","embeddable":true,"href":"https:\/\/agrund.com\/index.php\/wp-json\/wp\/v2\/tags?post=96909"}],"curies":[{"name":"wp","href":"https:\/\/api.w.org\/{rel}","templated":true}]}}