{"id":96905,"date":"2014-02-19T11:00:03","date_gmt":"2014-02-19T14:00:03","guid":{"rendered":"http:\/\/www.agrund.com\/?p=96905"},"modified":"2014-02-19T09:47:41","modified_gmt":"2014-02-19T12:47:41","slug":"meadham-kirchhoff-divulga-sua-nova-fragrancia","status":"publish","type":"post","link":"https:\/\/agrund.com\/index.php\/meadham-kirchhoff-divulga-sua-nova-fragrancia\/","title":{"rendered":"Meadham Kirchhoff divulga sua nova fragr\u00e2ncia"},"content":{"rendered":"<p>Ontem (18) aconteceu o desfile inverno 2015 da Meadham Kirchhoff na Semana de Moda de Londres e a grife aproveitou para anunciar sua nova fragr\u00e2ncia, Tralala. Os convidados da primeira fila ganharam o novo perfume, que \u00e9 resultado de uma parceria com a casa de fragr\u00e2ncias brit\u00e2nica Penhaligon.<br \/>\nSeu aroma \u00e9 composto por uma base de cedro, patchouli, baunilha, mirra, alm\u00edscar, veltiver e heliotropium, tudo em uma linda embalagem. O lan\u00e7amento oficial est\u00e1 previsto para o m\u00eas de abril.<\/p>\n<p>&nbsp;<\/p>\n<div id=\"attachment_96906\" style=\"width: 560px\" class=\"wp-caption aligncenter\"><a href=\"https:\/\/i0.wp.com\/www.agrund.com\/wp-content\/uploads\/sites\/6\/2014\/02\/meadham-kirchhoff-divulga-sua-nova-fragrancia.jpg\"><img aria-describedby=\"caption-attachment-96906\" data-attachment-id=\"96906\" data-permalink=\"https:\/\/agrund.com\/index.php\/meadham-kirchhoff-divulga-sua-nova-fragrancia\/meadham-kirchhoff-divulga-sua-nova-fragrancia\/\" data-orig-file=\"https:\/\/i0.wp.com\/agrund.com\/wp-content\/uploads\/sites\/6\/2014\/02\/meadham-kirchhoff-divulga-sua-nova-fragrancia.jpg?fit=550%2C393&amp;ssl=1\" data-orig-size=\"550,393\" data-comments-opened=\"1\" data-image-meta=\"{&quot;aperture&quot;:&quot;0&quot;,&quot;credit&quot;:&quot;&quot;,&quot;camera&quot;:&quot;&quot;,&quot;caption&quot;:&quot;&quot;,&quot;created_timestamp&quot;:&quot;0&quot;,&quot;copyright&quot;:&quot;&quot;,&quot;focal_length&quot;:&quot;0&quot;,&quot;iso&quot;:&quot;0&quot;,&quot;shutter_speed&quot;:&quot;0&quot;,&quot;title&quot;:&quot;&quot;,&quot;orientation&quot;:&quot;0&quot;}\" data-image-title=\"meadham-kirchhoff-divulga-sua-nova-fragrancia\" data-image-description=\"\" data-image-caption=\"&lt;p&gt;Meadham Kirchhoff divulga sua nova fragr\u00e2ncia&lt;\/p&gt;\n\" data-medium-file=\"https:\/\/i0.wp.com\/agrund.com\/wp-content\/uploads\/sites\/6\/2014\/02\/meadham-kirchhoff-divulga-sua-nova-fragrancia.jpg?fit=300%2C214&amp;ssl=1\" data-large-file=\"https:\/\/i0.wp.com\/agrund.com\/wp-content\/uploads\/sites\/6\/2014\/02\/meadham-kirchhoff-divulga-sua-nova-fragrancia.jpg?fit=550%2C393&amp;ssl=1\" decoding=\"async\" loading=\"lazy\" class=\"size-large wp-image-96906\" alt=\"Meadham Kirchhoff divulga sua nova fragr\u00e2ncia\" src=\"https:\/\/i0.wp.com\/www.agrund.com\/wp-content\/uploads\/sites\/6\/cache\/2014\/02\/meadham-kirchhoff-divulga-sua-nova-fragrancia\/2590369225.jpg?resize=550%2C393\" width=\"550\" height=\"393\" data-recalc-dims=\"1\" \/><\/a><p id=\"caption-attachment-96906\" class=\"wp-caption-text\">Meadham Kirchhoff divulga sua nova fragr\u00e2ncia<\/p><\/div>\n<p>Imagem: Reprodu\u00e7\u00e3o.<\/p>\n","protected":false},"excerpt":{"rendered":"<p>Ontem (18) aconteceu o desfile inverno 2015 da Meadham Kirchhoff na Semana de Moda de Londres e a grife aproveitou para anunciar sua nova fragr\u00e2ncia, Tralala. Os convidados da primeira fila ganharam o novo perfume, que \u00e9 resultado de uma parceria com a casa de fragr\u00e2ncias brit\u00e2nica Penhaligon. Seu aroma \u00e9 composto por uma base [&hellip;]<\/p>\n","protected":false},"author":1,"featured_media":96907,"comment_status":"open","ping_status":"open","sticky":false,"template":"","format":"standard","meta":{"jetpack_post_was_ever_published":false,"_jetpack_newsletter_access":"","jetpack_publicize_message":"","jetpack_is_tweetstorm":false,"jetpack_publicize_feature_enabled":true,"jetpack_social_post_already_shared":true,"jetpack_social_options":{"image_generator_settings":{"template":"highway","enabled":false}}},"categories":[2],"tags":[],"jetpack_publicize_connections":[],"jetpack_featured_media_url":"https:\/\/i0.wp.com\/agrund.com\/wp-content\/uploads\/sites\/6\/2014\/02\/slide148.jpg?fit=960%2C300&ssl=1","jetpack_sharing_enabled":true,"jetpack_shortlink":"https:\/\/wp.me\/p3Hz0n-pcZ","jetpack_likes_enabled":true,"_links":{"self":[{"href":"https:\/\/agrund.com\/index.php\/wp-json\/wp\/v2\/posts\/96905"}],"collection":[{"href":"https:\/\/agrund.com\/index.php\/wp-json\/wp\/v2\/posts"}],"about":[{"href":"https:\/\/agrund.com\/index.php\/wp-json\/wp\/v2\/types\/post"}],"author":[{"embeddable":true,"href":"https:\/\/agrund.com\/index.php\/wp-json\/wp\/v2\/users\/1"}],"replies":[{"embeddable":true,"href":"https:\/\/agrund.com\/index.php\/wp-json\/wp\/v2\/comments?post=96905"}],"version-history":[{"count":0,"href":"https:\/\/agrund.com\/index.php\/wp-json\/wp\/v2\/posts\/96905\/revisions"}],"wp:featuredmedia":[{"embeddable":true,"href":"https:\/\/agrund.com\/index.php\/wp-json\/wp\/v2\/media\/96907"}],"wp:attachment":[{"href":"https:\/\/agrund.com\/index.php\/wp-json\/wp\/v2\/media?parent=96905"}],"wp:term":[{"taxonomy":"category","embeddable":true,"href":"https:\/\/agrund.com\/index.php\/wp-json\/wp\/v2\/categories?post=96905"},{"taxonomy":"post_tag","embeddable":true,"href":"https:\/\/agrund.com\/index.php\/wp-json\/wp\/v2\/tags?post=96905"}],"curies":[{"name":"wp","href":"https:\/\/api.w.org\/{rel}","templated":true}]}}