{"id":96901,"date":"2014-02-19T10:00:38","date_gmt":"2014-02-19T13:00:38","guid":{"rendered":"http:\/\/www.agrund.com\/?p=96901"},"modified":"2014-02-19T09:45:53","modified_gmt":"2014-02-19T12:45:53","slug":"slow-art-intervention-a-magia-de-miro-desenhos-e-gravuras","status":"publish","type":"post","link":"https:\/\/agrund.com\/index.php\/slow-art-intervention-a-magia-de-miro-desenhos-e-gravuras\/","title":{"rendered":"Slow Art Intervention :: \u201cA Magia de Mir\u00f3 \u2013 Desenhos e Gravuras\u201d"},"content":{"rendered":"<p>Projeto leva para a rua document\u00e1rio sobre o artista, al\u00e9m de m\u00fasica e gastronomia<\/p>\n<p>No pr\u00f3ximo s\u00e1bado (22) acontecer\u00e1 a primeira a\u00e7\u00e3o do Slow Art Intervention com a exibi\u00e7\u00e3o do document\u00e1rio \u201cMir\u00f3 @ Tate Modern\u201d, na pra\u00e7a em frente \u00e0 Caixa Cultural. Na mesma data tamb\u00e9m haver\u00e1 a inaugura\u00e7\u00e3o da exposi\u00e7\u00e3o \u201cA Magia de Mir\u00f3 \u2013 Desenhos e Gravuras\u201d. Al\u00e9m do filme, o Slow Art Intervention conta com apresenta\u00e7\u00e3o musical e gastronomia. Segundo Tatiana Weberman, idealizadora do evento ao lado de Chiara Battistoni, o objetivo \u00e9 trazer ao p\u00fablico uma interven\u00e7\u00e3o do cinema ao ar livre, uma continuidade da exposi\u00e7\u00e3o em um lugar p\u00fablico, sem cobran\u00e7a de ingresso, misturando as pessoas e levando arte para todas elas. Fica a dica para o final de semana!<\/p>\n<p>Data: 22 de fevereiro, s\u00e1bado, das 17h30 \u00e0s 20h30<br \/>\n(Holy Pasta Food Truck a partir das 14h)<br \/>\nLocal: pra\u00e7a em frente \u00e0 Caixa Cultural<br \/>\nEndere\u00e7o: Pra\u00e7a da S\u00e9, 111, Centro<br \/>\nGr\u00e1tis<\/p>\n<div id=\"attachment_96902\" style=\"width: 560px\" class=\"wp-caption aligncenter\"><a href=\"https:\/\/i0.wp.com\/www.agrund.com\/wp-content\/uploads\/sites\/6\/2014\/02\/slow-art-intervention-a-magia-de-miro-desenhos-e-gravuras.jpg\"><img aria-describedby=\"caption-attachment-96902\" data-attachment-id=\"96902\" data-permalink=\"https:\/\/agrund.com\/index.php\/slow-art-intervention-a-magia-de-miro-desenhos-e-gravuras\/slow-art-intervention-a-magia-de-miro-desenhos-e-gravuras\/\" data-orig-file=\"https:\/\/i0.wp.com\/agrund.com\/wp-content\/uploads\/sites\/6\/2014\/02\/slow-art-intervention-a-magia-de-miro-desenhos-e-gravuras.jpg?fit=550%2C310&amp;ssl=1\" data-orig-size=\"550,310\" data-comments-opened=\"1\" data-image-meta=\"{&quot;aperture&quot;:&quot;0&quot;,&quot;credit&quot;:&quot;&quot;,&quot;camera&quot;:&quot;&quot;,&quot;caption&quot;:&quot;&quot;,&quot;created_timestamp&quot;:&quot;0&quot;,&quot;copyright&quot;:&quot;&quot;,&quot;focal_length&quot;:&quot;0&quot;,&quot;iso&quot;:&quot;0&quot;,&quot;shutter_speed&quot;:&quot;0&quot;,&quot;title&quot;:&quot;&quot;,&quot;orientation&quot;:&quot;0&quot;}\" data-image-title=\"slow-art-intervention-a-magia-de-miro-desenhos-e-gravuras\" data-image-description=\"\" data-image-caption=\"&lt;p&gt;Slow Art Intervention :: \u201cA Magia de Mir\u00f3 \u2013 Desenhos e Gravuras\u201d&lt;\/p&gt;\n\" data-medium-file=\"https:\/\/i0.wp.com\/agrund.com\/wp-content\/uploads\/sites\/6\/2014\/02\/slow-art-intervention-a-magia-de-miro-desenhos-e-gravuras.jpg?fit=300%2C169&amp;ssl=1\" data-large-file=\"https:\/\/i0.wp.com\/agrund.com\/wp-content\/uploads\/sites\/6\/2014\/02\/slow-art-intervention-a-magia-de-miro-desenhos-e-gravuras.jpg?fit=550%2C310&amp;ssl=1\" decoding=\"async\" loading=\"lazy\" class=\"size-large wp-image-96902\" alt=\"Slow Art Intervention :: \u201cA Magia de Mir\u00f3 \u2013 Desenhos e Gravuras\u201d\" src=\"https:\/\/i0.wp.com\/www.agrund.com\/wp-content\/uploads\/sites\/6\/cache\/2014\/02\/slow-art-intervention-a-magia-de-miro-desenhos-e-gravuras\/3359775765.jpg?resize=550%2C310\" width=\"550\" height=\"310\" data-recalc-dims=\"1\" \/><\/a><p id=\"caption-attachment-96902\" class=\"wp-caption-text\">Slow Art Intervention :: \u201cA Magia de Mir\u00f3 \u2013 Desenhos e Gravuras\u201d<\/p><\/div>\n<p>Imagem: Divulga\u00e7\u00e3o.<\/p>\n","protected":false},"excerpt":{"rendered":"<p>Projeto leva para a rua document\u00e1rio sobre o artista, al\u00e9m de m\u00fasica e gastronomia No pr\u00f3ximo s\u00e1bado (22) acontecer\u00e1 a primeira a\u00e7\u00e3o do Slow Art Intervention com a exibi\u00e7\u00e3o do document\u00e1rio \u201cMir\u00f3 @ Tate Modern\u201d, na pra\u00e7a em frente \u00e0 Caixa Cultural. Na mesma data tamb\u00e9m haver\u00e1 a inaugura\u00e7\u00e3o da exposi\u00e7\u00e3o \u201cA Magia de Mir\u00f3 [&hellip;]<\/p>\n","protected":false},"author":1,"featured_media":96903,"comment_status":"open","ping_status":"open","sticky":false,"template":"","format":"standard","meta":{"jetpack_post_was_ever_published":false,"_jetpack_newsletter_access":"","jetpack_publicize_message":"","jetpack_is_tweetstorm":false,"jetpack_publicize_feature_enabled":true,"jetpack_social_post_already_shared":true,"jetpack_social_options":{"image_generator_settings":{"template":"highway","enabled":false}}},"categories":[2],"tags":[],"jetpack_publicize_connections":[],"jetpack_featured_media_url":"https:\/\/i0.wp.com\/agrund.com\/wp-content\/uploads\/sites\/6\/2014\/02\/slide147.jpg?fit=960%2C300&ssl=1","jetpack_sharing_enabled":true,"jetpack_shortlink":"https:\/\/wp.me\/p3Hz0n-pcV","jetpack_likes_enabled":true,"_links":{"self":[{"href":"https:\/\/agrund.com\/index.php\/wp-json\/wp\/v2\/posts\/96901"}],"collection":[{"href":"https:\/\/agrund.com\/index.php\/wp-json\/wp\/v2\/posts"}],"about":[{"href":"https:\/\/agrund.com\/index.php\/wp-json\/wp\/v2\/types\/post"}],"author":[{"embeddable":true,"href":"https:\/\/agrund.com\/index.php\/wp-json\/wp\/v2\/users\/1"}],"replies":[{"embeddable":true,"href":"https:\/\/agrund.com\/index.php\/wp-json\/wp\/v2\/comments?post=96901"}],"version-history":[{"count":0,"href":"https:\/\/agrund.com\/index.php\/wp-json\/wp\/v2\/posts\/96901\/revisions"}],"wp:featuredmedia":[{"embeddable":true,"href":"https:\/\/agrund.com\/index.php\/wp-json\/wp\/v2\/media\/96903"}],"wp:attachment":[{"href":"https:\/\/agrund.com\/index.php\/wp-json\/wp\/v2\/media?parent=96901"}],"wp:term":[{"taxonomy":"category","embeddable":true,"href":"https:\/\/agrund.com\/index.php\/wp-json\/wp\/v2\/categories?post=96901"},{"taxonomy":"post_tag","embeddable":true,"href":"https:\/\/agrund.com\/index.php\/wp-json\/wp\/v2\/tags?post=96901"}],"curies":[{"name":"wp","href":"https:\/\/api.w.org\/{rel}","templated":true}]}}