{"id":96890,"date":"2014-02-18T23:00:28","date_gmt":"2014-02-19T02:00:28","guid":{"rendered":"http:\/\/www.agrund.com\/?p=96890"},"modified":"2014-02-18T16:35:07","modified_gmt":"2014-02-18T19:35:07","slug":"grifes-brasileiras-participam-de-eventos-durante-as-semanas-de-moda-de-ny-e-paris","status":"publish","type":"post","link":"https:\/\/agrund.com\/index.php\/grifes-brasileiras-participam-de-eventos-durante-as-semanas-de-moda-de-ny-e-paris\/","title":{"rendered":"Grifes brasileiras participam de eventos durante as semanas de moda de NY e Paris"},"content":{"rendered":"<p>Entre os meses de fevereiro e mar\u00e7o, a ABEST, com apoio da Apex-Brasil, leva grifes associadas para importantes eventos de moda que acontece nas capitais. Em Nova York, duas feiras movimentar\u00e3o as marcas internacionais com suas cole\u00e7\u00f5es de Inverno 2014: a Capsule (22 a 24\/02), que recebe a UMA, e a Coterie (23 a 25\/02), que contar\u00e1 com as designers brasileiras Cecilia Prado, Serpui Marie, al\u00e9m da marca Blue Bird Shoes.<\/p>\n<p>Em seguida, a ABEST aterriza em Paris, onde vai participar da Trano\u00ef (28\/02 a 03\/03), que ocorre no Carrousel du Louvre, com a Les Petits Joueurs, de Maria Sole Cecchi, que vem conquistando o mercado com suas clutches e bolsas feitas com pe\u00e7as de Lego. A Paris Sur Mode acontece no mesmo per\u00edodo e ter\u00e1 Cecilia Prado mostrando novamente sua cole\u00e7\u00e3o repleta de feminilidade, sensualidade e detalhes sofisticados para os compradores estrangeiros. Simultaneamente, na capital francesa, Serpui Marie leva suas bolsas para a Premi\u00e8re Classe, considerada a melhor feira de acess\u00f3rios do mundo.<\/p>\n<p>Para mais informa\u00e7\u00f5es acesso o site www.abest.com.br<\/p>\n<div id=\"attachment_96891\" style=\"width: 560px\" class=\"wp-caption aligncenter\"><a href=\"https:\/\/i0.wp.com\/www.agrund.com\/wp-content\/uploads\/sites\/6\/2014\/02\/grifes-brasileiras-participam-de-eventos-durante-as-semanas-de-moda-de-ny-e-paris-1.jpg\"><img aria-describedby=\"caption-attachment-96891\" data-attachment-id=\"96891\" data-permalink=\"https:\/\/agrund.com\/index.php\/grifes-brasileiras-participam-de-eventos-durante-as-semanas-de-moda-de-ny-e-paris\/grifes-brasileiras-participam-de-eventos-durante-as-semanas-de-moda-de-ny-e-paris-1\/\" data-orig-file=\"https:\/\/i0.wp.com\/agrund.com\/wp-content\/uploads\/sites\/6\/2014\/02\/grifes-brasileiras-participam-de-eventos-durante-as-semanas-de-moda-de-ny-e-paris-1.jpg?fit=550%2C825&amp;ssl=1\" data-orig-size=\"550,825\" data-comments-opened=\"1\" data-image-meta=\"{&quot;aperture&quot;:&quot;0&quot;,&quot;credit&quot;:&quot;&quot;,&quot;camera&quot;:&quot;&quot;,&quot;caption&quot;:&quot;&quot;,&quot;created_timestamp&quot;:&quot;0&quot;,&quot;copyright&quot;:&quot;&quot;,&quot;focal_length&quot;:&quot;0&quot;,&quot;iso&quot;:&quot;0&quot;,&quot;shutter_speed&quot;:&quot;0&quot;,&quot;title&quot;:&quot;&quot;,&quot;orientation&quot;:&quot;0&quot;}\" data-image-title=\"grifes-brasileiras-participam-de-eventos-durante-as-semanas-de-moda-de-ny-e-paris (1)\" data-image-description=\"\" data-image-caption=\"&lt;p&gt;Grifes brasileiras participam de eventos durante as semanas de moda de NY e Paris&lt;\/p&gt;\n\" data-medium-file=\"https:\/\/i0.wp.com\/agrund.com\/wp-content\/uploads\/sites\/6\/2014\/02\/grifes-brasileiras-participam-de-eventos-durante-as-semanas-de-moda-de-ny-e-paris-1.jpg?fit=200%2C300&amp;ssl=1\" data-large-file=\"https:\/\/i0.wp.com\/agrund.com\/wp-content\/uploads\/sites\/6\/2014\/02\/grifes-brasileiras-participam-de-eventos-durante-as-semanas-de-moda-de-ny-e-paris-1.jpg?fit=550%2C825&amp;ssl=1\" decoding=\"async\" loading=\"lazy\" class=\"size-large wp-image-96891\" alt=\"Grifes brasileiras participam de eventos durante as semanas de moda de NY e Paris\" src=\"https:\/\/i0.wp.com\/www.agrund.com\/wp-content\/uploads\/sites\/6\/cache\/2014\/02\/grifes-brasileiras-participam-de-eventos-durante-as-semanas-de-moda-de-ny-e-paris-1\/1186841845.jpg?resize=550%2C825\" width=\"550\" height=\"825\" data-recalc-dims=\"1\" \/><\/a><p id=\"caption-attachment-96891\" class=\"wp-caption-text\">Grifes brasileiras participam de eventos durante as semanas de moda de NY e Paris<\/p><\/div>\n<div id=\"attachment_96892\" style=\"width: 560px\" class=\"wp-caption aligncenter\"><a href=\"https:\/\/i0.wp.com\/www.agrund.com\/wp-content\/uploads\/sites\/6\/2014\/02\/grifes-brasileiras-participam-de-eventos-durante-as-semanas-de-moda-de-ny-e-paris-2.jpg\"><img aria-describedby=\"caption-attachment-96892\" data-attachment-id=\"96892\" data-permalink=\"https:\/\/agrund.com\/index.php\/grifes-brasileiras-participam-de-eventos-durante-as-semanas-de-moda-de-ny-e-paris\/grifes-brasileiras-participam-de-eventos-durante-as-semanas-de-moda-de-ny-e-paris-2\/\" data-orig-file=\"https:\/\/i0.wp.com\/agrund.com\/wp-content\/uploads\/sites\/6\/2014\/02\/grifes-brasileiras-participam-de-eventos-durante-as-semanas-de-moda-de-ny-e-paris-2.jpg?fit=550%2C438&amp;ssl=1\" data-orig-size=\"550,438\" data-comments-opened=\"1\" data-image-meta=\"{&quot;aperture&quot;:&quot;0&quot;,&quot;credit&quot;:&quot;&quot;,&quot;camera&quot;:&quot;&quot;,&quot;caption&quot;:&quot;&quot;,&quot;created_timestamp&quot;:&quot;0&quot;,&quot;copyright&quot;:&quot;&quot;,&quot;focal_length&quot;:&quot;0&quot;,&quot;iso&quot;:&quot;0&quot;,&quot;shutter_speed&quot;:&quot;0&quot;,&quot;title&quot;:&quot;&quot;,&quot;orientation&quot;:&quot;0&quot;}\" data-image-title=\"grifes-brasileiras-participam-de-eventos-durante-as-semanas-de-moda-de-ny-e-paris (2)\" data-image-description=\"\" data-image-caption=\"&lt;p&gt;Grifes brasileiras participam de eventos durante as semanas de moda de NY e Paris&lt;\/p&gt;\n\" data-medium-file=\"https:\/\/i0.wp.com\/agrund.com\/wp-content\/uploads\/sites\/6\/2014\/02\/grifes-brasileiras-participam-de-eventos-durante-as-semanas-de-moda-de-ny-e-paris-2.jpg?fit=300%2C239&amp;ssl=1\" data-large-file=\"https:\/\/i0.wp.com\/agrund.com\/wp-content\/uploads\/sites\/6\/2014\/02\/grifes-brasileiras-participam-de-eventos-durante-as-semanas-de-moda-de-ny-e-paris-2.jpg?fit=550%2C438&amp;ssl=1\" decoding=\"async\" loading=\"lazy\" class=\"size-large wp-image-96892\" alt=\"Grifes brasileiras participam de eventos durante as semanas de moda de NY e Paris\" src=\"https:\/\/i0.wp.com\/www.agrund.com\/wp-content\/uploads\/sites\/6\/cache\/2014\/02\/grifes-brasileiras-participam-de-eventos-durante-as-semanas-de-moda-de-ny-e-paris-2\/3358769942.jpg?resize=550%2C438\" width=\"550\" height=\"438\" data-recalc-dims=\"1\" \/><\/a><p id=\"caption-attachment-96892\" class=\"wp-caption-text\">Grifes brasileiras participam de eventos durante as semanas de moda de NY e Paris<\/p><\/div>\n<div id=\"attachment_96893\" style=\"width: 560px\" class=\"wp-caption aligncenter\"><a href=\"https:\/\/i0.wp.com\/www.agrund.com\/wp-content\/uploads\/sites\/6\/2014\/02\/grifes-brasileiras-participam-de-eventos-durante-as-semanas-de-moda-de-ny-e-paris-3.jpg\"><img aria-describedby=\"caption-attachment-96893\" data-attachment-id=\"96893\" data-permalink=\"https:\/\/agrund.com\/index.php\/grifes-brasileiras-participam-de-eventos-durante-as-semanas-de-moda-de-ny-e-paris\/grifes-brasileiras-participam-de-eventos-durante-as-semanas-de-moda-de-ny-e-paris-3\/\" data-orig-file=\"https:\/\/i0.wp.com\/agrund.com\/wp-content\/uploads\/sites\/6\/2014\/02\/grifes-brasileiras-participam-de-eventos-durante-as-semanas-de-moda-de-ny-e-paris-3.jpg?fit=550%2C824&amp;ssl=1\" data-orig-size=\"550,824\" data-comments-opened=\"1\" data-image-meta=\"{&quot;aperture&quot;:&quot;0&quot;,&quot;credit&quot;:&quot;&quot;,&quot;camera&quot;:&quot;&quot;,&quot;caption&quot;:&quot;&quot;,&quot;created_timestamp&quot;:&quot;0&quot;,&quot;copyright&quot;:&quot;&quot;,&quot;focal_length&quot;:&quot;0&quot;,&quot;iso&quot;:&quot;0&quot;,&quot;shutter_speed&quot;:&quot;0&quot;,&quot;title&quot;:&quot;&quot;,&quot;orientation&quot;:&quot;0&quot;}\" data-image-title=\"grifes-brasileiras-participam-de-eventos-durante-as-semanas-de-moda-de-ny-e-paris (3)\" data-image-description=\"\" data-image-caption=\"&lt;p&gt;Grifes brasileiras participam de eventos durante as semanas de moda de NY e Paris&lt;\/p&gt;\n\" data-medium-file=\"https:\/\/i0.wp.com\/agrund.com\/wp-content\/uploads\/sites\/6\/2014\/02\/grifes-brasileiras-participam-de-eventos-durante-as-semanas-de-moda-de-ny-e-paris-3.jpg?fit=200%2C300&amp;ssl=1\" data-large-file=\"https:\/\/i0.wp.com\/agrund.com\/wp-content\/uploads\/sites\/6\/2014\/02\/grifes-brasileiras-participam-de-eventos-durante-as-semanas-de-moda-de-ny-e-paris-3.jpg?fit=550%2C824&amp;ssl=1\" decoding=\"async\" loading=\"lazy\" class=\"size-large wp-image-96893\" alt=\"Grifes brasileiras participam de eventos durante as semanas de moda de NY e Paris\" src=\"https:\/\/i0.wp.com\/www.agrund.com\/wp-content\/uploads\/sites\/6\/cache\/2014\/02\/grifes-brasileiras-participam-de-eventos-durante-as-semanas-de-moda-de-ny-e-paris-3\/77120392.jpg?resize=550%2C824\" width=\"550\" height=\"824\" data-recalc-dims=\"1\" \/><\/a><p id=\"caption-attachment-96893\" class=\"wp-caption-text\">Grifes brasileiras participam de eventos durante as semanas de moda de NY e Paris<\/p><\/div>\n<div id=\"attachment_96894\" style=\"width: 560px\" class=\"wp-caption aligncenter\"><a href=\"https:\/\/i0.wp.com\/www.agrund.com\/wp-content\/uploads\/sites\/6\/2014\/02\/grifes-brasileiras-participam-de-eventos-durante-as-semanas-de-moda-de-ny-e-paris-4.jpg\"><img aria-describedby=\"caption-attachment-96894\" data-attachment-id=\"96894\" data-permalink=\"https:\/\/agrund.com\/index.php\/grifes-brasileiras-participam-de-eventos-durante-as-semanas-de-moda-de-ny-e-paris\/grifes-brasileiras-participam-de-eventos-durante-as-semanas-de-moda-de-ny-e-paris-4\/\" data-orig-file=\"https:\/\/i0.wp.com\/agrund.com\/wp-content\/uploads\/sites\/6\/2014\/02\/grifes-brasileiras-participam-de-eventos-durante-as-semanas-de-moda-de-ny-e-paris-4.jpg?fit=550%2C272&amp;ssl=1\" data-orig-size=\"550,272\" data-comments-opened=\"1\" data-image-meta=\"{&quot;aperture&quot;:&quot;0&quot;,&quot;credit&quot;:&quot;&quot;,&quot;camera&quot;:&quot;&quot;,&quot;caption&quot;:&quot;&quot;,&quot;created_timestamp&quot;:&quot;0&quot;,&quot;copyright&quot;:&quot;&quot;,&quot;focal_length&quot;:&quot;0&quot;,&quot;iso&quot;:&quot;0&quot;,&quot;shutter_speed&quot;:&quot;0&quot;,&quot;title&quot;:&quot;&quot;,&quot;orientation&quot;:&quot;0&quot;}\" data-image-title=\"grifes-brasileiras-participam-de-eventos-durante-as-semanas-de-moda-de-ny-e-paris (4)\" data-image-description=\"\" data-image-caption=\"&lt;p&gt;Grifes brasileiras participam de eventos durante as semanas de moda de NY e Paris&lt;\/p&gt;\n\" data-medium-file=\"https:\/\/i0.wp.com\/agrund.com\/wp-content\/uploads\/sites\/6\/2014\/02\/grifes-brasileiras-participam-de-eventos-durante-as-semanas-de-moda-de-ny-e-paris-4.jpg?fit=300%2C148&amp;ssl=1\" data-large-file=\"https:\/\/i0.wp.com\/agrund.com\/wp-content\/uploads\/sites\/6\/2014\/02\/grifes-brasileiras-participam-de-eventos-durante-as-semanas-de-moda-de-ny-e-paris-4.jpg?fit=550%2C272&amp;ssl=1\" decoding=\"async\" loading=\"lazy\" class=\"size-large wp-image-96894\" alt=\"Grifes brasileiras participam de eventos durante as semanas de moda de NY e Paris\" src=\"https:\/\/i0.wp.com\/www.agrund.com\/wp-content\/uploads\/sites\/6\/cache\/2014\/02\/grifes-brasileiras-participam-de-eventos-durante-as-semanas-de-moda-de-ny-e-paris-4\/241027729.jpg?resize=550%2C272\" width=\"550\" height=\"272\" data-recalc-dims=\"1\" \/><\/a><p id=\"caption-attachment-96894\" class=\"wp-caption-text\">Grifes brasileiras participam de eventos durante as semanas de moda de NY e Paris<\/p><\/div>\n<div id=\"attachment_96895\" style=\"width: 560px\" class=\"wp-caption aligncenter\"><a href=\"https:\/\/i0.wp.com\/www.agrund.com\/wp-content\/uploads\/sites\/6\/2014\/02\/grifes-brasileiras-participam-de-eventos-durante-as-semanas-de-moda-de-ny-e-paris-5.jpg\"><img aria-describedby=\"caption-attachment-96895\" data-attachment-id=\"96895\" data-permalink=\"https:\/\/agrund.com\/index.php\/grifes-brasileiras-participam-de-eventos-durante-as-semanas-de-moda-de-ny-e-paris\/grifes-brasileiras-participam-de-eventos-durante-as-semanas-de-moda-de-ny-e-paris-5\/\" data-orig-file=\"https:\/\/i0.wp.com\/agrund.com\/wp-content\/uploads\/sites\/6\/2014\/02\/grifes-brasileiras-participam-de-eventos-durante-as-semanas-de-moda-de-ny-e-paris-5.jpg?fit=550%2C370&amp;ssl=1\" data-orig-size=\"550,370\" data-comments-opened=\"1\" data-image-meta=\"{&quot;aperture&quot;:&quot;0&quot;,&quot;credit&quot;:&quot;&quot;,&quot;camera&quot;:&quot;&quot;,&quot;caption&quot;:&quot;&quot;,&quot;created_timestamp&quot;:&quot;0&quot;,&quot;copyright&quot;:&quot;&quot;,&quot;focal_length&quot;:&quot;0&quot;,&quot;iso&quot;:&quot;0&quot;,&quot;shutter_speed&quot;:&quot;0&quot;,&quot;title&quot;:&quot;&quot;,&quot;orientation&quot;:&quot;0&quot;}\" data-image-title=\"grifes-brasileiras-participam-de-eventos-durante-as-semanas-de-moda-de-ny-e-paris (5)\" data-image-description=\"\" data-image-caption=\"&lt;p&gt;Grifes brasileiras participam de eventos durante as semanas de moda de NY e Paris&lt;\/p&gt;\n\" data-medium-file=\"https:\/\/i0.wp.com\/agrund.com\/wp-content\/uploads\/sites\/6\/2014\/02\/grifes-brasileiras-participam-de-eventos-durante-as-semanas-de-moda-de-ny-e-paris-5.jpg?fit=300%2C202&amp;ssl=1\" data-large-file=\"https:\/\/i0.wp.com\/agrund.com\/wp-content\/uploads\/sites\/6\/2014\/02\/grifes-brasileiras-participam-de-eventos-durante-as-semanas-de-moda-de-ny-e-paris-5.jpg?fit=550%2C370&amp;ssl=1\" decoding=\"async\" loading=\"lazy\" class=\"size-large wp-image-96895\" alt=\"Grifes brasileiras participam de eventos durante as semanas de moda de NY e Paris\" src=\"https:\/\/i0.wp.com\/www.agrund.com\/wp-content\/uploads\/sites\/6\/cache\/2014\/02\/grifes-brasileiras-participam-de-eventos-durante-as-semanas-de-moda-de-ny-e-paris-5\/3271019023.jpg?resize=550%2C370\" width=\"550\" height=\"370\" data-recalc-dims=\"1\" \/><\/a><p id=\"caption-attachment-96895\" class=\"wp-caption-text\">Grifes brasileiras participam de eventos durante as semanas de moda de NY e Paris<\/p><\/div>\n<p>Imagens: Divulga\u00e7\u00e3o.<\/p>\n","protected":false},"excerpt":{"rendered":"<p>Entre os meses de fevereiro e mar\u00e7o, a ABEST, com apoio da Apex-Brasil, leva grifes associadas para importantes eventos de moda que acontece nas capitais. Em Nova York, duas feiras movimentar\u00e3o as marcas internacionais com suas cole\u00e7\u00f5es de Inverno 2014: a Capsule (22 a 24\/02), que recebe a UMA, e a Coterie (23 a 25\/02), [&hellip;]<\/p>\n","protected":false},"author":1,"featured_media":96896,"comment_status":"open","ping_status":"open","sticky":false,"template":"","format":"standard","meta":{"jetpack_post_was_ever_published":false,"_jetpack_newsletter_access":"","jetpack_publicize_message":"","jetpack_is_tweetstorm":false,"jetpack_publicize_feature_enabled":true,"jetpack_social_post_already_shared":true,"jetpack_social_options":{"image_generator_settings":{"template":"highway","enabled":false}}},"categories":[2],"tags":[],"jetpack_publicize_connections":[],"jetpack_featured_media_url":"https:\/\/i0.wp.com\/agrund.com\/wp-content\/uploads\/sites\/6\/2014\/02\/slide146.jpg?fit=960%2C300&ssl=1","jetpack_sharing_enabled":true,"jetpack_shortlink":"https:\/\/wp.me\/p3Hz0n-pcK","jetpack_likes_enabled":true,"_links":{"self":[{"href":"https:\/\/agrund.com\/index.php\/wp-json\/wp\/v2\/posts\/96890"}],"collection":[{"href":"https:\/\/agrund.com\/index.php\/wp-json\/wp\/v2\/posts"}],"about":[{"href":"https:\/\/agrund.com\/index.php\/wp-json\/wp\/v2\/types\/post"}],"author":[{"embeddable":true,"href":"https:\/\/agrund.com\/index.php\/wp-json\/wp\/v2\/users\/1"}],"replies":[{"embeddable":true,"href":"https:\/\/agrund.com\/index.php\/wp-json\/wp\/v2\/comments?post=96890"}],"version-history":[{"count":0,"href":"https:\/\/agrund.com\/index.php\/wp-json\/wp\/v2\/posts\/96890\/revisions"}],"wp:featuredmedia":[{"embeddable":true,"href":"https:\/\/agrund.com\/index.php\/wp-json\/wp\/v2\/media\/96896"}],"wp:attachment":[{"href":"https:\/\/agrund.com\/index.php\/wp-json\/wp\/v2\/media?parent=96890"}],"wp:term":[{"taxonomy":"category","embeddable":true,"href":"https:\/\/agrund.com\/index.php\/wp-json\/wp\/v2\/categories?post=96890"},{"taxonomy":"post_tag","embeddable":true,"href":"https:\/\/agrund.com\/index.php\/wp-json\/wp\/v2\/tags?post=96890"}],"curies":[{"name":"wp","href":"https:\/\/api.w.org\/{rel}","templated":true}]}}