{"id":96866,"date":"2014-02-18T20:00:45","date_gmt":"2014-02-18T23:00:45","guid":{"rendered":"http:\/\/www.agrund.com\/?p=96866"},"modified":"2014-02-18T16:24:18","modified_gmt":"2014-02-18T19:24:18","slug":"anja-rubik-e-capa-da-vogue-russia","status":"publish","type":"post","link":"https:\/\/agrund.com\/index.php\/anja-rubik-e-capa-da-vogue-russia\/","title":{"rendered":"Anja Rubik \u00e9 capa da Vogue R\u00fassia"},"content":{"rendered":"<p>Anja Rubik \u00e9 a garota da capa e estrela de um editorial da Vogue R\u00fassia, edi\u00e7\u00e3o Mar\u00e7o 2014. No clique principal de Patrick Demarchelier, a top aparece sexy vestindo, na verdade tirando, um macac\u00e3o metalizado na cor bronze, da Gucci.<\/p>\n<p>Nas imagens internas podemos conferir um editorial minimalista, sendo todas as pe\u00e7as metalizadas, provando assim essa tend\u00eancia que surgiu forte na temporada de inverno. Os looks s\u00e3o de nomes como Jason Wu, Paco Rabanne, Proenza Schouler e Gucci. Confira:<\/p>\n<div id=\"attachment_96867\" style=\"width: 560px\" class=\"wp-caption aligncenter\"><a href=\"https:\/\/i0.wp.com\/www.agrund.com\/wp-content\/uploads\/sites\/6\/2014\/02\/anja-rubik-e-capa-da-vogue-russia-1.jpg\"><img aria-describedby=\"caption-attachment-96867\" data-attachment-id=\"96867\" data-permalink=\"https:\/\/agrund.com\/index.php\/anja-rubik-e-capa-da-vogue-russia\/anja-rubik-e-capa-da-vogue-russia-1\/\" data-orig-file=\"https:\/\/i0.wp.com\/agrund.com\/wp-content\/uploads\/sites\/6\/2014\/02\/anja-rubik-e-capa-da-vogue-russia-1.jpg?fit=550%2C722&amp;ssl=1\" data-orig-size=\"550,722\" data-comments-opened=\"1\" data-image-meta=\"{&quot;aperture&quot;:&quot;0&quot;,&quot;credit&quot;:&quot;&quot;,&quot;camera&quot;:&quot;&quot;,&quot;caption&quot;:&quot;&quot;,&quot;created_timestamp&quot;:&quot;0&quot;,&quot;copyright&quot;:&quot;&quot;,&quot;focal_length&quot;:&quot;0&quot;,&quot;iso&quot;:&quot;0&quot;,&quot;shutter_speed&quot;:&quot;0&quot;,&quot;title&quot;:&quot;&quot;,&quot;orientation&quot;:&quot;0&quot;}\" data-image-title=\"anja-rubik-e-capa-da-vogue-russia (1)\" data-image-description=\"\" data-image-caption=\"&lt;p&gt;Anja Rubik \u00e9 capa da Vogue R\u00fassia&lt;\/p&gt;\n\" data-medium-file=\"https:\/\/i0.wp.com\/agrund.com\/wp-content\/uploads\/sites\/6\/2014\/02\/anja-rubik-e-capa-da-vogue-russia-1.jpg?fit=229%2C300&amp;ssl=1\" data-large-file=\"https:\/\/i0.wp.com\/agrund.com\/wp-content\/uploads\/sites\/6\/2014\/02\/anja-rubik-e-capa-da-vogue-russia-1.jpg?fit=550%2C722&amp;ssl=1\" decoding=\"async\" loading=\"lazy\" class=\"size-large wp-image-96867\" alt=\"Anja Rubik \u00e9 capa da Vogue R\u00fassia\" src=\"https:\/\/i0.wp.com\/www.agrund.com\/wp-content\/uploads\/sites\/6\/cache\/2014\/02\/anja-rubik-e-capa-da-vogue-russia-1\/2103330699.jpg?resize=550%2C722\" width=\"550\" height=\"722\" data-recalc-dims=\"1\" \/><\/a><p id=\"caption-attachment-96867\" class=\"wp-caption-text\">Anja Rubik \u00e9 capa da Vogue R\u00fassia<\/p><\/div>\n<div id=\"attachment_96868\" style=\"width: 560px\" class=\"wp-caption aligncenter\"><a href=\"https:\/\/i0.wp.com\/www.agrund.com\/wp-content\/uploads\/sites\/6\/2014\/02\/anja-rubik-e-capa-da-vogue-russia-2.jpg\"><img aria-describedby=\"caption-attachment-96868\" data-attachment-id=\"96868\" data-permalink=\"https:\/\/agrund.com\/index.php\/anja-rubik-e-capa-da-vogue-russia\/anja-rubik-e-capa-da-vogue-russia-2\/\" data-orig-file=\"https:\/\/i0.wp.com\/agrund.com\/wp-content\/uploads\/sites\/6\/2014\/02\/anja-rubik-e-capa-da-vogue-russia-2.jpg?fit=550%2C712&amp;ssl=1\" data-orig-size=\"550,712\" data-comments-opened=\"1\" data-image-meta=\"{&quot;aperture&quot;:&quot;0&quot;,&quot;credit&quot;:&quot;&quot;,&quot;camera&quot;:&quot;&quot;,&quot;caption&quot;:&quot;&quot;,&quot;created_timestamp&quot;:&quot;0&quot;,&quot;copyright&quot;:&quot;&quot;,&quot;focal_length&quot;:&quot;0&quot;,&quot;iso&quot;:&quot;0&quot;,&quot;shutter_speed&quot;:&quot;0&quot;,&quot;title&quot;:&quot;&quot;,&quot;orientation&quot;:&quot;0&quot;}\" data-image-title=\"anja-rubik-e-capa-da-vogue-russia (2)\" data-image-description=\"\" data-image-caption=\"&lt;p&gt;Anja Rubik \u00e9 capa da Vogue R\u00fassia&lt;\/p&gt;\n\" data-medium-file=\"https:\/\/i0.wp.com\/agrund.com\/wp-content\/uploads\/sites\/6\/2014\/02\/anja-rubik-e-capa-da-vogue-russia-2.jpg?fit=232%2C300&amp;ssl=1\" data-large-file=\"https:\/\/i0.wp.com\/agrund.com\/wp-content\/uploads\/sites\/6\/2014\/02\/anja-rubik-e-capa-da-vogue-russia-2.jpg?fit=550%2C712&amp;ssl=1\" decoding=\"async\" loading=\"lazy\" class=\"size-large wp-image-96868\" alt=\"Anja Rubik \u00e9 capa da Vogue R\u00fassia\" src=\"https:\/\/i0.wp.com\/www.agrund.com\/wp-content\/uploads\/sites\/6\/cache\/2014\/02\/anja-rubik-e-capa-da-vogue-russia-2\/4090577000.jpg?resize=550%2C712\" width=\"550\" height=\"712\" data-recalc-dims=\"1\" \/><\/a><p id=\"caption-attachment-96868\" class=\"wp-caption-text\">Anja Rubik \u00e9 capa da Vogue R\u00fassia<\/p><\/div>\n<div id=\"attachment_96869\" style=\"width: 560px\" class=\"wp-caption aligncenter\"><a href=\"https:\/\/i0.wp.com\/www.agrund.com\/wp-content\/uploads\/sites\/6\/2014\/02\/anja-rubik-e-capa-da-vogue-russia-3.jpg\"><img aria-describedby=\"caption-attachment-96869\" data-attachment-id=\"96869\" data-permalink=\"https:\/\/agrund.com\/index.php\/anja-rubik-e-capa-da-vogue-russia\/anja-rubik-e-capa-da-vogue-russia-3\/\" data-orig-file=\"https:\/\/i0.wp.com\/agrund.com\/wp-content\/uploads\/sites\/6\/2014\/02\/anja-rubik-e-capa-da-vogue-russia-3.jpg?fit=550%2C712&amp;ssl=1\" data-orig-size=\"550,712\" data-comments-opened=\"1\" data-image-meta=\"{&quot;aperture&quot;:&quot;0&quot;,&quot;credit&quot;:&quot;&quot;,&quot;camera&quot;:&quot;&quot;,&quot;caption&quot;:&quot;&quot;,&quot;created_timestamp&quot;:&quot;0&quot;,&quot;copyright&quot;:&quot;&quot;,&quot;focal_length&quot;:&quot;0&quot;,&quot;iso&quot;:&quot;0&quot;,&quot;shutter_speed&quot;:&quot;0&quot;,&quot;title&quot;:&quot;&quot;,&quot;orientation&quot;:&quot;0&quot;}\" data-image-title=\"anja-rubik-e-capa-da-vogue-russia (3)\" data-image-description=\"\" data-image-caption=\"&lt;p&gt;Anja Rubik \u00e9 capa da Vogue R\u00fassia&lt;\/p&gt;\n\" data-medium-file=\"https:\/\/i0.wp.com\/agrund.com\/wp-content\/uploads\/sites\/6\/2014\/02\/anja-rubik-e-capa-da-vogue-russia-3.jpg?fit=232%2C300&amp;ssl=1\" data-large-file=\"https:\/\/i0.wp.com\/agrund.com\/wp-content\/uploads\/sites\/6\/2014\/02\/anja-rubik-e-capa-da-vogue-russia-3.jpg?fit=550%2C712&amp;ssl=1\" decoding=\"async\" loading=\"lazy\" class=\"size-large wp-image-96869\" alt=\"Anja Rubik \u00e9 capa da Vogue R\u00fassia\" src=\"https:\/\/i0.wp.com\/www.agrund.com\/wp-content\/uploads\/sites\/6\/cache\/2014\/02\/anja-rubik-e-capa-da-vogue-russia-3\/1065042166.jpg?resize=550%2C712\" width=\"550\" height=\"712\" data-recalc-dims=\"1\" \/><\/a><p id=\"caption-attachment-96869\" class=\"wp-caption-text\">Anja Rubik \u00e9 capa da Vogue R\u00fassia<\/p><\/div>\n<div id=\"attachment_96870\" style=\"width: 560px\" class=\"wp-caption aligncenter\"><a href=\"https:\/\/i0.wp.com\/www.agrund.com\/wp-content\/uploads\/sites\/6\/2014\/02\/anja-rubik-e-capa-da-vogue-russia-4.jpg\"><img aria-describedby=\"caption-attachment-96870\" data-attachment-id=\"96870\" data-permalink=\"https:\/\/agrund.com\/index.php\/anja-rubik-e-capa-da-vogue-russia\/anja-rubik-e-capa-da-vogue-russia-4\/\" data-orig-file=\"https:\/\/i0.wp.com\/agrund.com\/wp-content\/uploads\/sites\/6\/2014\/02\/anja-rubik-e-capa-da-vogue-russia-4.jpg?fit=550%2C712&amp;ssl=1\" data-orig-size=\"550,712\" data-comments-opened=\"1\" data-image-meta=\"{&quot;aperture&quot;:&quot;0&quot;,&quot;credit&quot;:&quot;&quot;,&quot;camera&quot;:&quot;&quot;,&quot;caption&quot;:&quot;&quot;,&quot;created_timestamp&quot;:&quot;0&quot;,&quot;copyright&quot;:&quot;&quot;,&quot;focal_length&quot;:&quot;0&quot;,&quot;iso&quot;:&quot;0&quot;,&quot;shutter_speed&quot;:&quot;0&quot;,&quot;title&quot;:&quot;&quot;,&quot;orientation&quot;:&quot;0&quot;}\" data-image-title=\"anja-rubik-e-capa-da-vogue-russia (4)\" data-image-description=\"\" data-image-caption=\"&lt;p&gt;Anja Rubik \u00e9 capa da Vogue R\u00fassia&lt;\/p&gt;\n\" data-medium-file=\"https:\/\/i0.wp.com\/agrund.com\/wp-content\/uploads\/sites\/6\/2014\/02\/anja-rubik-e-capa-da-vogue-russia-4.jpg?fit=232%2C300&amp;ssl=1\" data-large-file=\"https:\/\/i0.wp.com\/agrund.com\/wp-content\/uploads\/sites\/6\/2014\/02\/anja-rubik-e-capa-da-vogue-russia-4.jpg?fit=550%2C712&amp;ssl=1\" decoding=\"async\" loading=\"lazy\" class=\"size-large wp-image-96870\" alt=\"Anja Rubik \u00e9 capa da Vogue R\u00fassia\" src=\"https:\/\/i0.wp.com\/www.agrund.com\/wp-content\/uploads\/sites\/6\/cache\/2014\/02\/anja-rubik-e-capa-da-vogue-russia-4\/901663215.jpg?resize=550%2C712\" width=\"550\" height=\"712\" data-recalc-dims=\"1\" \/><\/a><p id=\"caption-attachment-96870\" class=\"wp-caption-text\">Anja Rubik \u00e9 capa da Vogue R\u00fassia<\/p><\/div>\n<div id=\"attachment_96871\" style=\"width: 560px\" class=\"wp-caption aligncenter\"><a href=\"https:\/\/i0.wp.com\/www.agrund.com\/wp-content\/uploads\/sites\/6\/2014\/02\/anja-rubik-e-capa-da-vogue-russia-5.jpg\"><img aria-describedby=\"caption-attachment-96871\" data-attachment-id=\"96871\" data-permalink=\"https:\/\/agrund.com\/index.php\/anja-rubik-e-capa-da-vogue-russia\/anja-rubik-e-capa-da-vogue-russia-5\/\" data-orig-file=\"https:\/\/i0.wp.com\/agrund.com\/wp-content\/uploads\/sites\/6\/2014\/02\/anja-rubik-e-capa-da-vogue-russia-5.jpg?fit=550%2C712&amp;ssl=1\" data-orig-size=\"550,712\" data-comments-opened=\"1\" data-image-meta=\"{&quot;aperture&quot;:&quot;0&quot;,&quot;credit&quot;:&quot;&quot;,&quot;camera&quot;:&quot;&quot;,&quot;caption&quot;:&quot;&quot;,&quot;created_timestamp&quot;:&quot;0&quot;,&quot;copyright&quot;:&quot;&quot;,&quot;focal_length&quot;:&quot;0&quot;,&quot;iso&quot;:&quot;0&quot;,&quot;shutter_speed&quot;:&quot;0&quot;,&quot;title&quot;:&quot;&quot;,&quot;orientation&quot;:&quot;0&quot;}\" data-image-title=\"anja-rubik-e-capa-da-vogue-russia (5)\" data-image-description=\"\" data-image-caption=\"&lt;p&gt;Anja Rubik \u00e9 capa da Vogue R\u00fassia&lt;\/p&gt;\n\" data-medium-file=\"https:\/\/i0.wp.com\/agrund.com\/wp-content\/uploads\/sites\/6\/2014\/02\/anja-rubik-e-capa-da-vogue-russia-5.jpg?fit=232%2C300&amp;ssl=1\" data-large-file=\"https:\/\/i0.wp.com\/agrund.com\/wp-content\/uploads\/sites\/6\/2014\/02\/anja-rubik-e-capa-da-vogue-russia-5.jpg?fit=550%2C712&amp;ssl=1\" decoding=\"async\" loading=\"lazy\" class=\"size-large wp-image-96871\" alt=\"Anja Rubik \u00e9 capa da Vogue R\u00fassia\" src=\"https:\/\/i0.wp.com\/www.agrund.com\/wp-content\/uploads\/sites\/6\/cache\/2014\/02\/anja-rubik-e-capa-da-vogue-russia-5\/4178856305.jpg?resize=550%2C712\" width=\"550\" height=\"712\" data-recalc-dims=\"1\" \/><\/a><p id=\"caption-attachment-96871\" class=\"wp-caption-text\">Anja Rubik \u00e9 capa da Vogue R\u00fassia<\/p><\/div>\n<div id=\"attachment_96872\" style=\"width: 560px\" class=\"wp-caption aligncenter\"><a href=\"https:\/\/i0.wp.com\/www.agrund.com\/wp-content\/uploads\/sites\/6\/2014\/02\/anja-rubik-e-capa-da-vogue-russia-6.jpg\"><img aria-describedby=\"caption-attachment-96872\" data-attachment-id=\"96872\" data-permalink=\"https:\/\/agrund.com\/index.php\/anja-rubik-e-capa-da-vogue-russia\/anja-rubik-e-capa-da-vogue-russia-6\/\" data-orig-file=\"https:\/\/i0.wp.com\/agrund.com\/wp-content\/uploads\/sites\/6\/2014\/02\/anja-rubik-e-capa-da-vogue-russia-6.jpg?fit=550%2C712&amp;ssl=1\" data-orig-size=\"550,712\" data-comments-opened=\"1\" data-image-meta=\"{&quot;aperture&quot;:&quot;0&quot;,&quot;credit&quot;:&quot;&quot;,&quot;camera&quot;:&quot;&quot;,&quot;caption&quot;:&quot;&quot;,&quot;created_timestamp&quot;:&quot;0&quot;,&quot;copyright&quot;:&quot;&quot;,&quot;focal_length&quot;:&quot;0&quot;,&quot;iso&quot;:&quot;0&quot;,&quot;shutter_speed&quot;:&quot;0&quot;,&quot;title&quot;:&quot;&quot;,&quot;orientation&quot;:&quot;0&quot;}\" data-image-title=\"anja-rubik-e-capa-da-vogue-russia (6)\" data-image-description=\"\" data-image-caption=\"&lt;p&gt;Anja Rubik \u00e9 capa da Vogue R\u00fassia&lt;\/p&gt;\n\" data-medium-file=\"https:\/\/i0.wp.com\/agrund.com\/wp-content\/uploads\/sites\/6\/2014\/02\/anja-rubik-e-capa-da-vogue-russia-6.jpg?fit=232%2C300&amp;ssl=1\" data-large-file=\"https:\/\/i0.wp.com\/agrund.com\/wp-content\/uploads\/sites\/6\/2014\/02\/anja-rubik-e-capa-da-vogue-russia-6.jpg?fit=550%2C712&amp;ssl=1\" decoding=\"async\" loading=\"lazy\" class=\"size-large wp-image-96872\" alt=\"Anja Rubik \u00e9 capa da Vogue R\u00fassia\" src=\"https:\/\/i0.wp.com\/www.agrund.com\/wp-content\/uploads\/sites\/6\/cache\/2014\/02\/anja-rubik-e-capa-da-vogue-russia-6\/2006666898.jpg?resize=550%2C712\" width=\"550\" height=\"712\" data-recalc-dims=\"1\" \/><\/a><p id=\"caption-attachment-96872\" class=\"wp-caption-text\">Anja Rubik \u00e9 capa da Vogue R\u00fassia<\/p><\/div>\n<div id=\"attachment_96873\" style=\"width: 560px\" class=\"wp-caption aligncenter\"><a href=\"https:\/\/i0.wp.com\/www.agrund.com\/wp-content\/uploads\/sites\/6\/2014\/02\/anja-rubik-e-capa-da-vogue-russia-7.jpg\"><img aria-describedby=\"caption-attachment-96873\" data-attachment-id=\"96873\" data-permalink=\"https:\/\/agrund.com\/index.php\/anja-rubik-e-capa-da-vogue-russia\/anja-rubik-e-capa-da-vogue-russia-7\/\" data-orig-file=\"https:\/\/i0.wp.com\/agrund.com\/wp-content\/uploads\/sites\/6\/2014\/02\/anja-rubik-e-capa-da-vogue-russia-7.jpg?fit=550%2C712&amp;ssl=1\" data-orig-size=\"550,712\" data-comments-opened=\"1\" data-image-meta=\"{&quot;aperture&quot;:&quot;0&quot;,&quot;credit&quot;:&quot;&quot;,&quot;camera&quot;:&quot;&quot;,&quot;caption&quot;:&quot;&quot;,&quot;created_timestamp&quot;:&quot;0&quot;,&quot;copyright&quot;:&quot;&quot;,&quot;focal_length&quot;:&quot;0&quot;,&quot;iso&quot;:&quot;0&quot;,&quot;shutter_speed&quot;:&quot;0&quot;,&quot;title&quot;:&quot;&quot;,&quot;orientation&quot;:&quot;0&quot;}\" data-image-title=\"anja-rubik-e-capa-da-vogue-russia (7)\" data-image-description=\"\" data-image-caption=\"&lt;p&gt;Anja Rubik \u00e9 capa da Vogue R\u00fassia&lt;\/p&gt;\n\" data-medium-file=\"https:\/\/i0.wp.com\/agrund.com\/wp-content\/uploads\/sites\/6\/2014\/02\/anja-rubik-e-capa-da-vogue-russia-7.jpg?fit=232%2C300&amp;ssl=1\" data-large-file=\"https:\/\/i0.wp.com\/agrund.com\/wp-content\/uploads\/sites\/6\/2014\/02\/anja-rubik-e-capa-da-vogue-russia-7.jpg?fit=550%2C712&amp;ssl=1\" decoding=\"async\" loading=\"lazy\" class=\"size-large wp-image-96873\" alt=\"Anja Rubik \u00e9 capa da Vogue R\u00fassia\" src=\"https:\/\/i0.wp.com\/www.agrund.com\/wp-content\/uploads\/sites\/6\/cache\/2014\/02\/anja-rubik-e-capa-da-vogue-russia-7\/3140570636.jpg?resize=550%2C712\" width=\"550\" height=\"712\" data-recalc-dims=\"1\" \/><\/a><p id=\"caption-attachment-96873\" class=\"wp-caption-text\">Anja Rubik \u00e9 capa da Vogue R\u00fassia<\/p><\/div>\n<div id=\"attachment_96874\" style=\"width: 560px\" class=\"wp-caption aligncenter\"><a href=\"https:\/\/i0.wp.com\/www.agrund.com\/wp-content\/uploads\/sites\/6\/2014\/02\/anja-rubik-e-capa-da-vogue-russia-8.jpg\"><img aria-describedby=\"caption-attachment-96874\" data-attachment-id=\"96874\" data-permalink=\"https:\/\/agrund.com\/index.php\/anja-rubik-e-capa-da-vogue-russia\/anja-rubik-e-capa-da-vogue-russia-8\/\" data-orig-file=\"https:\/\/i0.wp.com\/agrund.com\/wp-content\/uploads\/sites\/6\/2014\/02\/anja-rubik-e-capa-da-vogue-russia-8.jpg?fit=550%2C712&amp;ssl=1\" data-orig-size=\"550,712\" data-comments-opened=\"1\" data-image-meta=\"{&quot;aperture&quot;:&quot;0&quot;,&quot;credit&quot;:&quot;&quot;,&quot;camera&quot;:&quot;&quot;,&quot;caption&quot;:&quot;&quot;,&quot;created_timestamp&quot;:&quot;0&quot;,&quot;copyright&quot;:&quot;&quot;,&quot;focal_length&quot;:&quot;0&quot;,&quot;iso&quot;:&quot;0&quot;,&quot;shutter_speed&quot;:&quot;0&quot;,&quot;title&quot;:&quot;&quot;,&quot;orientation&quot;:&quot;0&quot;}\" data-image-title=\"anja-rubik-e-capa-da-vogue-russia (8)\" data-image-description=\"\" data-image-caption=\"&lt;p&gt;Anja Rubik \u00e9 capa da Vogue R\u00fassia&lt;\/p&gt;\n\" data-medium-file=\"https:\/\/i0.wp.com\/agrund.com\/wp-content\/uploads\/sites\/6\/2014\/02\/anja-rubik-e-capa-da-vogue-russia-8.jpg?fit=232%2C300&amp;ssl=1\" data-large-file=\"https:\/\/i0.wp.com\/agrund.com\/wp-content\/uploads\/sites\/6\/2014\/02\/anja-rubik-e-capa-da-vogue-russia-8.jpg?fit=550%2C712&amp;ssl=1\" decoding=\"async\" loading=\"lazy\" class=\"size-large wp-image-96874\" alt=\"Anja Rubik \u00e9 capa da Vogue R\u00fassia\" src=\"https:\/\/i0.wp.com\/www.agrund.com\/wp-content\/uploads\/sites\/6\/cache\/2014\/02\/anja-rubik-e-capa-da-vogue-russia-8\/1645304992.jpg?resize=550%2C712\" width=\"550\" height=\"712\" data-recalc-dims=\"1\" \/><\/a><p id=\"caption-attachment-96874\" class=\"wp-caption-text\">Anja Rubik \u00e9 capa da Vogue R\u00fassia<\/p><\/div>\n<div id=\"attachment_96875\" style=\"width: 560px\" class=\"wp-caption aligncenter\"><a href=\"https:\/\/i0.wp.com\/www.agrund.com\/wp-content\/uploads\/sites\/6\/2014\/02\/anja-rubik-e-capa-da-vogue-russia-9.jpg\"><img aria-describedby=\"caption-attachment-96875\" data-attachment-id=\"96875\" data-permalink=\"https:\/\/agrund.com\/index.php\/anja-rubik-e-capa-da-vogue-russia\/anja-rubik-e-capa-da-vogue-russia-9\/\" data-orig-file=\"https:\/\/i0.wp.com\/agrund.com\/wp-content\/uploads\/sites\/6\/2014\/02\/anja-rubik-e-capa-da-vogue-russia-9.jpg?fit=550%2C712&amp;ssl=1\" data-orig-size=\"550,712\" data-comments-opened=\"1\" data-image-meta=\"{&quot;aperture&quot;:&quot;0&quot;,&quot;credit&quot;:&quot;&quot;,&quot;camera&quot;:&quot;&quot;,&quot;caption&quot;:&quot;&quot;,&quot;created_timestamp&quot;:&quot;0&quot;,&quot;copyright&quot;:&quot;&quot;,&quot;focal_length&quot;:&quot;0&quot;,&quot;iso&quot;:&quot;0&quot;,&quot;shutter_speed&quot;:&quot;0&quot;,&quot;title&quot;:&quot;&quot;,&quot;orientation&quot;:&quot;0&quot;}\" data-image-title=\"anja-rubik-e-capa-da-vogue-russia (9)\" data-image-description=\"\" data-image-caption=\"&lt;p&gt;Anja Rubik \u00e9 capa da Vogue R\u00fassia&lt;\/p&gt;\n\" data-medium-file=\"https:\/\/i0.wp.com\/agrund.com\/wp-content\/uploads\/sites\/6\/2014\/02\/anja-rubik-e-capa-da-vogue-russia-9.jpg?fit=232%2C300&amp;ssl=1\" data-large-file=\"https:\/\/i0.wp.com\/agrund.com\/wp-content\/uploads\/sites\/6\/2014\/02\/anja-rubik-e-capa-da-vogue-russia-9.jpg?fit=550%2C712&amp;ssl=1\" decoding=\"async\" loading=\"lazy\" class=\"size-large wp-image-96875\" alt=\"Anja Rubik \u00e9 capa da Vogue R\u00fassia\" src=\"https:\/\/i0.wp.com\/www.agrund.com\/wp-content\/uploads\/sites\/6\/cache\/2014\/02\/anja-rubik-e-capa-da-vogue-russia-9\/2931514430.jpg?resize=550%2C712\" width=\"550\" height=\"712\" data-recalc-dims=\"1\" \/><\/a><p id=\"caption-attachment-96875\" class=\"wp-caption-text\">Anja Rubik \u00e9 capa da Vogue R\u00fassia<\/p><\/div>\n<p>Imagens: Reprodu\u00e7\u00e3o.<\/p>\n","protected":false},"excerpt":{"rendered":"<p>Anja Rubik \u00e9 a garota da capa e estrela de um editorial da Vogue R\u00fassia, edi\u00e7\u00e3o Mar\u00e7o 2014. No clique principal de Patrick Demarchelier, a top aparece sexy vestindo, na verdade tirando, um macac\u00e3o metalizado na cor bronze, da Gucci. Nas imagens internas podemos conferir um editorial minimalista, sendo todas as pe\u00e7as metalizadas, provando assim [&hellip;]<\/p>\n","protected":false},"author":1,"featured_media":96876,"comment_status":"open","ping_status":"open","sticky":false,"template":"","format":"standard","meta":{"jetpack_post_was_ever_published":false,"_jetpack_newsletter_access":"","jetpack_publicize_message":"","jetpack_is_tweetstorm":false,"jetpack_publicize_feature_enabled":true,"jetpack_social_post_already_shared":true,"jetpack_social_options":{"image_generator_settings":{"template":"highway","enabled":false}}},"categories":[2],"tags":[],"jetpack_publicize_connections":[],"jetpack_featured_media_url":"https:\/\/i0.wp.com\/agrund.com\/wp-content\/uploads\/sites\/6\/2014\/02\/slide143.jpg?fit=960%2C300&ssl=1","jetpack_sharing_enabled":true,"jetpack_shortlink":"https:\/\/wp.me\/p3Hz0n-pcm","jetpack_likes_enabled":true,"_links":{"self":[{"href":"https:\/\/agrund.com\/index.php\/wp-json\/wp\/v2\/posts\/96866"}],"collection":[{"href":"https:\/\/agrund.com\/index.php\/wp-json\/wp\/v2\/posts"}],"about":[{"href":"https:\/\/agrund.com\/index.php\/wp-json\/wp\/v2\/types\/post"}],"author":[{"embeddable":true,"href":"https:\/\/agrund.com\/index.php\/wp-json\/wp\/v2\/users\/1"}],"replies":[{"embeddable":true,"href":"https:\/\/agrund.com\/index.php\/wp-json\/wp\/v2\/comments?post=96866"}],"version-history":[{"count":0,"href":"https:\/\/agrund.com\/index.php\/wp-json\/wp\/v2\/posts\/96866\/revisions"}],"wp:featuredmedia":[{"embeddable":true,"href":"https:\/\/agrund.com\/index.php\/wp-json\/wp\/v2\/media\/96876"}],"wp:attachment":[{"href":"https:\/\/agrund.com\/index.php\/wp-json\/wp\/v2\/media?parent=96866"}],"wp:term":[{"taxonomy":"category","embeddable":true,"href":"https:\/\/agrund.com\/index.php\/wp-json\/wp\/v2\/categories?post=96866"},{"taxonomy":"post_tag","embeddable":true,"href":"https:\/\/agrund.com\/index.php\/wp-json\/wp\/v2\/tags?post=96866"}],"curies":[{"name":"wp","href":"https:\/\/api.w.org\/{rel}","templated":true}]}}