{"id":96855,"date":"2014-02-18T17:00:40","date_gmt":"2014-02-18T20:00:40","guid":{"rendered":"http:\/\/www.agrund.com\/?p=96855"},"modified":"2014-02-18T16:19:46","modified_gmt":"2014-02-18T19:19:46","slug":"carnaval-domenica-cria-chinelos-das-escolas-de-samba-do-rio-de-janeiro","status":"publish","type":"post","link":"https:\/\/agrund.com\/index.php\/carnaval-domenica-cria-chinelos-das-escolas-de-samba-do-rio-de-janeiro\/","title":{"rendered":"Carnaval :: Domenica cria chinelos das escolas de samba do Rio de Janeiro"},"content":{"rendered":"<p>A Domenicca pensou num jeito bem divertido para voc\u00ea cair no samba e aproveitar os dias de folia com muito conforto, criando os chinelos de algumas das grandes escolas de samba do carnaval carioca. S\u00e3o dois modelos de estampas para cada uma das seguintes agremia\u00e7\u00f5es: Mangueira, Mocidade Independente, Portela, Salgueiro, Unidos da Tijuca, Uni\u00e3o da Ilha e Vila Isabel.<\/p>\n<p>Al\u00e9m da venda nas principais lojas do ramo cal\u00e7adista da Cidade Maravilhosa, os modelos tamb\u00e9m podem ser adquiridos na rede de lojas MGA. Os torcedores da Mangueira e da Uni\u00e3o da Ilha ainda t\u00eam a op\u00e7\u00e3o de comprar diretamente na quadra da escola. Os valores variam de R$ 25,00 a R$ 29,00, em qualquer estabelecimento. Para saber mais, acesse: www.domenicca.com.br<\/p>\n<div id=\"attachment_96856\" style=\"width: 560px\" class=\"wp-caption aligncenter\"><a href=\"https:\/\/i0.wp.com\/www.agrund.com\/wp-content\/uploads\/sites\/6\/2014\/02\/carnaval-domenica-cria-chinelos-das-escolas-de-samba-do-rio-de-janeiro-1.jpg\"><img aria-describedby=\"caption-attachment-96856\" data-attachment-id=\"96856\" data-permalink=\"https:\/\/agrund.com\/index.php\/carnaval-domenica-cria-chinelos-das-escolas-de-samba-do-rio-de-janeiro\/carnaval-domenica-cria-chinelos-das-escolas-de-samba-do-rio-de-janeiro-1\/\" data-orig-file=\"https:\/\/i0.wp.com\/agrund.com\/wp-content\/uploads\/sites\/6\/2014\/02\/carnaval-domenica-cria-chinelos-das-escolas-de-samba-do-rio-de-janeiro-1.jpg?fit=550%2C367&amp;ssl=1\" data-orig-size=\"550,367\" data-comments-opened=\"1\" data-image-meta=\"{&quot;aperture&quot;:&quot;0&quot;,&quot;credit&quot;:&quot;&quot;,&quot;camera&quot;:&quot;&quot;,&quot;caption&quot;:&quot;&quot;,&quot;created_timestamp&quot;:&quot;0&quot;,&quot;copyright&quot;:&quot;&quot;,&quot;focal_length&quot;:&quot;0&quot;,&quot;iso&quot;:&quot;0&quot;,&quot;shutter_speed&quot;:&quot;0&quot;,&quot;title&quot;:&quot;&quot;,&quot;orientation&quot;:&quot;0&quot;}\" data-image-title=\"carnaval-domenica-cria-chinelos-das-escolas-de-samba-do-rio-de-janeiro (1)\" data-image-description=\"\" data-image-caption=\"&lt;p&gt;Carnaval :: Domenica cria chinelos das escolas de samba do Rio de Janeiro &lt;\/p&gt;\n\" data-medium-file=\"https:\/\/i0.wp.com\/agrund.com\/wp-content\/uploads\/sites\/6\/2014\/02\/carnaval-domenica-cria-chinelos-das-escolas-de-samba-do-rio-de-janeiro-1.jpg?fit=300%2C200&amp;ssl=1\" data-large-file=\"https:\/\/i0.wp.com\/agrund.com\/wp-content\/uploads\/sites\/6\/2014\/02\/carnaval-domenica-cria-chinelos-das-escolas-de-samba-do-rio-de-janeiro-1.jpg?fit=550%2C367&amp;ssl=1\" decoding=\"async\" loading=\"lazy\" class=\"size-large wp-image-96856\" alt=\"Carnaval :: Domenica cria chinelos das escolas de samba do Rio de Janeiro \" src=\"https:\/\/i0.wp.com\/www.agrund.com\/wp-content\/uploads\/sites\/6\/cache\/2014\/02\/carnaval-domenica-cria-chinelos-das-escolas-de-samba-do-rio-de-janeiro-1\/2561831679.jpg?resize=550%2C367\" width=\"550\" height=\"367\" data-recalc-dims=\"1\" \/><\/a><p id=\"caption-attachment-96856\" class=\"wp-caption-text\">Carnaval :: Domenica cria chinelos das escolas de samba do Rio de Janeiro<\/p><\/div>\n<div id=\"attachment_96857\" style=\"width: 560px\" class=\"wp-caption aligncenter\"><a href=\"https:\/\/i0.wp.com\/www.agrund.com\/wp-content\/uploads\/sites\/6\/2014\/02\/carnaval-domenica-cria-chinelos-das-escolas-de-samba-do-rio-de-janeiro-2.jpg\"><img aria-describedby=\"caption-attachment-96857\" data-attachment-id=\"96857\" data-permalink=\"https:\/\/agrund.com\/index.php\/carnaval-domenica-cria-chinelos-das-escolas-de-samba-do-rio-de-janeiro\/carnaval-domenica-cria-chinelos-das-escolas-de-samba-do-rio-de-janeiro-2\/\" data-orig-file=\"https:\/\/i0.wp.com\/agrund.com\/wp-content\/uploads\/sites\/6\/2014\/02\/carnaval-domenica-cria-chinelos-das-escolas-de-samba-do-rio-de-janeiro-2.jpg?fit=550%2C367&amp;ssl=1\" data-orig-size=\"550,367\" data-comments-opened=\"1\" data-image-meta=\"{&quot;aperture&quot;:&quot;0&quot;,&quot;credit&quot;:&quot;&quot;,&quot;camera&quot;:&quot;&quot;,&quot;caption&quot;:&quot;&quot;,&quot;created_timestamp&quot;:&quot;0&quot;,&quot;copyright&quot;:&quot;&quot;,&quot;focal_length&quot;:&quot;0&quot;,&quot;iso&quot;:&quot;0&quot;,&quot;shutter_speed&quot;:&quot;0&quot;,&quot;title&quot;:&quot;&quot;,&quot;orientation&quot;:&quot;0&quot;}\" data-image-title=\"carnaval-domenica-cria-chinelos-das-escolas-de-samba-do-rio-de-janeiro (2)\" data-image-description=\"\" data-image-caption=\"&lt;p&gt;Carnaval :: Domenica cria chinelos das escolas de samba do Rio de Janeiro &lt;\/p&gt;\n\" data-medium-file=\"https:\/\/i0.wp.com\/agrund.com\/wp-content\/uploads\/sites\/6\/2014\/02\/carnaval-domenica-cria-chinelos-das-escolas-de-samba-do-rio-de-janeiro-2.jpg?fit=300%2C200&amp;ssl=1\" data-large-file=\"https:\/\/i0.wp.com\/agrund.com\/wp-content\/uploads\/sites\/6\/2014\/02\/carnaval-domenica-cria-chinelos-das-escolas-de-samba-do-rio-de-janeiro-2.jpg?fit=550%2C367&amp;ssl=1\" decoding=\"async\" loading=\"lazy\" class=\"size-large wp-image-96857\" alt=\"Carnaval :: Domenica cria chinelos das escolas de samba do Rio de Janeiro \" src=\"https:\/\/i0.wp.com\/www.agrund.com\/wp-content\/uploads\/sites\/6\/cache\/2014\/02\/carnaval-domenica-cria-chinelos-das-escolas-de-samba-do-rio-de-janeiro-2\/373126428.jpg?resize=550%2C367\" width=\"550\" height=\"367\" data-recalc-dims=\"1\" \/><\/a><p id=\"caption-attachment-96857\" class=\"wp-caption-text\">Carnaval :: Domenica cria chinelos das escolas de samba do Rio de Janeiro<\/p><\/div>\n<div id=\"attachment_96858\" style=\"width: 560px\" class=\"wp-caption aligncenter\"><a href=\"https:\/\/i0.wp.com\/www.agrund.com\/wp-content\/uploads\/sites\/6\/2014\/02\/carnaval-domenica-cria-chinelos-das-escolas-de-samba-do-rio-de-janeiro-3.jpg\"><img aria-describedby=\"caption-attachment-96858\" data-attachment-id=\"96858\" data-permalink=\"https:\/\/agrund.com\/index.php\/carnaval-domenica-cria-chinelos-das-escolas-de-samba-do-rio-de-janeiro\/carnaval-domenica-cria-chinelos-das-escolas-de-samba-do-rio-de-janeiro-3\/\" data-orig-file=\"https:\/\/i0.wp.com\/agrund.com\/wp-content\/uploads\/sites\/6\/2014\/02\/carnaval-domenica-cria-chinelos-das-escolas-de-samba-do-rio-de-janeiro-3.jpg?fit=550%2C367&amp;ssl=1\" data-orig-size=\"550,367\" data-comments-opened=\"1\" data-image-meta=\"{&quot;aperture&quot;:&quot;0&quot;,&quot;credit&quot;:&quot;&quot;,&quot;camera&quot;:&quot;&quot;,&quot;caption&quot;:&quot;&quot;,&quot;created_timestamp&quot;:&quot;0&quot;,&quot;copyright&quot;:&quot;&quot;,&quot;focal_length&quot;:&quot;0&quot;,&quot;iso&quot;:&quot;0&quot;,&quot;shutter_speed&quot;:&quot;0&quot;,&quot;title&quot;:&quot;&quot;,&quot;orientation&quot;:&quot;0&quot;}\" data-image-title=\"carnaval-domenica-cria-chinelos-das-escolas-de-samba-do-rio-de-janeiro (3)\" data-image-description=\"\" data-image-caption=\"&lt;p&gt;Carnaval :: Domenica cria chinelos das escolas de samba do Rio de Janeiro &lt;\/p&gt;\n\" data-medium-file=\"https:\/\/i0.wp.com\/agrund.com\/wp-content\/uploads\/sites\/6\/2014\/02\/carnaval-domenica-cria-chinelos-das-escolas-de-samba-do-rio-de-janeiro-3.jpg?fit=300%2C200&amp;ssl=1\" data-large-file=\"https:\/\/i0.wp.com\/agrund.com\/wp-content\/uploads\/sites\/6\/2014\/02\/carnaval-domenica-cria-chinelos-das-escolas-de-samba-do-rio-de-janeiro-3.jpg?fit=550%2C367&amp;ssl=1\" decoding=\"async\" loading=\"lazy\" class=\"size-large wp-image-96858\" alt=\"Carnaval :: Domenica cria chinelos das escolas de samba do Rio de Janeiro \" src=\"https:\/\/i0.wp.com\/www.agrund.com\/wp-content\/uploads\/sites\/6\/cache\/2014\/02\/carnaval-domenica-cria-chinelos-das-escolas-de-samba-do-rio-de-janeiro-3\/3667359106.jpg?resize=550%2C367\" width=\"550\" height=\"367\" data-recalc-dims=\"1\" \/><\/a><p id=\"caption-attachment-96858\" class=\"wp-caption-text\">Carnaval :: Domenica cria chinelos das escolas de samba do Rio de Janeiro<\/p><\/div>\n<div id=\"attachment_96859\" style=\"width: 560px\" class=\"wp-caption aligncenter\"><a href=\"https:\/\/i0.wp.com\/www.agrund.com\/wp-content\/uploads\/sites\/6\/2014\/02\/carnaval-domenica-cria-chinelos-das-escolas-de-samba-do-rio-de-janeiro-4.jpg\"><img aria-describedby=\"caption-attachment-96859\" data-attachment-id=\"96859\" data-permalink=\"https:\/\/agrund.com\/index.php\/carnaval-domenica-cria-chinelos-das-escolas-de-samba-do-rio-de-janeiro\/carnaval-domenica-cria-chinelos-das-escolas-de-samba-do-rio-de-janeiro-4\/\" data-orig-file=\"https:\/\/i0.wp.com\/agrund.com\/wp-content\/uploads\/sites\/6\/2014\/02\/carnaval-domenica-cria-chinelos-das-escolas-de-samba-do-rio-de-janeiro-4.jpg?fit=550%2C367&amp;ssl=1\" data-orig-size=\"550,367\" data-comments-opened=\"1\" data-image-meta=\"{&quot;aperture&quot;:&quot;0&quot;,&quot;credit&quot;:&quot;&quot;,&quot;camera&quot;:&quot;&quot;,&quot;caption&quot;:&quot;&quot;,&quot;created_timestamp&quot;:&quot;0&quot;,&quot;copyright&quot;:&quot;&quot;,&quot;focal_length&quot;:&quot;0&quot;,&quot;iso&quot;:&quot;0&quot;,&quot;shutter_speed&quot;:&quot;0&quot;,&quot;title&quot;:&quot;&quot;,&quot;orientation&quot;:&quot;0&quot;}\" data-image-title=\"carnaval-domenica-cria-chinelos-das-escolas-de-samba-do-rio-de-janeiro (4)\" data-image-description=\"\" data-image-caption=\"&lt;p&gt;Carnaval :: Domenica cria chinelos das escolas de samba do Rio de Janeiro &lt;\/p&gt;\n\" data-medium-file=\"https:\/\/i0.wp.com\/agrund.com\/wp-content\/uploads\/sites\/6\/2014\/02\/carnaval-domenica-cria-chinelos-das-escolas-de-samba-do-rio-de-janeiro-4.jpg?fit=300%2C200&amp;ssl=1\" data-large-file=\"https:\/\/i0.wp.com\/agrund.com\/wp-content\/uploads\/sites\/6\/2014\/02\/carnaval-domenica-cria-chinelos-das-escolas-de-samba-do-rio-de-janeiro-4.jpg?fit=550%2C367&amp;ssl=1\" decoding=\"async\" loading=\"lazy\" class=\"size-large wp-image-96859\" alt=\"Carnaval :: Domenica cria chinelos das escolas de samba do Rio de Janeiro \" src=\"https:\/\/i0.wp.com\/www.agrund.com\/wp-content\/uploads\/sites\/6\/cache\/2014\/02\/carnaval-domenica-cria-chinelos-das-escolas-de-samba-do-rio-de-janeiro-4\/3495066779.jpg?resize=550%2C367\" width=\"550\" height=\"367\" data-recalc-dims=\"1\" \/><\/a><p id=\"caption-attachment-96859\" class=\"wp-caption-text\">Carnaval :: Domenica cria chinelos das escolas de samba do Rio de Janeiro<\/p><\/div>\n<p>Imagens: Divulga\u00e7\u00e3o.<\/p>\n","protected":false},"excerpt":{"rendered":"<p>A Domenicca pensou num jeito bem divertido para voc\u00ea cair no samba e aproveitar os dias de folia com muito conforto, criando os chinelos de algumas das grandes escolas de samba do carnaval carioca. S\u00e3o dois modelos de estampas para cada uma das seguintes agremia\u00e7\u00f5es: Mangueira, Mocidade Independente, Portela, Salgueiro, Unidos da Tijuca, Uni\u00e3o da [&hellip;]<\/p>\n","protected":false},"author":1,"featured_media":96860,"comment_status":"open","ping_status":"open","sticky":false,"template":"","format":"standard","meta":{"jetpack_post_was_ever_published":false,"_jetpack_newsletter_access":"","jetpack_publicize_message":"","jetpack_is_tweetstorm":false,"jetpack_publicize_feature_enabled":true,"jetpack_social_post_already_shared":true,"jetpack_social_options":{"image_generator_settings":{"template":"highway","enabled":false}}},"categories":[2],"tags":[],"jetpack_publicize_connections":[],"jetpack_featured_media_url":"https:\/\/i0.wp.com\/agrund.com\/wp-content\/uploads\/sites\/6\/2014\/02\/slidechinelos.jpg?fit=960%2C300&ssl=1","jetpack_sharing_enabled":true,"jetpack_shortlink":"https:\/\/wp.me\/p3Hz0n-pcb","jetpack_likes_enabled":true,"_links":{"self":[{"href":"https:\/\/agrund.com\/index.php\/wp-json\/wp\/v2\/posts\/96855"}],"collection":[{"href":"https:\/\/agrund.com\/index.php\/wp-json\/wp\/v2\/posts"}],"about":[{"href":"https:\/\/agrund.com\/index.php\/wp-json\/wp\/v2\/types\/post"}],"author":[{"embeddable":true,"href":"https:\/\/agrund.com\/index.php\/wp-json\/wp\/v2\/users\/1"}],"replies":[{"embeddable":true,"href":"https:\/\/agrund.com\/index.php\/wp-json\/wp\/v2\/comments?post=96855"}],"version-history":[{"count":0,"href":"https:\/\/agrund.com\/index.php\/wp-json\/wp\/v2\/posts\/96855\/revisions"}],"wp:featuredmedia":[{"embeddable":true,"href":"https:\/\/agrund.com\/index.php\/wp-json\/wp\/v2\/media\/96860"}],"wp:attachment":[{"href":"https:\/\/agrund.com\/index.php\/wp-json\/wp\/v2\/media?parent=96855"}],"wp:term":[{"taxonomy":"category","embeddable":true,"href":"https:\/\/agrund.com\/index.php\/wp-json\/wp\/v2\/categories?post=96855"},{"taxonomy":"post_tag","embeddable":true,"href":"https:\/\/agrund.com\/index.php\/wp-json\/wp\/v2\/tags?post=96855"}],"curies":[{"name":"wp","href":"https:\/\/api.w.org\/{rel}","templated":true}]}}