{"id":96811,"date":"2014-02-18T15:00:51","date_gmt":"2014-02-18T18:00:51","guid":{"rendered":"http:\/\/www.agrund.com\/?p=96811"},"modified":"2014-02-18T12:51:50","modified_gmt":"2014-02-18T15:51:50","slug":"lancamento-quem-disse-berenice-lanca-linha-de-sobrancelha-e-delineador-em-gel","status":"publish","type":"post","link":"https:\/\/agrund.com\/index.php\/lancamento-quem-disse-berenice-lanca-linha-de-sobrancelha-e-delineador-em-gel\/","title":{"rendered":"Lan\u00e7amento :: quem disse, berenice? lan\u00e7a linha de sobrancelha e delineador em gel"},"content":{"rendered":"<p>A quem disse, berenice? acredita que a sobrancelha \u00e9 parte da identidade e da personalidade de cada mulher. Por isso, para incentivar a mulher a &#8220;assinar&#8221; seu olhar, a marca apresenta uma linha extensa de produtos espec\u00edficos para essa categoria. S\u00e3o 6 produtos que prometem deixar a express\u00e3o do olhar mais completa: l\u00e1pis duplos, caneta sobrancelha, ideal para desenhar pelo por pelo para que a sobrancelha fique bem definida;, gel, pincel duplo e pin\u00e7a.<\/p>\n<p>No embalo desses lan\u00e7mentos, a marca tamb\u00e9m lan\u00e7a o delineador em gel, para facilitar o delineado e permitir que mais mulheres, mesmo aquelas que n\u00e3o t\u00eam tanta pr\u00e1tica, consigam um resultado super bonito. O produto \u00e9 f\u00e1cil de aplicar, tem longa dura\u00e7\u00e3o e \u00e9 \u00e0 prova d\u00b4\u00e1gua.<\/p>\n<p>As novidades chegam \u00e0s lojas e e-commerce da quem disse, berenice? a partir do dia 5 de mar\u00e7o.<\/p>\n<div id=\"attachment_96812\" style=\"width: 560px\" class=\"wp-caption aligncenter\"><a href=\"https:\/\/i0.wp.com\/www.agrund.com\/wp-content\/uploads\/sites\/6\/2014\/02\/lancamento-quem-disse-berenice-lanca-linha-de-sobrancelha-e-delineador-em-gel-1.jpg\"><img aria-describedby=\"caption-attachment-96812\" data-attachment-id=\"96812\" data-permalink=\"https:\/\/agrund.com\/index.php\/lancamento-quem-disse-berenice-lanca-linha-de-sobrancelha-e-delineador-em-gel\/lancamento-quem-disse-berenice-lanca-linha-de-sobrancelha-e-delineador-em-gel-1\/\" data-orig-file=\"https:\/\/i0.wp.com\/agrund.com\/wp-content\/uploads\/sites\/6\/2014\/02\/lancamento-quem-disse-berenice-lanca-linha-de-sobrancelha-e-delineador-em-gel-1.jpg?fit=550%2C650&amp;ssl=1\" data-orig-size=\"550,650\" data-comments-opened=\"1\" data-image-meta=\"{&quot;aperture&quot;:&quot;0&quot;,&quot;credit&quot;:&quot;&quot;,&quot;camera&quot;:&quot;&quot;,&quot;caption&quot;:&quot;&quot;,&quot;created_timestamp&quot;:&quot;0&quot;,&quot;copyright&quot;:&quot;&quot;,&quot;focal_length&quot;:&quot;0&quot;,&quot;iso&quot;:&quot;0&quot;,&quot;shutter_speed&quot;:&quot;0&quot;,&quot;title&quot;:&quot;&quot;,&quot;orientation&quot;:&quot;0&quot;}\" data-image-title=\"lancamento-quem-disse-berenice-lanca-linha-de-sobrancelha-e-delineador-em-gel (1)\" data-image-description=\"\" data-image-caption=\"&lt;p&gt; Lan\u00e7amento :: quem disse, berenice? lan\u00e7a linha de sobrancelha e delineador em gel &lt;\/p&gt;\n\" data-medium-file=\"https:\/\/i0.wp.com\/agrund.com\/wp-content\/uploads\/sites\/6\/2014\/02\/lancamento-quem-disse-berenice-lanca-linha-de-sobrancelha-e-delineador-em-gel-1.jpg?fit=254%2C300&amp;ssl=1\" data-large-file=\"https:\/\/i0.wp.com\/agrund.com\/wp-content\/uploads\/sites\/6\/2014\/02\/lancamento-quem-disse-berenice-lanca-linha-de-sobrancelha-e-delineador-em-gel-1.jpg?fit=550%2C650&amp;ssl=1\" decoding=\"async\" loading=\"lazy\" class=\"size-large wp-image-96812\" alt=\" Lan\u00e7amento :: quem disse, berenice? lan\u00e7a linha de sobrancelha e delineador em gel \" src=\"https:\/\/i0.wp.com\/www.agrund.com\/wp-content\/uploads\/sites\/6\/cache\/2014\/02\/lancamento-quem-disse-berenice-lanca-linha-de-sobrancelha-e-delineador-em-gel-1\/4228677506.jpg?resize=550%2C650\" width=\"550\" height=\"650\" data-recalc-dims=\"1\" \/><\/a><p id=\"caption-attachment-96812\" class=\"wp-caption-text\">Lan\u00e7amento :: quem disse, berenice? lan\u00e7a linha de sobrancelha e delineador em gel<\/p><\/div>\n<div id=\"attachment_96813\" style=\"width: 560px\" class=\"wp-caption aligncenter\"><a href=\"https:\/\/i0.wp.com\/www.agrund.com\/wp-content\/uploads\/sites\/6\/2014\/02\/lancamento-quem-disse-berenice-lanca-linha-de-sobrancelha-e-delineador-em-gel-2.jpg\"><img aria-describedby=\"caption-attachment-96813\" data-attachment-id=\"96813\" data-permalink=\"https:\/\/agrund.com\/index.php\/lancamento-quem-disse-berenice-lanca-linha-de-sobrancelha-e-delineador-em-gel\/lancamento-quem-disse-berenice-lanca-linha-de-sobrancelha-e-delineador-em-gel-2\/\" data-orig-file=\"https:\/\/i0.wp.com\/agrund.com\/wp-content\/uploads\/sites\/6\/2014\/02\/lancamento-quem-disse-berenice-lanca-linha-de-sobrancelha-e-delineador-em-gel-2.jpg?fit=550%2C455&amp;ssl=1\" data-orig-size=\"550,455\" data-comments-opened=\"1\" data-image-meta=\"{&quot;aperture&quot;:&quot;0&quot;,&quot;credit&quot;:&quot;&quot;,&quot;camera&quot;:&quot;&quot;,&quot;caption&quot;:&quot;&quot;,&quot;created_timestamp&quot;:&quot;0&quot;,&quot;copyright&quot;:&quot;&quot;,&quot;focal_length&quot;:&quot;0&quot;,&quot;iso&quot;:&quot;0&quot;,&quot;shutter_speed&quot;:&quot;0&quot;,&quot;title&quot;:&quot;&quot;,&quot;orientation&quot;:&quot;0&quot;}\" data-image-title=\"lancamento-quem-disse-berenice-lanca-linha-de-sobrancelha-e-delineador-em-gel (2)\" data-image-description=\"\" data-image-caption=\"&lt;p&gt; Lan\u00e7amento :: quem disse, berenice? lan\u00e7a linha de sobrancelha e delineador em gel &lt;\/p&gt;\n\" data-medium-file=\"https:\/\/i0.wp.com\/agrund.com\/wp-content\/uploads\/sites\/6\/2014\/02\/lancamento-quem-disse-berenice-lanca-linha-de-sobrancelha-e-delineador-em-gel-2.jpg?fit=300%2C248&amp;ssl=1\" data-large-file=\"https:\/\/i0.wp.com\/agrund.com\/wp-content\/uploads\/sites\/6\/2014\/02\/lancamento-quem-disse-berenice-lanca-linha-de-sobrancelha-e-delineador-em-gel-2.jpg?fit=550%2C455&amp;ssl=1\" decoding=\"async\" loading=\"lazy\" class=\"size-large wp-image-96813\" alt=\" Lan\u00e7amento :: quem disse, berenice? lan\u00e7a linha de sobrancelha e delineador em gel \" src=\"https:\/\/i0.wp.com\/www.agrund.com\/wp-content\/uploads\/sites\/6\/cache\/2014\/02\/lancamento-quem-disse-berenice-lanca-linha-de-sobrancelha-e-delineador-em-gel-2\/1921218657.jpg?resize=550%2C455\" width=\"550\" height=\"455\" data-recalc-dims=\"1\" \/><\/a><p id=\"caption-attachment-96813\" class=\"wp-caption-text\">Lan\u00e7amento :: quem disse, berenice? lan\u00e7a linha de sobrancelha e delineador em gel<\/p><\/div>\n<div id=\"attachment_96814\" style=\"width: 560px\" class=\"wp-caption aligncenter\"><a href=\"https:\/\/i0.wp.com\/www.agrund.com\/wp-content\/uploads\/sites\/6\/2014\/02\/lancamento-quem-disse-berenice-lanca-linha-de-sobrancelha-e-delineador-em-gel-3.jpg\"><img aria-describedby=\"caption-attachment-96814\" data-attachment-id=\"96814\" data-permalink=\"https:\/\/agrund.com\/index.php\/lancamento-quem-disse-berenice-lanca-linha-de-sobrancelha-e-delineador-em-gel\/lancamento-quem-disse-berenice-lanca-linha-de-sobrancelha-e-delineador-em-gel-3\/\" data-orig-file=\"https:\/\/i0.wp.com\/agrund.com\/wp-content\/uploads\/sites\/6\/2014\/02\/lancamento-quem-disse-berenice-lanca-linha-de-sobrancelha-e-delineador-em-gel-3.jpg?fit=550%2C576&amp;ssl=1\" data-orig-size=\"550,576\" data-comments-opened=\"1\" data-image-meta=\"{&quot;aperture&quot;:&quot;0&quot;,&quot;credit&quot;:&quot;&quot;,&quot;camera&quot;:&quot;&quot;,&quot;caption&quot;:&quot;&quot;,&quot;created_timestamp&quot;:&quot;0&quot;,&quot;copyright&quot;:&quot;&quot;,&quot;focal_length&quot;:&quot;0&quot;,&quot;iso&quot;:&quot;0&quot;,&quot;shutter_speed&quot;:&quot;0&quot;,&quot;title&quot;:&quot;&quot;,&quot;orientation&quot;:&quot;0&quot;}\" data-image-title=\"lancamento-quem-disse-berenice-lanca-linha-de-sobrancelha-e-delineador-em-gel (3)\" data-image-description=\"\" data-image-caption=\"&lt;p&gt; Lan\u00e7amento :: quem disse, berenice? lan\u00e7a linha de sobrancelha e delineador em gel &lt;\/p&gt;\n\" data-medium-file=\"https:\/\/i0.wp.com\/agrund.com\/wp-content\/uploads\/sites\/6\/2014\/02\/lancamento-quem-disse-berenice-lanca-linha-de-sobrancelha-e-delineador-em-gel-3.jpg?fit=286%2C300&amp;ssl=1\" data-large-file=\"https:\/\/i0.wp.com\/agrund.com\/wp-content\/uploads\/sites\/6\/2014\/02\/lancamento-quem-disse-berenice-lanca-linha-de-sobrancelha-e-delineador-em-gel-3.jpg?fit=550%2C576&amp;ssl=1\" decoding=\"async\" loading=\"lazy\" class=\"size-large wp-image-96814\" alt=\" Lan\u00e7amento :: quem disse, berenice? lan\u00e7a linha de sobrancelha e delineador em gel \" src=\"https:\/\/i0.wp.com\/www.agrund.com\/wp-content\/uploads\/sites\/6\/cache\/2014\/02\/lancamento-quem-disse-berenice-lanca-linha-de-sobrancelha-e-delineador-em-gel-3\/3190388991.jpg?resize=550%2C576\" width=\"550\" height=\"576\" data-recalc-dims=\"1\" \/><\/a><p id=\"caption-attachment-96814\" class=\"wp-caption-text\">Lan\u00e7amento :: quem disse, berenice? lan\u00e7a linha de sobrancelha e delineador em gel<\/p><\/div>\n<div id=\"attachment_96815\" style=\"width: 560px\" class=\"wp-caption aligncenter\"><a href=\"https:\/\/i0.wp.com\/www.agrund.com\/wp-content\/uploads\/sites\/6\/2014\/02\/lancamento-quem-disse-berenice-lanca-linha-de-sobrancelha-e-delineador-em-gel-4.jpg\"><img aria-describedby=\"caption-attachment-96815\" data-attachment-id=\"96815\" data-permalink=\"https:\/\/agrund.com\/index.php\/lancamento-quem-disse-berenice-lanca-linha-de-sobrancelha-e-delineador-em-gel\/lancamento-quem-disse-berenice-lanca-linha-de-sobrancelha-e-delineador-em-gel-4\/\" data-orig-file=\"https:\/\/i0.wp.com\/agrund.com\/wp-content\/uploads\/sites\/6\/2014\/02\/lancamento-quem-disse-berenice-lanca-linha-de-sobrancelha-e-delineador-em-gel-4.jpg?fit=550%2C367&amp;ssl=1\" data-orig-size=\"550,367\" data-comments-opened=\"1\" data-image-meta=\"{&quot;aperture&quot;:&quot;0&quot;,&quot;credit&quot;:&quot;&quot;,&quot;camera&quot;:&quot;&quot;,&quot;caption&quot;:&quot;&quot;,&quot;created_timestamp&quot;:&quot;0&quot;,&quot;copyright&quot;:&quot;&quot;,&quot;focal_length&quot;:&quot;0&quot;,&quot;iso&quot;:&quot;0&quot;,&quot;shutter_speed&quot;:&quot;0&quot;,&quot;title&quot;:&quot;&quot;,&quot;orientation&quot;:&quot;0&quot;}\" data-image-title=\"lancamento-quem-disse-berenice-lanca-linha-de-sobrancelha-e-delineador-em-gel (4)\" data-image-description=\"\" data-image-caption=\"&lt;p&gt; Lan\u00e7amento :: quem disse, berenice? lan\u00e7a linha de sobrancelha e delineador em gel &lt;\/p&gt;\n\" data-medium-file=\"https:\/\/i0.wp.com\/agrund.com\/wp-content\/uploads\/sites\/6\/2014\/02\/lancamento-quem-disse-berenice-lanca-linha-de-sobrancelha-e-delineador-em-gel-4.jpg?fit=300%2C200&amp;ssl=1\" data-large-file=\"https:\/\/i0.wp.com\/agrund.com\/wp-content\/uploads\/sites\/6\/2014\/02\/lancamento-quem-disse-berenice-lanca-linha-de-sobrancelha-e-delineador-em-gel-4.jpg?fit=550%2C367&amp;ssl=1\" decoding=\"async\" loading=\"lazy\" class=\"size-large wp-image-96815\" alt=\" Lan\u00e7amento :: quem disse, berenice? lan\u00e7a linha de sobrancelha e delineador em gel \" src=\"https:\/\/i0.wp.com\/www.agrund.com\/wp-content\/uploads\/sites\/6\/cache\/2014\/02\/lancamento-quem-disse-berenice-lanca-linha-de-sobrancelha-e-delineador-em-gel-4\/3035394534.jpg?resize=550%2C367\" width=\"550\" height=\"367\" data-recalc-dims=\"1\" \/><\/a><p id=\"caption-attachment-96815\" class=\"wp-caption-text\">Lan\u00e7amento :: quem disse, berenice? lan\u00e7a linha de sobrancelha e delineador em gel<\/p><\/div>\n<div id=\"attachment_96816\" style=\"width: 560px\" class=\"wp-caption aligncenter\"><a href=\"https:\/\/i0.wp.com\/www.agrund.com\/wp-content\/uploads\/sites\/6\/2014\/02\/lancamento-quem-disse-berenice-lanca-linha-de-sobrancelha-e-delineador-em-gel-5.jpg\"><img aria-describedby=\"caption-attachment-96816\" data-attachment-id=\"96816\" data-permalink=\"https:\/\/agrund.com\/index.php\/lancamento-quem-disse-berenice-lanca-linha-de-sobrancelha-e-delineador-em-gel\/lancamento-quem-disse-berenice-lanca-linha-de-sobrancelha-e-delineador-em-gel-5\/\" data-orig-file=\"https:\/\/i0.wp.com\/agrund.com\/wp-content\/uploads\/sites\/6\/2014\/02\/lancamento-quem-disse-berenice-lanca-linha-de-sobrancelha-e-delineador-em-gel-5.jpg?fit=550%2C367&amp;ssl=1\" data-orig-size=\"550,367\" data-comments-opened=\"1\" data-image-meta=\"{&quot;aperture&quot;:&quot;0&quot;,&quot;credit&quot;:&quot;&quot;,&quot;camera&quot;:&quot;&quot;,&quot;caption&quot;:&quot;&quot;,&quot;created_timestamp&quot;:&quot;0&quot;,&quot;copyright&quot;:&quot;&quot;,&quot;focal_length&quot;:&quot;0&quot;,&quot;iso&quot;:&quot;0&quot;,&quot;shutter_speed&quot;:&quot;0&quot;,&quot;title&quot;:&quot;&quot;,&quot;orientation&quot;:&quot;0&quot;}\" data-image-title=\"lancamento-quem-disse-berenice-lanca-linha-de-sobrancelha-e-delineador-em-gel (5)\" data-image-description=\"\" data-image-caption=\"&lt;p&gt; Lan\u00e7amento :: quem disse, berenice? lan\u00e7a linha de sobrancelha e delineador em gel &lt;\/p&gt;\n\" data-medium-file=\"https:\/\/i0.wp.com\/agrund.com\/wp-content\/uploads\/sites\/6\/2014\/02\/lancamento-quem-disse-berenice-lanca-linha-de-sobrancelha-e-delineador-em-gel-5.jpg?fit=300%2C200&amp;ssl=1\" data-large-file=\"https:\/\/i0.wp.com\/agrund.com\/wp-content\/uploads\/sites\/6\/2014\/02\/lancamento-quem-disse-berenice-lanca-linha-de-sobrancelha-e-delineador-em-gel-5.jpg?fit=550%2C367&amp;ssl=1\" decoding=\"async\" loading=\"lazy\" class=\"size-large wp-image-96816\" alt=\" Lan\u00e7amento :: quem disse, berenice? lan\u00e7a linha de sobrancelha e delineador em gel \" src=\"https:\/\/i0.wp.com\/www.agrund.com\/wp-content\/uploads\/sites\/6\/cache\/2014\/02\/lancamento-quem-disse-berenice-lanca-linha-de-sobrancelha-e-delineador-em-gel-5\/2017882488.jpg?resize=550%2C367\" width=\"550\" height=\"367\" data-recalc-dims=\"1\" \/><\/a><p id=\"caption-attachment-96816\" class=\"wp-caption-text\">Lan\u00e7amento :: quem disse, berenice? lan\u00e7a linha de sobrancelha e delineador em gel<\/p><\/div>\n<div id=\"attachment_96817\" style=\"width: 560px\" class=\"wp-caption aligncenter\"><a href=\"https:\/\/i0.wp.com\/www.agrund.com\/wp-content\/uploads\/sites\/6\/2014\/02\/lancamento-quem-disse-berenice-lanca-linha-de-sobrancelha-e-delineador-em-gel-6.jpg\"><img aria-describedby=\"caption-attachment-96817\" data-attachment-id=\"96817\" data-permalink=\"https:\/\/agrund.com\/index.php\/lancamento-quem-disse-berenice-lanca-linha-de-sobrancelha-e-delineador-em-gel\/lancamento-quem-disse-berenice-lanca-linha-de-sobrancelha-e-delineador-em-gel-6\/\" data-orig-file=\"https:\/\/i0.wp.com\/agrund.com\/wp-content\/uploads\/sites\/6\/2014\/02\/lancamento-quem-disse-berenice-lanca-linha-de-sobrancelha-e-delineador-em-gel-6.jpg?fit=550%2C612&amp;ssl=1\" data-orig-size=\"550,612\" data-comments-opened=\"1\" data-image-meta=\"{&quot;aperture&quot;:&quot;0&quot;,&quot;credit&quot;:&quot;&quot;,&quot;camera&quot;:&quot;&quot;,&quot;caption&quot;:&quot;&quot;,&quot;created_timestamp&quot;:&quot;0&quot;,&quot;copyright&quot;:&quot;&quot;,&quot;focal_length&quot;:&quot;0&quot;,&quot;iso&quot;:&quot;0&quot;,&quot;shutter_speed&quot;:&quot;0&quot;,&quot;title&quot;:&quot;&quot;,&quot;orientation&quot;:&quot;0&quot;}\" data-image-title=\"lancamento-quem-disse-berenice-lanca-linha-de-sobrancelha-e-delineador-em-gel (6)\" data-image-description=\"\" data-image-caption=\"&lt;p&gt; Lan\u00e7amento :: quem disse, berenice? lan\u00e7a linha de sobrancelha e delineador em gel &lt;\/p&gt;\n\" data-medium-file=\"https:\/\/i0.wp.com\/agrund.com\/wp-content\/uploads\/sites\/6\/2014\/02\/lancamento-quem-disse-berenice-lanca-linha-de-sobrancelha-e-delineador-em-gel-6.jpg?fit=270%2C300&amp;ssl=1\" data-large-file=\"https:\/\/i0.wp.com\/agrund.com\/wp-content\/uploads\/sites\/6\/2014\/02\/lancamento-quem-disse-berenice-lanca-linha-de-sobrancelha-e-delineador-em-gel-6.jpg?fit=550%2C612&amp;ssl=1\" decoding=\"async\" loading=\"lazy\" class=\"size-large wp-image-96817\" alt=\" Lan\u00e7amento :: quem disse, berenice? lan\u00e7a linha de sobrancelha e delineador em gel \" src=\"https:\/\/i0.wp.com\/www.agrund.com\/wp-content\/uploads\/sites\/6\/cache\/2014\/02\/lancamento-quem-disse-berenice-lanca-linha-de-sobrancelha-e-delineador-em-gel-6\/4140398235.jpg?resize=550%2C612\" width=\"550\" height=\"612\" data-recalc-dims=\"1\" \/><\/a><p id=\"caption-attachment-96817\" class=\"wp-caption-text\">Lan\u00e7amento :: quem disse, berenice? lan\u00e7a linha de sobrancelha e delineador em gel<\/p><\/div>\n<p>Imagens: Divulga\u00e7\u00e3o.<\/p>\n","protected":false},"excerpt":{"rendered":"<p>A quem disse, berenice? acredita que a sobrancelha \u00e9 parte da identidade e da personalidade de cada mulher. Por isso, para incentivar a mulher a &#8220;assinar&#8221; seu olhar, a marca apresenta uma linha extensa de produtos espec\u00edficos para essa categoria. S\u00e3o 6 produtos que prometem deixar a express\u00e3o do olhar mais completa: l\u00e1pis duplos, caneta [&hellip;]<\/p>\n","protected":false},"author":1,"featured_media":96818,"comment_status":"open","ping_status":"open","sticky":false,"template":"","format":"standard","meta":{"jetpack_post_was_ever_published":false,"_jetpack_newsletter_access":"","jetpack_publicize_message":"","jetpack_is_tweetstorm":false,"jetpack_publicize_feature_enabled":true,"jetpack_social_post_already_shared":true,"jetpack_social_options":{"image_generator_settings":{"template":"highway","enabled":false}}},"categories":[2],"tags":[],"jetpack_publicize_connections":[],"jetpack_featured_media_url":"https:\/\/i0.wp.com\/agrund.com\/wp-content\/uploads\/sites\/6\/2014\/02\/slidequem.jpg?fit=960%2C300&ssl=1","jetpack_sharing_enabled":true,"jetpack_shortlink":"https:\/\/wp.me\/p3Hz0n-pbt","jetpack_likes_enabled":true,"_links":{"self":[{"href":"https:\/\/agrund.com\/index.php\/wp-json\/wp\/v2\/posts\/96811"}],"collection":[{"href":"https:\/\/agrund.com\/index.php\/wp-json\/wp\/v2\/posts"}],"about":[{"href":"https:\/\/agrund.com\/index.php\/wp-json\/wp\/v2\/types\/post"}],"author":[{"embeddable":true,"href":"https:\/\/agrund.com\/index.php\/wp-json\/wp\/v2\/users\/1"}],"replies":[{"embeddable":true,"href":"https:\/\/agrund.com\/index.php\/wp-json\/wp\/v2\/comments?post=96811"}],"version-history":[{"count":0,"href":"https:\/\/agrund.com\/index.php\/wp-json\/wp\/v2\/posts\/96811\/revisions"}],"wp:featuredmedia":[{"embeddable":true,"href":"https:\/\/agrund.com\/index.php\/wp-json\/wp\/v2\/media\/96818"}],"wp:attachment":[{"href":"https:\/\/agrund.com\/index.php\/wp-json\/wp\/v2\/media?parent=96811"}],"wp:term":[{"taxonomy":"category","embeddable":true,"href":"https:\/\/agrund.com\/index.php\/wp-json\/wp\/v2\/categories?post=96811"},{"taxonomy":"post_tag","embeddable":true,"href":"https:\/\/agrund.com\/index.php\/wp-json\/wp\/v2\/tags?post=96811"}],"curies":[{"name":"wp","href":"https:\/\/api.w.org\/{rel}","templated":true}]}}