{"id":96779,"date":"2014-02-18T10:00:58","date_gmt":"2014-02-18T12:00:58","guid":{"rendered":"http:\/\/www.agrund.com\/?p=96779"},"modified":"2014-02-18T10:03:57","modified_gmt":"2014-02-18T12:03:57","slug":"revelada-a-colecao-de-cara-delevingne-para-a-mulberry","status":"publish","type":"post","link":"https:\/\/agrund.com\/index.php\/revelada-a-colecao-de-cara-delevingne-para-a-mulberry\/","title":{"rendered":"Revelada a cole\u00e7\u00e3o de Cara Delevingne para a Mulberry"},"content":{"rendered":"<p>Voc\u00eas se lembram que contamos <a href=\"http:\/\/www.agrund.com\/mulberry-anuncia-nova-parceria-fashion\/\">AQUI<\/a> sobre a parceria da Mulberry e a top Cara Delevingne? Pois o resultado foi revelado: uma cole\u00e7\u00e3o de bolsas assinada por Cara.<br \/>\nAqui, o modelo &#8220;Bayswater&#8221; ganhou al\u00e7as remov\u00edveis de mochila ou tiracolo e novas cores e padronagens como prints camuflados, para todos os gostos!<br \/>\nSegundo a grife, este \u00e9 apenas o primeiro cap\u00edtulo da parceria com a modelo. Voc\u00ea gostou?<\/p>\n<div id=\"attachment_96780\" style=\"width: 560px\" class=\"wp-caption aligncenter\"><a href=\"https:\/\/i0.wp.com\/www.agrund.com\/wp-content\/uploads\/sites\/6\/2014\/02\/revelada-a-colecao-de-cara-delevingne-para-a-mulberry-1.jpg\"><img aria-describedby=\"caption-attachment-96780\" data-attachment-id=\"96780\" data-permalink=\"https:\/\/agrund.com\/index.php\/revelada-a-colecao-de-cara-delevingne-para-a-mulberry\/revelada-a-colecao-de-cara-delevingne-para-a-mulberry-1\/\" data-orig-file=\"https:\/\/i0.wp.com\/agrund.com\/wp-content\/uploads\/sites\/6\/2014\/02\/revelada-a-colecao-de-cara-delevingne-para-a-mulberry-1.jpg?fit=550%2C613&amp;ssl=1\" data-orig-size=\"550,613\" data-comments-opened=\"1\" data-image-meta=\"{&quot;aperture&quot;:&quot;0&quot;,&quot;credit&quot;:&quot;&quot;,&quot;camera&quot;:&quot;&quot;,&quot;caption&quot;:&quot;&quot;,&quot;created_timestamp&quot;:&quot;0&quot;,&quot;copyright&quot;:&quot;&quot;,&quot;focal_length&quot;:&quot;0&quot;,&quot;iso&quot;:&quot;0&quot;,&quot;shutter_speed&quot;:&quot;0&quot;,&quot;title&quot;:&quot;&quot;,&quot;orientation&quot;:&quot;0&quot;}\" data-image-title=\"revelada-a-colecao-de-cara-delevingne-para-a-mulberry (1)\" data-image-description=\"\" data-image-caption=\"&lt;p&gt;Revelada a cole\u00e7\u00e3o de Cara Delevingne para a Mulberry &lt;\/p&gt;\n\" data-medium-file=\"https:\/\/i0.wp.com\/agrund.com\/wp-content\/uploads\/sites\/6\/2014\/02\/revelada-a-colecao-de-cara-delevingne-para-a-mulberry-1.jpg?fit=269%2C300&amp;ssl=1\" data-large-file=\"https:\/\/i0.wp.com\/agrund.com\/wp-content\/uploads\/sites\/6\/2014\/02\/revelada-a-colecao-de-cara-delevingne-para-a-mulberry-1.jpg?fit=550%2C613&amp;ssl=1\" decoding=\"async\" loading=\"lazy\" class=\"size-large wp-image-96780\" alt=\"Revelada a cole\u00e7\u00e3o de Cara Delevingne para a Mulberry \" src=\"https:\/\/i0.wp.com\/www.agrund.com\/wp-content\/uploads\/sites\/6\/cache\/2014\/02\/revelada-a-colecao-de-cara-delevingne-para-a-mulberry-1\/3609894044.jpg?resize=550%2C613\" width=\"550\" height=\"613\" data-recalc-dims=\"1\" \/><\/a><p id=\"caption-attachment-96780\" class=\"wp-caption-text\">Revelada a cole\u00e7\u00e3o de Cara Delevingne para a Mulberry<\/p><\/div>\n<div id=\"attachment_96781\" style=\"width: 560px\" class=\"wp-caption aligncenter\"><a href=\"https:\/\/i0.wp.com\/www.agrund.com\/wp-content\/uploads\/sites\/6\/2014\/02\/revelada-a-colecao-de-cara-delevingne-para-a-mulberry-2.jpg\"><img aria-describedby=\"caption-attachment-96781\" data-attachment-id=\"96781\" data-permalink=\"https:\/\/agrund.com\/index.php\/revelada-a-colecao-de-cara-delevingne-para-a-mulberry\/revelada-a-colecao-de-cara-delevingne-para-a-mulberry-2\/\" data-orig-file=\"https:\/\/i0.wp.com\/agrund.com\/wp-content\/uploads\/sites\/6\/2014\/02\/revelada-a-colecao-de-cara-delevingne-para-a-mulberry-2.jpg?fit=550%2C729&amp;ssl=1\" data-orig-size=\"550,729\" data-comments-opened=\"1\" data-image-meta=\"{&quot;aperture&quot;:&quot;0&quot;,&quot;credit&quot;:&quot;&quot;,&quot;camera&quot;:&quot;&quot;,&quot;caption&quot;:&quot;&quot;,&quot;created_timestamp&quot;:&quot;0&quot;,&quot;copyright&quot;:&quot;&quot;,&quot;focal_length&quot;:&quot;0&quot;,&quot;iso&quot;:&quot;0&quot;,&quot;shutter_speed&quot;:&quot;0&quot;,&quot;title&quot;:&quot;&quot;,&quot;orientation&quot;:&quot;0&quot;}\" data-image-title=\"revelada-a-colecao-de-cara-delevingne-para-a-mulberry (2)\" data-image-description=\"\" data-image-caption=\"&lt;p&gt;Revelada a cole\u00e7\u00e3o de Cara Delevingne para a Mulberry &lt;\/p&gt;\n\" data-medium-file=\"https:\/\/i0.wp.com\/agrund.com\/wp-content\/uploads\/sites\/6\/2014\/02\/revelada-a-colecao-de-cara-delevingne-para-a-mulberry-2.jpg?fit=226%2C300&amp;ssl=1\" data-large-file=\"https:\/\/i0.wp.com\/agrund.com\/wp-content\/uploads\/sites\/6\/2014\/02\/revelada-a-colecao-de-cara-delevingne-para-a-mulberry-2.jpg?fit=550%2C729&amp;ssl=1\" decoding=\"async\" loading=\"lazy\" class=\"size-large wp-image-96781\" alt=\"Revelada a cole\u00e7\u00e3o de Cara Delevingne para a Mulberry \" src=\"https:\/\/i0.wp.com\/www.agrund.com\/wp-content\/uploads\/sites\/6\/cache\/2014\/02\/revelada-a-colecao-de-cara-delevingne-para-a-mulberry-2\/1504025471.jpg?resize=550%2C729\" width=\"550\" height=\"729\" data-recalc-dims=\"1\" \/><\/a><p id=\"caption-attachment-96781\" class=\"wp-caption-text\">Revelada a cole\u00e7\u00e3o de Cara Delevingne para a Mulberry<\/p><\/div>\n<div id=\"attachment_96782\" style=\"width: 560px\" class=\"wp-caption aligncenter\"><a href=\"https:\/\/i0.wp.com\/www.agrund.com\/wp-content\/uploads\/sites\/6\/2014\/02\/revelada-a-colecao-de-cara-delevingne-para-a-mulberry-3.jpg\"><img aria-describedby=\"caption-attachment-96782\" data-attachment-id=\"96782\" data-permalink=\"https:\/\/agrund.com\/index.php\/revelada-a-colecao-de-cara-delevingne-para-a-mulberry\/revelada-a-colecao-de-cara-delevingne-para-a-mulberry-3\/\" data-orig-file=\"https:\/\/i0.wp.com\/agrund.com\/wp-content\/uploads\/sites\/6\/2014\/02\/revelada-a-colecao-de-cara-delevingne-para-a-mulberry-3.jpg?fit=550%2C846&amp;ssl=1\" data-orig-size=\"550,846\" data-comments-opened=\"1\" data-image-meta=\"{&quot;aperture&quot;:&quot;0&quot;,&quot;credit&quot;:&quot;&quot;,&quot;camera&quot;:&quot;&quot;,&quot;caption&quot;:&quot;&quot;,&quot;created_timestamp&quot;:&quot;0&quot;,&quot;copyright&quot;:&quot;&quot;,&quot;focal_length&quot;:&quot;0&quot;,&quot;iso&quot;:&quot;0&quot;,&quot;shutter_speed&quot;:&quot;0&quot;,&quot;title&quot;:&quot;&quot;,&quot;orientation&quot;:&quot;0&quot;}\" data-image-title=\"revelada-a-colecao-de-cara-delevingne-para-a-mulberry (3)\" data-image-description=\"\" data-image-caption=\"&lt;p&gt;Revelada a cole\u00e7\u00e3o de Cara Delevingne para a Mulberry &lt;\/p&gt;\n\" data-medium-file=\"https:\/\/i0.wp.com\/agrund.com\/wp-content\/uploads\/sites\/6\/2014\/02\/revelada-a-colecao-de-cara-delevingne-para-a-mulberry-3.jpg?fit=195%2C300&amp;ssl=1\" data-large-file=\"https:\/\/i0.wp.com\/agrund.com\/wp-content\/uploads\/sites\/6\/2014\/02\/revelada-a-colecao-de-cara-delevingne-para-a-mulberry-3.jpg?fit=550%2C846&amp;ssl=1\" decoding=\"async\" loading=\"lazy\" class=\"size-large wp-image-96782\" alt=\"Revelada a cole\u00e7\u00e3o de Cara Delevingne para a Mulberry \" src=\"https:\/\/i0.wp.com\/www.agrund.com\/wp-content\/uploads\/sites\/6\/cache\/2014\/02\/revelada-a-colecao-de-cara-delevingne-para-a-mulberry-3\/2500828129.jpg?resize=550%2C846\" width=\"550\" height=\"846\" data-recalc-dims=\"1\" \/><\/a><p id=\"caption-attachment-96782\" class=\"wp-caption-text\">Revelada a cole\u00e7\u00e3o de Cara Delevingne para a Mulberry<\/p><\/div>\n<div id=\"attachment_96783\" style=\"width: 560px\" class=\"wp-caption aligncenter\"><a href=\"https:\/\/i0.wp.com\/www.agrund.com\/wp-content\/uploads\/sites\/6\/2014\/02\/revelada-a-colecao-de-cara-delevingne-para-a-mulberry-4.jpg\"><img aria-describedby=\"caption-attachment-96783\" data-attachment-id=\"96783\" data-permalink=\"https:\/\/agrund.com\/index.php\/revelada-a-colecao-de-cara-delevingne-para-a-mulberry\/revelada-a-colecao-de-cara-delevingne-para-a-mulberry-4\/\" data-orig-file=\"https:\/\/i0.wp.com\/agrund.com\/wp-content\/uploads\/sites\/6\/2014\/02\/revelada-a-colecao-de-cara-delevingne-para-a-mulberry-4.jpg?fit=550%2C812&amp;ssl=1\" data-orig-size=\"550,812\" data-comments-opened=\"1\" data-image-meta=\"{&quot;aperture&quot;:&quot;0&quot;,&quot;credit&quot;:&quot;&quot;,&quot;camera&quot;:&quot;&quot;,&quot;caption&quot;:&quot;&quot;,&quot;created_timestamp&quot;:&quot;0&quot;,&quot;copyright&quot;:&quot;&quot;,&quot;focal_length&quot;:&quot;0&quot;,&quot;iso&quot;:&quot;0&quot;,&quot;shutter_speed&quot;:&quot;0&quot;,&quot;title&quot;:&quot;&quot;,&quot;orientation&quot;:&quot;0&quot;}\" data-image-title=\"revelada-a-colecao-de-cara-delevingne-para-a-mulberry (4)\" data-image-description=\"\" data-image-caption=\"&lt;p&gt;Revelada a cole\u00e7\u00e3o de Cara Delevingne para a Mulberry &lt;\/p&gt;\n\" data-medium-file=\"https:\/\/i0.wp.com\/agrund.com\/wp-content\/uploads\/sites\/6\/2014\/02\/revelada-a-colecao-de-cara-delevingne-para-a-mulberry-4.jpg?fit=203%2C300&amp;ssl=1\" data-large-file=\"https:\/\/i0.wp.com\/agrund.com\/wp-content\/uploads\/sites\/6\/2014\/02\/revelada-a-colecao-de-cara-delevingne-para-a-mulberry-4.jpg?fit=550%2C812&amp;ssl=1\" decoding=\"async\" loading=\"lazy\" class=\"size-large wp-image-96783\" alt=\"Revelada a cole\u00e7\u00e3o de Cara Delevingne para a Mulberry \" src=\"https:\/\/i0.wp.com\/www.agrund.com\/wp-content\/uploads\/sites\/6\/cache\/2014\/02\/revelada-a-colecao-de-cara-delevingne-para-a-mulberry-4\/2680853240.jpg?resize=550%2C812\" width=\"550\" height=\"812\" data-recalc-dims=\"1\" \/><\/a><p id=\"caption-attachment-96783\" class=\"wp-caption-text\">Revelada a cole\u00e7\u00e3o de Cara Delevingne para a Mulberry<\/p><\/div>\n<div id=\"attachment_96784\" style=\"width: 560px\" class=\"wp-caption aligncenter\"><a href=\"https:\/\/i0.wp.com\/www.agrund.com\/wp-content\/uploads\/sites\/6\/2014\/02\/revelada-a-colecao-de-cara-delevingne-para-a-mulberry-5.jpg\"><img aria-describedby=\"caption-attachment-96784\" data-attachment-id=\"96784\" data-permalink=\"https:\/\/agrund.com\/index.php\/revelada-a-colecao-de-cara-delevingne-para-a-mulberry\/revelada-a-colecao-de-cara-delevingne-para-a-mulberry-5\/\" data-orig-file=\"https:\/\/i0.wp.com\/agrund.com\/wp-content\/uploads\/sites\/6\/2014\/02\/revelada-a-colecao-de-cara-delevingne-para-a-mulberry-5.jpg?fit=550%2C364&amp;ssl=1\" data-orig-size=\"550,364\" data-comments-opened=\"1\" data-image-meta=\"{&quot;aperture&quot;:&quot;0&quot;,&quot;credit&quot;:&quot;&quot;,&quot;camera&quot;:&quot;&quot;,&quot;caption&quot;:&quot;&quot;,&quot;created_timestamp&quot;:&quot;0&quot;,&quot;copyright&quot;:&quot;&quot;,&quot;focal_length&quot;:&quot;0&quot;,&quot;iso&quot;:&quot;0&quot;,&quot;shutter_speed&quot;:&quot;0&quot;,&quot;title&quot;:&quot;&quot;,&quot;orientation&quot;:&quot;0&quot;}\" data-image-title=\"revelada-a-colecao-de-cara-delevingne-para-a-mulberry (5)\" data-image-description=\"\" data-image-caption=\"&lt;p&gt;Revelada a cole\u00e7\u00e3o de Cara Delevingne para a Mulberry &lt;\/p&gt;\n\" data-medium-file=\"https:\/\/i0.wp.com\/agrund.com\/wp-content\/uploads\/sites\/6\/2014\/02\/revelada-a-colecao-de-cara-delevingne-para-a-mulberry-5.jpg?fit=300%2C199&amp;ssl=1\" data-large-file=\"https:\/\/i0.wp.com\/agrund.com\/wp-content\/uploads\/sites\/6\/2014\/02\/revelada-a-colecao-de-cara-delevingne-para-a-mulberry-5.jpg?fit=550%2C364&amp;ssl=1\" decoding=\"async\" loading=\"lazy\" class=\"size-large wp-image-96784\" alt=\"Revelada a cole\u00e7\u00e3o de Cara Delevingne para a Mulberry \" src=\"https:\/\/i0.wp.com\/www.agrund.com\/wp-content\/uploads\/sites\/6\/cache\/2014\/02\/revelada-a-colecao-de-cara-delevingne-para-a-mulberry-5\/1398837862.jpg?resize=550%2C364\" width=\"550\" height=\"364\" data-recalc-dims=\"1\" \/><\/a><p id=\"caption-attachment-96784\" class=\"wp-caption-text\">Revelada a cole\u00e7\u00e3o de Cara Delevingne para a Mulberry<\/p><\/div>\n<div id=\"attachment_96785\" style=\"width: 560px\" class=\"wp-caption aligncenter\"><a href=\"https:\/\/i0.wp.com\/www.agrund.com\/wp-content\/uploads\/sites\/6\/2014\/02\/revelada-a-colecao-de-cara-delevingne-para-a-mulberry-6.jpg\"><img aria-describedby=\"caption-attachment-96785\" data-attachment-id=\"96785\" data-permalink=\"https:\/\/agrund.com\/index.php\/revelada-a-colecao-de-cara-delevingne-para-a-mulberry\/revelada-a-colecao-de-cara-delevingne-para-a-mulberry-6\/\" data-orig-file=\"https:\/\/i0.wp.com\/agrund.com\/wp-content\/uploads\/sites\/6\/2014\/02\/revelada-a-colecao-de-cara-delevingne-para-a-mulberry-6.jpg?fit=550%2C611&amp;ssl=1\" data-orig-size=\"550,611\" data-comments-opened=\"1\" data-image-meta=\"{&quot;aperture&quot;:&quot;0&quot;,&quot;credit&quot;:&quot;&quot;,&quot;camera&quot;:&quot;&quot;,&quot;caption&quot;:&quot;&quot;,&quot;created_timestamp&quot;:&quot;0&quot;,&quot;copyright&quot;:&quot;&quot;,&quot;focal_length&quot;:&quot;0&quot;,&quot;iso&quot;:&quot;0&quot;,&quot;shutter_speed&quot;:&quot;0&quot;,&quot;title&quot;:&quot;&quot;,&quot;orientation&quot;:&quot;0&quot;}\" data-image-title=\"revelada-a-colecao-de-cara-delevingne-para-a-mulberry (6)\" data-image-description=\"\" data-image-caption=\"&lt;p&gt;Revelada a cole\u00e7\u00e3o de Cara Delevingne para a Mulberry &lt;\/p&gt;\n\" data-medium-file=\"https:\/\/i0.wp.com\/agrund.com\/wp-content\/uploads\/sites\/6\/2014\/02\/revelada-a-colecao-de-cara-delevingne-para-a-mulberry-6.jpg?fit=270%2C300&amp;ssl=1\" data-large-file=\"https:\/\/i0.wp.com\/agrund.com\/wp-content\/uploads\/sites\/6\/2014\/02\/revelada-a-colecao-de-cara-delevingne-para-a-mulberry-6.jpg?fit=550%2C611&amp;ssl=1\" decoding=\"async\" loading=\"lazy\" class=\"size-large wp-image-96785\" alt=\"Revelada a cole\u00e7\u00e3o de Cara Delevingne para a Mulberry \" src=\"https:\/\/i0.wp.com\/www.agrund.com\/wp-content\/uploads\/sites\/6\/cache\/2014\/02\/revelada-a-colecao-de-cara-delevingne-para-a-mulberry-6\/3723466117.jpg?resize=550%2C611\" width=\"550\" height=\"611\" data-recalc-dims=\"1\" \/><\/a><p id=\"caption-attachment-96785\" class=\"wp-caption-text\">Revelada a cole\u00e7\u00e3o de Cara Delevingne para a Mulberry<\/p><\/div>\n<div id=\"attachment_96786\" style=\"width: 560px\" class=\"wp-caption aligncenter\"><a href=\"https:\/\/i0.wp.com\/www.agrund.com\/wp-content\/uploads\/sites\/6\/2014\/02\/revelada-a-colecao-de-cara-delevingne-para-a-mulberry-7.jpg\"><img aria-describedby=\"caption-attachment-96786\" data-attachment-id=\"96786\" data-permalink=\"https:\/\/agrund.com\/index.php\/revelada-a-colecao-de-cara-delevingne-para-a-mulberry\/revelada-a-colecao-de-cara-delevingne-para-a-mulberry-7\/\" data-orig-file=\"https:\/\/i0.wp.com\/agrund.com\/wp-content\/uploads\/sites\/6\/2014\/02\/revelada-a-colecao-de-cara-delevingne-para-a-mulberry-7.jpg?fit=550%2C552&amp;ssl=1\" data-orig-size=\"550,552\" data-comments-opened=\"1\" data-image-meta=\"{&quot;aperture&quot;:&quot;0&quot;,&quot;credit&quot;:&quot;&quot;,&quot;camera&quot;:&quot;&quot;,&quot;caption&quot;:&quot;&quot;,&quot;created_timestamp&quot;:&quot;0&quot;,&quot;copyright&quot;:&quot;&quot;,&quot;focal_length&quot;:&quot;0&quot;,&quot;iso&quot;:&quot;0&quot;,&quot;shutter_speed&quot;:&quot;0&quot;,&quot;title&quot;:&quot;&quot;,&quot;orientation&quot;:&quot;0&quot;}\" data-image-title=\"revelada-a-colecao-de-cara-delevingne-para-a-mulberry (7)\" data-image-description=\"\" data-image-caption=\"&lt;p&gt;Revelada a cole\u00e7\u00e3o de Cara Delevingne para a Mulberry &lt;\/p&gt;\n\" data-medium-file=\"https:\/\/i0.wp.com\/agrund.com\/wp-content\/uploads\/sites\/6\/2014\/02\/revelada-a-colecao-de-cara-delevingne-para-a-mulberry-7.jpg?fit=300%2C300&amp;ssl=1\" data-large-file=\"https:\/\/i0.wp.com\/agrund.com\/wp-content\/uploads\/sites\/6\/2014\/02\/revelada-a-colecao-de-cara-delevingne-para-a-mulberry-7.jpg?fit=550%2C552&amp;ssl=1\" decoding=\"async\" loading=\"lazy\" class=\"size-large wp-image-96786\" alt=\"Revelada a cole\u00e7\u00e3o de Cara Delevingne para a Mulberry \" src=\"https:\/\/i0.wp.com\/www.agrund.com\/wp-content\/uploads\/sites\/6\/cache\/2014\/02\/revelada-a-colecao-de-cara-delevingne-para-a-mulberry-7\/289772827.jpg?resize=550%2C552\" width=\"550\" height=\"552\" data-recalc-dims=\"1\" \/><\/a><p id=\"caption-attachment-96786\" class=\"wp-caption-text\">Revelada a cole\u00e7\u00e3o de Cara Delevingne para a Mulberry<\/p><\/div>\n<div id=\"attachment_96787\" style=\"width: 560px\" class=\"wp-caption aligncenter\"><a href=\"https:\/\/i0.wp.com\/www.agrund.com\/wp-content\/uploads\/sites\/6\/2014\/02\/revelada-a-colecao-de-cara-delevingne-para-a-mulberry-8.jpg\"><img aria-describedby=\"caption-attachment-96787\" data-attachment-id=\"96787\" data-permalink=\"https:\/\/agrund.com\/index.php\/revelada-a-colecao-de-cara-delevingne-para-a-mulberry\/revelada-a-colecao-de-cara-delevingne-para-a-mulberry-8\/\" data-orig-file=\"https:\/\/i0.wp.com\/agrund.com\/wp-content\/uploads\/sites\/6\/2014\/02\/revelada-a-colecao-de-cara-delevingne-para-a-mulberry-8.jpg?fit=550%2C514&amp;ssl=1\" data-orig-size=\"550,514\" data-comments-opened=\"1\" data-image-meta=\"{&quot;aperture&quot;:&quot;0&quot;,&quot;credit&quot;:&quot;&quot;,&quot;camera&quot;:&quot;&quot;,&quot;caption&quot;:&quot;&quot;,&quot;created_timestamp&quot;:&quot;0&quot;,&quot;copyright&quot;:&quot;&quot;,&quot;focal_length&quot;:&quot;0&quot;,&quot;iso&quot;:&quot;0&quot;,&quot;shutter_speed&quot;:&quot;0&quot;,&quot;title&quot;:&quot;&quot;,&quot;orientation&quot;:&quot;0&quot;}\" data-image-title=\"revelada-a-colecao-de-cara-delevingne-para-a-mulberry (8)\" data-image-description=\"\" data-image-caption=\"&lt;p&gt;Revelada a cole\u00e7\u00e3o de Cara Delevingne para a Mulberry &lt;\/p&gt;\n\" data-medium-file=\"https:\/\/i0.wp.com\/agrund.com\/wp-content\/uploads\/sites\/6\/2014\/02\/revelada-a-colecao-de-cara-delevingne-para-a-mulberry-8.jpg?fit=300%2C280&amp;ssl=1\" data-large-file=\"https:\/\/i0.wp.com\/agrund.com\/wp-content\/uploads\/sites\/6\/2014\/02\/revelada-a-colecao-de-cara-delevingne-para-a-mulberry-8.jpg?fit=550%2C514&amp;ssl=1\" decoding=\"async\" loading=\"lazy\" class=\"size-large wp-image-96787\" alt=\"Revelada a cole\u00e7\u00e3o de Cara Delevingne para a Mulberry \" src=\"https:\/\/i0.wp.com\/www.agrund.com\/wp-content\/uploads\/sites\/6\/cache\/2014\/02\/revelada-a-colecao-de-cara-delevingne-para-a-mulberry-8\/3362097079.jpg?resize=550%2C514\" width=\"550\" height=\"514\" data-recalc-dims=\"1\" \/><\/a><p id=\"caption-attachment-96787\" class=\"wp-caption-text\">Revelada a cole\u00e7\u00e3o de Cara Delevingne para a Mulberry<\/p><\/div>\n<div id=\"attachment_96788\" style=\"width: 560px\" class=\"wp-caption aligncenter\"><a href=\"https:\/\/i0.wp.com\/www.agrund.com\/wp-content\/uploads\/sites\/6\/2014\/02\/revelada-a-colecao-de-cara-delevingne-para-a-mulberry-9.jpg\"><img aria-describedby=\"caption-attachment-96788\" data-attachment-id=\"96788\" data-permalink=\"https:\/\/agrund.com\/index.php\/revelada-a-colecao-de-cara-delevingne-para-a-mulberry\/revelada-a-colecao-de-cara-delevingne-para-a-mulberry-9\/\" data-orig-file=\"https:\/\/i0.wp.com\/agrund.com\/wp-content\/uploads\/sites\/6\/2014\/02\/revelada-a-colecao-de-cara-delevingne-para-a-mulberry-9.jpg?fit=550%2C535&amp;ssl=1\" data-orig-size=\"550,535\" data-comments-opened=\"1\" data-image-meta=\"{&quot;aperture&quot;:&quot;0&quot;,&quot;credit&quot;:&quot;&quot;,&quot;camera&quot;:&quot;&quot;,&quot;caption&quot;:&quot;&quot;,&quot;created_timestamp&quot;:&quot;0&quot;,&quot;copyright&quot;:&quot;&quot;,&quot;focal_length&quot;:&quot;0&quot;,&quot;iso&quot;:&quot;0&quot;,&quot;shutter_speed&quot;:&quot;0&quot;,&quot;title&quot;:&quot;&quot;,&quot;orientation&quot;:&quot;0&quot;}\" data-image-title=\"revelada-a-colecao-de-cara-delevingne-para-a-mulberry (9)\" data-image-description=\"\" data-image-caption=\"&lt;p&gt;Revelada a cole\u00e7\u00e3o de Cara Delevingne para a Mulberry &lt;\/p&gt;\n\" data-medium-file=\"https:\/\/i0.wp.com\/agrund.com\/wp-content\/uploads\/sites\/6\/2014\/02\/revelada-a-colecao-de-cara-delevingne-para-a-mulberry-9.jpg?fit=300%2C292&amp;ssl=1\" data-large-file=\"https:\/\/i0.wp.com\/agrund.com\/wp-content\/uploads\/sites\/6\/2014\/02\/revelada-a-colecao-de-cara-delevingne-para-a-mulberry-9.jpg?fit=550%2C535&amp;ssl=1\" decoding=\"async\" loading=\"lazy\" class=\"size-large wp-image-96788\" alt=\"Revelada a cole\u00e7\u00e3o de Cara Delevingne para a Mulberry \" src=\"https:\/\/i0.wp.com\/www.agrund.com\/wp-content\/uploads\/sites\/6\/cache\/2014\/02\/revelada-a-colecao-de-cara-delevingne-para-a-mulberry-9\/80709417.jpg?resize=550%2C535\" width=\"550\" height=\"535\" data-recalc-dims=\"1\" \/><\/a><p id=\"caption-attachment-96788\" class=\"wp-caption-text\">Revelada a cole\u00e7\u00e3o de Cara Delevingne para a Mulberry<\/p><\/div>\n<div id=\"attachment_96789\" style=\"width: 560px\" class=\"wp-caption aligncenter\"><a href=\"https:\/\/i0.wp.com\/www.agrund.com\/wp-content\/uploads\/sites\/6\/2014\/02\/revelada-a-colecao-de-cara-delevingne-para-a-mulberry-10.jpg\"><img aria-describedby=\"caption-attachment-96789\" data-attachment-id=\"96789\" data-permalink=\"https:\/\/agrund.com\/index.php\/revelada-a-colecao-de-cara-delevingne-para-a-mulberry\/revelada-a-colecao-de-cara-delevingne-para-a-mulberry-10\/\" data-orig-file=\"https:\/\/i0.wp.com\/agrund.com\/wp-content\/uploads\/sites\/6\/2014\/02\/revelada-a-colecao-de-cara-delevingne-para-a-mulberry-10.jpg?fit=550%2C639&amp;ssl=1\" data-orig-size=\"550,639\" data-comments-opened=\"1\" data-image-meta=\"{&quot;aperture&quot;:&quot;0&quot;,&quot;credit&quot;:&quot;&quot;,&quot;camera&quot;:&quot;&quot;,&quot;caption&quot;:&quot;&quot;,&quot;created_timestamp&quot;:&quot;0&quot;,&quot;copyright&quot;:&quot;&quot;,&quot;focal_length&quot;:&quot;0&quot;,&quot;iso&quot;:&quot;0&quot;,&quot;shutter_speed&quot;:&quot;0&quot;,&quot;title&quot;:&quot;&quot;,&quot;orientation&quot;:&quot;0&quot;}\" data-image-title=\"revelada-a-colecao-de-cara-delevingne-para-a-mulberry (10)\" data-image-description=\"\" data-image-caption=\"&lt;p&gt;Revelada a cole\u00e7\u00e3o de Cara Delevingne para a Mulberry &lt;\/p&gt;\n\" data-medium-file=\"https:\/\/i0.wp.com\/agrund.com\/wp-content\/uploads\/sites\/6\/2014\/02\/revelada-a-colecao-de-cara-delevingne-para-a-mulberry-10.jpg?fit=258%2C300&amp;ssl=1\" data-large-file=\"https:\/\/i0.wp.com\/agrund.com\/wp-content\/uploads\/sites\/6\/2014\/02\/revelada-a-colecao-de-cara-delevingne-para-a-mulberry-10.jpg?fit=550%2C639&amp;ssl=1\" decoding=\"async\" loading=\"lazy\" class=\"size-large wp-image-96789\" alt=\"Revelada a cole\u00e7\u00e3o de Cara Delevingne para a Mulberry \" src=\"https:\/\/i0.wp.com\/www.agrund.com\/wp-content\/uploads\/sites\/6\/cache\/2014\/02\/revelada-a-colecao-de-cara-delevingne-para-a-mulberry-10\/4129896913.jpg?resize=550%2C639\" width=\"550\" height=\"639\" data-recalc-dims=\"1\" \/><\/a><p id=\"caption-attachment-96789\" class=\"wp-caption-text\">Revelada a cole\u00e7\u00e3o de Cara Delevingne para a Mulberry<\/p><\/div>\n<p>Imagens: Reprodu\u00e7\u00e3o.<\/p>\n","protected":false},"excerpt":{"rendered":"<p>Voc\u00eas se lembram que contamos AQUI sobre a parceria da Mulberry e a top Cara Delevingne? Pois o resultado foi revelado: uma cole\u00e7\u00e3o de bolsas assinada por Cara. Aqui, o modelo &#8220;Bayswater&#8221; ganhou al\u00e7as remov\u00edveis de mochila ou tiracolo e novas cores e padronagens como prints camuflados, para todos os gostos! Segundo a grife, este [&hellip;]<\/p>\n","protected":false},"author":1,"featured_media":96790,"comment_status":"open","ping_status":"open","sticky":false,"template":"","format":"standard","meta":{"jetpack_post_was_ever_published":false,"_jetpack_newsletter_access":"","jetpack_publicize_message":"","jetpack_is_tweetstorm":false,"jetpack_publicize_feature_enabled":true,"jetpack_social_post_already_shared":true,"jetpack_social_options":{"image_generator_settings":{"template":"highway","enabled":false}}},"categories":[2],"tags":[],"jetpack_publicize_connections":[],"jetpack_featured_media_url":"https:\/\/i0.wp.com\/agrund.com\/wp-content\/uploads\/sites\/6\/2014\/02\/slide137.jpg?fit=960%2C300&ssl=1","jetpack_sharing_enabled":true,"jetpack_shortlink":"https:\/\/wp.me\/p3Hz0n-paX","jetpack_likes_enabled":true,"_links":{"self":[{"href":"https:\/\/agrund.com\/index.php\/wp-json\/wp\/v2\/posts\/96779"}],"collection":[{"href":"https:\/\/agrund.com\/index.php\/wp-json\/wp\/v2\/posts"}],"about":[{"href":"https:\/\/agrund.com\/index.php\/wp-json\/wp\/v2\/types\/post"}],"author":[{"embeddable":true,"href":"https:\/\/agrund.com\/index.php\/wp-json\/wp\/v2\/users\/1"}],"replies":[{"embeddable":true,"href":"https:\/\/agrund.com\/index.php\/wp-json\/wp\/v2\/comments?post=96779"}],"version-history":[{"count":0,"href":"https:\/\/agrund.com\/index.php\/wp-json\/wp\/v2\/posts\/96779\/revisions"}],"wp:featuredmedia":[{"embeddable":true,"href":"https:\/\/agrund.com\/index.php\/wp-json\/wp\/v2\/media\/96790"}],"wp:attachment":[{"href":"https:\/\/agrund.com\/index.php\/wp-json\/wp\/v2\/media?parent=96779"}],"wp:term":[{"taxonomy":"category","embeddable":true,"href":"https:\/\/agrund.com\/index.php\/wp-json\/wp\/v2\/categories?post=96779"},{"taxonomy":"post_tag","embeddable":true,"href":"https:\/\/agrund.com\/index.php\/wp-json\/wp\/v2\/tags?post=96779"}],"curies":[{"name":"wp","href":"https:\/\/api.w.org\/{rel}","templated":true}]}}