{"id":96713,"date":"2014-02-17T21:00:06","date_gmt":"2014-02-17T23:00:06","guid":{"rendered":"http:\/\/www.agrund.com\/?p=96713"},"modified":"2014-02-17T16:01:45","modified_gmt":"2014-02-17T18:01:45","slug":"making-of-sarah-jessica-parker-estrela-inverno-2014-da-maria-valentina","status":"publish","type":"post","link":"https:\/\/agrund.com\/index.php\/making-of-sarah-jessica-parker-estrela-inverno-2014-da-maria-valentina\/","title":{"rendered":"Making-of :: Sarah Jessica Parker estrela Inverno 2014 da Maria Valentina"},"content":{"rendered":"<p>A grife feminina Maria Valentina acaba de anunciar que Sarah Jessica Parker \u00e9 a estrela de seu inverno 2014. A atriz, que j\u00e1 \u00e9 rosto da marca h\u00e1 tr\u00eas temporadas, foi fotografada por ningu\u00e9m menos que Guy Aroch, no Museu do Brooklyn, em Nova York.<\/p>\n<p>Ficou curiosa para saber o resultado? O lan\u00e7amento da campanha acontecer\u00e1 apenas no dia 15 de mar\u00e7o, mas voc\u00ea j\u00e1 pode conferir o making-of aqui:<\/p>\n<p>&nbsp;<\/p>\n<div id=\"attachment_96714\" style=\"width: 560px\" class=\"wp-caption aligncenter\"><a href=\"https:\/\/i0.wp.com\/www.agrund.com\/wp-content\/uploads\/sites\/6\/2014\/02\/making-of-sarah-jessica-parker-estrela-inverno-2014-da-maria-valentina-1.jpg\"><img aria-describedby=\"caption-attachment-96714\" data-attachment-id=\"96714\" data-permalink=\"https:\/\/agrund.com\/index.php\/making-of-sarah-jessica-parker-estrela-inverno-2014-da-maria-valentina\/making-of-sarah-jessica-parker-estrela-inverno-2014-da-maria-valentina-1\/\" data-orig-file=\"https:\/\/i0.wp.com\/agrund.com\/wp-content\/uploads\/sites\/6\/2014\/02\/making-of-sarah-jessica-parker-estrela-inverno-2014-da-maria-valentina-1.jpg?fit=550%2C367&amp;ssl=1\" data-orig-size=\"550,367\" data-comments-opened=\"1\" data-image-meta=\"{&quot;aperture&quot;:&quot;0&quot;,&quot;credit&quot;:&quot;&quot;,&quot;camera&quot;:&quot;&quot;,&quot;caption&quot;:&quot;&quot;,&quot;created_timestamp&quot;:&quot;0&quot;,&quot;copyright&quot;:&quot;&quot;,&quot;focal_length&quot;:&quot;0&quot;,&quot;iso&quot;:&quot;0&quot;,&quot;shutter_speed&quot;:&quot;0&quot;,&quot;title&quot;:&quot;&quot;,&quot;orientation&quot;:&quot;0&quot;}\" data-image-title=\"making-of-sarah-jessica-parker-estrela-inverno-2014-da-maria-valentina (1)\" data-image-description=\"\" data-image-caption=\"&lt;p&gt;Making-of :: Sarah Jessica Parker estrela Inverno 2014 da Maria Valentina&lt;\/p&gt;\n\" data-medium-file=\"https:\/\/i0.wp.com\/agrund.com\/wp-content\/uploads\/sites\/6\/2014\/02\/making-of-sarah-jessica-parker-estrela-inverno-2014-da-maria-valentina-1.jpg?fit=300%2C200&amp;ssl=1\" data-large-file=\"https:\/\/i0.wp.com\/agrund.com\/wp-content\/uploads\/sites\/6\/2014\/02\/making-of-sarah-jessica-parker-estrela-inverno-2014-da-maria-valentina-1.jpg?fit=550%2C367&amp;ssl=1\" decoding=\"async\" loading=\"lazy\" class=\"size-large wp-image-96714\" alt=\"Making-of :: Sarah Jessica Parker estrela Inverno 2014 da Maria Valentina\" src=\"https:\/\/i0.wp.com\/www.agrund.com\/wp-content\/uploads\/sites\/6\/cache\/2014\/02\/making-of-sarah-jessica-parker-estrela-inverno-2014-da-maria-valentina-1\/3467472723.jpg?resize=550%2C367\" width=\"550\" height=\"367\" data-recalc-dims=\"1\" \/><\/a><p id=\"caption-attachment-96714\" class=\"wp-caption-text\">Making-of :: Sarah Jessica Parker estrela Inverno 2014 da Maria Valentina<\/p><\/div>\n<div id=\"attachment_96716\" style=\"width: 560px\" class=\"wp-caption aligncenter\"><a href=\"https:\/\/i0.wp.com\/www.agrund.com\/wp-content\/uploads\/sites\/6\/2014\/02\/making-of-sarah-jessica-parker-estrela-inverno-2014-da-maria-valentina-2.jpg\"><img aria-describedby=\"caption-attachment-96716\" data-attachment-id=\"96716\" data-permalink=\"https:\/\/agrund.com\/index.php\/making-of-sarah-jessica-parker-estrela-inverno-2014-da-maria-valentina\/making-of-sarah-jessica-parker-estrela-inverno-2014-da-maria-valentina-2\/\" data-orig-file=\"https:\/\/i0.wp.com\/agrund.com\/wp-content\/uploads\/sites\/6\/2014\/02\/making-of-sarah-jessica-parker-estrela-inverno-2014-da-maria-valentina-2.jpg?fit=550%2C367&amp;ssl=1\" data-orig-size=\"550,367\" data-comments-opened=\"1\" data-image-meta=\"{&quot;aperture&quot;:&quot;0&quot;,&quot;credit&quot;:&quot;&quot;,&quot;camera&quot;:&quot;&quot;,&quot;caption&quot;:&quot;&quot;,&quot;created_timestamp&quot;:&quot;0&quot;,&quot;copyright&quot;:&quot;&quot;,&quot;focal_length&quot;:&quot;0&quot;,&quot;iso&quot;:&quot;0&quot;,&quot;shutter_speed&quot;:&quot;0&quot;,&quot;title&quot;:&quot;&quot;,&quot;orientation&quot;:&quot;0&quot;}\" data-image-title=\"making-of-sarah-jessica-parker-estrela-inverno-2014-da-maria-valentina (2)\" data-image-description=\"\" data-image-caption=\"&lt;p&gt;Making-of :: Sarah Jessica Parker estrela Inverno 2014 da Maria Valentina&lt;\/p&gt;\n\" data-medium-file=\"https:\/\/i0.wp.com\/agrund.com\/wp-content\/uploads\/sites\/6\/2014\/02\/making-of-sarah-jessica-parker-estrela-inverno-2014-da-maria-valentina-2.jpg?fit=300%2C200&amp;ssl=1\" data-large-file=\"https:\/\/i0.wp.com\/agrund.com\/wp-content\/uploads\/sites\/6\/2014\/02\/making-of-sarah-jessica-parker-estrela-inverno-2014-da-maria-valentina-2.jpg?fit=550%2C367&amp;ssl=1\" decoding=\"async\" loading=\"lazy\" class=\"size-large wp-image-96716\" alt=\"Making-of :: Sarah Jessica Parker estrela Inverno 2014 da Maria Valentina\" src=\"https:\/\/i0.wp.com\/www.agrund.com\/wp-content\/uploads\/sites\/6\/cache\/2014\/02\/making-of-sarah-jessica-parker-estrela-inverno-2014-da-maria-valentina-2\/1075996848.jpg?resize=550%2C367\" width=\"550\" height=\"367\" data-recalc-dims=\"1\" \/><\/a><p id=\"caption-attachment-96716\" class=\"wp-caption-text\">Making-of :: Sarah Jessica Parker estrela Inverno 2014 da Maria Valentina<\/p><\/div>\n<div id=\"attachment_96717\" style=\"width: 560px\" class=\"wp-caption aligncenter\"><a href=\"https:\/\/i0.wp.com\/www.agrund.com\/wp-content\/uploads\/sites\/6\/2014\/02\/making-of-sarah-jessica-parker-estrela-inverno-2014-da-maria-valentina-3.jpg\"><img aria-describedby=\"caption-attachment-96717\" data-attachment-id=\"96717\" data-permalink=\"https:\/\/agrund.com\/index.php\/making-of-sarah-jessica-parker-estrela-inverno-2014-da-maria-valentina\/making-of-sarah-jessica-parker-estrela-inverno-2014-da-maria-valentina-3\/\" data-orig-file=\"https:\/\/i0.wp.com\/agrund.com\/wp-content\/uploads\/sites\/6\/2014\/02\/making-of-sarah-jessica-parker-estrela-inverno-2014-da-maria-valentina-3.jpg?fit=550%2C367&amp;ssl=1\" data-orig-size=\"550,367\" data-comments-opened=\"1\" data-image-meta=\"{&quot;aperture&quot;:&quot;0&quot;,&quot;credit&quot;:&quot;&quot;,&quot;camera&quot;:&quot;&quot;,&quot;caption&quot;:&quot;&quot;,&quot;created_timestamp&quot;:&quot;0&quot;,&quot;copyright&quot;:&quot;&quot;,&quot;focal_length&quot;:&quot;0&quot;,&quot;iso&quot;:&quot;0&quot;,&quot;shutter_speed&quot;:&quot;0&quot;,&quot;title&quot;:&quot;&quot;,&quot;orientation&quot;:&quot;0&quot;}\" data-image-title=\"making-of-sarah-jessica-parker-estrela-inverno-2014-da-maria-valentina (3)\" data-image-description=\"\" data-image-caption=\"&lt;p&gt;Making-of :: Sarah Jessica Parker estrela Inverno 2014 da Maria Valentina&lt;\/p&gt;\n\" data-medium-file=\"https:\/\/i0.wp.com\/agrund.com\/wp-content\/uploads\/sites\/6\/2014\/02\/making-of-sarah-jessica-parker-estrela-inverno-2014-da-maria-valentina-3.jpg?fit=300%2C200&amp;ssl=1\" data-large-file=\"https:\/\/i0.wp.com\/agrund.com\/wp-content\/uploads\/sites\/6\/2014\/02\/making-of-sarah-jessica-parker-estrela-inverno-2014-da-maria-valentina-3.jpg?fit=550%2C367&amp;ssl=1\" decoding=\"async\" loading=\"lazy\" class=\"size-large wp-image-96717\" alt=\"Making-of :: Sarah Jessica Parker estrela Inverno 2014 da Maria Valentina\" src=\"https:\/\/i0.wp.com\/www.agrund.com\/wp-content\/uploads\/sites\/6\/cache\/2014\/02\/making-of-sarah-jessica-parker-estrela-inverno-2014-da-maria-valentina-3\/2357749806.jpg?resize=550%2C367\" width=\"550\" height=\"367\" data-recalc-dims=\"1\" \/><\/a><p id=\"caption-attachment-96717\" class=\"wp-caption-text\">Making-of :: Sarah Jessica Parker estrela Inverno 2014 da Maria Valentina<\/p><\/div>\n<div id=\"attachment_96718\" style=\"width: 560px\" class=\"wp-caption aligncenter\"><a href=\"https:\/\/i0.wp.com\/www.agrund.com\/wp-content\/uploads\/sites\/6\/2014\/02\/making-of-sarah-jessica-parker-estrela-inverno-2014-da-maria-valentina-4.jpg\"><img aria-describedby=\"caption-attachment-96718\" data-attachment-id=\"96718\" data-permalink=\"https:\/\/agrund.com\/index.php\/making-of-sarah-jessica-parker-estrela-inverno-2014-da-maria-valentina\/making-of-sarah-jessica-parker-estrela-inverno-2014-da-maria-valentina-4\/\" data-orig-file=\"https:\/\/i0.wp.com\/agrund.com\/wp-content\/uploads\/sites\/6\/2014\/02\/making-of-sarah-jessica-parker-estrela-inverno-2014-da-maria-valentina-4.jpg?fit=550%2C367&amp;ssl=1\" data-orig-size=\"550,367\" data-comments-opened=\"1\" data-image-meta=\"{&quot;aperture&quot;:&quot;0&quot;,&quot;credit&quot;:&quot;&quot;,&quot;camera&quot;:&quot;&quot;,&quot;caption&quot;:&quot;&quot;,&quot;created_timestamp&quot;:&quot;0&quot;,&quot;copyright&quot;:&quot;&quot;,&quot;focal_length&quot;:&quot;0&quot;,&quot;iso&quot;:&quot;0&quot;,&quot;shutter_speed&quot;:&quot;0&quot;,&quot;title&quot;:&quot;&quot;,&quot;orientation&quot;:&quot;0&quot;}\" data-image-title=\"making-of-sarah-jessica-parker-estrela-inverno-2014-da-maria-valentina (4)\" data-image-description=\"\" data-image-caption=\"&lt;p&gt;Making-of :: Sarah Jessica Parker estrela Inverno 2014 da Maria Valentina&lt;\/p&gt;\n\" data-medium-file=\"https:\/\/i0.wp.com\/agrund.com\/wp-content\/uploads\/sites\/6\/2014\/02\/making-of-sarah-jessica-parker-estrela-inverno-2014-da-maria-valentina-4.jpg?fit=300%2C200&amp;ssl=1\" data-large-file=\"https:\/\/i0.wp.com\/agrund.com\/wp-content\/uploads\/sites\/6\/2014\/02\/making-of-sarah-jessica-parker-estrela-inverno-2014-da-maria-valentina-4.jpg?fit=550%2C367&amp;ssl=1\" decoding=\"async\" loading=\"lazy\" class=\"size-large wp-image-96718\" alt=\"Making-of :: Sarah Jessica Parker estrela Inverno 2014 da Maria Valentina\" src=\"https:\/\/i0.wp.com\/www.agrund.com\/wp-content\/uploads\/sites\/6\/cache\/2014\/02\/making-of-sarah-jessica-parker-estrela-inverno-2014-da-maria-valentina-4\/2253218103.jpg?resize=550%2C367\" width=\"550\" height=\"367\" data-recalc-dims=\"1\" \/><\/a><p id=\"caption-attachment-96718\" class=\"wp-caption-text\">Making-of :: Sarah Jessica Parker estrela Inverno 2014 da Maria Valentina<\/p><\/div>\n<p>Imagens: Divulga\u00e7\u00e3o.<\/p>\n","protected":false},"excerpt":{"rendered":"<p>A grife feminina Maria Valentina acaba de anunciar que Sarah Jessica Parker \u00e9 a estrela de seu inverno 2014. A atriz, que j\u00e1 \u00e9 rosto da marca h\u00e1 tr\u00eas temporadas, foi fotografada por ningu\u00e9m menos que Guy Aroch, no Museu do Brooklyn, em Nova York. Ficou curiosa para saber o resultado? O lan\u00e7amento da campanha [&hellip;]<\/p>\n","protected":false},"author":1,"featured_media":96719,"comment_status":"open","ping_status":"open","sticky":false,"template":"","format":"standard","meta":{"jetpack_post_was_ever_published":false,"_jetpack_newsletter_access":"","jetpack_publicize_message":"","jetpack_is_tweetstorm":false,"jetpack_publicize_feature_enabled":true,"jetpack_social_post_already_shared":true,"jetpack_social_options":{"image_generator_settings":{"template":"highway","enabled":false}}},"categories":[2],"tags":[],"jetpack_publicize_connections":[],"jetpack_featured_media_url":"https:\/\/i0.wp.com\/agrund.com\/wp-content\/uploads\/sites\/6\/2014\/02\/slidejessica.jpg?fit=960%2C300&ssl=1","jetpack_sharing_enabled":true,"jetpack_shortlink":"https:\/\/wp.me\/p3Hz0n-p9T","jetpack_likes_enabled":true,"_links":{"self":[{"href":"https:\/\/agrund.com\/index.php\/wp-json\/wp\/v2\/posts\/96713"}],"collection":[{"href":"https:\/\/agrund.com\/index.php\/wp-json\/wp\/v2\/posts"}],"about":[{"href":"https:\/\/agrund.com\/index.php\/wp-json\/wp\/v2\/types\/post"}],"author":[{"embeddable":true,"href":"https:\/\/agrund.com\/index.php\/wp-json\/wp\/v2\/users\/1"}],"replies":[{"embeddable":true,"href":"https:\/\/agrund.com\/index.php\/wp-json\/wp\/v2\/comments?post=96713"}],"version-history":[{"count":0,"href":"https:\/\/agrund.com\/index.php\/wp-json\/wp\/v2\/posts\/96713\/revisions"}],"wp:featuredmedia":[{"embeddable":true,"href":"https:\/\/agrund.com\/index.php\/wp-json\/wp\/v2\/media\/96719"}],"wp:attachment":[{"href":"https:\/\/agrund.com\/index.php\/wp-json\/wp\/v2\/media?parent=96713"}],"wp:term":[{"taxonomy":"category","embeddable":true,"href":"https:\/\/agrund.com\/index.php\/wp-json\/wp\/v2\/categories?post=96713"},{"taxonomy":"post_tag","embeddable":true,"href":"https:\/\/agrund.com\/index.php\/wp-json\/wp\/v2\/tags?post=96713"}],"curies":[{"name":"wp","href":"https:\/\/api.w.org\/{rel}","templated":true}]}}