{"id":96698,"date":"2014-02-17T19:00:33","date_gmt":"2014-02-17T21:00:33","guid":{"rendered":"http:\/\/www.agrund.com\/?p=96698"},"modified":"2014-02-17T15:55:05","modified_gmt":"2014-02-17T17:55:05","slug":"colecao-bruxas-contemporaneas-e-poderosas-de-adriana-barra","status":"publish","type":"post","link":"https:\/\/agrund.com\/index.php\/colecao-bruxas-contemporaneas-e-poderosas-de-adriana-barra\/","title":{"rendered":"Cole\u00e7\u00e3o :: \u201cBruxas contempor\u00e2neas e poderosas\u201d de Adriana Barra"},"content":{"rendered":"<p>A estilista Adriana Barra prop\u00f5e para o Inverno 2014 uma releitura das tradi\u00e7\u00f5es ocultas e esot\u00e9ricas das sagradas religi\u00f5es femininas. Intitulada \u201cWicca\u201d, a cole\u00e7\u00e3o traz vestidos que ganham contornos mais definidos, pr\u00f3ximos ao corpo, com fendas e transpar\u00eancias. Na cole\u00e7\u00e3o, as cal\u00e7as aparecem bem democr\u00e1ticas, cintura alta a pantalona, flare e a vers\u00e3o skinny. A cartela de cores \u00e9 linda em tons de roxos e lil\u00e1s, com destaque para o trabalho manual e minucioso dos bordados.<\/p>\n<p>Nessa temporada Adriana Barra fez parceria com a marca semi joias \u201cSteff\u201d, das irm\u00e3s Daniela e Stefania Feder, criando uma cole\u00e7\u00e3o exclusiva feita de pedras preciosas em estado natural.<\/p>\n<div class=\"embed-vimeo\" style=\"text-align: center;\"><iframe loading=\"lazy\" src=\"https:\/\/player.vimeo.com\/video\/86599723\" width=\"600\" height=\"338\" frameborder=\"0\" webkitallowfullscreen mozallowfullscreen allowfullscreen><\/iframe><\/div>\n<div id=\"attachment_96699\" style=\"width: 560px\" class=\"wp-caption aligncenter\"><a href=\"https:\/\/i0.wp.com\/www.agrund.com\/wp-content\/uploads\/sites\/6\/2014\/02\/colecao-bruxas-contemporaneas-e-poderosas-de-adriana-barra-1.jpg\"><img aria-describedby=\"caption-attachment-96699\" data-attachment-id=\"96699\" data-permalink=\"https:\/\/agrund.com\/index.php\/colecao-bruxas-contemporaneas-e-poderosas-de-adriana-barra\/colecao-bruxas-contemporaneas-e-poderosas-de-adriana-barra-1\/\" data-orig-file=\"https:\/\/i0.wp.com\/agrund.com\/wp-content\/uploads\/sites\/6\/2014\/02\/colecao-bruxas-contemporaneas-e-poderosas-de-adriana-barra-1.jpg?fit=550%2C824&amp;ssl=1\" data-orig-size=\"550,824\" data-comments-opened=\"1\" data-image-meta=\"{&quot;aperture&quot;:&quot;0&quot;,&quot;credit&quot;:&quot;&quot;,&quot;camera&quot;:&quot;&quot;,&quot;caption&quot;:&quot;&quot;,&quot;created_timestamp&quot;:&quot;0&quot;,&quot;copyright&quot;:&quot;&quot;,&quot;focal_length&quot;:&quot;0&quot;,&quot;iso&quot;:&quot;0&quot;,&quot;shutter_speed&quot;:&quot;0&quot;,&quot;title&quot;:&quot;&quot;,&quot;orientation&quot;:&quot;0&quot;}\" data-image-title=\"colecao-bruxas-contemporaneas-e-poderosas-de-adriana-barra (1)\" data-image-description=\"\" data-image-caption=\"&lt;p&gt;Cole\u00e7\u00e3o :: \u201cBruxas contempor\u00e2neas e poderosas\u201d de Adriana Barra &lt;\/p&gt;\n\" data-medium-file=\"https:\/\/i0.wp.com\/agrund.com\/wp-content\/uploads\/sites\/6\/2014\/02\/colecao-bruxas-contemporaneas-e-poderosas-de-adriana-barra-1.jpg?fit=200%2C300&amp;ssl=1\" data-large-file=\"https:\/\/i0.wp.com\/agrund.com\/wp-content\/uploads\/sites\/6\/2014\/02\/colecao-bruxas-contemporaneas-e-poderosas-de-adriana-barra-1.jpg?fit=550%2C824&amp;ssl=1\" decoding=\"async\" loading=\"lazy\" class=\"size-large wp-image-96699\" alt=\"Cole\u00e7\u00e3o :: \u201cBruxas contempor\u00e2neas e poderosas\u201d de Adriana Barra \" src=\"https:\/\/i0.wp.com\/www.agrund.com\/wp-content\/uploads\/sites\/6\/cache\/2014\/02\/colecao-bruxas-contemporaneas-e-poderosas-de-adriana-barra-1\/972890689.jpg?resize=550%2C824\" width=\"550\" height=\"824\" data-recalc-dims=\"1\" \/><\/a><p id=\"caption-attachment-96699\" class=\"wp-caption-text\">Cole\u00e7\u00e3o :: \u201cBruxas contempor\u00e2neas e poderosas\u201d de Adriana Barra<\/p><\/div>\n<div id=\"attachment_96700\" style=\"width: 560px\" class=\"wp-caption aligncenter\"><a href=\"https:\/\/i0.wp.com\/www.agrund.com\/wp-content\/uploads\/sites\/6\/2014\/02\/colecao-bruxas-contemporaneas-e-poderosas-de-adriana-barra-2.jpg\"><img aria-describedby=\"caption-attachment-96700\" data-attachment-id=\"96700\" data-permalink=\"https:\/\/agrund.com\/index.php\/colecao-bruxas-contemporaneas-e-poderosas-de-adriana-barra\/colecao-bruxas-contemporaneas-e-poderosas-de-adriana-barra-2\/\" data-orig-file=\"https:\/\/i0.wp.com\/agrund.com\/wp-content\/uploads\/sites\/6\/2014\/02\/colecao-bruxas-contemporaneas-e-poderosas-de-adriana-barra-2.jpg?fit=550%2C720&amp;ssl=1\" data-orig-size=\"550,720\" data-comments-opened=\"1\" data-image-meta=\"{&quot;aperture&quot;:&quot;0&quot;,&quot;credit&quot;:&quot;&quot;,&quot;camera&quot;:&quot;&quot;,&quot;caption&quot;:&quot;&quot;,&quot;created_timestamp&quot;:&quot;0&quot;,&quot;copyright&quot;:&quot;&quot;,&quot;focal_length&quot;:&quot;0&quot;,&quot;iso&quot;:&quot;0&quot;,&quot;shutter_speed&quot;:&quot;0&quot;,&quot;title&quot;:&quot;&quot;,&quot;orientation&quot;:&quot;0&quot;}\" data-image-title=\"colecao-bruxas-contemporaneas-e-poderosas-de-adriana-barra (2)\" data-image-description=\"\" data-image-caption=\"&lt;p&gt;Cole\u00e7\u00e3o :: \u201cBruxas contempor\u00e2neas e poderosas\u201d de Adriana Barra &lt;\/p&gt;\n\" data-medium-file=\"https:\/\/i0.wp.com\/agrund.com\/wp-content\/uploads\/sites\/6\/2014\/02\/colecao-bruxas-contemporaneas-e-poderosas-de-adriana-barra-2.jpg?fit=229%2C300&amp;ssl=1\" data-large-file=\"https:\/\/i0.wp.com\/agrund.com\/wp-content\/uploads\/sites\/6\/2014\/02\/colecao-bruxas-contemporaneas-e-poderosas-de-adriana-barra-2.jpg?fit=550%2C720&amp;ssl=1\" decoding=\"async\" loading=\"lazy\" class=\"size-large wp-image-96700\" alt=\"Cole\u00e7\u00e3o :: \u201cBruxas contempor\u00e2neas e poderosas\u201d de Adriana Barra \" src=\"https:\/\/i0.wp.com\/www.agrund.com\/wp-content\/uploads\/sites\/6\/cache\/2014\/02\/colecao-bruxas-contemporaneas-e-poderosas-de-adriana-barra-2\/3077711266.jpg?resize=550%2C720\" width=\"550\" height=\"720\" data-recalc-dims=\"1\" \/><\/a><p id=\"caption-attachment-96700\" class=\"wp-caption-text\">Cole\u00e7\u00e3o :: \u201cBruxas contempor\u00e2neas e poderosas\u201d de Adriana Barra<\/p><\/div>\n<div id=\"attachment_96701\" style=\"width: 560px\" class=\"wp-caption aligncenter\"><a href=\"https:\/\/i0.wp.com\/www.agrund.com\/wp-content\/uploads\/sites\/6\/2014\/02\/colecao-bruxas-contemporaneas-e-poderosas-de-adriana-barra-3.jpg\"><img aria-describedby=\"caption-attachment-96701\" data-attachment-id=\"96701\" data-permalink=\"https:\/\/agrund.com\/index.php\/colecao-bruxas-contemporaneas-e-poderosas-de-adriana-barra\/colecao-bruxas-contemporaneas-e-poderosas-de-adriana-barra-3\/\" data-orig-file=\"https:\/\/i0.wp.com\/agrund.com\/wp-content\/uploads\/sites\/6\/2014\/02\/colecao-bruxas-contemporaneas-e-poderosas-de-adriana-barra-3.jpg?fit=550%2C720&amp;ssl=1\" data-orig-size=\"550,720\" data-comments-opened=\"1\" data-image-meta=\"{&quot;aperture&quot;:&quot;0&quot;,&quot;credit&quot;:&quot;&quot;,&quot;camera&quot;:&quot;&quot;,&quot;caption&quot;:&quot;&quot;,&quot;created_timestamp&quot;:&quot;0&quot;,&quot;copyright&quot;:&quot;&quot;,&quot;focal_length&quot;:&quot;0&quot;,&quot;iso&quot;:&quot;0&quot;,&quot;shutter_speed&quot;:&quot;0&quot;,&quot;title&quot;:&quot;&quot;,&quot;orientation&quot;:&quot;0&quot;}\" data-image-title=\"colecao-bruxas-contemporaneas-e-poderosas-de-adriana-barra (3)\" data-image-description=\"\" data-image-caption=\"&lt;p&gt;Cole\u00e7\u00e3o :: \u201cBruxas contempor\u00e2neas e poderosas\u201d de Adriana Barra &lt;\/p&gt;\n\" data-medium-file=\"https:\/\/i0.wp.com\/agrund.com\/wp-content\/uploads\/sites\/6\/2014\/02\/colecao-bruxas-contemporaneas-e-poderosas-de-adriana-barra-3.jpg?fit=229%2C300&amp;ssl=1\" data-large-file=\"https:\/\/i0.wp.com\/agrund.com\/wp-content\/uploads\/sites\/6\/2014\/02\/colecao-bruxas-contemporaneas-e-poderosas-de-adriana-barra-3.jpg?fit=550%2C720&amp;ssl=1\" decoding=\"async\" loading=\"lazy\" class=\"size-large wp-image-96701\" alt=\"Cole\u00e7\u00e3o :: \u201cBruxas contempor\u00e2neas e poderosas\u201d de Adriana Barra \" src=\"https:\/\/i0.wp.com\/www.agrund.com\/wp-content\/uploads\/sites\/6\/cache\/2014\/02\/colecao-bruxas-contemporaneas-e-poderosas-de-adriana-barra-3\/2077762876.jpg?resize=550%2C720\" width=\"550\" height=\"720\" data-recalc-dims=\"1\" \/><\/a><p id=\"caption-attachment-96701\" class=\"wp-caption-text\">Cole\u00e7\u00e3o :: \u201cBruxas contempor\u00e2neas e poderosas\u201d de Adriana Barra<\/p><\/div>\n<div id=\"attachment_96702\" style=\"width: 560px\" class=\"wp-caption aligncenter\"><a href=\"https:\/\/i0.wp.com\/www.agrund.com\/wp-content\/uploads\/sites\/6\/2014\/02\/colecao-bruxas-contemporaneas-e-poderosas-de-adriana-barra-4.jpg\"><img aria-describedby=\"caption-attachment-96702\" data-attachment-id=\"96702\" data-permalink=\"https:\/\/agrund.com\/index.php\/colecao-bruxas-contemporaneas-e-poderosas-de-adriana-barra\/colecao-bruxas-contemporaneas-e-poderosas-de-adriana-barra-4\/\" data-orig-file=\"https:\/\/i0.wp.com\/agrund.com\/wp-content\/uploads\/sites\/6\/2014\/02\/colecao-bruxas-contemporaneas-e-poderosas-de-adriana-barra-4.jpg?fit=550%2C720&amp;ssl=1\" data-orig-size=\"550,720\" data-comments-opened=\"1\" data-image-meta=\"{&quot;aperture&quot;:&quot;0&quot;,&quot;credit&quot;:&quot;&quot;,&quot;camera&quot;:&quot;&quot;,&quot;caption&quot;:&quot;&quot;,&quot;created_timestamp&quot;:&quot;0&quot;,&quot;copyright&quot;:&quot;&quot;,&quot;focal_length&quot;:&quot;0&quot;,&quot;iso&quot;:&quot;0&quot;,&quot;shutter_speed&quot;:&quot;0&quot;,&quot;title&quot;:&quot;&quot;,&quot;orientation&quot;:&quot;0&quot;}\" data-image-title=\"colecao-bruxas-contemporaneas-e-poderosas-de-adriana-barra (4)\" data-image-description=\"\" data-image-caption=\"&lt;p&gt;Cole\u00e7\u00e3o :: \u201cBruxas contempor\u00e2neas e poderosas\u201d de Adriana Barra &lt;\/p&gt;\n\" data-medium-file=\"https:\/\/i0.wp.com\/agrund.com\/wp-content\/uploads\/sites\/6\/2014\/02\/colecao-bruxas-contemporaneas-e-poderosas-de-adriana-barra-4.jpg?fit=229%2C300&amp;ssl=1\" data-large-file=\"https:\/\/i0.wp.com\/agrund.com\/wp-content\/uploads\/sites\/6\/2014\/02\/colecao-bruxas-contemporaneas-e-poderosas-de-adriana-barra-4.jpg?fit=550%2C720&amp;ssl=1\" decoding=\"async\" loading=\"lazy\" class=\"size-large wp-image-96702\" alt=\"Cole\u00e7\u00e3o :: \u201cBruxas contempor\u00e2neas e poderosas\u201d de Adriana Barra \" src=\"https:\/\/i0.wp.com\/www.agrund.com\/wp-content\/uploads\/sites\/6\/cache\/2014\/02\/colecao-bruxas-contemporaneas-e-poderosas-de-adriana-barra-4\/1897737253.jpg?resize=550%2C720\" width=\"550\" height=\"720\" data-recalc-dims=\"1\" \/><\/a><p id=\"caption-attachment-96702\" class=\"wp-caption-text\">Cole\u00e7\u00e3o :: \u201cBruxas contempor\u00e2neas e poderosas\u201d de Adriana Barra<\/p><\/div>\n<div id=\"attachment_96703\" style=\"width: 560px\" class=\"wp-caption aligncenter\"><a href=\"https:\/\/i0.wp.com\/www.agrund.com\/wp-content\/uploads\/sites\/6\/2014\/02\/colecao-bruxas-contemporaneas-e-poderosas-de-adriana-barra-5.jpg\"><img aria-describedby=\"caption-attachment-96703\" data-attachment-id=\"96703\" data-permalink=\"https:\/\/agrund.com\/index.php\/colecao-bruxas-contemporaneas-e-poderosas-de-adriana-barra\/colecao-bruxas-contemporaneas-e-poderosas-de-adriana-barra-5\/\" data-orig-file=\"https:\/\/i0.wp.com\/agrund.com\/wp-content\/uploads\/sites\/6\/2014\/02\/colecao-bruxas-contemporaneas-e-poderosas-de-adriana-barra-5.jpg?fit=550%2C720&amp;ssl=1\" data-orig-size=\"550,720\" data-comments-opened=\"1\" data-image-meta=\"{&quot;aperture&quot;:&quot;0&quot;,&quot;credit&quot;:&quot;&quot;,&quot;camera&quot;:&quot;&quot;,&quot;caption&quot;:&quot;&quot;,&quot;created_timestamp&quot;:&quot;0&quot;,&quot;copyright&quot;:&quot;&quot;,&quot;focal_length&quot;:&quot;0&quot;,&quot;iso&quot;:&quot;0&quot;,&quot;shutter_speed&quot;:&quot;0&quot;,&quot;title&quot;:&quot;&quot;,&quot;orientation&quot;:&quot;0&quot;}\" data-image-title=\"colecao-bruxas-contemporaneas-e-poderosas-de-adriana-barra (5)\" data-image-description=\"\" data-image-caption=\"&lt;p&gt;Cole\u00e7\u00e3o :: \u201cBruxas contempor\u00e2neas e poderosas\u201d de Adriana Barra &lt;\/p&gt;\n\" data-medium-file=\"https:\/\/i0.wp.com\/agrund.com\/wp-content\/uploads\/sites\/6\/2014\/02\/colecao-bruxas-contemporaneas-e-poderosas-de-adriana-barra-5.jpg?fit=229%2C300&amp;ssl=1\" data-large-file=\"https:\/\/i0.wp.com\/agrund.com\/wp-content\/uploads\/sites\/6\/2014\/02\/colecao-bruxas-contemporaneas-e-poderosas-de-adriana-barra-5.jpg?fit=550%2C720&amp;ssl=1\" decoding=\"async\" loading=\"lazy\" class=\"size-large wp-image-96703\" alt=\"Cole\u00e7\u00e3o :: \u201cBruxas contempor\u00e2neas e poderosas\u201d de Adriana Barra \" src=\"https:\/\/i0.wp.com\/www.agrund.com\/wp-content\/uploads\/sites\/6\/cache\/2014\/02\/colecao-bruxas-contemporaneas-e-poderosas-de-adriana-barra-5\/3182898363.jpg?resize=550%2C720\" width=\"550\" height=\"720\" data-recalc-dims=\"1\" \/><\/a><p id=\"caption-attachment-96703\" class=\"wp-caption-text\">Cole\u00e7\u00e3o :: \u201cBruxas contempor\u00e2neas e poderosas\u201d de Adriana Barra<\/p><\/div>\n<div id=\"attachment_96704\" style=\"width: 560px\" class=\"wp-caption aligncenter\"><a href=\"https:\/\/i0.wp.com\/www.agrund.com\/wp-content\/uploads\/sites\/6\/2014\/02\/colecao-bruxas-contemporaneas-e-poderosas-de-adriana-barra-6.jpg\"><img aria-describedby=\"caption-attachment-96704\" data-attachment-id=\"96704\" data-permalink=\"https:\/\/agrund.com\/index.php\/colecao-bruxas-contemporaneas-e-poderosas-de-adriana-barra\/colecao-bruxas-contemporaneas-e-poderosas-de-adriana-barra-6\/\" data-orig-file=\"https:\/\/i0.wp.com\/agrund.com\/wp-content\/uploads\/sites\/6\/2014\/02\/colecao-bruxas-contemporaneas-e-poderosas-de-adriana-barra-6.jpg?fit=550%2C720&amp;ssl=1\" data-orig-size=\"550,720\" data-comments-opened=\"1\" data-image-meta=\"{&quot;aperture&quot;:&quot;0&quot;,&quot;credit&quot;:&quot;&quot;,&quot;camera&quot;:&quot;&quot;,&quot;caption&quot;:&quot;&quot;,&quot;created_timestamp&quot;:&quot;0&quot;,&quot;copyright&quot;:&quot;&quot;,&quot;focal_length&quot;:&quot;0&quot;,&quot;iso&quot;:&quot;0&quot;,&quot;shutter_speed&quot;:&quot;0&quot;,&quot;title&quot;:&quot;&quot;,&quot;orientation&quot;:&quot;0&quot;}\" data-image-title=\"colecao-bruxas-contemporaneas-e-poderosas-de-adriana-barra (6)\" data-image-description=\"\" data-image-caption=\"&lt;p&gt;Cole\u00e7\u00e3o :: \u201cBruxas contempor\u00e2neas e poderosas\u201d de Adriana Barra &lt;\/p&gt;\n\" data-medium-file=\"https:\/\/i0.wp.com\/agrund.com\/wp-content\/uploads\/sites\/6\/2014\/02\/colecao-bruxas-contemporaneas-e-poderosas-de-adriana-barra-6.jpg?fit=229%2C300&amp;ssl=1\" data-large-file=\"https:\/\/i0.wp.com\/agrund.com\/wp-content\/uploads\/sites\/6\/2014\/02\/colecao-bruxas-contemporaneas-e-poderosas-de-adriana-barra-6.jpg?fit=550%2C720&amp;ssl=1\" decoding=\"async\" loading=\"lazy\" class=\"size-large wp-image-96704\" alt=\"Cole\u00e7\u00e3o :: \u201cBruxas contempor\u00e2neas e poderosas\u201d de Adriana Barra \" src=\"https:\/\/i0.wp.com\/www.agrund.com\/wp-content\/uploads\/sites\/6\/cache\/2014\/02\/colecao-bruxas-contemporaneas-e-poderosas-de-adriana-barra-6\/859319128.jpg?resize=550%2C720\" width=\"550\" height=\"720\" data-recalc-dims=\"1\" \/><\/a><p id=\"caption-attachment-96704\" class=\"wp-caption-text\">Cole\u00e7\u00e3o :: \u201cBruxas contempor\u00e2neas e poderosas\u201d de Adriana Barra<\/p><\/div>\n<div id=\"attachment_96705\" style=\"width: 560px\" class=\"wp-caption aligncenter\"><a href=\"https:\/\/i0.wp.com\/www.agrund.com\/wp-content\/uploads\/sites\/6\/2014\/02\/colecao-bruxas-contemporaneas-e-poderosas-de-adriana-barra-7.jpg\"><img aria-describedby=\"caption-attachment-96705\" data-attachment-id=\"96705\" data-permalink=\"https:\/\/agrund.com\/index.php\/colecao-bruxas-contemporaneas-e-poderosas-de-adriana-barra\/colecao-bruxas-contemporaneas-e-poderosas-de-adriana-barra-7\/\" data-orig-file=\"https:\/\/i0.wp.com\/agrund.com\/wp-content\/uploads\/sites\/6\/2014\/02\/colecao-bruxas-contemporaneas-e-poderosas-de-adriana-barra-7.jpg?fit=550%2C720&amp;ssl=1\" data-orig-size=\"550,720\" data-comments-opened=\"1\" data-image-meta=\"{&quot;aperture&quot;:&quot;0&quot;,&quot;credit&quot;:&quot;&quot;,&quot;camera&quot;:&quot;&quot;,&quot;caption&quot;:&quot;&quot;,&quot;created_timestamp&quot;:&quot;0&quot;,&quot;copyright&quot;:&quot;&quot;,&quot;focal_length&quot;:&quot;0&quot;,&quot;iso&quot;:&quot;0&quot;,&quot;shutter_speed&quot;:&quot;0&quot;,&quot;title&quot;:&quot;&quot;,&quot;orientation&quot;:&quot;0&quot;}\" data-image-title=\"colecao-bruxas-contemporaneas-e-poderosas-de-adriana-barra (7)\" data-image-description=\"\" data-image-caption=\"&lt;p&gt;Cole\u00e7\u00e3o :: \u201cBruxas contempor\u00e2neas e poderosas\u201d de Adriana Barra &lt;\/p&gt;\n\" data-medium-file=\"https:\/\/i0.wp.com\/agrund.com\/wp-content\/uploads\/sites\/6\/2014\/02\/colecao-bruxas-contemporaneas-e-poderosas-de-adriana-barra-7.jpg?fit=229%2C300&amp;ssl=1\" data-large-file=\"https:\/\/i0.wp.com\/agrund.com\/wp-content\/uploads\/sites\/6\/2014\/02\/colecao-bruxas-contemporaneas-e-poderosas-de-adriana-barra-7.jpg?fit=550%2C720&amp;ssl=1\" decoding=\"async\" loading=\"lazy\" class=\"size-large wp-image-96705\" alt=\"Cole\u00e7\u00e3o :: \u201cBruxas contempor\u00e2neas e poderosas\u201d de Adriana Barra \" src=\"https:\/\/i0.wp.com\/www.agrund.com\/wp-content\/uploads\/sites\/6\/cache\/2014\/02\/colecao-bruxas-contemporaneas-e-poderosas-de-adriana-barra-7\/4287769542.jpg?resize=550%2C720\" width=\"550\" height=\"720\" data-recalc-dims=\"1\" \/><\/a><p id=\"caption-attachment-96705\" class=\"wp-caption-text\">Cole\u00e7\u00e3o :: \u201cBruxas contempor\u00e2neas e poderosas\u201d de Adriana Barra<\/p><\/div>\n<p>Imagens e V\u00eddeo: Reprodu\u00e7\u00e3o.<\/p>\n","protected":false},"excerpt":{"rendered":"<p>A estilista Adriana Barra prop\u00f5e para o Inverno 2014 uma releitura das tradi\u00e7\u00f5es ocultas e esot\u00e9ricas das sagradas religi\u00f5es femininas. Intitulada \u201cWicca\u201d, a cole\u00e7\u00e3o traz vestidos que ganham contornos mais definidos, pr\u00f3ximos ao corpo, com fendas e transpar\u00eancias. Na cole\u00e7\u00e3o, as cal\u00e7as aparecem bem democr\u00e1ticas, cintura alta a pantalona, flare e a vers\u00e3o skinny. A [&hellip;]<\/p>\n","protected":false},"author":1,"featured_media":96706,"comment_status":"open","ping_status":"open","sticky":false,"template":"","format":"standard","meta":{"jetpack_post_was_ever_published":false,"_jetpack_newsletter_access":"","jetpack_publicize_message":"","jetpack_is_tweetstorm":false,"jetpack_publicize_feature_enabled":true,"jetpack_social_post_already_shared":true,"jetpack_social_options":{"image_generator_settings":{"template":"highway","enabled":false}}},"categories":[2],"tags":[],"jetpack_publicize_connections":[],"jetpack_featured_media_url":"https:\/\/i0.wp.com\/agrund.com\/wp-content\/uploads\/sites\/6\/2014\/02\/slide132.jpg?fit=960%2C300&ssl=1","jetpack_sharing_enabled":true,"jetpack_shortlink":"https:\/\/wp.me\/p3Hz0n-p9E","jetpack_likes_enabled":true,"_links":{"self":[{"href":"https:\/\/agrund.com\/index.php\/wp-json\/wp\/v2\/posts\/96698"}],"collection":[{"href":"https:\/\/agrund.com\/index.php\/wp-json\/wp\/v2\/posts"}],"about":[{"href":"https:\/\/agrund.com\/index.php\/wp-json\/wp\/v2\/types\/post"}],"author":[{"embeddable":true,"href":"https:\/\/agrund.com\/index.php\/wp-json\/wp\/v2\/users\/1"}],"replies":[{"embeddable":true,"href":"https:\/\/agrund.com\/index.php\/wp-json\/wp\/v2\/comments?post=96698"}],"version-history":[{"count":0,"href":"https:\/\/agrund.com\/index.php\/wp-json\/wp\/v2\/posts\/96698\/revisions"}],"wp:featuredmedia":[{"embeddable":true,"href":"https:\/\/agrund.com\/index.php\/wp-json\/wp\/v2\/media\/96706"}],"wp:attachment":[{"href":"https:\/\/agrund.com\/index.php\/wp-json\/wp\/v2\/media?parent=96698"}],"wp:term":[{"taxonomy":"category","embeddable":true,"href":"https:\/\/agrund.com\/index.php\/wp-json\/wp\/v2\/categories?post=96698"},{"taxonomy":"post_tag","embeddable":true,"href":"https:\/\/agrund.com\/index.php\/wp-json\/wp\/v2\/tags?post=96698"}],"curies":[{"name":"wp","href":"https:\/\/api.w.org\/{rel}","templated":true}]}}