{"id":9661,"date":"2011-05-11T16:30:53","date_gmt":"2011-05-11T19:30:53","guid":{"rendered":"http:\/\/www.agrund.com\/blogs\/notas\/?p=9661"},"modified":"2011-05-11T16:30:53","modified_gmt":"2011-05-11T19:30:53","slug":"premio-rio-moda-hype-abre-o-fashion-rio-2012","status":"publish","type":"post","link":"https:\/\/agrund.com\/index.php\/premio-rio-moda-hype-abre-o-fashion-rio-2012\/","title":{"rendered":"Pr\u00eamio Rio Moda Hype abre o Fashion Rio 2012"},"content":{"rendered":"<p>A 14\u00b0 edi\u00e7\u00e3o do Pr\u00eamio Rio Moda Hype abre a temporada de ver\u00e3o do Fashion Rio 2012, no dia 29 de maio, no P\u00eder Mau\u00e1. Quatro novos talentos do Rio de Janeiro v\u00e3o apresentar os seus looks: Branch\u00e9e, Dobra, Andr\u00e9 Lucian e Velt.\u00a0 Tamb\u00e9m desfilam nesta edi\u00e7\u00e3o, Akihito Hira e Sann Marcuccy, do Distrito Federal, Lucas Magalh\u00e3es, de Minas Gerais, Soddi, da Bahia, Martins Paulo, do Piau\u00ed, e Janiero, de S\u00e3o Paulo.<\/p>\n<p>O Pr\u00eamio Rio Moda Hype acontecer\u00e1 em dois blocos de desfiles, no mesmo dia, cada um com a participa\u00e7\u00e3o de cinco estilistas, que v\u00e3o levar para as passarelas um total de 100 looks, criados especialmente para o evento. Dos dez estilistas selecionados para esta edi\u00e7\u00e3o, tr\u00eas deles produzem moda masculina (Akihito Hira, Soddi e Velt), outros seis moda feminina (Martins Paulo, Lucas Magalh\u00e3es, Branch\u00e9e, Andr\u00e9 Lucian e Janiero) e dois criam pe\u00e7as unissex (Sann Marcuccy e Dobra). Pelos croquis j\u00e1 d\u00e1 para perceber que as cores v\u00e3o invadir a passarela do PRMH no Fashion Rio.<\/p>\n<p style=\"text-align: center\">\n<div id=\"attachment_9662\" style=\"width: 510px\" class=\"wp-caption aligncenter\"><img aria-describedby=\"caption-attachment-9662\" decoding=\"async\" loading=\"lazy\" class=\"size-full wp-image-9662\" src=\"https:\/\/i0.wp.com\/www.agrund.com\/arquivo\/notas\/files\/2011\/05\/Akihito-Hira.jpg?resize=500%2C354\" alt=\"\" width=\"500\" height=\"354\" data-recalc-dims=\"1\" \/><p id=\"caption-attachment-9662\" class=\"wp-caption-text\">Akihito Hira<\/p><\/div>\n<div id=\"attachment_9663\" style=\"width: 510px\" class=\"wp-caption aligncenter\"><img aria-describedby=\"caption-attachment-9663\" decoding=\"async\" loading=\"lazy\" class=\"size-full wp-image-9663\" src=\"https:\/\/i0.wp.com\/www.agrund.com\/arquivo\/notas\/files\/2011\/05\/Martins-Paulo.jpg?resize=500%2C353\" alt=\"\" width=\"500\" height=\"353\" data-recalc-dims=\"1\" \/><p id=\"caption-attachment-9663\" class=\"wp-caption-text\">Martins Paulo<\/p><\/div>\n<div id=\"attachment_9664\" style=\"width: 510px\" class=\"wp-caption aligncenter\"><img aria-describedby=\"caption-attachment-9664\" decoding=\"async\" loading=\"lazy\" class=\"size-full wp-image-9664\" src=\"https:\/\/i0.wp.com\/www.agrund.com\/arquivo\/notas\/files\/2011\/05\/Sann-Marcuccy.jpg?resize=500%2C668\" alt=\"\" width=\"500\" height=\"668\" data-recalc-dims=\"1\" \/><p id=\"caption-attachment-9664\" class=\"wp-caption-text\">Sann Marcuccy<\/p><\/div>\n<div id=\"attachment_9665\" style=\"width: 510px\" class=\"wp-caption aligncenter\"><img aria-describedby=\"caption-attachment-9665\" decoding=\"async\" loading=\"lazy\" class=\"size-full wp-image-9665\" src=\"https:\/\/i0.wp.com\/www.agrund.com\/arquivo\/notas\/files\/2011\/05\/Soddi.jpg?resize=500%2C687\" alt=\"\" width=\"500\" height=\"687\" data-recalc-dims=\"1\" \/><p id=\"caption-attachment-9665\" class=\"wp-caption-text\">Soddi<\/p><\/div>\n<div id=\"attachment_9666\" style=\"width: 510px\" class=\"wp-caption aligncenter\"><img aria-describedby=\"caption-attachment-9666\" decoding=\"async\" loading=\"lazy\" class=\"size-full wp-image-9666\" src=\"https:\/\/i0.wp.com\/www.agrund.com\/arquivo\/notas\/files\/2011\/05\/Velt.jpg?resize=500%2C499\" alt=\"\" width=\"500\" height=\"499\" data-recalc-dims=\"1\" \/><p id=\"caption-attachment-9666\" class=\"wp-caption-text\">Velt<\/p><\/div>\n<div id=\"attachment_9667\" style=\"width: 390px\" class=\"wp-caption aligncenter\"><img aria-describedby=\"caption-attachment-9667\" decoding=\"async\" loading=\"lazy\" class=\"size-full wp-image-9667\" src=\"https:\/\/i0.wp.com\/www.agrund.com\/arquivo\/notas\/files\/2011\/05\/Branch\u00e9e.jpg?resize=380%2C522\" alt=\"\" width=\"380\" height=\"522\" data-recalc-dims=\"1\" \/><p id=\"caption-attachment-9667\" class=\"wp-caption-text\">Branch\u00e9e<\/p><\/div>\n<div id=\"attachment_9668\" style=\"width: 269px\" class=\"wp-caption aligncenter\"><img aria-describedby=\"caption-attachment-9668\" decoding=\"async\" loading=\"lazy\" class=\"size-large wp-image-9668\" src=\"https:\/\/i0.wp.com\/www.agrund.com\/arquivo\/notas\/files\/2011\/05\/Lucas-Magalh\u00e3es-259x1024.jpg?resize=259%2C1024\" alt=\"\" width=\"259\" height=\"1024\" data-recalc-dims=\"1\" \/><p id=\"caption-attachment-9668\" class=\"wp-caption-text\">Lucas Magalh\u00e3es<\/p><\/div>\n<div id=\"attachment_9669\" style=\"width: 357px\" class=\"wp-caption aligncenter\"><img aria-describedby=\"caption-attachment-9669\" decoding=\"async\" loading=\"lazy\" class=\"size-full wp-image-9669\" src=\"https:\/\/i0.wp.com\/www.agrund.com\/arquivo\/notas\/files\/2011\/05\/Dobra.jpg?resize=347%2C491\" alt=\"\" width=\"347\" height=\"491\" data-recalc-dims=\"1\" \/><p id=\"caption-attachment-9669\" class=\"wp-caption-text\">Dobra<\/p><\/div>\n<p style=\"text-align: center\">\n","protected":false},"excerpt":{"rendered":"<p>A 14\u00b0 edi\u00e7\u00e3o do Pr\u00eamio Rio Moda Hype abre a temporada de ver\u00e3o do Fashion Rio 2012, no dia 29 de maio, no P\u00eder Mau\u00e1. Quatro novos talentos do Rio de Janeiro v\u00e3o apresentar os seus looks: Branch\u00e9e, Dobra, Andr\u00e9 Lucian e Velt.\u00a0 Tamb\u00e9m desfilam nesta edi\u00e7\u00e3o, Akihito Hira e Sann Marcuccy, do Distrito Federal, [&hellip;]<\/p>\n","protected":false},"author":8,"featured_media":9664,"comment_status":"open","ping_status":"open","sticky":false,"template":"","format":"standard","meta":{"jetpack_post_was_ever_published":false,"_jetpack_newsletter_access":"","jetpack_publicize_message":"","jetpack_is_tweetstorm":false,"jetpack_publicize_feature_enabled":true,"jetpack_social_post_already_shared":false,"jetpack_social_options":{"image_generator_settings":{"template":"highway","enabled":false}}},"categories":[2],"tags":[],"jetpack_publicize_connections":[],"jetpack_featured_media_url":"","jetpack_sharing_enabled":true,"jetpack_shortlink":"https:\/\/wp.me\/p3Hz0n-2vP","jetpack_likes_enabled":true,"_links":{"self":[{"href":"https:\/\/agrund.com\/index.php\/wp-json\/wp\/v2\/posts\/9661"}],"collection":[{"href":"https:\/\/agrund.com\/index.php\/wp-json\/wp\/v2\/posts"}],"about":[{"href":"https:\/\/agrund.com\/index.php\/wp-json\/wp\/v2\/types\/post"}],"author":[{"embeddable":true,"href":"https:\/\/agrund.com\/index.php\/wp-json\/wp\/v2\/users\/8"}],"replies":[{"embeddable":true,"href":"https:\/\/agrund.com\/index.php\/wp-json\/wp\/v2\/comments?post=9661"}],"version-history":[{"count":0,"href":"https:\/\/agrund.com\/index.php\/wp-json\/wp\/v2\/posts\/9661\/revisions"}],"wp:featuredmedia":[{"embeddable":true,"href":"https:\/\/agrund.com\/index.php\/wp-json\/"}],"wp:attachment":[{"href":"https:\/\/agrund.com\/index.php\/wp-json\/wp\/v2\/media?parent=9661"}],"wp:term":[{"taxonomy":"category","embeddable":true,"href":"https:\/\/agrund.com\/index.php\/wp-json\/wp\/v2\/categories?post=9661"},{"taxonomy":"post_tag","embeddable":true,"href":"https:\/\/agrund.com\/index.php\/wp-json\/wp\/v2\/tags?post=9661"}],"curies":[{"name":"wp","href":"https:\/\/api.w.org\/{rel}","templated":true}]}}