{"id":96434,"date":"2014-02-14T19:00:21","date_gmt":"2014-02-14T21:00:21","guid":{"rendered":"http:\/\/www.agrund.com\/?p=96434"},"modified":"2014-02-14T14:33:18","modified_gmt":"2014-02-14T16:33:18","slug":"colecao-espaco-fashion-lanca-seu-inverno-2014","status":"publish","type":"post","link":"https:\/\/agrund.com\/index.php\/colecao-espaco-fashion-lanca-seu-inverno-2014\/","title":{"rendered":"Cole\u00e7\u00e3o :: Espa\u00e7o Fashion lan\u00e7a seu Inverno 2014"},"content":{"rendered":"<p>A Espa\u00e7o Fashion acaba de divulgar as primeiras imagens de seu inverno 2014. Para esta cole\u00e7\u00e3o, a marca carioca buscou inspira\u00e7\u00e3o nos elementos que comp\u00f5em a ocupa\u00e7\u00e3o humana, como a casa, sua constru\u00e7\u00e3o f\u00edsica e seu espa\u00e7o afetivo.<br \/>\nO resultado s\u00e3o pe\u00e7as elegantes e modernas com quatro silhuetas-chave definidas pela marca como: cintura marcada e volume em bottom; silhueta relax intimista com pe\u00e7as enviesadas e com aspecto lingerie; a silhueta box, com formas geom\u00e9tricas e levemente estruturada; e o comprimento midi, em bottons e vestidos.<br \/>\nA cartela de cores traz uma predomin\u00e2ncia dos tons de goiaba, azul e amora, que d\u00e3o vida a tecidos como renda, couro, tule, crepe e tecidos de alfaiataria. Confira:<\/p>\n<div id=\"attachment_96435\" style=\"width: 560px\" class=\"wp-caption aligncenter\"><a href=\"https:\/\/i0.wp.com\/www.agrund.com\/wp-content\/uploads\/sites\/6\/2014\/02\/colecao-espaco-fashion-lanca-seu-inverno-2014-1.jpg\"><img aria-describedby=\"caption-attachment-96435\" data-attachment-id=\"96435\" data-permalink=\"https:\/\/agrund.com\/index.php\/colecao-espaco-fashion-lanca-seu-inverno-2014\/colecao-espaco-fashion-lanca-seu-inverno-2014-1\/\" data-orig-file=\"https:\/\/i0.wp.com\/agrund.com\/wp-content\/uploads\/sites\/6\/2014\/02\/colecao-espaco-fashion-lanca-seu-inverno-2014-1.jpg?fit=550%2C366&amp;ssl=1\" data-orig-size=\"550,366\" data-comments-opened=\"1\" data-image-meta=\"{&quot;aperture&quot;:&quot;0&quot;,&quot;credit&quot;:&quot;&quot;,&quot;camera&quot;:&quot;&quot;,&quot;caption&quot;:&quot;&quot;,&quot;created_timestamp&quot;:&quot;0&quot;,&quot;copyright&quot;:&quot;&quot;,&quot;focal_length&quot;:&quot;0&quot;,&quot;iso&quot;:&quot;0&quot;,&quot;shutter_speed&quot;:&quot;0&quot;,&quot;title&quot;:&quot;&quot;,&quot;orientation&quot;:&quot;0&quot;}\" data-image-title=\"colecao-espaco-fashion-lanca-seu-inverno-2014 (1)\" data-image-description=\"\" data-image-caption=\"&lt;p&gt;Cole\u00e7\u00e3o :: Espa\u00e7o Fashion lan\u00e7a seu Inverno 2014&lt;\/p&gt;\n\" data-medium-file=\"https:\/\/i0.wp.com\/agrund.com\/wp-content\/uploads\/sites\/6\/2014\/02\/colecao-espaco-fashion-lanca-seu-inverno-2014-1.jpg?fit=300%2C200&amp;ssl=1\" data-large-file=\"https:\/\/i0.wp.com\/agrund.com\/wp-content\/uploads\/sites\/6\/2014\/02\/colecao-espaco-fashion-lanca-seu-inverno-2014-1.jpg?fit=550%2C366&amp;ssl=1\" decoding=\"async\" loading=\"lazy\" class=\"size-large wp-image-96435\" alt=\"Cole\u00e7\u00e3o :: Espa\u00e7o Fashion lan\u00e7a seu Inverno 2014\" src=\"https:\/\/i0.wp.com\/www.agrund.com\/wp-content\/uploads\/sites\/6\/cache\/2014\/02\/colecao-espaco-fashion-lanca-seu-inverno-2014-1\/2463982741.jpg?resize=550%2C366\" width=\"550\" height=\"366\" data-recalc-dims=\"1\" \/><\/a><p id=\"caption-attachment-96435\" class=\"wp-caption-text\">Cole\u00e7\u00e3o :: Espa\u00e7o Fashion lan\u00e7a seu Inverno 2014<\/p><\/div>\n<div id=\"attachment_96436\" style=\"width: 560px\" class=\"wp-caption aligncenter\"><a href=\"https:\/\/i0.wp.com\/www.agrund.com\/wp-content\/uploads\/sites\/6\/2014\/02\/colecao-espaco-fashion-lanca-seu-inverno-2014-2.jpg\"><img aria-describedby=\"caption-attachment-96436\" data-attachment-id=\"96436\" data-permalink=\"https:\/\/agrund.com\/index.php\/colecao-espaco-fashion-lanca-seu-inverno-2014\/colecao-espaco-fashion-lanca-seu-inverno-2014-2\/\" data-orig-file=\"https:\/\/i0.wp.com\/agrund.com\/wp-content\/uploads\/sites\/6\/2014\/02\/colecao-espaco-fashion-lanca-seu-inverno-2014-2.jpg?fit=550%2C825&amp;ssl=1\" data-orig-size=\"550,825\" data-comments-opened=\"1\" data-image-meta=\"{&quot;aperture&quot;:&quot;0&quot;,&quot;credit&quot;:&quot;&quot;,&quot;camera&quot;:&quot;&quot;,&quot;caption&quot;:&quot;&quot;,&quot;created_timestamp&quot;:&quot;0&quot;,&quot;copyright&quot;:&quot;&quot;,&quot;focal_length&quot;:&quot;0&quot;,&quot;iso&quot;:&quot;0&quot;,&quot;shutter_speed&quot;:&quot;0&quot;,&quot;title&quot;:&quot;&quot;,&quot;orientation&quot;:&quot;0&quot;}\" data-image-title=\"colecao-espaco-fashion-lanca-seu-inverno-2014 (2)\" data-image-description=\"\" data-image-caption=\"&lt;p&gt;Cole\u00e7\u00e3o :: Espa\u00e7o Fashion lan\u00e7a seu Inverno 2014&lt;\/p&gt;\n\" data-medium-file=\"https:\/\/i0.wp.com\/agrund.com\/wp-content\/uploads\/sites\/6\/2014\/02\/colecao-espaco-fashion-lanca-seu-inverno-2014-2.jpg?fit=200%2C300&amp;ssl=1\" data-large-file=\"https:\/\/i0.wp.com\/agrund.com\/wp-content\/uploads\/sites\/6\/2014\/02\/colecao-espaco-fashion-lanca-seu-inverno-2014-2.jpg?fit=550%2C825&amp;ssl=1\" decoding=\"async\" loading=\"lazy\" class=\"size-large wp-image-96436\" alt=\"Cole\u00e7\u00e3o :: Espa\u00e7o Fashion lan\u00e7a seu Inverno 2014\" src=\"https:\/\/i0.wp.com\/www.agrund.com\/wp-content\/uploads\/sites\/6\/cache\/2014\/02\/colecao-espaco-fashion-lanca-seu-inverno-2014-2\/475161462.jpg?resize=550%2C825\" width=\"550\" height=\"825\" data-recalc-dims=\"1\" \/><\/a><p id=\"caption-attachment-96436\" class=\"wp-caption-text\">Cole\u00e7\u00e3o :: Espa\u00e7o Fashion lan\u00e7a seu Inverno 2014<\/p><\/div>\n<div id=\"attachment_96437\" style=\"width: 560px\" class=\"wp-caption aligncenter\"><a href=\"https:\/\/i0.wp.com\/www.agrund.com\/wp-content\/uploads\/sites\/6\/2014\/02\/colecao-espaco-fashion-lanca-seu-inverno-2014-3.jpg\"><img aria-describedby=\"caption-attachment-96437\" data-attachment-id=\"96437\" data-permalink=\"https:\/\/agrund.com\/index.php\/colecao-espaco-fashion-lanca-seu-inverno-2014\/colecao-espaco-fashion-lanca-seu-inverno-2014-3\/\" data-orig-file=\"https:\/\/i0.wp.com\/agrund.com\/wp-content\/uploads\/sites\/6\/2014\/02\/colecao-espaco-fashion-lanca-seu-inverno-2014-3.jpg?fit=550%2C825&amp;ssl=1\" data-orig-size=\"550,825\" data-comments-opened=\"1\" data-image-meta=\"{&quot;aperture&quot;:&quot;0&quot;,&quot;credit&quot;:&quot;&quot;,&quot;camera&quot;:&quot;&quot;,&quot;caption&quot;:&quot;&quot;,&quot;created_timestamp&quot;:&quot;0&quot;,&quot;copyright&quot;:&quot;&quot;,&quot;focal_length&quot;:&quot;0&quot;,&quot;iso&quot;:&quot;0&quot;,&quot;shutter_speed&quot;:&quot;0&quot;,&quot;title&quot;:&quot;&quot;,&quot;orientation&quot;:&quot;0&quot;}\" data-image-title=\"colecao-espaco-fashion-lanca-seu-inverno-2014 (3)\" data-image-description=\"\" data-image-caption=\"&lt;p&gt;Cole\u00e7\u00e3o :: Espa\u00e7o Fashion lan\u00e7a seu Inverno 2014&lt;\/p&gt;\n\" data-medium-file=\"https:\/\/i0.wp.com\/agrund.com\/wp-content\/uploads\/sites\/6\/2014\/02\/colecao-espaco-fashion-lanca-seu-inverno-2014-3.jpg?fit=200%2C300&amp;ssl=1\" data-large-file=\"https:\/\/i0.wp.com\/agrund.com\/wp-content\/uploads\/sites\/6\/2014\/02\/colecao-espaco-fashion-lanca-seu-inverno-2014-3.jpg?fit=550%2C825&amp;ssl=1\" decoding=\"async\" loading=\"lazy\" class=\"size-large wp-image-96437\" alt=\"Cole\u00e7\u00e3o :: Espa\u00e7o Fashion lan\u00e7a seu Inverno 2014\" src=\"https:\/\/i0.wp.com\/www.agrund.com\/wp-content\/uploads\/sites\/6\/cache\/2014\/02\/colecao-espaco-fashion-lanca-seu-inverno-2014-3\/3505939432.jpg?resize=550%2C825\" width=\"550\" height=\"825\" data-recalc-dims=\"1\" \/><\/a><p id=\"caption-attachment-96437\" class=\"wp-caption-text\">Cole\u00e7\u00e3o :: Espa\u00e7o Fashion lan\u00e7a seu Inverno 2014<\/p><\/div>\n<div id=\"attachment_96438\" style=\"width: 560px\" class=\"wp-caption aligncenter\"><a href=\"https:\/\/i0.wp.com\/www.agrund.com\/wp-content\/uploads\/sites\/6\/2014\/02\/colecao-espaco-fashion-lanca-seu-inverno-2014-4.jpg\"><img aria-describedby=\"caption-attachment-96438\" data-attachment-id=\"96438\" data-permalink=\"https:\/\/agrund.com\/index.php\/colecao-espaco-fashion-lanca-seu-inverno-2014\/colecao-espaco-fashion-lanca-seu-inverno-2014-4\/\" data-orig-file=\"https:\/\/i0.wp.com\/agrund.com\/wp-content\/uploads\/sites\/6\/2014\/02\/colecao-espaco-fashion-lanca-seu-inverno-2014-4.jpg?fit=550%2C366&amp;ssl=1\" data-orig-size=\"550,366\" data-comments-opened=\"1\" data-image-meta=\"{&quot;aperture&quot;:&quot;0&quot;,&quot;credit&quot;:&quot;&quot;,&quot;camera&quot;:&quot;&quot;,&quot;caption&quot;:&quot;&quot;,&quot;created_timestamp&quot;:&quot;0&quot;,&quot;copyright&quot;:&quot;&quot;,&quot;focal_length&quot;:&quot;0&quot;,&quot;iso&quot;:&quot;0&quot;,&quot;shutter_speed&quot;:&quot;0&quot;,&quot;title&quot;:&quot;&quot;,&quot;orientation&quot;:&quot;0&quot;}\" data-image-title=\"colecao-espaco-fashion-lanca-seu-inverno-2014 (4)\" data-image-description=\"\" data-image-caption=\"&lt;p&gt;Cole\u00e7\u00e3o :: Espa\u00e7o Fashion lan\u00e7a seu Inverno 2014&lt;\/p&gt;\n\" data-medium-file=\"https:\/\/i0.wp.com\/agrund.com\/wp-content\/uploads\/sites\/6\/2014\/02\/colecao-espaco-fashion-lanca-seu-inverno-2014-4.jpg?fit=300%2C200&amp;ssl=1\" data-large-file=\"https:\/\/i0.wp.com\/agrund.com\/wp-content\/uploads\/sites\/6\/2014\/02\/colecao-espaco-fashion-lanca-seu-inverno-2014-4.jpg?fit=550%2C366&amp;ssl=1\" decoding=\"async\" loading=\"lazy\" class=\"size-large wp-image-96438\" alt=\"Cole\u00e7\u00e3o :: Espa\u00e7o Fashion lan\u00e7a seu Inverno 2014\" src=\"https:\/\/i0.wp.com\/www.agrund.com\/wp-content\/uploads\/sites\/6\/cache\/2014\/02\/colecao-espaco-fashion-lanca-seu-inverno-2014-4\/3661458161.jpg?resize=550%2C366\" width=\"550\" height=\"366\" data-recalc-dims=\"1\" \/><\/a><p id=\"caption-attachment-96438\" class=\"wp-caption-text\">Cole\u00e7\u00e3o :: Espa\u00e7o Fashion lan\u00e7a seu Inverno 2014<\/p><\/div>\n<p>Imagens: Divulga\u00e7\u00e3o.<\/p>\n","protected":false},"excerpt":{"rendered":"<p>A Espa\u00e7o Fashion acaba de divulgar as primeiras imagens de seu inverno 2014. Para esta cole\u00e7\u00e3o, a marca carioca buscou inspira\u00e7\u00e3o nos elementos que comp\u00f5em a ocupa\u00e7\u00e3o humana, como a casa, sua constru\u00e7\u00e3o f\u00edsica e seu espa\u00e7o afetivo. O resultado s\u00e3o pe\u00e7as elegantes e modernas com quatro silhuetas-chave definidas pela marca como: cintura marcada e [&hellip;]<\/p>\n","protected":false},"author":1,"featured_media":96439,"comment_status":"open","ping_status":"open","sticky":false,"template":"","format":"standard","meta":{"jetpack_post_was_ever_published":false,"_jetpack_newsletter_access":"","jetpack_publicize_message":"","jetpack_is_tweetstorm":false,"jetpack_publicize_feature_enabled":true,"jetpack_social_post_already_shared":true,"jetpack_social_options":{"image_generator_settings":{"template":"highway","enabled":false}}},"categories":[2],"tags":[],"jetpack_publicize_connections":[],"jetpack_featured_media_url":"https:\/\/i0.wp.com\/agrund.com\/wp-content\/uploads\/sites\/6\/2014\/02\/slideesp.jpg?fit=960%2C300&ssl=1","jetpack_sharing_enabled":true,"jetpack_shortlink":"https:\/\/wp.me\/p3Hz0n-p5o","jetpack_likes_enabled":true,"_links":{"self":[{"href":"https:\/\/agrund.com\/index.php\/wp-json\/wp\/v2\/posts\/96434"}],"collection":[{"href":"https:\/\/agrund.com\/index.php\/wp-json\/wp\/v2\/posts"}],"about":[{"href":"https:\/\/agrund.com\/index.php\/wp-json\/wp\/v2\/types\/post"}],"author":[{"embeddable":true,"href":"https:\/\/agrund.com\/index.php\/wp-json\/wp\/v2\/users\/1"}],"replies":[{"embeddable":true,"href":"https:\/\/agrund.com\/index.php\/wp-json\/wp\/v2\/comments?post=96434"}],"version-history":[{"count":0,"href":"https:\/\/agrund.com\/index.php\/wp-json\/wp\/v2\/posts\/96434\/revisions"}],"wp:featuredmedia":[{"embeddable":true,"href":"https:\/\/agrund.com\/index.php\/wp-json\/wp\/v2\/media\/96439"}],"wp:attachment":[{"href":"https:\/\/agrund.com\/index.php\/wp-json\/wp\/v2\/media?parent=96434"}],"wp:term":[{"taxonomy":"category","embeddable":true,"href":"https:\/\/agrund.com\/index.php\/wp-json\/wp\/v2\/categories?post=96434"},{"taxonomy":"post_tag","embeddable":true,"href":"https:\/\/agrund.com\/index.php\/wp-json\/wp\/v2\/tags?post=96434"}],"curies":[{"name":"wp","href":"https:\/\/api.w.org\/{rel}","templated":true}]}}