{"id":96380,"date":"2014-02-14T15:00:32","date_gmt":"2014-02-14T17:00:32","guid":{"rendered":"http:\/\/www.agrund.com\/?p=96380"},"modified":"2014-02-14T13:56:34","modified_gmt":"2014-02-14T15:56:34","slug":"uma-apresenta-seu-lookbook-inverno-2014","status":"publish","type":"post","link":"https:\/\/agrund.com\/index.php\/uma-apresenta-seu-lookbook-inverno-2014\/","title":{"rendered":"UMA apresenta seu lookbook Inverno 2014"},"content":{"rendered":"<p>A marca feminina UMA acaba de divulgar o lookbook da cole\u00e7\u00e3o inverno 2014. As modelos Waleska Gorczevski, Indaia e Vanessa Moreira, fotografas por Z\u00ea Takahashi, estampam imagens com styling das estilistas Raquel Davidowicz, diretora de cria\u00e7\u00e3o da marca, e Milla Orlandi. A beleza \u00e9 assinada por Juliana Barbosa. O cen\u00e1rio do cotidiano de uma cidade como S\u00e3o Paulo foi o palco da esta\u00e7\u00e3o fria do ano.<\/p>\n<p>A silhueta mais ampla e fluida em equil\u00edbrio com volumes, linhas, cores e ritmos surpreende com assimetrias, fendas e recortes, principalmente em saias e vestidos. As cal\u00e7as v\u00eam em tecidos mais nobres como o veludo molhado. Frases como &#8220;bom dia&#8221; e &#8220;por favor&#8221; aparecem em tric\u00f4s e lembram os princ\u00edpios b\u00e1sicos de um conv\u00edvio nas grandes metr\u00f3poles. O preview da cole\u00e7\u00e3o j\u00e1 est\u00e1 dispon\u00edvel nas lojas da marca. Confira:<\/p>\n<div id=\"attachment_96381\" style=\"width: 560px\" class=\"wp-caption aligncenter\"><a href=\"https:\/\/i0.wp.com\/www.agrund.com\/wp-content\/uploads\/sites\/6\/2014\/02\/uma-apresenta-seu-lookbook-inverno-2014-1.jpg\"><img aria-describedby=\"caption-attachment-96381\" data-attachment-id=\"96381\" data-permalink=\"https:\/\/agrund.com\/index.php\/uma-apresenta-seu-lookbook-inverno-2014\/uma-apresenta-seu-lookbook-inverno-2014-1\/\" data-orig-file=\"https:\/\/i0.wp.com\/agrund.com\/wp-content\/uploads\/sites\/6\/2014\/02\/uma-apresenta-seu-lookbook-inverno-2014-1.jpg?fit=550%2C825&amp;ssl=1\" data-orig-size=\"550,825\" data-comments-opened=\"1\" data-image-meta=\"{&quot;aperture&quot;:&quot;0&quot;,&quot;credit&quot;:&quot;&quot;,&quot;camera&quot;:&quot;&quot;,&quot;caption&quot;:&quot;&quot;,&quot;created_timestamp&quot;:&quot;0&quot;,&quot;copyright&quot;:&quot;&quot;,&quot;focal_length&quot;:&quot;0&quot;,&quot;iso&quot;:&quot;0&quot;,&quot;shutter_speed&quot;:&quot;0&quot;,&quot;title&quot;:&quot;&quot;,&quot;orientation&quot;:&quot;0&quot;}\" data-image-title=\"uma-apresenta-seu-lookbook-inverno-2014 (1)\" data-image-description=\"\" data-image-caption=\"&lt;p&gt;UMA apresenta seu lookbook Inverno 2014&lt;\/p&gt;\n\" data-medium-file=\"https:\/\/i0.wp.com\/agrund.com\/wp-content\/uploads\/sites\/6\/2014\/02\/uma-apresenta-seu-lookbook-inverno-2014-1.jpg?fit=200%2C300&amp;ssl=1\" data-large-file=\"https:\/\/i0.wp.com\/agrund.com\/wp-content\/uploads\/sites\/6\/2014\/02\/uma-apresenta-seu-lookbook-inverno-2014-1.jpg?fit=550%2C825&amp;ssl=1\" decoding=\"async\" loading=\"lazy\" class=\"size-large wp-image-96381\" alt=\"UMA apresenta seu lookbook Inverno 2014\" src=\"https:\/\/i0.wp.com\/www.agrund.com\/wp-content\/uploads\/sites\/6\/cache\/2014\/02\/uma-apresenta-seu-lookbook-inverno-2014-1\/3605058510.jpg?resize=550%2C825\" width=\"550\" height=\"825\" data-recalc-dims=\"1\" \/><\/a><p id=\"caption-attachment-96381\" class=\"wp-caption-text\">UMA apresenta seu lookbook Inverno 2014<\/p><\/div>\n<p><a href=\"https:\/\/i0.wp.com\/www.agrund.com\/wp-content\/uploads\/sites\/6\/2014\/02\/uma-apresenta-seu-lookbook-inverno-2014-2.jpg\"><img data-attachment-id=\"96382\" data-permalink=\"https:\/\/agrund.com\/index.php\/uma-apresenta-seu-lookbook-inverno-2014\/uma-apresenta-seu-lookbook-inverno-2014-2\/\" data-orig-file=\"https:\/\/i0.wp.com\/agrund.com\/wp-content\/uploads\/sites\/6\/2014\/02\/uma-apresenta-seu-lookbook-inverno-2014-2.jpg?fit=550%2C825&amp;ssl=1\" data-orig-size=\"550,825\" data-comments-opened=\"1\" data-image-meta=\"{&quot;aperture&quot;:&quot;0&quot;,&quot;credit&quot;:&quot;&quot;,&quot;camera&quot;:&quot;&quot;,&quot;caption&quot;:&quot;&quot;,&quot;created_timestamp&quot;:&quot;0&quot;,&quot;copyright&quot;:&quot;&quot;,&quot;focal_length&quot;:&quot;0&quot;,&quot;iso&quot;:&quot;0&quot;,&quot;shutter_speed&quot;:&quot;0&quot;,&quot;title&quot;:&quot;&quot;,&quot;orientation&quot;:&quot;0&quot;}\" data-image-title=\"uma-apresenta-seu-lookbook-inverno-2014 (2)\" data-image-description=\"\" data-image-caption=\"\" data-medium-file=\"https:\/\/i0.wp.com\/agrund.com\/wp-content\/uploads\/sites\/6\/2014\/02\/uma-apresenta-seu-lookbook-inverno-2014-2.jpg?fit=200%2C300&amp;ssl=1\" data-large-file=\"https:\/\/i0.wp.com\/agrund.com\/wp-content\/uploads\/sites\/6\/2014\/02\/uma-apresenta-seu-lookbook-inverno-2014-2.jpg?fit=550%2C825&amp;ssl=1\" decoding=\"async\" loading=\"lazy\" class=\"aligncenter size-large wp-image-96382\" alt=\"uma-apresenta-seu-lookbook-inverno-2014 (2)\" src=\"https:\/\/i0.wp.com\/www.agrund.com\/wp-content\/uploads\/sites\/6\/cache\/2014\/02\/uma-apresenta-seu-lookbook-inverno-2014-2\/1483723821.jpg?resize=550%2C825\" width=\"550\" height=\"825\" data-recalc-dims=\"1\" \/><\/a><\/p>\n<div id=\"attachment_96383\" style=\"width: 560px\" class=\"wp-caption aligncenter\"><a href=\"https:\/\/i0.wp.com\/www.agrund.com\/wp-content\/uploads\/sites\/6\/2014\/02\/uma-apresenta-seu-lookbook-inverno-2014-3.jpg\"><img aria-describedby=\"caption-attachment-96383\" data-attachment-id=\"96383\" data-permalink=\"https:\/\/agrund.com\/index.php\/uma-apresenta-seu-lookbook-inverno-2014\/uma-apresenta-seu-lookbook-inverno-2014-3\/\" data-orig-file=\"https:\/\/i0.wp.com\/agrund.com\/wp-content\/uploads\/sites\/6\/2014\/02\/uma-apresenta-seu-lookbook-inverno-2014-3.jpg?fit=550%2C825&amp;ssl=1\" data-orig-size=\"550,825\" data-comments-opened=\"1\" data-image-meta=\"{&quot;aperture&quot;:&quot;0&quot;,&quot;credit&quot;:&quot;&quot;,&quot;camera&quot;:&quot;&quot;,&quot;caption&quot;:&quot;&quot;,&quot;created_timestamp&quot;:&quot;0&quot;,&quot;copyright&quot;:&quot;&quot;,&quot;focal_length&quot;:&quot;0&quot;,&quot;iso&quot;:&quot;0&quot;,&quot;shutter_speed&quot;:&quot;0&quot;,&quot;title&quot;:&quot;&quot;,&quot;orientation&quot;:&quot;0&quot;}\" data-image-title=\"uma-apresenta-seu-lookbook-inverno-2014 (3)\" data-image-description=\"\" data-image-caption=\"&lt;p&gt;UMA apresenta seu lookbook Inverno 2014&lt;\/p&gt;\n\" data-medium-file=\"https:\/\/i0.wp.com\/agrund.com\/wp-content\/uploads\/sites\/6\/2014\/02\/uma-apresenta-seu-lookbook-inverno-2014-3.jpg?fit=200%2C300&amp;ssl=1\" data-large-file=\"https:\/\/i0.wp.com\/agrund.com\/wp-content\/uploads\/sites\/6\/2014\/02\/uma-apresenta-seu-lookbook-inverno-2014-3.jpg?fit=550%2C825&amp;ssl=1\" decoding=\"async\" loading=\"lazy\" class=\"size-large wp-image-96383\" alt=\"UMA apresenta seu lookbook Inverno 2014\" src=\"https:\/\/i0.wp.com\/www.agrund.com\/wp-content\/uploads\/sites\/6\/cache\/2014\/02\/uma-apresenta-seu-lookbook-inverno-2014-3\/2495993011.jpg?resize=550%2C825\" width=\"550\" height=\"825\" data-recalc-dims=\"1\" \/><\/a><p id=\"caption-attachment-96383\" class=\"wp-caption-text\">UMA apresenta seu lookbook Inverno 2014<\/p><\/div>\n<div id=\"attachment_96384\" style=\"width: 560px\" class=\"wp-caption aligncenter\"><a href=\"https:\/\/i0.wp.com\/www.agrund.com\/wp-content\/uploads\/sites\/6\/2014\/02\/uma-apresenta-seu-lookbook-inverno-2014-4.jpg\"><img aria-describedby=\"caption-attachment-96384\" data-attachment-id=\"96384\" data-permalink=\"https:\/\/agrund.com\/index.php\/uma-apresenta-seu-lookbook-inverno-2014\/uma-apresenta-seu-lookbook-inverno-2014-4\/\" data-orig-file=\"https:\/\/i0.wp.com\/agrund.com\/wp-content\/uploads\/sites\/6\/2014\/02\/uma-apresenta-seu-lookbook-inverno-2014-4.jpg?fit=550%2C825&amp;ssl=1\" data-orig-size=\"550,825\" data-comments-opened=\"1\" data-image-meta=\"{&quot;aperture&quot;:&quot;0&quot;,&quot;credit&quot;:&quot;&quot;,&quot;camera&quot;:&quot;&quot;,&quot;caption&quot;:&quot;&quot;,&quot;created_timestamp&quot;:&quot;0&quot;,&quot;copyright&quot;:&quot;&quot;,&quot;focal_length&quot;:&quot;0&quot;,&quot;iso&quot;:&quot;0&quot;,&quot;shutter_speed&quot;:&quot;0&quot;,&quot;title&quot;:&quot;&quot;,&quot;orientation&quot;:&quot;0&quot;}\" data-image-title=\"uma-apresenta-seu-lookbook-inverno-2014 (4)\" data-image-description=\"\" data-image-caption=\"&lt;p&gt;UMA apresenta seu lookbook Inverno 2014&lt;\/p&gt;\n\" data-medium-file=\"https:\/\/i0.wp.com\/agrund.com\/wp-content\/uploads\/sites\/6\/2014\/02\/uma-apresenta-seu-lookbook-inverno-2014-4.jpg?fit=200%2C300&amp;ssl=1\" data-large-file=\"https:\/\/i0.wp.com\/agrund.com\/wp-content\/uploads\/sites\/6\/2014\/02\/uma-apresenta-seu-lookbook-inverno-2014-4.jpg?fit=550%2C825&amp;ssl=1\" decoding=\"async\" loading=\"lazy\" class=\"size-large wp-image-96384\" alt=\"UMA apresenta seu lookbook Inverno 2014\" src=\"https:\/\/i0.wp.com\/www.agrund.com\/wp-content\/uploads\/sites\/6\/cache\/2014\/02\/uma-apresenta-seu-lookbook-inverno-2014-4\/2650856874.jpg?resize=550%2C825\" width=\"550\" height=\"825\" data-recalc-dims=\"1\" \/><\/a><p id=\"caption-attachment-96384\" class=\"wp-caption-text\">UMA apresenta seu lookbook Inverno 2014<\/p><\/div>\n<div id=\"attachment_96385\" style=\"width: 560px\" class=\"wp-caption aligncenter\"><a href=\"https:\/\/i0.wp.com\/www.agrund.com\/wp-content\/uploads\/sites\/6\/2014\/02\/uma-apresenta-seu-lookbook-inverno-2014-5.jpg\"><img aria-describedby=\"caption-attachment-96385\" data-attachment-id=\"96385\" data-permalink=\"https:\/\/agrund.com\/index.php\/uma-apresenta-seu-lookbook-inverno-2014\/uma-apresenta-seu-lookbook-inverno-2014-5\/\" data-orig-file=\"https:\/\/i0.wp.com\/agrund.com\/wp-content\/uploads\/sites\/6\/2014\/02\/uma-apresenta-seu-lookbook-inverno-2014-5.jpg?fit=550%2C825&amp;ssl=1\" data-orig-size=\"550,825\" data-comments-opened=\"1\" data-image-meta=\"{&quot;aperture&quot;:&quot;0&quot;,&quot;credit&quot;:&quot;&quot;,&quot;camera&quot;:&quot;&quot;,&quot;caption&quot;:&quot;&quot;,&quot;created_timestamp&quot;:&quot;0&quot;,&quot;copyright&quot;:&quot;&quot;,&quot;focal_length&quot;:&quot;0&quot;,&quot;iso&quot;:&quot;0&quot;,&quot;shutter_speed&quot;:&quot;0&quot;,&quot;title&quot;:&quot;&quot;,&quot;orientation&quot;:&quot;0&quot;}\" data-image-title=\"uma-apresenta-seu-lookbook-inverno-2014 (5)\" data-image-description=\"\" data-image-caption=\"&lt;p&gt;UMA apresenta seu lookbook Inverno 2014&lt;\/p&gt;\n\" data-medium-file=\"https:\/\/i0.wp.com\/agrund.com\/wp-content\/uploads\/sites\/6\/2014\/02\/uma-apresenta-seu-lookbook-inverno-2014-5.jpg?fit=200%2C300&amp;ssl=1\" data-large-file=\"https:\/\/i0.wp.com\/agrund.com\/wp-content\/uploads\/sites\/6\/2014\/02\/uma-apresenta-seu-lookbook-inverno-2014-5.jpg?fit=550%2C825&amp;ssl=1\" decoding=\"async\" loading=\"lazy\" class=\"size-large wp-image-96385\" alt=\"UMA apresenta seu lookbook Inverno 2014\" src=\"https:\/\/i0.wp.com\/www.agrund.com\/wp-content\/uploads\/sites\/6\/cache\/2014\/02\/uma-apresenta-seu-lookbook-inverno-2014-5\/1386929460.jpg?resize=550%2C825\" width=\"550\" height=\"825\" data-recalc-dims=\"1\" \/><\/a><p id=\"caption-attachment-96385\" class=\"wp-caption-text\">UMA apresenta seu lookbook Inverno 2014<\/p><\/div>\n<div id=\"attachment_96386\" style=\"width: 560px\" class=\"wp-caption aligncenter\"><a href=\"https:\/\/i0.wp.com\/www.agrund.com\/wp-content\/uploads\/sites\/6\/2014\/02\/uma-apresenta-seu-lookbook-inverno-2014-6.jpg\"><img aria-describedby=\"caption-attachment-96386\" data-attachment-id=\"96386\" data-permalink=\"https:\/\/agrund.com\/index.php\/uma-apresenta-seu-lookbook-inverno-2014\/uma-apresenta-seu-lookbook-inverno-2014-6\/\" data-orig-file=\"https:\/\/i0.wp.com\/agrund.com\/wp-content\/uploads\/sites\/6\/2014\/02\/uma-apresenta-seu-lookbook-inverno-2014-6.jpg?fit=550%2C825&amp;ssl=1\" data-orig-size=\"550,825\" data-comments-opened=\"1\" data-image-meta=\"{&quot;aperture&quot;:&quot;0&quot;,&quot;credit&quot;:&quot;&quot;,&quot;camera&quot;:&quot;&quot;,&quot;caption&quot;:&quot;&quot;,&quot;created_timestamp&quot;:&quot;0&quot;,&quot;copyright&quot;:&quot;&quot;,&quot;focal_length&quot;:&quot;0&quot;,&quot;iso&quot;:&quot;0&quot;,&quot;shutter_speed&quot;:&quot;0&quot;,&quot;title&quot;:&quot;&quot;,&quot;orientation&quot;:&quot;0&quot;}\" data-image-title=\"uma-apresenta-seu-lookbook-inverno-2014 (6)\" data-image-description=\"\" data-image-caption=\"&lt;p&gt;UMA apresenta seu lookbook Inverno 2014&lt;\/p&gt;\n\" data-medium-file=\"https:\/\/i0.wp.com\/agrund.com\/wp-content\/uploads\/sites\/6\/2014\/02\/uma-apresenta-seu-lookbook-inverno-2014-6.jpg?fit=200%2C300&amp;ssl=1\" data-large-file=\"https:\/\/i0.wp.com\/agrund.com\/wp-content\/uploads\/sites\/6\/2014\/02\/uma-apresenta-seu-lookbook-inverno-2014-6.jpg?fit=550%2C825&amp;ssl=1\" decoding=\"async\" loading=\"lazy\" class=\"size-large wp-image-96386\" alt=\"UMA apresenta seu lookbook Inverno 2014\" src=\"https:\/\/i0.wp.com\/www.agrund.com\/wp-content\/uploads\/sites\/6\/cache\/2014\/02\/uma-apresenta-seu-lookbook-inverno-2014-6\/3693468375.jpg?resize=550%2C825\" width=\"550\" height=\"825\" data-recalc-dims=\"1\" \/><\/a><p id=\"caption-attachment-96386\" class=\"wp-caption-text\">UMA apresenta seu lookbook Inverno 2014<\/p><\/div>\n<div id=\"attachment_96387\" style=\"width: 560px\" class=\"wp-caption aligncenter\"><a href=\"https:\/\/i0.wp.com\/www.agrund.com\/wp-content\/uploads\/sites\/6\/2014\/02\/uma-apresenta-seu-lookbook-inverno-2014-7.jpg\"><img aria-describedby=\"caption-attachment-96387\" data-attachment-id=\"96387\" data-permalink=\"https:\/\/agrund.com\/index.php\/uma-apresenta-seu-lookbook-inverno-2014\/uma-apresenta-seu-lookbook-inverno-2014-7\/\" data-orig-file=\"https:\/\/i0.wp.com\/agrund.com\/wp-content\/uploads\/sites\/6\/2014\/02\/uma-apresenta-seu-lookbook-inverno-2014-7.jpg?fit=550%2C825&amp;ssl=1\" data-orig-size=\"550,825\" data-comments-opened=\"1\" data-image-meta=\"{&quot;aperture&quot;:&quot;0&quot;,&quot;credit&quot;:&quot;&quot;,&quot;camera&quot;:&quot;&quot;,&quot;caption&quot;:&quot;&quot;,&quot;created_timestamp&quot;:&quot;0&quot;,&quot;copyright&quot;:&quot;&quot;,&quot;focal_length&quot;:&quot;0&quot;,&quot;iso&quot;:&quot;0&quot;,&quot;shutter_speed&quot;:&quot;0&quot;,&quot;title&quot;:&quot;&quot;,&quot;orientation&quot;:&quot;0&quot;}\" data-image-title=\"uma-apresenta-seu-lookbook-inverno-2014 (7)\" data-image-description=\"\" data-image-caption=\"&lt;p&gt;UMA apresenta seu lookbook Inverno 2014&lt;\/p&gt;\n\" data-medium-file=\"https:\/\/i0.wp.com\/agrund.com\/wp-content\/uploads\/sites\/6\/2014\/02\/uma-apresenta-seu-lookbook-inverno-2014-7.jpg?fit=200%2C300&amp;ssl=1\" data-large-file=\"https:\/\/i0.wp.com\/agrund.com\/wp-content\/uploads\/sites\/6\/2014\/02\/uma-apresenta-seu-lookbook-inverno-2014-7.jpg?fit=550%2C825&amp;ssl=1\" decoding=\"async\" loading=\"lazy\" class=\"size-large wp-image-96387\" alt=\"UMA apresenta seu lookbook Inverno 2014\" src=\"https:\/\/i0.wp.com\/www.agrund.com\/wp-content\/uploads\/sites\/6\/cache\/2014\/02\/uma-apresenta-seu-lookbook-inverno-2014-7\/277862985.jpg?resize=550%2C825\" width=\"550\" height=\"825\" data-recalc-dims=\"1\" \/><\/a><p id=\"caption-attachment-96387\" class=\"wp-caption-text\">UMA apresenta seu lookbook Inverno 2014<\/p><\/div>\n<div id=\"attachment_96388\" style=\"width: 560px\" class=\"wp-caption aligncenter\"><a href=\"https:\/\/i0.wp.com\/www.agrund.com\/wp-content\/uploads\/sites\/6\/2014\/02\/uma-apresenta-seu-lookbook-inverno-2014-8.jpg\"><img aria-describedby=\"caption-attachment-96388\" data-attachment-id=\"96388\" data-permalink=\"https:\/\/agrund.com\/index.php\/uma-apresenta-seu-lookbook-inverno-2014\/uma-apresenta-seu-lookbook-inverno-2014-8\/\" data-orig-file=\"https:\/\/i0.wp.com\/agrund.com\/wp-content\/uploads\/sites\/6\/2014\/02\/uma-apresenta-seu-lookbook-inverno-2014-8.jpg?fit=550%2C825&amp;ssl=1\" data-orig-size=\"550,825\" data-comments-opened=\"1\" data-image-meta=\"{&quot;aperture&quot;:&quot;0&quot;,&quot;credit&quot;:&quot;&quot;,&quot;camera&quot;:&quot;&quot;,&quot;caption&quot;:&quot;&quot;,&quot;created_timestamp&quot;:&quot;0&quot;,&quot;copyright&quot;:&quot;&quot;,&quot;focal_length&quot;:&quot;0&quot;,&quot;iso&quot;:&quot;0&quot;,&quot;shutter_speed&quot;:&quot;0&quot;,&quot;title&quot;:&quot;&quot;,&quot;orientation&quot;:&quot;0&quot;}\" data-image-title=\"uma-apresenta-seu-lookbook-inverno-2014 (8)\" data-image-description=\"\" data-image-caption=\"&lt;p&gt;UMA apresenta seu lookbook Inverno 2014&lt;\/p&gt;\n\" data-medium-file=\"https:\/\/i0.wp.com\/agrund.com\/wp-content\/uploads\/sites\/6\/2014\/02\/uma-apresenta-seu-lookbook-inverno-2014-8.jpg?fit=200%2C300&amp;ssl=1\" data-large-file=\"https:\/\/i0.wp.com\/agrund.com\/wp-content\/uploads\/sites\/6\/2014\/02\/uma-apresenta-seu-lookbook-inverno-2014-8.jpg?fit=550%2C825&amp;ssl=1\" decoding=\"async\" loading=\"lazy\" class=\"size-large wp-image-96388\" alt=\"UMA apresenta seu lookbook Inverno 2014\" src=\"https:\/\/i0.wp.com\/www.agrund.com\/wp-content\/uploads\/sites\/6\/cache\/2014\/02\/uma-apresenta-seu-lookbook-inverno-2014-8\/3383740645.jpg?resize=550%2C825\" width=\"550\" height=\"825\" data-recalc-dims=\"1\" \/><\/a><p id=\"caption-attachment-96388\" class=\"wp-caption-text\">UMA apresenta seu lookbook Inverno 2014<\/p><\/div>\n<div id=\"attachment_96389\" style=\"width: 560px\" class=\"wp-caption aligncenter\"><a href=\"https:\/\/i0.wp.com\/www.agrund.com\/wp-content\/uploads\/sites\/6\/2014\/02\/uma-apresenta-seu-lookbook-inverno-2014-9.jpg\"><img aria-describedby=\"caption-attachment-96389\" data-attachment-id=\"96389\" data-permalink=\"https:\/\/agrund.com\/index.php\/uma-apresenta-seu-lookbook-inverno-2014\/uma-apresenta-seu-lookbook-inverno-2014-9\/\" data-orig-file=\"https:\/\/i0.wp.com\/agrund.com\/wp-content\/uploads\/sites\/6\/2014\/02\/uma-apresenta-seu-lookbook-inverno-2014-9.jpg?fit=550%2C825&amp;ssl=1\" data-orig-size=\"550,825\" data-comments-opened=\"1\" data-image-meta=\"{&quot;aperture&quot;:&quot;0&quot;,&quot;credit&quot;:&quot;&quot;,&quot;camera&quot;:&quot;&quot;,&quot;caption&quot;:&quot;&quot;,&quot;created_timestamp&quot;:&quot;0&quot;,&quot;copyright&quot;:&quot;&quot;,&quot;focal_length&quot;:&quot;0&quot;,&quot;iso&quot;:&quot;0&quot;,&quot;shutter_speed&quot;:&quot;0&quot;,&quot;title&quot;:&quot;&quot;,&quot;orientation&quot;:&quot;0&quot;}\" data-image-title=\"uma-apresenta-seu-lookbook-inverno-2014 (9)\" data-image-description=\"\" data-image-caption=\"&lt;p&gt;UMA apresenta seu lookbook Inverno 2014&lt;\/p&gt;\n\" data-medium-file=\"https:\/\/i0.wp.com\/agrund.com\/wp-content\/uploads\/sites\/6\/2014\/02\/uma-apresenta-seu-lookbook-inverno-2014-9.jpg?fit=200%2C300&amp;ssl=1\" data-large-file=\"https:\/\/i0.wp.com\/agrund.com\/wp-content\/uploads\/sites\/6\/2014\/02\/uma-apresenta-seu-lookbook-inverno-2014-9.jpg?fit=550%2C825&amp;ssl=1\" decoding=\"async\" loading=\"lazy\" class=\"size-large wp-image-96389\" alt=\"UMA apresenta seu lookbook Inverno 2014\" src=\"https:\/\/i0.wp.com\/www.agrund.com\/wp-content\/uploads\/sites\/6\/cache\/2014\/02\/uma-apresenta-seu-lookbook-inverno-2014-9\/84265083.jpg?resize=550%2C825\" width=\"550\" height=\"825\" data-recalc-dims=\"1\" \/><\/a><p id=\"caption-attachment-96389\" class=\"wp-caption-text\">UMA apresenta seu lookbook Inverno 2014<\/p><\/div>\n<div id=\"attachment_96390\" style=\"width: 560px\" class=\"wp-caption aligncenter\"><a href=\"https:\/\/i0.wp.com\/www.agrund.com\/wp-content\/uploads\/sites\/6\/2014\/02\/uma-apresenta-seu-lookbook-inverno-2014-10.jpg\"><img aria-describedby=\"caption-attachment-96390\" data-attachment-id=\"96390\" data-permalink=\"https:\/\/agrund.com\/index.php\/uma-apresenta-seu-lookbook-inverno-2014\/uma-apresenta-seu-lookbook-inverno-2014-10\/\" data-orig-file=\"https:\/\/i0.wp.com\/agrund.com\/wp-content\/uploads\/sites\/6\/2014\/02\/uma-apresenta-seu-lookbook-inverno-2014-10.jpg?fit=550%2C825&amp;ssl=1\" data-orig-size=\"550,825\" data-comments-opened=\"1\" data-image-meta=\"{&quot;aperture&quot;:&quot;0&quot;,&quot;credit&quot;:&quot;&quot;,&quot;camera&quot;:&quot;&quot;,&quot;caption&quot;:&quot;&quot;,&quot;created_timestamp&quot;:&quot;0&quot;,&quot;copyright&quot;:&quot;&quot;,&quot;focal_length&quot;:&quot;0&quot;,&quot;iso&quot;:&quot;0&quot;,&quot;shutter_speed&quot;:&quot;0&quot;,&quot;title&quot;:&quot;&quot;,&quot;orientation&quot;:&quot;0&quot;}\" data-image-title=\"uma-apresenta-seu-lookbook-inverno-2014 (10)\" data-image-description=\"\" data-image-caption=\"&lt;p&gt;UMA apresenta seu lookbook Inverno 2014&lt;\/p&gt;\n\" data-medium-file=\"https:\/\/i0.wp.com\/agrund.com\/wp-content\/uploads\/sites\/6\/2014\/02\/uma-apresenta-seu-lookbook-inverno-2014-10.jpg?fit=200%2C300&amp;ssl=1\" data-large-file=\"https:\/\/i0.wp.com\/agrund.com\/wp-content\/uploads\/sites\/6\/2014\/02\/uma-apresenta-seu-lookbook-inverno-2014-10.jpg?fit=550%2C825&amp;ssl=1\" decoding=\"async\" loading=\"lazy\" class=\"size-large wp-image-96390\" alt=\"UMA apresenta seu lookbook Inverno 2014\" src=\"https:\/\/i0.wp.com\/www.agrund.com\/wp-content\/uploads\/sites\/6\/cache\/2014\/02\/uma-apresenta-seu-lookbook-inverno-2014-10\/3197197624.jpg?resize=550%2C825\" width=\"550\" height=\"825\" data-recalc-dims=\"1\" \/><\/a><p id=\"caption-attachment-96390\" class=\"wp-caption-text\">UMA apresenta seu lookbook Inverno 2014<\/p><\/div>\n<div id=\"attachment_96391\" style=\"width: 560px\" class=\"wp-caption aligncenter\"><a href=\"https:\/\/i0.wp.com\/www.agrund.com\/wp-content\/uploads\/sites\/6\/2014\/02\/uma-apresenta-seu-lookbook-inverno-2014-11.jpg\"><img aria-describedby=\"caption-attachment-96391\" data-attachment-id=\"96391\" data-permalink=\"https:\/\/agrund.com\/index.php\/uma-apresenta-seu-lookbook-inverno-2014\/uma-apresenta-seu-lookbook-inverno-2014-11\/\" data-orig-file=\"https:\/\/i0.wp.com\/agrund.com\/wp-content\/uploads\/sites\/6\/2014\/02\/uma-apresenta-seu-lookbook-inverno-2014-11.jpg?fit=550%2C825&amp;ssl=1\" data-orig-size=\"550,825\" data-comments-opened=\"1\" data-image-meta=\"{&quot;aperture&quot;:&quot;0&quot;,&quot;credit&quot;:&quot;&quot;,&quot;camera&quot;:&quot;&quot;,&quot;caption&quot;:&quot;&quot;,&quot;created_timestamp&quot;:&quot;0&quot;,&quot;copyright&quot;:&quot;&quot;,&quot;focal_length&quot;:&quot;0&quot;,&quot;iso&quot;:&quot;0&quot;,&quot;shutter_speed&quot;:&quot;0&quot;,&quot;title&quot;:&quot;&quot;,&quot;orientation&quot;:&quot;0&quot;}\" data-image-title=\"uma-apresenta-seu-lookbook-inverno-2014 (11)\" data-image-description=\"\" data-image-caption=\"&lt;p&gt;UMA apresenta seu lookbook Inverno 2014&lt;\/p&gt;\n\" data-medium-file=\"https:\/\/i0.wp.com\/agrund.com\/wp-content\/uploads\/sites\/6\/2014\/02\/uma-apresenta-seu-lookbook-inverno-2014-11.jpg?fit=200%2C300&amp;ssl=1\" data-large-file=\"https:\/\/i0.wp.com\/agrund.com\/wp-content\/uploads\/sites\/6\/2014\/02\/uma-apresenta-seu-lookbook-inverno-2014-11.jpg?fit=550%2C825&amp;ssl=1\" decoding=\"async\" loading=\"lazy\" class=\"size-large wp-image-96391\" alt=\"UMA apresenta seu lookbook Inverno 2014\" src=\"https:\/\/i0.wp.com\/www.agrund.com\/wp-content\/uploads\/sites\/6\/cache\/2014\/02\/uma-apresenta-seu-lookbook-inverno-2014-11\/1916493222.jpg?resize=550%2C825\" width=\"550\" height=\"825\" data-recalc-dims=\"1\" \/><\/a><p id=\"caption-attachment-96391\" class=\"wp-caption-text\">UMA apresenta seu lookbook Inverno 2014<\/p><\/div>\n<p>Imagens: Divulga\u00e7\u00e3o.<\/p>\n","protected":false},"excerpt":{"rendered":"<p>A marca feminina UMA acaba de divulgar o lookbook da cole\u00e7\u00e3o inverno 2014. As modelos Waleska Gorczevski, Indaia e Vanessa Moreira, fotografas por Z\u00ea Takahashi, estampam imagens com styling das estilistas Raquel Davidowicz, diretora de cria\u00e7\u00e3o da marca, e Milla Orlandi. A beleza \u00e9 assinada por Juliana Barbosa. O cen\u00e1rio do cotidiano de uma cidade [&hellip;]<\/p>\n","protected":false},"author":1,"featured_media":96392,"comment_status":"open","ping_status":"open","sticky":false,"template":"","format":"standard","meta":{"jetpack_post_was_ever_published":false,"_jetpack_newsletter_access":"","jetpack_publicize_message":"","jetpack_is_tweetstorm":false,"jetpack_publicize_feature_enabled":true,"jetpack_social_post_already_shared":true,"jetpack_social_options":{"image_generator_settings":{"template":"highway","enabled":false}}},"categories":[2],"tags":[],"jetpack_publicize_connections":[],"jetpack_featured_media_url":"https:\/\/i0.wp.com\/agrund.com\/wp-content\/uploads\/sites\/6\/2014\/02\/slideuma.jpg?fit=960%2C300&ssl=1","jetpack_sharing_enabled":true,"jetpack_shortlink":"https:\/\/wp.me\/p3Hz0n-p4w","jetpack_likes_enabled":true,"_links":{"self":[{"href":"https:\/\/agrund.com\/index.php\/wp-json\/wp\/v2\/posts\/96380"}],"collection":[{"href":"https:\/\/agrund.com\/index.php\/wp-json\/wp\/v2\/posts"}],"about":[{"href":"https:\/\/agrund.com\/index.php\/wp-json\/wp\/v2\/types\/post"}],"author":[{"embeddable":true,"href":"https:\/\/agrund.com\/index.php\/wp-json\/wp\/v2\/users\/1"}],"replies":[{"embeddable":true,"href":"https:\/\/agrund.com\/index.php\/wp-json\/wp\/v2\/comments?post=96380"}],"version-history":[{"count":0,"href":"https:\/\/agrund.com\/index.php\/wp-json\/wp\/v2\/posts\/96380\/revisions"}],"wp:featuredmedia":[{"embeddable":true,"href":"https:\/\/agrund.com\/index.php\/wp-json\/wp\/v2\/media\/96392"}],"wp:attachment":[{"href":"https:\/\/agrund.com\/index.php\/wp-json\/wp\/v2\/media?parent=96380"}],"wp:term":[{"taxonomy":"category","embeddable":true,"href":"https:\/\/agrund.com\/index.php\/wp-json\/wp\/v2\/categories?post=96380"},{"taxonomy":"post_tag","embeddable":true,"href":"https:\/\/agrund.com\/index.php\/wp-json\/wp\/v2\/tags?post=96380"}],"curies":[{"name":"wp","href":"https:\/\/api.w.org\/{rel}","templated":true}]}}