{"id":96360,"date":"2014-02-14T12:00:47","date_gmt":"2014-02-14T14:00:47","guid":{"rendered":"http:\/\/www.agrund.com\/?p=96360"},"modified":"2014-02-14T10:28:45","modified_gmt":"2014-02-14T12:28:45","slug":"trofeu-antonio-bernardo-foi-convidado-para-criar-trofeu","status":"publish","type":"post","link":"https:\/\/agrund.com\/index.php\/trofeu-antonio-bernardo-foi-convidado-para-criar-trofeu\/","title":{"rendered":"Trof\u00e9u :: Antonio Bernardo foi convidado para criar trof\u00e9u"},"content":{"rendered":"<p>Pela primeira vez o Rio de Janeiro vai sediar o Open de T\u00eanis, primeiro torneio ATP World Tour 500 da hist\u00f3ria do Brasil, e tamb\u00e9m a estreia de uma etapa do circuito WTA em quadras cariocas. Para manter a tradi\u00e7\u00e3o de premiar os campe\u00f5es do Open de T\u00eanis com trof\u00e9us assinados por designers e joalherias ao redor do mundo, como a Tiffanys na etapa US Open, Antonio Bernardo foi convidado a criar o trof\u00e9u do evento ATP World Tour 500 que acontecer\u00e1 no Jockey Club, no Rio de Janeiro, de 15 a 23 de fevereiro de 2014.<\/p>\n<p>\u201cTenho usado malhas tridimensionais nas minhas \u00faltimas cria\u00e7\u00f5es. Percebi o quanto eram parecidas com a rede de t\u00eanis e fui buscar um elemento de identifica\u00e7\u00e3o com o Rio. Chegamos ao s\u00edmbolo m\u00e1ximo da Cidade, o P\u00e3o de A\u00e7ucar. Explorando o movimento, a ondula\u00e7\u00e3o, chegamos ao resultado esperado: a malha, o morro, a bola\u201d, conta o designer carioca que durante 3 semanas se dedicou ao projeto. O torneio tem presen\u00e7a confirmada de tenistas de destaque do circuito mundial, como os espanh\u00f3is Rafael Nadal e David Ferrer, n\u00fameros 1 e 3 do mundo, respectivamente, al\u00e9m dos brasileiros Thomaz Bellucci e Bruno Soares, Marcelo Melo e Teliana Pereira. Confira aqui o trof\u00e9u criado pelo designer:<\/p>\n<div id=\"attachment_96361\" style=\"width: 560px\" class=\"wp-caption aligncenter\"><a href=\"https:\/\/i0.wp.com\/www.agrund.com\/wp-content\/uploads\/sites\/6\/2014\/02\/trofeu-antonio-bernardo-foi-convidado-para-criar-trofeu.jpg\"><img aria-describedby=\"caption-attachment-96361\" data-attachment-id=\"96361\" data-permalink=\"https:\/\/agrund.com\/index.php\/trofeu-antonio-bernardo-foi-convidado-para-criar-trofeu\/trofeu-antonio-bernardo-foi-convidado-para-criar-trofeu\/\" data-orig-file=\"https:\/\/i0.wp.com\/agrund.com\/wp-content\/uploads\/sites\/6\/2014\/02\/trofeu-antonio-bernardo-foi-convidado-para-criar-trofeu.jpg?fit=550%2C825&amp;ssl=1\" data-orig-size=\"550,825\" data-comments-opened=\"1\" data-image-meta=\"{&quot;aperture&quot;:&quot;0&quot;,&quot;credit&quot;:&quot;&quot;,&quot;camera&quot;:&quot;&quot;,&quot;caption&quot;:&quot;&quot;,&quot;created_timestamp&quot;:&quot;0&quot;,&quot;copyright&quot;:&quot;&quot;,&quot;focal_length&quot;:&quot;0&quot;,&quot;iso&quot;:&quot;0&quot;,&quot;shutter_speed&quot;:&quot;0&quot;,&quot;title&quot;:&quot;&quot;,&quot;orientation&quot;:&quot;0&quot;}\" data-image-title=\"trofeu-antonio-bernardo-foi-convidado-para-criar-trofeu\" data-image-description=\"\" data-image-caption=\"&lt;p&gt;Trof\u00e9u :: Antonio Bernardo foi convidado para criar trof\u00e9u&lt;\/p&gt;\n\" data-medium-file=\"https:\/\/i0.wp.com\/agrund.com\/wp-content\/uploads\/sites\/6\/2014\/02\/trofeu-antonio-bernardo-foi-convidado-para-criar-trofeu.jpg?fit=200%2C300&amp;ssl=1\" data-large-file=\"https:\/\/i0.wp.com\/agrund.com\/wp-content\/uploads\/sites\/6\/2014\/02\/trofeu-antonio-bernardo-foi-convidado-para-criar-trofeu.jpg?fit=550%2C825&amp;ssl=1\" decoding=\"async\" loading=\"lazy\" class=\"size-large wp-image-96361\" alt=\"Trof\u00e9u :: Antonio Bernardo foi convidado para criar trof\u00e9u\" src=\"https:\/\/i0.wp.com\/www.agrund.com\/wp-content\/uploads\/sites\/6\/cache\/2014\/02\/trofeu-antonio-bernardo-foi-convidado-para-criar-trofeu\/1161757762.jpg?resize=550%2C825\" width=\"550\" height=\"825\" data-recalc-dims=\"1\" \/><\/a><p id=\"caption-attachment-96361\" class=\"wp-caption-text\">Trof\u00e9u :: Antonio Bernardo foi convidado para criar trof\u00e9u<\/p><\/div>\n<p>Imagem: Divulga\u00e7\u00e3o.<\/p>\n","protected":false},"excerpt":{"rendered":"<p>Pela primeira vez o Rio de Janeiro vai sediar o Open de T\u00eanis, primeiro torneio ATP World Tour 500 da hist\u00f3ria do Brasil, e tamb\u00e9m a estreia de uma etapa do circuito WTA em quadras cariocas. Para manter a tradi\u00e7\u00e3o de premiar os campe\u00f5es do Open de T\u00eanis com trof\u00e9us assinados por designers e joalherias [&hellip;]<\/p>\n","protected":false},"author":1,"featured_media":96362,"comment_status":"open","ping_status":"open","sticky":false,"template":"","format":"standard","meta":{"jetpack_post_was_ever_published":false,"_jetpack_newsletter_access":"","jetpack_publicize_message":"","jetpack_is_tweetstorm":false,"jetpack_publicize_feature_enabled":true,"jetpack_social_post_already_shared":true,"jetpack_social_options":{"image_generator_settings":{"template":"highway","enabled":false}}},"categories":[2],"tags":[],"jetpack_publicize_connections":[],"jetpack_featured_media_url":"https:\/\/i0.wp.com\/agrund.com\/wp-content\/uploads\/sites\/6\/2014\/02\/slide103.jpg?fit=960%2C300&ssl=1","jetpack_sharing_enabled":true,"jetpack_shortlink":"https:\/\/wp.me\/p3Hz0n-p4c","jetpack_likes_enabled":true,"_links":{"self":[{"href":"https:\/\/agrund.com\/index.php\/wp-json\/wp\/v2\/posts\/96360"}],"collection":[{"href":"https:\/\/agrund.com\/index.php\/wp-json\/wp\/v2\/posts"}],"about":[{"href":"https:\/\/agrund.com\/index.php\/wp-json\/wp\/v2\/types\/post"}],"author":[{"embeddable":true,"href":"https:\/\/agrund.com\/index.php\/wp-json\/wp\/v2\/users\/1"}],"replies":[{"embeddable":true,"href":"https:\/\/agrund.com\/index.php\/wp-json\/wp\/v2\/comments?post=96360"}],"version-history":[{"count":0,"href":"https:\/\/agrund.com\/index.php\/wp-json\/wp\/v2\/posts\/96360\/revisions"}],"wp:featuredmedia":[{"embeddable":true,"href":"https:\/\/agrund.com\/index.php\/wp-json\/wp\/v2\/media\/96362"}],"wp:attachment":[{"href":"https:\/\/agrund.com\/index.php\/wp-json\/wp\/v2\/media?parent=96360"}],"wp:term":[{"taxonomy":"category","embeddable":true,"href":"https:\/\/agrund.com\/index.php\/wp-json\/wp\/v2\/categories?post=96360"},{"taxonomy":"post_tag","embeddable":true,"href":"https:\/\/agrund.com\/index.php\/wp-json\/wp\/v2\/tags?post=96360"}],"curies":[{"name":"wp","href":"https:\/\/api.w.org\/{rel}","templated":true}]}}