{"id":96322,"date":"2014-02-13T22:00:01","date_gmt":"2014-02-14T00:00:01","guid":{"rendered":"http:\/\/www.agrund.com\/?p=96322"},"modified":"2014-02-13T17:32:34","modified_gmt":"2014-02-13T19:32:34","slug":"eva-longoria-se-uniu-ao-elenco-do-filme-de-horror-visions","status":"publish","type":"post","link":"https:\/\/agrund.com\/index.php\/eva-longoria-se-uniu-ao-elenco-do-filme-de-horror-visions\/","title":{"rendered":"Eva Longoria se uniu ao elenco do filme de horror &#8216;Visions&#8217;"},"content":{"rendered":"<p>A atriz Eva Longoria, do seriado &#8220;Desperate Housewives&#8221;, vai estrelar ao lado de Isla Fisher, Anson Mount, de &#8220;Hell on Wheels&#8221;, Gillian Jacobs, de &#8220;Community&#8221;, e Kim Partons, de &#8220;The Big Bang Theory&#8221;, no filme de terror, segundo informa\u00e7\u00f5es do site &#8216;Deadline.com&#8217;.<br \/>\nFisher vai assumir o papel de uma mulher que est\u00e1 esperando o primeiro filho com seu marido, e come\u00e7a a ter vis\u00f5es assustadoras de uma sinistra pessoa de capuz, quando ela se muda para uma casa muito afastada, no interior.<br \/>\nLongoria vai interpretar o papel de melhor amiga da ruiva fashion, que desaprova as suas escolhas de vida. O filme est\u00e1 sendo dirigido por Kevin Greutert a partir de um roteiro de Lucas Sussman, e a Universal ser\u00e1 a distribuidora do projeto, que \u00e9 de Jason Blum.<br \/>\nNo momento, Longoria tem tr\u00eas projetos acontecendo &#8211; &#8220;Frontera&#8221;, ao lado de Michael Pena e Ed Harris, &#8220;Refugio&#8221;, de Damian Bichir, e &#8220;Any Day&#8221; junto a Sean Bean e Kate Walsh.<br \/>\nA atriz de 38 anos tamb\u00e9m vai aparecer em um epis\u00f3dio do drama de TV de Mac Cherry, &#8220;Devious Maids&#8221;, a qual ela \u00e9 produtora executiva, num futuro pr\u00f3ximo assim como fazer sua estreia como diretora com o primeiro epis\u00f3dio da segunda s\u00e9rie.<\/p>\n<div id=\"attachment_96323\" style=\"width: 560px\" class=\"wp-caption aligncenter\"><a href=\"https:\/\/i0.wp.com\/www.agrund.com\/wp-content\/uploads\/sites\/6\/2014\/02\/eva-longoria-se-uniu-ao-elenco-do-filme-de-horror-visions.jpg\"><img aria-describedby=\"caption-attachment-96323\" data-attachment-id=\"96323\" data-permalink=\"https:\/\/agrund.com\/index.php\/eva-longoria-se-uniu-ao-elenco-do-filme-de-horror-visions\/eva-longoria-se-uniu-ao-elenco-do-filme-de-horror-visions\/\" data-orig-file=\"https:\/\/i0.wp.com\/agrund.com\/wp-content\/uploads\/sites\/6\/2014\/02\/eva-longoria-se-uniu-ao-elenco-do-filme-de-horror-visions.jpg?fit=550%2C819&amp;ssl=1\" data-orig-size=\"550,819\" data-comments-opened=\"1\" data-image-meta=\"{&quot;aperture&quot;:&quot;0&quot;,&quot;credit&quot;:&quot;&quot;,&quot;camera&quot;:&quot;&quot;,&quot;caption&quot;:&quot;&quot;,&quot;created_timestamp&quot;:&quot;0&quot;,&quot;copyright&quot;:&quot;&quot;,&quot;focal_length&quot;:&quot;0&quot;,&quot;iso&quot;:&quot;0&quot;,&quot;shutter_speed&quot;:&quot;0&quot;,&quot;title&quot;:&quot;&quot;,&quot;orientation&quot;:&quot;0&quot;}\" data-image-title=\"eva-longoria-se-uniu-ao-elenco-do-filme-de-horror-visions\" data-image-description=\"\" data-image-caption=\"&lt;p&gt;Eva Longoria se uniu ao elenco do filme de horror &#8216;Visions&#8217;&lt;\/p&gt;\n\" data-medium-file=\"https:\/\/i0.wp.com\/agrund.com\/wp-content\/uploads\/sites\/6\/2014\/02\/eva-longoria-se-uniu-ao-elenco-do-filme-de-horror-visions.jpg?fit=201%2C300&amp;ssl=1\" data-large-file=\"https:\/\/i0.wp.com\/agrund.com\/wp-content\/uploads\/sites\/6\/2014\/02\/eva-longoria-se-uniu-ao-elenco-do-filme-de-horror-visions.jpg?fit=550%2C819&amp;ssl=1\" decoding=\"async\" loading=\"lazy\" class=\"size-large wp-image-96323\" alt=\"Eva Longoria se uniu ao elenco do filme de horror 'Visions'\" src=\"https:\/\/i0.wp.com\/www.agrund.com\/wp-content\/uploads\/sites\/6\/cache\/2014\/02\/eva-longoria-se-uniu-ao-elenco-do-filme-de-horror-visions\/2907299735.jpg?resize=550%2C819\" width=\"550\" height=\"819\" data-recalc-dims=\"1\" \/><\/a><p id=\"caption-attachment-96323\" class=\"wp-caption-text\">Eva Longoria se uniu ao elenco do filme de horror &#8216;Visions&#8217;<\/p><\/div>\n<p>Imagem: Reprodu\u00e7\u00e3o.<\/p>\n","protected":false},"excerpt":{"rendered":"<p>A atriz Eva Longoria, do seriado &#8220;Desperate Housewives&#8221;, vai estrelar ao lado de Isla Fisher, Anson Mount, de &#8220;Hell on Wheels&#8221;, Gillian Jacobs, de &#8220;Community&#8221;, e Kim Partons, de &#8220;The Big Bang Theory&#8221;, no filme de terror, segundo informa\u00e7\u00f5es do site &#8216;Deadline.com&#8217;. Fisher vai assumir o papel de uma mulher que est\u00e1 esperando o primeiro [&hellip;]<\/p>\n","protected":false},"author":1,"featured_media":96324,"comment_status":"open","ping_status":"open","sticky":false,"template":"","format":"standard","meta":{"jetpack_post_was_ever_published":false,"_jetpack_newsletter_access":"","jetpack_publicize_message":"","jetpack_is_tweetstorm":false,"jetpack_publicize_feature_enabled":true,"jetpack_social_post_already_shared":true,"jetpack_social_options":{"image_generator_settings":{"template":"highway","enabled":false}}},"categories":[2],"tags":[],"jetpack_publicize_connections":[],"jetpack_featured_media_url":"https:\/\/i0.wp.com\/agrund.com\/wp-content\/uploads\/sites\/6\/2014\/02\/slide98.jpg?fit=960%2C300&ssl=1","jetpack_sharing_enabled":true,"jetpack_shortlink":"https:\/\/wp.me\/p3Hz0n-p3A","jetpack_likes_enabled":true,"_links":{"self":[{"href":"https:\/\/agrund.com\/index.php\/wp-json\/wp\/v2\/posts\/96322"}],"collection":[{"href":"https:\/\/agrund.com\/index.php\/wp-json\/wp\/v2\/posts"}],"about":[{"href":"https:\/\/agrund.com\/index.php\/wp-json\/wp\/v2\/types\/post"}],"author":[{"embeddable":true,"href":"https:\/\/agrund.com\/index.php\/wp-json\/wp\/v2\/users\/1"}],"replies":[{"embeddable":true,"href":"https:\/\/agrund.com\/index.php\/wp-json\/wp\/v2\/comments?post=96322"}],"version-history":[{"count":0,"href":"https:\/\/agrund.com\/index.php\/wp-json\/wp\/v2\/posts\/96322\/revisions"}],"wp:featuredmedia":[{"embeddable":true,"href":"https:\/\/agrund.com\/index.php\/wp-json\/wp\/v2\/media\/96324"}],"wp:attachment":[{"href":"https:\/\/agrund.com\/index.php\/wp-json\/wp\/v2\/media?parent=96322"}],"wp:term":[{"taxonomy":"category","embeddable":true,"href":"https:\/\/agrund.com\/index.php\/wp-json\/wp\/v2\/categories?post=96322"},{"taxonomy":"post_tag","embeddable":true,"href":"https:\/\/agrund.com\/index.php\/wp-json\/wp\/v2\/tags?post=96322"}],"curies":[{"name":"wp","href":"https:\/\/api.w.org\/{rel}","templated":true}]}}