{"id":96318,"date":"2014-02-13T21:00:50","date_gmt":"2014-02-13T23:00:50","guid":{"rendered":"http:\/\/www.agrund.com\/?p=96318"},"modified":"2014-02-13T17:30:52","modified_gmt":"2014-02-13T19:30:52","slug":"mulberry-anuncia-nova-parceria-fashion","status":"publish","type":"post","link":"https:\/\/agrund.com\/index.php\/mulberry-anuncia-nova-parceria-fashion\/","title":{"rendered":"Mulberry anuncia nova parceria fashion"},"content":{"rendered":"<p>A Mulberry acaba de confirmar sua nova parceira criativa: Cara Delevingne. A top, que j\u00e1 h\u00e1 mais de um ano \u00e9 a queridinha do mundo da moda, \u00e9 a atual garota-propaganda da marca, como contamos <a href=\"http:\/\/www.agrund.com\/cara-delevigne-e-a-nova-garota-propaganda-da-mulberry\/\">AQUI<\/a>, mas agora vai al\u00e9m e assinar\u00e1 uma cole\u00e7\u00e3o-c\u00e1psula.<\/p>\n<p>Os detalhes do projeto ser\u00e3o revelados apenas no pr\u00f3ximo domingo (16), mas enquanto isso voc\u00ea pode conferir o teaser divulgado pela grife. Aperte o play:<br \/>\n<span class=\"embed-youtube\" style=\"text-align:center; display: block;\"><iframe loading=\"lazy\" class=\"youtube-player\" width=\"640\" height=\"360\" src=\"https:\/\/www.youtube.com\/embed\/QMYPaICC9J4?version=3&#038;rel=1&#038;showsearch=0&#038;showinfo=1&#038;iv_load_policy=1&#038;fs=1&#038;hl=pt-BR&#038;autohide=2&#038;wmode=transparent\" allowfullscreen=\"true\" style=\"border:0;\" sandbox=\"allow-scripts allow-same-origin allow-popups allow-presentation\"><\/iframe><\/span><\/p>\n<div id=\"attachment_96319\" style=\"width: 560px\" class=\"wp-caption aligncenter\"><a href=\"https:\/\/i0.wp.com\/www.agrund.com\/wp-content\/uploads\/sites\/6\/2014\/02\/mulberry-anuncia-nova-parceria-fashion.jpg\"><img aria-describedby=\"caption-attachment-96319\" data-attachment-id=\"96319\" data-permalink=\"https:\/\/agrund.com\/index.php\/mulberry-anuncia-nova-parceria-fashion\/mulberry-anuncia-nova-parceria-fashion\/\" data-orig-file=\"https:\/\/i0.wp.com\/agrund.com\/wp-content\/uploads\/sites\/6\/2014\/02\/mulberry-anuncia-nova-parceria-fashion.jpg?fit=550%2C366&amp;ssl=1\" data-orig-size=\"550,366\" data-comments-opened=\"1\" data-image-meta=\"{&quot;aperture&quot;:&quot;0&quot;,&quot;credit&quot;:&quot;&quot;,&quot;camera&quot;:&quot;&quot;,&quot;caption&quot;:&quot;&quot;,&quot;created_timestamp&quot;:&quot;0&quot;,&quot;copyright&quot;:&quot;&quot;,&quot;focal_length&quot;:&quot;0&quot;,&quot;iso&quot;:&quot;0&quot;,&quot;shutter_speed&quot;:&quot;0&quot;,&quot;title&quot;:&quot;&quot;,&quot;orientation&quot;:&quot;0&quot;}\" data-image-title=\"mulberry-anuncia-nova-parceria-fashion\" data-image-description=\"\" data-image-caption=\"&lt;p&gt;Mulberry anuncia nova parceria fashion&lt;\/p&gt;\n\" data-medium-file=\"https:\/\/i0.wp.com\/agrund.com\/wp-content\/uploads\/sites\/6\/2014\/02\/mulberry-anuncia-nova-parceria-fashion.jpg?fit=300%2C200&amp;ssl=1\" data-large-file=\"https:\/\/i0.wp.com\/agrund.com\/wp-content\/uploads\/sites\/6\/2014\/02\/mulberry-anuncia-nova-parceria-fashion.jpg?fit=550%2C366&amp;ssl=1\" decoding=\"async\" loading=\"lazy\" class=\"size-large wp-image-96319\" alt=\"Mulberry anuncia nova parceria fashion\" src=\"https:\/\/i0.wp.com\/www.agrund.com\/wp-content\/uploads\/sites\/6\/cache\/2014\/02\/mulberry-anuncia-nova-parceria-fashion\/2466489481.jpg?resize=550%2C366\" width=\"550\" height=\"366\" data-recalc-dims=\"1\" \/><\/a><p id=\"caption-attachment-96319\" class=\"wp-caption-text\">Mulberry anuncia nova parceria fashion<\/p><\/div>\n<p>Imagem e V\u00eddeo: Reprodu\u00e7\u00e3o.<\/p>\n","protected":false},"excerpt":{"rendered":"<p>A Mulberry acaba de confirmar sua nova parceira criativa: Cara Delevingne. A top, que j\u00e1 h\u00e1 mais de um ano \u00e9 a queridinha do mundo da moda, \u00e9 a atual garota-propaganda da marca, como contamos AQUI, mas agora vai al\u00e9m e assinar\u00e1 uma cole\u00e7\u00e3o-c\u00e1psula. Os detalhes do projeto ser\u00e3o revelados apenas no pr\u00f3ximo domingo (16), [&hellip;]<\/p>\n","protected":false},"author":1,"featured_media":96320,"comment_status":"open","ping_status":"open","sticky":false,"template":"","format":"standard","meta":{"jetpack_post_was_ever_published":false,"_jetpack_newsletter_access":"","jetpack_publicize_message":"","jetpack_is_tweetstorm":false,"jetpack_publicize_feature_enabled":true,"jetpack_social_post_already_shared":true,"jetpack_social_options":{"image_generator_settings":{"template":"highway","enabled":false}}},"categories":[2],"tags":[],"jetpack_publicize_connections":[],"jetpack_featured_media_url":"https:\/\/i0.wp.com\/agrund.com\/wp-content\/uploads\/sites\/6\/2014\/02\/slide97.jpg?fit=960%2C300&ssl=1","jetpack_sharing_enabled":true,"jetpack_shortlink":"https:\/\/wp.me\/p3Hz0n-p3w","jetpack_likes_enabled":true,"_links":{"self":[{"href":"https:\/\/agrund.com\/index.php\/wp-json\/wp\/v2\/posts\/96318"}],"collection":[{"href":"https:\/\/agrund.com\/index.php\/wp-json\/wp\/v2\/posts"}],"about":[{"href":"https:\/\/agrund.com\/index.php\/wp-json\/wp\/v2\/types\/post"}],"author":[{"embeddable":true,"href":"https:\/\/agrund.com\/index.php\/wp-json\/wp\/v2\/users\/1"}],"replies":[{"embeddable":true,"href":"https:\/\/agrund.com\/index.php\/wp-json\/wp\/v2\/comments?post=96318"}],"version-history":[{"count":0,"href":"https:\/\/agrund.com\/index.php\/wp-json\/wp\/v2\/posts\/96318\/revisions"}],"wp:featuredmedia":[{"embeddable":true,"href":"https:\/\/agrund.com\/index.php\/wp-json\/wp\/v2\/media\/96320"}],"wp:attachment":[{"href":"https:\/\/agrund.com\/index.php\/wp-json\/wp\/v2\/media?parent=96318"}],"wp:term":[{"taxonomy":"category","embeddable":true,"href":"https:\/\/agrund.com\/index.php\/wp-json\/wp\/v2\/categories?post=96318"},{"taxonomy":"post_tag","embeddable":true,"href":"https:\/\/agrund.com\/index.php\/wp-json\/wp\/v2\/tags?post=96318"}],"curies":[{"name":"wp","href":"https:\/\/api.w.org\/{rel}","templated":true}]}}