{"id":96132,"date":"2014-02-12T19:00:41","date_gmt":"2014-02-12T21:00:41","guid":{"rendered":"http:\/\/www.agrund.com\/?p=96132"},"modified":"2014-02-12T14:53:18","modified_gmt":"2014-02-12T16:53:18","slug":"lady-gaga-e-a-garota-da-capa","status":"publish","type":"post","link":"https:\/\/agrund.com\/index.php\/lady-gaga-e-a-garota-da-capa\/","title":{"rendered":"Lady Gaga \u00e9 a garota da capa"},"content":{"rendered":"<p>Lady Gaga foi a escolhida pela Harper&#8217;s Bazaaer US para estrelar capa e editorial da edi\u00e7\u00e3o mar\u00e7o 2014. No clique principal, Gaga aparece sexy em um look preto com brilho da cole\u00e7\u00e3o primavera\/ver\u00e3o 2014 da Saint Laurent Paris.<\/p>\n<p>J\u00e1 nos cliques do recheio da revista, a cantora estrela um editorial futurista e super exc\u00eantrico, como j\u00e1 estamos acostumados quando se trata de Gaga, n\u00e3o \u00e9 mesmo?<\/p>\n<p>As fotos s\u00e3o de Terry Richardson, confira:<\/p>\n<div id=\"attachment_96133\" style=\"width: 560px\" class=\"wp-caption aligncenter\"><a href=\"https:\/\/i0.wp.com\/www.agrund.com\/wp-content\/uploads\/sites\/6\/2014\/02\/lady-gaga-e-a-garota-da-capa-1.jpg\"><img aria-describedby=\"caption-attachment-96133\" data-attachment-id=\"96133\" data-permalink=\"https:\/\/agrund.com\/index.php\/lady-gaga-e-a-garota-da-capa\/lady-gaga-e-a-garota-da-capa-1\/\" data-orig-file=\"https:\/\/i0.wp.com\/agrund.com\/wp-content\/uploads\/sites\/6\/2014\/02\/lady-gaga-e-a-garota-da-capa-1.jpg?fit=550%2C825&amp;ssl=1\" data-orig-size=\"550,825\" data-comments-opened=\"1\" data-image-meta=\"{&quot;aperture&quot;:&quot;0&quot;,&quot;credit&quot;:&quot;&quot;,&quot;camera&quot;:&quot;&quot;,&quot;caption&quot;:&quot;&quot;,&quot;created_timestamp&quot;:&quot;0&quot;,&quot;copyright&quot;:&quot;&quot;,&quot;focal_length&quot;:&quot;0&quot;,&quot;iso&quot;:&quot;0&quot;,&quot;shutter_speed&quot;:&quot;0&quot;,&quot;title&quot;:&quot;&quot;,&quot;orientation&quot;:&quot;0&quot;}\" data-image-title=\"lady-gaga-e-a-garota-da-capa (1)\" data-image-description=\"\" data-image-caption=\"&lt;p&gt;Lady Gaga \u00e9 a garota da capa &lt;\/p&gt;\n\" data-medium-file=\"https:\/\/i0.wp.com\/agrund.com\/wp-content\/uploads\/sites\/6\/2014\/02\/lady-gaga-e-a-garota-da-capa-1.jpg?fit=200%2C300&amp;ssl=1\" data-large-file=\"https:\/\/i0.wp.com\/agrund.com\/wp-content\/uploads\/sites\/6\/2014\/02\/lady-gaga-e-a-garota-da-capa-1.jpg?fit=550%2C825&amp;ssl=1\" decoding=\"async\" loading=\"lazy\" class=\"size-large wp-image-96133\" alt=\"Lady Gaga \u00e9 a garota da capa \" src=\"https:\/\/i0.wp.com\/www.agrund.com\/wp-content\/uploads\/sites\/6\/cache\/2014\/02\/lady-gaga-e-a-garota-da-capa-1\/467551803.jpg?resize=550%2C825\" width=\"550\" height=\"825\" data-recalc-dims=\"1\" \/><\/a><p id=\"caption-attachment-96133\" class=\"wp-caption-text\">Lady Gaga \u00e9 a garota da capa<\/p><\/div>\n<div id=\"attachment_96134\" style=\"width: 560px\" class=\"wp-caption aligncenter\"><a href=\"https:\/\/i0.wp.com\/www.agrund.com\/wp-content\/uploads\/sites\/6\/2014\/02\/lady-gaga-e-a-garota-da-capa-2.jpg\"><img aria-describedby=\"caption-attachment-96134\" data-attachment-id=\"96134\" data-permalink=\"https:\/\/agrund.com\/index.php\/lady-gaga-e-a-garota-da-capa\/lady-gaga-e-a-garota-da-capa-2\/\" data-orig-file=\"https:\/\/i0.wp.com\/agrund.com\/wp-content\/uploads\/sites\/6\/2014\/02\/lady-gaga-e-a-garota-da-capa-2.jpg?fit=550%2C825&amp;ssl=1\" data-orig-size=\"550,825\" data-comments-opened=\"1\" data-image-meta=\"{&quot;aperture&quot;:&quot;0&quot;,&quot;credit&quot;:&quot;&quot;,&quot;camera&quot;:&quot;&quot;,&quot;caption&quot;:&quot;&quot;,&quot;created_timestamp&quot;:&quot;0&quot;,&quot;copyright&quot;:&quot;&quot;,&quot;focal_length&quot;:&quot;0&quot;,&quot;iso&quot;:&quot;0&quot;,&quot;shutter_speed&quot;:&quot;0&quot;,&quot;title&quot;:&quot;&quot;,&quot;orientation&quot;:&quot;0&quot;}\" data-image-title=\"lady-gaga-e-a-garota-da-capa (2)\" data-image-description=\"\" data-image-caption=\"&lt;p&gt;Lady Gaga \u00e9 a garota da capa &lt;\/p&gt;\n\" data-medium-file=\"https:\/\/i0.wp.com\/agrund.com\/wp-content\/uploads\/sites\/6\/2014\/02\/lady-gaga-e-a-garota-da-capa-2.jpg?fit=200%2C300&amp;ssl=1\" data-large-file=\"https:\/\/i0.wp.com\/agrund.com\/wp-content\/uploads\/sites\/6\/2014\/02\/lady-gaga-e-a-garota-da-capa-2.jpg?fit=550%2C825&amp;ssl=1\" decoding=\"async\" loading=\"lazy\" class=\"size-large wp-image-96134\" alt=\"Lady Gaga \u00e9 a garota da capa \" src=\"https:\/\/i0.wp.com\/www.agrund.com\/wp-content\/uploads\/sites\/6\/cache\/2014\/02\/lady-gaga-e-a-garota-da-capa-2\/2505130456.jpg?resize=550%2C825\" width=\"550\" height=\"825\" data-recalc-dims=\"1\" \/><\/a><p id=\"caption-attachment-96134\" class=\"wp-caption-text\">Lady Gaga \u00e9 a garota da capa<\/p><\/div>\n<div id=\"attachment_96135\" style=\"width: 560px\" class=\"wp-caption aligncenter\"><a href=\"https:\/\/i0.wp.com\/www.agrund.com\/wp-content\/uploads\/sites\/6\/2014\/02\/lady-gaga-e-a-garota-da-capa-3.jpg\"><img aria-describedby=\"caption-attachment-96135\" data-attachment-id=\"96135\" data-permalink=\"https:\/\/agrund.com\/index.php\/lady-gaga-e-a-garota-da-capa\/lady-gaga-e-a-garota-da-capa-3\/\" data-orig-file=\"https:\/\/i0.wp.com\/agrund.com\/wp-content\/uploads\/sites\/6\/2014\/02\/lady-gaga-e-a-garota-da-capa-3.jpg?fit=550%2C825&amp;ssl=1\" data-orig-size=\"550,825\" data-comments-opened=\"1\" data-image-meta=\"{&quot;aperture&quot;:&quot;0&quot;,&quot;credit&quot;:&quot;&quot;,&quot;camera&quot;:&quot;&quot;,&quot;caption&quot;:&quot;&quot;,&quot;created_timestamp&quot;:&quot;0&quot;,&quot;copyright&quot;:&quot;&quot;,&quot;focal_length&quot;:&quot;0&quot;,&quot;iso&quot;:&quot;0&quot;,&quot;shutter_speed&quot;:&quot;0&quot;,&quot;title&quot;:&quot;&quot;,&quot;orientation&quot;:&quot;0&quot;}\" data-image-title=\"lady-gaga-e-a-garota-da-capa (3)\" data-image-description=\"\" data-image-caption=\"&lt;p&gt;Lady Gaga \u00e9 a garota da capa &lt;\/p&gt;\n\" data-medium-file=\"https:\/\/i0.wp.com\/agrund.com\/wp-content\/uploads\/sites\/6\/2014\/02\/lady-gaga-e-a-garota-da-capa-3.jpg?fit=200%2C300&amp;ssl=1\" data-large-file=\"https:\/\/i0.wp.com\/agrund.com\/wp-content\/uploads\/sites\/6\/2014\/02\/lady-gaga-e-a-garota-da-capa-3.jpg?fit=550%2C825&amp;ssl=1\" decoding=\"async\" loading=\"lazy\" class=\"size-large wp-image-96135\" alt=\"Lady Gaga \u00e9 a garota da capa \" src=\"https:\/\/i0.wp.com\/www.agrund.com\/wp-content\/uploads\/sites\/6\/cache\/2014\/02\/lady-gaga-e-a-garota-da-capa-3\/1509638470.jpg?resize=550%2C825\" width=\"550\" height=\"825\" data-recalc-dims=\"1\" \/><\/a><p id=\"caption-attachment-96135\" class=\"wp-caption-text\">Lady Gaga \u00e9 a garota da capa<\/p><\/div>\n<div id=\"attachment_96136\" style=\"width: 560px\" class=\"wp-caption aligncenter\"><a href=\"https:\/\/i0.wp.com\/www.agrund.com\/wp-content\/uploads\/sites\/6\/2014\/02\/lady-gaga-e-a-garota-da-capa-4.jpg\"><img aria-describedby=\"caption-attachment-96136\" data-attachment-id=\"96136\" data-permalink=\"https:\/\/agrund.com\/index.php\/lady-gaga-e-a-garota-da-capa\/lady-gaga-e-a-garota-da-capa-4\/\" data-orig-file=\"https:\/\/i0.wp.com\/agrund.com\/wp-content\/uploads\/sites\/6\/2014\/02\/lady-gaga-e-a-garota-da-capa-4.jpg?fit=550%2C704&amp;ssl=1\" data-orig-size=\"550,704\" data-comments-opened=\"1\" data-image-meta=\"{&quot;aperture&quot;:&quot;0&quot;,&quot;credit&quot;:&quot;&quot;,&quot;camera&quot;:&quot;&quot;,&quot;caption&quot;:&quot;&quot;,&quot;created_timestamp&quot;:&quot;0&quot;,&quot;copyright&quot;:&quot;&quot;,&quot;focal_length&quot;:&quot;0&quot;,&quot;iso&quot;:&quot;0&quot;,&quot;shutter_speed&quot;:&quot;0&quot;,&quot;title&quot;:&quot;&quot;,&quot;orientation&quot;:&quot;0&quot;}\" data-image-title=\"lady-gaga-e-a-garota-da-capa (4)\" data-image-description=\"\" data-image-caption=\"&lt;p&gt;Lady Gaga \u00e9 a garota da capa &lt;\/p&gt;\n\" data-medium-file=\"https:\/\/i0.wp.com\/agrund.com\/wp-content\/uploads\/sites\/6\/2014\/02\/lady-gaga-e-a-garota-da-capa-4.jpg?fit=234%2C300&amp;ssl=1\" data-large-file=\"https:\/\/i0.wp.com\/agrund.com\/wp-content\/uploads\/sites\/6\/2014\/02\/lady-gaga-e-a-garota-da-capa-4.jpg?fit=550%2C704&amp;ssl=1\" decoding=\"async\" loading=\"lazy\" class=\"size-large wp-image-96136\" alt=\"Lady Gaga \u00e9 a garota da capa \" src=\"https:\/\/i0.wp.com\/www.agrund.com\/wp-content\/uploads\/sites\/6\/cache\/2014\/02\/lady-gaga-e-a-garota-da-capa-4\/1396590687.jpg?resize=550%2C704\" width=\"550\" height=\"704\" data-recalc-dims=\"1\" \/><\/a><p id=\"caption-attachment-96136\" class=\"wp-caption-text\">Lady Gaga \u00e9 a garota da capa<\/p><\/div>\n<div id=\"attachment_96137\" style=\"width: 560px\" class=\"wp-caption aligncenter\"><a href=\"https:\/\/i0.wp.com\/www.agrund.com\/wp-content\/uploads\/sites\/6\/2014\/02\/lady-gaga-e-a-garota-da-capa-5.jpg\"><img aria-describedby=\"caption-attachment-96137\" data-attachment-id=\"96137\" data-permalink=\"https:\/\/agrund.com\/index.php\/lady-gaga-e-a-garota-da-capa\/lady-gaga-e-a-garota-da-capa-5\/\" data-orig-file=\"https:\/\/i0.wp.com\/agrund.com\/wp-content\/uploads\/sites\/6\/2014\/02\/lady-gaga-e-a-garota-da-capa-5.jpg?fit=550%2C826&amp;ssl=1\" data-orig-size=\"550,826\" data-comments-opened=\"1\" data-image-meta=\"{&quot;aperture&quot;:&quot;0&quot;,&quot;credit&quot;:&quot;&quot;,&quot;camera&quot;:&quot;&quot;,&quot;caption&quot;:&quot;&quot;,&quot;created_timestamp&quot;:&quot;0&quot;,&quot;copyright&quot;:&quot;&quot;,&quot;focal_length&quot;:&quot;0&quot;,&quot;iso&quot;:&quot;0&quot;,&quot;shutter_speed&quot;:&quot;0&quot;,&quot;title&quot;:&quot;&quot;,&quot;orientation&quot;:&quot;0&quot;}\" data-image-title=\"lady-gaga-e-a-garota-da-capa (5)\" data-image-description=\"\" data-image-caption=\"&lt;p&gt;Lady Gaga \u00e9 a garota da capa &lt;\/p&gt;\n\" data-medium-file=\"https:\/\/i0.wp.com\/agrund.com\/wp-content\/uploads\/sites\/6\/2014\/02\/lady-gaga-e-a-garota-da-capa-5.jpg?fit=200%2C300&amp;ssl=1\" data-large-file=\"https:\/\/i0.wp.com\/agrund.com\/wp-content\/uploads\/sites\/6\/2014\/02\/lady-gaga-e-a-garota-da-capa-5.jpg?fit=550%2C826&amp;ssl=1\" decoding=\"async\" loading=\"lazy\" class=\"size-large wp-image-96137\" alt=\"Lady Gaga \u00e9 a garota da capa \" src=\"https:\/\/i0.wp.com\/www.agrund.com\/wp-content\/uploads\/sites\/6\/cache\/2014\/02\/lady-gaga-e-a-garota-da-capa-5\/2677295297.jpg?resize=550%2C826\" width=\"550\" height=\"826\" data-recalc-dims=\"1\" \/><\/a><p id=\"caption-attachment-96137\" class=\"wp-caption-text\">Lady Gaga \u00e9 a garota da capa<\/p><\/div>\n<div id=\"attachment_96138\" style=\"width: 560px\" class=\"wp-caption aligncenter\"><a href=\"https:\/\/i0.wp.com\/www.agrund.com\/wp-content\/uploads\/sites\/6\/2014\/02\/lady-gaga-e-a-garota-da-capa-6.jpg\"><img aria-describedby=\"caption-attachment-96138\" data-attachment-id=\"96138\" data-permalink=\"https:\/\/agrund.com\/index.php\/lady-gaga-e-a-garota-da-capa\/lady-gaga-e-a-garota-da-capa-6\/\" data-orig-file=\"https:\/\/i0.wp.com\/agrund.com\/wp-content\/uploads\/sites\/6\/2014\/02\/lady-gaga-e-a-garota-da-capa-6.jpg?fit=550%2C550&amp;ssl=1\" data-orig-size=\"550,550\" data-comments-opened=\"1\" data-image-meta=\"{&quot;aperture&quot;:&quot;0&quot;,&quot;credit&quot;:&quot;&quot;,&quot;camera&quot;:&quot;&quot;,&quot;caption&quot;:&quot;&quot;,&quot;created_timestamp&quot;:&quot;0&quot;,&quot;copyright&quot;:&quot;&quot;,&quot;focal_length&quot;:&quot;0&quot;,&quot;iso&quot;:&quot;0&quot;,&quot;shutter_speed&quot;:&quot;0&quot;,&quot;title&quot;:&quot;&quot;,&quot;orientation&quot;:&quot;0&quot;}\" data-image-title=\"lady-gaga-e-a-garota-da-capa (6)\" data-image-description=\"\" data-image-caption=\"&lt;p&gt;Lady Gaga \u00e9 a garota da capa &lt;\/p&gt;\n\" data-medium-file=\"https:\/\/i0.wp.com\/agrund.com\/wp-content\/uploads\/sites\/6\/2014\/02\/lady-gaga-e-a-garota-da-capa-6.jpg?fit=300%2C300&amp;ssl=1\" data-large-file=\"https:\/\/i0.wp.com\/agrund.com\/wp-content\/uploads\/sites\/6\/2014\/02\/lady-gaga-e-a-garota-da-capa-6.jpg?fit=550%2C550&amp;ssl=1\" decoding=\"async\" loading=\"lazy\" class=\"size-large wp-image-96138\" alt=\"Lady Gaga \u00e9 a garota da capa \" src=\"https:\/\/i0.wp.com\/www.agrund.com\/wp-content\/uploads\/sites\/6\/cache\/2014\/02\/lady-gaga-e-a-garota-da-capa-6\/287002402.jpg?resize=550%2C550\" width=\"550\" height=\"550\" data-recalc-dims=\"1\" \/><\/a><p id=\"caption-attachment-96138\" class=\"wp-caption-text\">Lady Gaga \u00e9 a garota da capa<\/p><\/div>\n<div id=\"attachment_96139\" style=\"width: 560px\" class=\"wp-caption aligncenter\"><a href=\"https:\/\/i0.wp.com\/www.agrund.com\/wp-content\/uploads\/sites\/6\/2014\/02\/lady-gaga-e-a-garota-da-capa-7.jpg\"><img aria-describedby=\"caption-attachment-96139\" data-attachment-id=\"96139\" data-permalink=\"https:\/\/agrund.com\/index.php\/lady-gaga-e-a-garota-da-capa\/lady-gaga-e-a-garota-da-capa-7\/\" data-orig-file=\"https:\/\/i0.wp.com\/agrund.com\/wp-content\/uploads\/sites\/6\/2014\/02\/lady-gaga-e-a-garota-da-capa-7.jpg?fit=550%2C825&amp;ssl=1\" data-orig-size=\"550,825\" data-comments-opened=\"1\" data-image-meta=\"{&quot;aperture&quot;:&quot;0&quot;,&quot;credit&quot;:&quot;&quot;,&quot;camera&quot;:&quot;&quot;,&quot;caption&quot;:&quot;&quot;,&quot;created_timestamp&quot;:&quot;0&quot;,&quot;copyright&quot;:&quot;&quot;,&quot;focal_length&quot;:&quot;0&quot;,&quot;iso&quot;:&quot;0&quot;,&quot;shutter_speed&quot;:&quot;0&quot;,&quot;title&quot;:&quot;&quot;,&quot;orientation&quot;:&quot;0&quot;}\" data-image-title=\"lady-gaga-e-a-garota-da-capa (7)\" data-image-description=\"\" data-image-caption=\"&lt;p&gt;Lady Gaga \u00e9 a garota da capa &lt;\/p&gt;\n\" data-medium-file=\"https:\/\/i0.wp.com\/agrund.com\/wp-content\/uploads\/sites\/6\/2014\/02\/lady-gaga-e-a-garota-da-capa-7.jpg?fit=200%2C300&amp;ssl=1\" data-large-file=\"https:\/\/i0.wp.com\/agrund.com\/wp-content\/uploads\/sites\/6\/2014\/02\/lady-gaga-e-a-garota-da-capa-7.jpg?fit=550%2C825&amp;ssl=1\" decoding=\"async\" loading=\"lazy\" class=\"size-large wp-image-96139\" alt=\"Lady Gaga \u00e9 a garota da capa \" src=\"https:\/\/i0.wp.com\/www.agrund.com\/wp-content\/uploads\/sites\/6\/cache\/2014\/02\/lady-gaga-e-a-garota-da-capa-7\/3719385020.jpg?resize=550%2C825\" width=\"550\" height=\"825\" data-recalc-dims=\"1\" \/><\/a><p id=\"caption-attachment-96139\" class=\"wp-caption-text\">Lady Gaga \u00e9 a garota da capa<\/p><\/div>\n<div id=\"attachment_96140\" style=\"width: 560px\" class=\"wp-caption aligncenter\"><a href=\"https:\/\/i0.wp.com\/www.agrund.com\/wp-content\/uploads\/sites\/6\/2014\/02\/lady-gaga-e-a-garota-da-capa-8.jpg\"><img aria-describedby=\"caption-attachment-96140\" data-attachment-id=\"96140\" data-permalink=\"https:\/\/agrund.com\/index.php\/lady-gaga-e-a-garota-da-capa\/lady-gaga-e-a-garota-da-capa-8\/\" data-orig-file=\"https:\/\/i0.wp.com\/agrund.com\/wp-content\/uploads\/sites\/6\/2014\/02\/lady-gaga-e-a-garota-da-capa-8.jpg?fit=550%2C826&amp;ssl=1\" data-orig-size=\"550,826\" data-comments-opened=\"1\" data-image-meta=\"{&quot;aperture&quot;:&quot;0&quot;,&quot;credit&quot;:&quot;&quot;,&quot;camera&quot;:&quot;&quot;,&quot;caption&quot;:&quot;&quot;,&quot;created_timestamp&quot;:&quot;0&quot;,&quot;copyright&quot;:&quot;&quot;,&quot;focal_length&quot;:&quot;0&quot;,&quot;iso&quot;:&quot;0&quot;,&quot;shutter_speed&quot;:&quot;0&quot;,&quot;title&quot;:&quot;&quot;,&quot;orientation&quot;:&quot;0&quot;}\" data-image-title=\"lady-gaga-e-a-garota-da-capa (8)\" data-image-description=\"\" data-image-caption=\"&lt;p&gt;Lady Gaga \u00e9 a garota da capa &lt;\/p&gt;\n\" data-medium-file=\"https:\/\/i0.wp.com\/agrund.com\/wp-content\/uploads\/sites\/6\/2014\/02\/lady-gaga-e-a-garota-da-capa-8.jpg?fit=200%2C300&amp;ssl=1\" data-large-file=\"https:\/\/i0.wp.com\/agrund.com\/wp-content\/uploads\/sites\/6\/2014\/02\/lady-gaga-e-a-garota-da-capa-8.jpg?fit=550%2C826&amp;ssl=1\" decoding=\"async\" loading=\"lazy\" class=\"size-large wp-image-96140\" alt=\"Lady Gaga \u00e9 a garota da capa \" src=\"https:\/\/i0.wp.com\/www.agrund.com\/wp-content\/uploads\/sites\/6\/cache\/2014\/02\/lady-gaga-e-a-garota-da-capa-8\/76635408.jpg?resize=550%2C826\" width=\"550\" height=\"826\" data-recalc-dims=\"1\" \/><\/a><p id=\"caption-attachment-96140\" class=\"wp-caption-text\">Lady Gaga \u00e9 a garota da capa<\/p><\/div>\n<div id=\"attachment_96141\" style=\"width: 560px\" class=\"wp-caption aligncenter\"><a href=\"https:\/\/i0.wp.com\/www.agrund.com\/wp-content\/uploads\/sites\/6\/2014\/02\/lady-gaga-e-a-garota-da-capa-9.jpg\"><img aria-describedby=\"caption-attachment-96141\" data-attachment-id=\"96141\" data-permalink=\"https:\/\/agrund.com\/index.php\/lady-gaga-e-a-garota-da-capa\/lady-gaga-e-a-garota-da-capa-9\/\" data-orig-file=\"https:\/\/i0.wp.com\/agrund.com\/wp-content\/uploads\/sites\/6\/2014\/02\/lady-gaga-e-a-garota-da-capa-9.jpg?fit=550%2C825&amp;ssl=1\" data-orig-size=\"550,825\" data-comments-opened=\"1\" data-image-meta=\"{&quot;aperture&quot;:&quot;0&quot;,&quot;credit&quot;:&quot;&quot;,&quot;camera&quot;:&quot;&quot;,&quot;caption&quot;:&quot;&quot;,&quot;created_timestamp&quot;:&quot;0&quot;,&quot;copyright&quot;:&quot;&quot;,&quot;focal_length&quot;:&quot;0&quot;,&quot;iso&quot;:&quot;0&quot;,&quot;shutter_speed&quot;:&quot;0&quot;,&quot;title&quot;:&quot;&quot;,&quot;orientation&quot;:&quot;0&quot;}\" data-image-title=\"lady-gaga-e-a-garota-da-capa (9)\" data-image-description=\"\" data-image-caption=\"&lt;p&gt;Lady Gaga \u00e9 a garota da capa &lt;\/p&gt;\n\" data-medium-file=\"https:\/\/i0.wp.com\/agrund.com\/wp-content\/uploads\/sites\/6\/2014\/02\/lady-gaga-e-a-garota-da-capa-9.jpg?fit=200%2C300&amp;ssl=1\" data-large-file=\"https:\/\/i0.wp.com\/agrund.com\/wp-content\/uploads\/sites\/6\/2014\/02\/lady-gaga-e-a-garota-da-capa-9.jpg?fit=550%2C825&amp;ssl=1\" decoding=\"async\" loading=\"lazy\" class=\"size-large wp-image-96141\" alt=\"Lady Gaga \u00e9 a garota da capa \" src=\"https:\/\/i0.wp.com\/www.agrund.com\/wp-content\/uploads\/sites\/6\/cache\/2014\/02\/lady-gaga-e-a-garota-da-capa-9\/3359333774.jpg?resize=550%2C825\" width=\"550\" height=\"825\" data-recalc-dims=\"1\" \/><\/a><p id=\"caption-attachment-96141\" class=\"wp-caption-text\">Lady Gaga \u00e9 a garota da capa<\/p><\/div>\n<p>Imagens: Reprodu\u00e7\u00e3o.<\/p>\n","protected":false},"excerpt":{"rendered":"<p>Lady Gaga foi a escolhida pela Harper&#8217;s Bazaaer US para estrelar capa e editorial da edi\u00e7\u00e3o mar\u00e7o 2014. No clique principal, Gaga aparece sexy em um look preto com brilho da cole\u00e7\u00e3o primavera\/ver\u00e3o 2014 da Saint Laurent Paris. J\u00e1 nos cliques do recheio da revista, a cantora estrela um editorial futurista e super exc\u00eantrico, como [&hellip;]<\/p>\n","protected":false},"author":1,"featured_media":96142,"comment_status":"open","ping_status":"open","sticky":false,"template":"","format":"standard","meta":{"jetpack_post_was_ever_published":false,"_jetpack_newsletter_access":"","jetpack_publicize_message":"","jetpack_is_tweetstorm":false,"jetpack_publicize_feature_enabled":true,"jetpack_social_post_already_shared":true,"jetpack_social_options":{"image_generator_settings":{"template":"highway","enabled":false}}},"categories":[2],"tags":[],"jetpack_publicize_connections":[],"jetpack_featured_media_url":"https:\/\/i0.wp.com\/agrund.com\/wp-content\/uploads\/sites\/6\/2014\/02\/slide81.jpg?fit=960%2C300&ssl=1","jetpack_sharing_enabled":true,"jetpack_shortlink":"https:\/\/wp.me\/p3Hz0n-p0w","jetpack_likes_enabled":true,"_links":{"self":[{"href":"https:\/\/agrund.com\/index.php\/wp-json\/wp\/v2\/posts\/96132"}],"collection":[{"href":"https:\/\/agrund.com\/index.php\/wp-json\/wp\/v2\/posts"}],"about":[{"href":"https:\/\/agrund.com\/index.php\/wp-json\/wp\/v2\/types\/post"}],"author":[{"embeddable":true,"href":"https:\/\/agrund.com\/index.php\/wp-json\/wp\/v2\/users\/1"}],"replies":[{"embeddable":true,"href":"https:\/\/agrund.com\/index.php\/wp-json\/wp\/v2\/comments?post=96132"}],"version-history":[{"count":0,"href":"https:\/\/agrund.com\/index.php\/wp-json\/wp\/v2\/posts\/96132\/revisions"}],"wp:featuredmedia":[{"embeddable":true,"href":"https:\/\/agrund.com\/index.php\/wp-json\/wp\/v2\/media\/96142"}],"wp:attachment":[{"href":"https:\/\/agrund.com\/index.php\/wp-json\/wp\/v2\/media?parent=96132"}],"wp:term":[{"taxonomy":"category","embeddable":true,"href":"https:\/\/agrund.com\/index.php\/wp-json\/wp\/v2\/categories?post=96132"},{"taxonomy":"post_tag","embeddable":true,"href":"https:\/\/agrund.com\/index.php\/wp-json\/wp\/v2\/tags?post=96132"}],"curies":[{"name":"wp","href":"https:\/\/api.w.org\/{rel}","templated":true}]}}